{"id":2656,"date":"2023-04-11T15:05:35","date_gmt":"2023-04-11T12:05:35","guid":{"rendered":"http:\/\/blog-qas.araujo.com.br\/9-mitos-e-verdades-sobre-a-vacina-contra-gripe\/"},"modified":"2025-01-24T21:02:42","modified_gmt":"2025-01-24T18:02:42","slug":"vacina-da-gripe","status":"publish","type":"post","link":"https:\/\/araujo.com.br\/blog\/vacina-da-gripe\/","title":{"rendered":"10 mitos e verdades sobre a vacina contra a gripe"},"content":{"rendered":"<p>Aqui t\u00e1 quente, ali t\u00e1 frio. Com tantas mudan\u00e7as clim\u00e1ticas ao longo do ano, n\u00e3o \u00e9 muito dif\u00edcil que voc\u00ea fique <a href=\"https:\/\/araujo.com.br\/blog\/e-gripe-ou-resfriado-entenda-as-diferencas-e-saiba-como-se-prevenir\/\">gripado ou resfriado<\/a>. Com a chegada das esta\u00e7\u00f5es frias, as doen\u00e7as respirat\u00f3rias surgem com mais frequ\u00eancia e, entre os males mais comuns no outono\/inverno <b>est\u00e1 a gripe<\/b>. A boa not\u00edcia \u00e9 que \u00e9 poss\u00edvel evitar sofrer com a doen\u00e7a tomando uma simples medida de precau\u00e7\u00e3o: a vacina contra a gripe.<\/p>\n<p>Voc\u00ea sabia que a forma mais segura e eficaz de prevenir a doen\u00e7a \u00e9 mantendo os cuidados de higiene, cuidando da imunidade e, principalmente, tomando a vacina da gripe?<\/p>\n<h2>O que \u00e9 a gripe?<\/h2>\n<p>A gripe \u00e9 uma doen\u00e7a causada pelo v\u00edrus Influenza, transmitido por got\u00edculas de saliva que podem estar no ar ou sobre superf\u00edcies. \u00c9 uma doen\u00e7a respirat\u00f3ria que pode ter sintomas leves, moderados ou graves e pode evoluir para uma pneumonia e at\u00e9 levar a \u00f3bito caso n\u00e3o seja tratada corretamente.<\/p>\n<h2>Quem deve tomar a vacina da gripe?<\/h2>\n<p>\u00c9 indicada para todas as faixas et\u00e1rias, exceto para crian\u00e7as abaixo dos 6 meses de vida. Quanto maior a cobertura vacinal, menor o volume de cont\u00e1gio da doen\u00e7a de pessoa para pessoa.<\/p>\n<p>Os grupos de risco da gripe s\u00e3o crian\u00e7as, idosos, gestantes, pacientes portadores de doen\u00e7as cr\u00f4nicas e imunodeprimidos.<\/p>\n<h2>Existe rela\u00e7\u00e3o entre Covid-19 e a vacina da gripe?<\/h2>\n<p>A vacina da gripe <b>n\u00e3o<\/b> protege contra o coronav\u00edrus, mas deixa o organismo ainda mais forte e menos suscet\u00edvel a infec\u00e7\u00f5es.<\/p>\n<p>Assim, as idas ao hospital ou centro de sa\u00fade podem ser desnecess\u00e1rias, diminuindo a exposi\u00e7\u00e3o ao coronav\u00edrus, al\u00e9m de ajudar a diagnosticar mais rapidamente os casos suspeitos de COVID-19. Isso acontece porque a gripe e a COVID-19 apresentam quadros cl\u00ednicos semelhantes e, quando o paciente est\u00e1 vacinado contra a gripe, h\u00e1 menos confus\u00e3o diagn\u00f3stica caso ele chegue \u00e0 emerg\u00eancia.<\/p>\n<p>Al\u00e9m disso, com o coronav\u00edrus tamb\u00e9m em circula\u00e7\u00e3o o cuidado deve ser ainda maior, pois h\u00e1 o risco de coinfec\u00e7\u00e3o, que ocorre quando uma pessoa \u00e9 infectada com o novo coronav\u00edrus e o v\u00edrus da influenza ao mesmo tempo.<\/p>\n<p>Por todos esses fatores, \u00e9 essencial se vacinar contra a gripe em 2023.<\/p>\n<p>Por\u00e9m, mesmo com a campanha do governo de incentivo \u00e0 vacina\u00e7\u00e3o, muita gente ainda torce o nariz, duvidando de sua prote\u00e7\u00e3o e reproduzindo mitos por medo ou falta de informa\u00e7\u00e3o. \u00c9 por isso que no post de hoje a gente vai esclarecer os principais <b>mitos e verdades sobre a vacina contra a gripe<\/b>. Veja!<\/p>\n<h3>1- \u201cA VACINA CONTRA GRIPE CAUSA GRIPE\u201d<\/h3>\n<p><b>MITO!<\/b><b>\u00a0<\/b><\/p>\n<p>A vacina cont\u00e9m os v\u00edrus inativados, ent\u00e3o n\u00e3o h\u00e1 possibilidade da vacina da gripe causar gripe. Entretanto, o que pode acontecer \u00e9 uma resposta do nosso sistema imunol\u00f3gico contra a vacina, que pode ser semelhante aos sintomas da gripe, s\u00f3 que bem mais fraquinha r\u00e1pida, n\u00e3o durando mais que 48 horas.<\/p>\n<h3>2- \u201cVACINA CONTRA GRIPE IMUNIZA CONTRA RESFRIADO\u201d<\/h3>\n<p><b>MITO!<\/b><\/p>\n<p>Gripe e resfriado s\u00e3o doen\u00e7as diferentes, transmitidas por v\u00edrus diferentes. A gripe \u00e9 causada pelo influenza e provoca coriza, dor de garganta, afeta os pulm\u00f5es, provoca febre alta, dores pelo corpo e muito mal-estar, deixando a pessoa, muitas vezes, de cama. J\u00e1 o resfriado \u00e9 transmitido por diversos outros v\u00edrus e tem os sintomas similares, mas bem mais leves e com menor dura\u00e7\u00e3o. Geralmente, eles s\u00e3o acompanhados de tosse, coriza e dores pelo corpo.<\/p>\n<h3>3- \u201cTOMEI A VACINA CONTRA A GRIPE E N\u00c3O FUNCIONOU PRA MIM\u201d<\/h3>\n<p><b>Nem mito nem verdade.<\/b> A vacina contra a gripe \u00e9 eficaz em aproximadamente 89% dos casos, por\u00e9m \u00e9 preciso ser tomada na \u00e9poca adequada. Al\u00e9m disso, ela garante maiores complica\u00e7\u00f5es da doen\u00e7a, como pneumonia. A vacina protege contra dois tipos de v\u00edrus influenza, influenza A e B. Essas duas cepas de v\u00edrus da influenza s\u00e3o respons\u00e1veis por epidemias sazonais, sendo o v\u00edrus Influenza A respons\u00e1vel pelas pandemias que ocorrem de tempos em tempos (A\/H1N1 e B\/H3N2).<\/p>\n<p>O que muitas vezes pode acontecer \u00e9 a pessoa imunizada contra a gripe contrair um resfriado e, da\u00ed, passa a acreditar que a vacina n\u00e3o funcionou.<\/p>\n<h3>4- \u201cA VACINA DEVE SER TOMADA TODO ANO\u201d<\/h3>\n<p><b>VERDADE!<\/b><b>\u00a0<\/b><\/p>\n<p>O v\u00edrus da gripe sofre constantes muta\u00e7\u00f5es, por isso a composi\u00e7\u00e3o das vacinas \u00e9 sempre renovada para acompanhar suas transforma\u00e7\u00f5es. <strong>A<\/strong><strong>\u00a0prote\u00e7\u00e3o da vacina cai de maneira progressiva<\/strong> seis meses ap\u00f3s ser aplicada. Assim, o imunizante tomado no ano anterior n\u00e3o protege contra as novas cepas.<\/p>\n<p>\u00c9 importante lembrar que quanto mais cedo for tomada a vacina maiores as chances de prote\u00e7\u00e3o durante a \u00e9poca de circula\u00e7\u00e3o do v\u00edrus.<\/p>\n<h3>5 &#8211; \u201cGR\u00c1VIDAS N\u00c3O DEVEM TOMAR A VACINA\u201d<\/h3>\n<p><b>MITO!<\/b><\/p>\n<p>Gr\u00e1vidas a partir do terceiro m\u00eas de gesta\u00e7\u00e3o podem \u2014 e devem! \u2014 tomar a vacina contra a gripe.<\/p>\n<p>As gestantes devem ser vacinadas contra a gripe pois constituem grupo priorit\u00e1rio para a vacina\u00e7\u00e3o pelo maior risco de desenvolverem complica\u00e7\u00f5es e pela transfer\u00eancia de anticorpos ao beb\u00ea. Al\u00e9m disso, garante a preven\u00e7\u00e3o da transmiss\u00e3o da m\u00e3e para o beb\u00ea ap\u00f3s o nascimento.<\/p>\n<h3>6 &#8211; \u201cPACIENTES AL\u00c9RGICOS A OVO N\u00c3O PODEM SER VACINADOS\u201d<\/h3>\n<p><b>MITO!<\/b><\/p>\n<p>Rea\u00e7\u00f5es al\u00e9rgicas a ovo, mesmo quando graves, com a anafilaxia, n\u00e3o s\u00e3o mais consideradas contraindica\u00e7\u00e3o para a aplica\u00e7\u00e3o da vacina da gripe. Em geral, essas pessoas n\u00e3o apresentam risco maior de eventos al\u00e9rgicos ao serem vacinadas.<\/p>\n<p>N\u00e3o \u00e9 indicado realizar teste alimentar pr\u00e9vio com ovo no lactente ou em qualquer outra idade para decidir sobre a aplica\u00e7\u00e3o da vacina.<\/p>\n<p>Por\u00e9m \u00e9 importante ressaltar que caso haja contraindica\u00e7\u00e3o m\u00e9dica para esses pacientes a vacina n\u00e3o \u00e9 aplicada.<\/p>\n<h3>7 &#8211; \u201cSEM A VACINA \u00c9 IMPOSS\u00cdVEL PREVENIR CONTRA A GRIPE\u201d<\/h3>\n<p><b>MITO!<\/b><\/p>\n<p>A vacina\u00e7\u00e3o n\u00e3o \u00e9 a \u00fanica maneira de evitar a gripe, pois h\u00e1bitos e cuidados como lavar as m\u00e3os com frequ\u00eancia, evitar ambientes fechados, cobrir a boca e o nariz ao espirrar ou tossir s\u00e3o importantes nessa preven\u00e7\u00e3o.<\/p>\n<p>Por\u00e9m, a <strong>maneira mais eficaz<\/strong> de evitar a gripe \u00e9 por meio da vacina\u00e7\u00e3o.<\/p>\n<h3>8 &#8211; \u201cBEB\u00caS N\u00c3O PODEM RECEBER A VACINA CONTRA A GRIPE\u201d<\/h3>\n<p><b>MITO!\u00a0<\/b><\/p>\n<p>A vacina n\u00e3o causa nenhuma complica\u00e7\u00e3o aos beb\u00eas. Pelo contr\u00e1rio, os protege. Crian\u00e7as de 6 meses a 5 anos fazem parte do grupo de risco e t\u00eam prefer\u00eancia na vacina\u00e7\u00e3o contra a gripe.<\/p>\n<p>Por terem mais chance de desenvolver complica\u00e7\u00f5es e serem hospitalizadas pela influenza, as crian\u00e7as dessa faixa et\u00e1ria n\u00e3o podem deixar de receber a vacina e ficar imunes ao v\u00edrus.<\/p>\n<h3>9 &#8211; \u201cS\u00d3 O GRUPO DE RISCO DEVE SE VACINAR CONTRA A GRIPE\u201d<\/h3>\n<p><b>MITO!<\/b><\/p>\n<p>A OMS indica que todas as pessoas maiores de 06 meses podem e devem tomar a vacina, exceto aquelas que t\u00eam alergia grave (anafilaxia) a algum componente da vacina.<\/p>\n<p>Vale lembrar que quanto mais pessoas estiverem imunizadas menos o v\u00edrus circular\u00e1 na sociedade, resultando em menos casos e, consequentemente, menos mortes causadas pela gripe.<\/p>\n<h3>10 &#8211; \u201cA VACINA CONTRA A GRIPE N\u00c3O \u00c9 SEGURA\u201d<\/h3>\n<p><b>MITO!<\/b><\/p>\n<p>Testada e aprovada no mundo todo pela OMS, a vacina n\u00e3o s\u00f3 ajuda a prevenir a preval\u00eancia da doen\u00e7a como tamb\u00e9m suas complica\u00e7\u00f5es (interna\u00e7\u00f5es, uso de medicamentos e mortes).<\/p>\n<p>Por ser altamente contagiosa, bastando uma pessoa gripada em um ambiente para contaminar todo o lugar, a vacina \u00e9 uma verdadeira aliada da sa\u00fade, prevenindo e melhorando os quadros de epidemia de toda popula\u00e7\u00e3o. \u00c9 sempre a melhor op\u00e7\u00e3o para se proteger!<\/p>\n<p>E a\u00ed, voc\u00ea j\u00e1 se preveniu contra a gripe? Ainda n\u00e3o?! Ent\u00e3o <a href=\"https:\/\/www.araujo.com.br\/saudeemdia.html\"><span style=\"font-weight: 400;\">conte com a Ara\u00fajo!<\/span><\/a><\/p>\n","protected":false},"excerpt":{"rendered":"<p>Aqui t\u00e1 quente, ali t\u00e1 frio. Com tantas mudan\u00e7as clim\u00e1ticas ao longo do ano, n\u00e3o \u00e9 muito dif\u00edcil que voc\u00ea fique gripado ou resfriado. Com a chegada das esta\u00e7\u00f5es frias, as doen\u00e7as respirat\u00f3rias surgem com mais frequ\u00eancia e, entre os males mais comuns no outono\/inverno est\u00e1 a gripe. A boa not\u00edcia \u00e9 que \u00e9 poss\u00edvel [&hellip;]<\/p>\n","protected":false},"author":1,"featured_media":2657,"comment_status":"closed","ping_status":"closed","sticky":false,"template":"","format":"standard","meta":{"_acf_changed":false,"footnotes":""},"categories":[3,916],"tags":[650,573,651,652,653],"class_list":["post-2656","post","type-post","status-publish","format-standard","has-post-thumbnail","hentry","category-saude-e-bem-estar","category-vacinas","tag-gripe","tag-mitos-e-verdades","tag-vacina","tag-vacina-2019","tag-vacina-contra-gripe"],"acf":[],"yoast_head":"<!-- This site is optimized with the Yoast SEO plugin v24.3 - https:\/\/yoast.com\/wordpress\/plugins\/seo\/ -->\n<title>Vacina da gripe: 10 mitos e verdades que voc\u00ea precisa conhecer<\/title>\n<meta name=\"description\" content=\"Atualmente h\u00e1 muita desinforma\u00e7\u00e3o sobre o uso de vacinas. Neste texto, conhe\u00e7a 10 mitos e verdades sobre a vacina da gripe para se informar!\" \/>\n<meta name=\"robots\" content=\"index, follow, max-snippet:-1, max-image-preview:large, max-video-preview:-1\" \/>\n<link rel=\"canonical\" href=\"https:\/\/araujo.com.br\/blog\/vacina-da-gripe\/\" \/>\n<meta property=\"og:locale\" content=\"pt_BR\" \/>\n<meta property=\"og:type\" content=\"article\" \/>\n<meta property=\"og:title\" content=\"Vacina da gripe: 10 mitos e verdades que voc\u00ea precisa conhecer\" \/>\n<meta property=\"og:description\" content=\"Atualmente h\u00e1 muita desinforma\u00e7\u00e3o sobre o uso de vacinas. Neste texto, conhe\u00e7a 10 mitos e verdades sobre a vacina da gripe para se informar!\" \/>\n<meta property=\"og:url\" content=\"https:\/\/araujo.com.br\/blog\/vacina-da-gripe\/\" \/>\n<meta property=\"og:site_name\" content=\"Blog da Drogaria Araujo\" \/>\n<meta property=\"article:published_time\" content=\"2023-04-11T12:05:35+00:00\" \/>\n<meta property=\"article:modified_time\" content=\"2025-01-24T18:02:42+00:00\" \/>\n<meta property=\"og:image\" content=\"https:\/\/araujo.com.br\/blog\/wp-content\/uploads\/2018\/04\/da-0040-19aa-posts-9mitos_BLOG-1.png\" \/>\n\t<meta property=\"og:image:width\" content=\"600\" \/>\n\t<meta property=\"og:image:height\" content=\"600\" \/>\n\t<meta property=\"og:image:type\" content=\"image\/png\" \/>\n<meta name=\"author\" content=\"Drogaria Araujo\" \/>\n<meta name=\"twitter:card\" content=\"summary_large_image\" \/>\n<meta name=\"twitter:label1\" content=\"Escrito por\" \/>\n\t<meta name=\"twitter:data1\" content=\"Drogaria Araujo\" \/>\n\t<meta name=\"twitter:label2\" content=\"Est. tempo de leitura\" \/>\n\t<meta name=\"twitter:data2\" content=\"7 minutos\" \/>\n<script type=\"application\/ld+json\" class=\"yoast-schema-graph\">{\"@context\":\"https:\/\/schema.org\",\"@graph\":[{\"@type\":\"WebPage\",\"@id\":\"https:\/\/araujo.com.br\/blog\/vacina-da-gripe\/\",\"url\":\"https:\/\/araujo.com.br\/blog\/vacina-da-gripe\/\",\"name\":\"Vacina da gripe: 10 mitos e verdades que voc\u00ea precisa conhecer\",\"isPartOf\":{\"@id\":\"https:\/\/araujo.com.br\/blog\/#website\"},\"primaryImageOfPage\":{\"@id\":\"https:\/\/araujo.com.br\/blog\/vacina-da-gripe\/#primaryimage\"},\"image\":{\"@id\":\"https:\/\/araujo.com.br\/blog\/vacina-da-gripe\/#primaryimage\"},\"thumbnailUrl\":\"https:\/\/araujo.com.br\/blog\/wp-content\/uploads\/2018\/04\/da-0040-19aa-posts-9mitos_BLOG-1.png\",\"datePublished\":\"2023-04-11T12:05:35+00:00\",\"dateModified\":\"2025-01-24T18:02:42+00:00\",\"author\":{\"@id\":\"https:\/\/araujo.com.br\/blog\/#\/schema\/person\/4e2eac75cf0e2c6b079ef9a0df2ece83\"},\"description\":\"Atualmente h\u00e1 muita desinforma\u00e7\u00e3o sobre o uso de vacinas. Neste texto, conhe\u00e7a 10 mitos e verdades sobre a vacina da gripe para se informar!\",\"breadcrumb\":{\"@id\":\"https:\/\/araujo.com.br\/blog\/vacina-da-gripe\/#breadcrumb\"},\"inLanguage\":\"pt-BR\",\"potentialAction\":[{\"@type\":\"ReadAction\",\"target\":[\"https:\/\/araujo.com.br\/blog\/vacina-da-gripe\/\"]}]},{\"@type\":\"ImageObject\",\"inLanguage\":\"pt-BR\",\"@id\":\"https:\/\/araujo.com.br\/blog\/vacina-da-gripe\/#primaryimage\",\"url\":\"https:\/\/araujo.com.br\/blog\/wp-content\/uploads\/2018\/04\/da-0040-19aa-posts-9mitos_BLOG-1.png\",\"contentUrl\":\"https:\/\/araujo.com.br\/blog\/wp-content\/uploads\/2018\/04\/da-0040-19aa-posts-9mitos_BLOG-1.png\",\"width\":600,\"height\":600},{\"@type\":\"BreadcrumbList\",\"@id\":\"https:\/\/araujo.com.br\/blog\/vacina-da-gripe\/#breadcrumb\",\"itemListElement\":[{\"@type\":\"ListItem\",\"position\":1,\"name\":\"In\u00edcio\",\"item\":\"https:\/\/araujo.com.br\/blog\/\"},{\"@type\":\"ListItem\",\"position\":2,\"name\":\"10 mitos e verdades sobre a vacina contra a gripe\"}]},{\"@type\":\"WebSite\",\"@id\":\"https:\/\/araujo.com.br\/blog\/#website\",\"url\":\"https:\/\/araujo.com.br\/blog\/\",\"name\":\"Blog da Drogaria Araujo\",\"description\":\"Conte\u00fado que faz bem? A Araujo tem!\",\"potentialAction\":[{\"@type\":\"SearchAction\",\"target\":{\"@type\":\"EntryPoint\",\"urlTemplate\":\"https:\/\/araujo.com.br\/blog\/?s={search_term_string}\"},\"query-input\":{\"@type\":\"PropertyValueSpecification\",\"valueRequired\":true,\"valueName\":\"search_term_string\"}}],\"inLanguage\":\"pt-BR\"},{\"@type\":\"Person\",\"@id\":\"https:\/\/araujo.com.br\/blog\/#\/schema\/person\/4e2eac75cf0e2c6b079ef9a0df2ece83\",\"name\":\"Drogaria Araujo\",\"image\":{\"@type\":\"ImageObject\",\"inLanguage\":\"pt-BR\",\"@id\":\"https:\/\/araujo.com.br\/blog\/#\/schema\/person\/image\/\",\"url\":\"https:\/\/secure.gravatar.com\/avatar\/33e54dec0cd79fc4b5e911c15f836c46ec8d0e452ecd3ca5f707bce0a3540a3b?s=96&d=mm&r=g\",\"contentUrl\":\"https:\/\/secure.gravatar.com\/avatar\/33e54dec0cd79fc4b5e911c15f836c46ec8d0e452ecd3ca5f707bce0a3540a3b?s=96&d=mm&r=g\",\"caption\":\"Drogaria Araujo\"},\"description\":\"Especialista em Sa\u00fade da Fam\u00edlia. M\u00e9dico e nutricionista.\",\"sameAs\":[\"https:\/\/araujo.com.br\/blog\"],\"url\":\"https:\/\/araujo.com.br\/blog\/author\/admin\/\"}]}<\/script>\n<!-- \/ Yoast SEO plugin. -->","yoast_head_json":{"title":"Vacina da gripe: 10 mitos e verdades que voc\u00ea precisa conhecer","description":"Atualmente h\u00e1 muita desinforma\u00e7\u00e3o sobre o uso de vacinas. Neste texto, conhe\u00e7a 10 mitos e verdades sobre a vacina da gripe para se informar!","robots":{"index":"index","follow":"follow","max-snippet":"max-snippet:-1","max-image-preview":"max-image-preview:large","max-video-preview":"max-video-preview:-1"},"canonical":"https:\/\/araujo.com.br\/blog\/vacina-da-gripe\/","og_locale":"pt_BR","og_type":"article","og_title":"Vacina da gripe: 10 mitos e verdades que voc\u00ea precisa conhecer","og_description":"Atualmente h\u00e1 muita desinforma\u00e7\u00e3o sobre o uso de vacinas. Neste texto, conhe\u00e7a 10 mitos e verdades sobre a vacina da gripe para se informar!","og_url":"https:\/\/araujo.com.br\/blog\/vacina-da-gripe\/","og_site_name":"Blog da Drogaria Araujo","article_published_time":"2023-04-11T12:05:35+00:00","article_modified_time":"2025-01-24T18:02:42+00:00","og_image":[{"width":600,"height":600,"url":"https:\/\/araujo.com.br\/blog\/wp-content\/uploads\/2018\/04\/da-0040-19aa-posts-9mitos_BLOG-1.png","type":"image\/png"}],"author":"Drogaria Araujo","twitter_card":"summary_large_image","twitter_misc":{"Escrito por":"Drogaria Araujo","Est. tempo de leitura":"7 minutos"},"schema":{"@context":"https:\/\/schema.org","@graph":[{"@type":"WebPage","@id":"https:\/\/araujo.com.br\/blog\/vacina-da-gripe\/","url":"https:\/\/araujo.com.br\/blog\/vacina-da-gripe\/","name":"Vacina da gripe: 10 mitos e verdades que voc\u00ea precisa conhecer","isPartOf":{"@id":"https:\/\/araujo.com.br\/blog\/#website"},"primaryImageOfPage":{"@id":"https:\/\/araujo.com.br\/blog\/vacina-da-gripe\/#primaryimage"},"image":{"@id":"https:\/\/araujo.com.br\/blog\/vacina-da-gripe\/#primaryimage"},"thumbnailUrl":"https:\/\/araujo.com.br\/blog\/wp-content\/uploads\/2018\/04\/da-0040-19aa-posts-9mitos_BLOG-1.png","datePublished":"2023-04-11T12:05:35+00:00","dateModified":"2025-01-24T18:02:42+00:00","author":{"@id":"https:\/\/araujo.com.br\/blog\/#\/schema\/person\/4e2eac75cf0e2c6b079ef9a0df2ece83"},"description":"Atualmente h\u00e1 muita desinforma\u00e7\u00e3o sobre o uso de vacinas. Neste texto, conhe\u00e7a 10 mitos e verdades sobre a vacina da gripe para se informar!","breadcrumb":{"@id":"https:\/\/araujo.com.br\/blog\/vacina-da-gripe\/#breadcrumb"},"inLanguage":"pt-BR","potentialAction":[{"@type":"ReadAction","target":["https:\/\/araujo.com.br\/blog\/vacina-da-gripe\/"]}]},{"@type":"ImageObject","inLanguage":"pt-BR","@id":"https:\/\/araujo.com.br\/blog\/vacina-da-gripe\/#primaryimage","url":"https:\/\/araujo.com.br\/blog\/wp-content\/uploads\/2018\/04\/da-0040-19aa-posts-9mitos_BLOG-1.png","contentUrl":"https:\/\/araujo.com.br\/blog\/wp-content\/uploads\/2018\/04\/da-0040-19aa-posts-9mitos_BLOG-1.png","width":600,"height":600},{"@type":"BreadcrumbList","@id":"https:\/\/araujo.com.br\/blog\/vacina-da-gripe\/#breadcrumb","itemListElement":[{"@type":"ListItem","position":1,"name":"In\u00edcio","item":"https:\/\/araujo.com.br\/blog\/"},{"@type":"ListItem","position":2,"name":"10 mitos e verdades sobre a vacina contra a gripe"}]},{"@type":"WebSite","@id":"https:\/\/araujo.com.br\/blog\/#website","url":"https:\/\/araujo.com.br\/blog\/","name":"Blog da Drogaria Araujo","description":"Conte\u00fado que faz bem? A Araujo tem!","potentialAction":[{"@type":"SearchAction","target":{"@type":"EntryPoint","urlTemplate":"https:\/\/araujo.com.br\/blog\/?s={search_term_string}"},"query-input":{"@type":"PropertyValueSpecification","valueRequired":true,"valueName":"search_term_string"}}],"inLanguage":"pt-BR"},{"@type":"Person","@id":"https:\/\/araujo.com.br\/blog\/#\/schema\/person\/4e2eac75cf0e2c6b079ef9a0df2ece83","name":"Drogaria Araujo","image":{"@type":"ImageObject","inLanguage":"pt-BR","@id":"https:\/\/araujo.com.br\/blog\/#\/schema\/person\/image\/","url":"https:\/\/secure.gravatar.com\/avatar\/33e54dec0cd79fc4b5e911c15f836c46ec8d0e452ecd3ca5f707bce0a3540a3b?s=96&d=mm&r=g","contentUrl":"https:\/\/secure.gravatar.com\/avatar\/33e54dec0cd79fc4b5e911c15f836c46ec8d0e452ecd3ca5f707bce0a3540a3b?s=96&d=mm&r=g","caption":"Drogaria Araujo"},"description":"Especialista em Sa\u00fade da Fam\u00edlia. M\u00e9dico e nutricionista.","sameAs":["https:\/\/araujo.com.br\/blog"],"url":"https:\/\/araujo.com.br\/blog\/author\/admin\/"}]}},"_links":{"self":[{"href":"https:\/\/araujo.com.br\/blog\/wp-json\/wp\/v2\/posts\/2656","targetHints":{"allow":["GET"]}}],"collection":[{"href":"https:\/\/araujo.com.br\/blog\/wp-json\/wp\/v2\/posts"}],"about":[{"href":"https:\/\/araujo.com.br\/blog\/wp-json\/wp\/v2\/types\/post"}],"author":[{"embeddable":true,"href":"https:\/\/araujo.com.br\/blog\/wp-json\/wp\/v2\/users\/1"}],"replies":[{"embeddable":true,"href":"https:\/\/araujo.com.br\/blog\/wp-json\/wp\/v2\/comments?post=2656"}],"version-history":[{"count":3,"href":"https:\/\/araujo.com.br\/blog\/wp-json\/wp\/v2\/posts\/2656\/revisions"}],"predecessor-version":[{"id":7495,"href":"https:\/\/araujo.com.br\/blog\/wp-json\/wp\/v2\/posts\/2656\/revisions\/7495"}],"wp:featuredmedia":[{"embeddable":true,"href":"https:\/\/araujo.com.br\/blog\/wp-json\/wp\/v2\/media\/2657"}],"wp:attachment":[{"href":"https:\/\/araujo.com.br\/blog\/wp-json\/wp\/v2\/media?parent=2656"}],"wp:term":[{"taxonomy":"category","embeddable":true,"href":"https:\/\/araujo.com.br\/blog\/wp-json\/wp\/v2\/categories?post=2656"},{"taxonomy":"post_tag","embeddable":true,"href":"https:\/\/araujo.com.br\/blog\/wp-json\/wp\/v2\/tags?post=2656"}],"curies":[{"name":"wp","href":"https:\/\/api.w.org\/{rel}","templated":true}]}}