{"id":3079,"date":"2019-10-17T12:00:30","date_gmt":"2019-10-17T09:00:30","guid":{"rendered":"http:\/\/blog-qas.araujo.com.br\/vacina-duvidas-mitos-e-verdades-sobre-esse-marco-na-historia-da-humanidade\/"},"modified":"2025-02-04T16:46:00","modified_gmt":"2025-02-04T13:46:00","slug":"importancia-da-vacina","status":"publish","type":"post","link":"https:\/\/araujo.com.br\/blog\/importancia-da-vacina\/","title":{"rendered":"A import\u00e2ncia da vacina para a sa\u00fade"},"content":{"rendered":"<p><span style=\"font-weight: 400;\">A vacina \u00e9 considerada uma das principais revolu\u00e7\u00f5es do sistema de sa\u00fade p\u00fablica e impactou diretamente nossa vida em sociedade. Ela aumentou a expectativa de vida, diminuindo as taxas de mortalidade infantil, e ainda nos livrou de doen\u00e7as altamente contagiosas e muito comuns no passado, como a difteria, a paralisia infantil, t\u00e9tano, caxumba e rub\u00e9ola.\u00a0<\/span><\/p>\n<p><span style=\"font-weight: 400;\">Dessa lista, a maioria praticamente j\u00e1 n\u00e3o existe mais no Brasil, j\u00e1 que estamos entre os pa\u00edses que possuem o <\/span><b>servi\u00e7o de vacina\u00e7\u00e3o<\/b><span style=\"font-weight: 400;\"> mais eficientes do mundo, com uma m\u00e9dia de 90% das crian\u00e7as sendo vacinadas. Ou seja, ela tem potencial para imunizar uma pessoa, mas tamb\u00e9m de erradicar doen\u00e7as para sempre. As pr\u00f3ximas gera\u00e7\u00f5es, por exemplo, podem viver em um mundo que dispensam determinadas vacinas, simplesmente porque o ciclo dela foi encerrado e n\u00e3o existe mais o v\u00edrus.<\/span><\/p>\n<p><span style=\"font-weight: 400;\">Apesar de todos os benef\u00edcios promovidos pela vacina\u00e7\u00e3o, ainda existem alguns movimentos que contestam a import\u00e2ncia da imuniza\u00e7\u00e3o e afirmam que a vacina pode provocar problemas de sa\u00fade, o que j\u00e1 foi comprovado, por in\u00fameros estudos, n\u00e3o ser verdade.<\/span><\/p>\n<p><span style=\"font-weight: 400;\">Na hist\u00f3ria da sa\u00fade p\u00fablica brasileira, a Revolta da Vacina \u2013 violenta manifesta\u00e7\u00e3o popular ocorrida no Rio de Janeiro, em 1904, contra a imuniza\u00e7\u00e3o obrigat\u00f3ria da var\u00edola, mostrou claramente os efeitos positivos da vacina\u00e7\u00e3o. J\u00e1 naquela \u00e9poca, o governo conseguiu controlar a revolta e erradicou a var\u00edola \u2013 doen\u00e7a contagiosa, caracterizada por febre e les\u00f5es cut\u00e2neas \u2013 por meio da vacina\u00e7\u00e3o em massa.<\/span><\/p>\n<p><span style=\"font-weight: 400;\">Neste texto, confira um pouco da hist\u00f3ria de sua origem e como funciona uma vacina, para entender a import\u00e2ncia dela.<\/span><\/p>\n<h2>Como a vacina funciona?<\/h2>\n<p><span style=\"font-weight: 400;\">A fun\u00e7\u00e3o de uma vacina \u00e9 ativar o nosso sistema imunol\u00f3gico, &#8220;ensinando&#8221; nosso organismo a reconhecer e <\/span><span style=\"font-weight: 400;\">combater v\u00edrus<\/span><span style=\"font-weight: 400;\"> e bact\u00e9rias em futuras infec\u00e7\u00f5es. Por isso, n\u00e3o s\u00e3o usados f\u00e1rmacos ou subst\u00e2ncias\u00a0 que curem a doen\u00e7a ou diminua os sintomas, mas sim vers\u00f5es atenuadas ou inativas dos v\u00edrus ou bact\u00e9rias que causam a doen\u00e7a.<\/span><\/p>\n<p><span style=\"font-weight: 400;\">Eles s\u00e3o manipulados em laborat\u00f3rios e n\u00e3o t\u00eam potencial para efetivamente causar a doen\u00e7a em uma pessoa, mas, mesmo assim, seu corpo reage fabricando anticorpos para combater aquele agente. Se um dia seu corpo entrar em contato com o v\u00edrus de fato, ele j\u00e1 est\u00e1 preparado para reagir e combat\u00ea-lo antes que cause a doen\u00e7a.<\/span><\/p>\n<h2>Origem da vacina<\/h2>\n<p><span style=\"font-weight: 400;\">Existem registros na China, j\u00e1 no s\u00e9culo 10, de pessoas entrando em contato voluntariamente com formas atenuadas da var\u00edola para se imunizar contra essa doen\u00e7a. Mas foi em 1798 que o termo \u201cvacina\u201d surgiu.\u00a0<\/span><\/p>\n<p><span style=\"font-weight: 400;\">O m\u00e9dico e naturalista brit\u00e2nico Edward Jenner come\u00e7ou a ouvir relatos de trabalhadores do campo que geralmente n\u00e3o contra\u00edam a var\u00edola. Ao investigar melhor as causas, descobriu que maioria j\u00e1 havia tido contato com a var\u00edola bovina, uma varia\u00e7\u00e3o que tem menos impacto para o ser humano. Ele come\u00e7ou a realizar testes, introduzindo o v\u00edrus bovino em pessoas, e comprovou a tese de que elas ficavam imunizadas \u00e0 doen\u00e7a.<\/span><\/p>\n<p><span style=\"font-weight: 400;\">Por isso, o termo \u201cvacina\u201d vem justamente do nome cient\u00edfico da var\u00edola, que \u00e9 <\/span><i><span style=\"font-weight: 400;\">Variolae vaccinae. <\/span><\/i><span style=\"font-weight: 400;\">Desde ent\u00e3o, os processos de fabrica\u00e7\u00e3o e pesquisa v\u00eam constantemente sendo melhorados, fazendo dela o m\u00e9todo mais seguro de imuniza\u00e7\u00e3o.<\/span><\/p>\n<h2>A vacina\u00e7\u00e3o tem sintomas?<\/h2>\n<p><span style=\"font-weight: 400;\">Todo mundo tem um conhecido ou j\u00e1 ouviu falar de algu\u00e9m que teve um mal-estar no dia que tomou a vacina. Mas esses casos s\u00e3o cada vez mais raros e n\u00e3o significam, necessariamente, que a vacina fa\u00e7a mal. A febre nada mais \u00e9 do que uma rea\u00e7\u00e3o do nosso corpo a um agente estranho causador de doen\u00e7as.\u00a0<\/span><\/p>\n<p><span style=\"font-weight: 400;\">Pelos procedimentos e controles de qualidades a que elas s\u00e3o submetidas, os riscos de uma vacina vir a causar uma enfermidade s\u00e3o baix\u00edssimos. Alguns grupos, por\u00e9m, devem procurar orienta\u00e7\u00e3o m\u00e9dica antes de tomar suas vacinas. S\u00e3o eles:<\/span><\/p>\n<ul>\n<li style=\"font-weight: 400;\"><span style=\"font-weight: 400;\">Gestantes<\/span><\/li>\n<li style=\"font-weight: 400;\"><span style=\"font-weight: 400;\">Beb\u00eas at\u00e9 os seis meses<\/span><\/li>\n<li style=\"font-weight: 400;\"><span style=\"font-weight: 400;\">Pessoas com diabetes\u00a0<\/span><\/li>\n<li style=\"font-weight: 400;\"><span style=\"font-weight: 400;\">Idosos\u00a0<\/span><\/li>\n<li style=\"font-weight: 400;\"><span style=\"font-weight: 400;\">Pessoas com problemas gen\u00e9ticos que podem enfraquecer o sistema imunol\u00f3gico<\/span><\/li>\n<li style=\"font-weight: 400;\"><span style=\"font-weight: 400;\">Portadores de doen\u00e7as que reduzem a imunidade<\/span><\/li>\n<\/ul>\n<h2>Vacina: efic\u00e1cia em seguran\u00e7a e preven\u00e7\u00e3o<\/h2>\n<p><span style=\"font-weight: 400;\">\u00c9 importante saber que toda vacina licenciada para uso passou antes por diversas fases de avalia\u00e7\u00e3o, desde os processos iniciais de desenvolvimento at\u00e9 a produ\u00e7\u00e3o e a fase final, que \u00e9 a aplica\u00e7\u00e3o, garantindo assim sua seguran\u00e7a.<\/span><\/p>\n<p><span style=\"font-weight: 400;\">Al\u00e9m disso, elas s\u00e3o avaliadas e aprovadas por institutos reguladores muito r\u00edgidos e independentes. No Brasil, essa fun\u00e7\u00e3o cabe \u00e0 Ag\u00eancia Nacional de Vigil\u00e2ncia Sanit\u00e1ria (Anvisa), \u00f3rg\u00e3o do Minist\u00e9rio da Sa\u00fade (MS).<\/span><\/p>\n<p><span style=\"font-weight: 400;\">Ademais, a vigil\u00e2ncia de eventos adversos continua acontecendo depois que a vacina \u00e9 licenciada, permitindo a continuidade de monitoramento da seguran\u00e7a do produto. Com isso, a <\/span><b>vacina\u00e7\u00e3o<\/b><span style=\"font-weight: 400;\"> continua sendo a forma mais segura e eficaz de preven\u00e7\u00e3o, principalmente contra as doen\u00e7as infectocontagiosas.<\/span><\/p>\n<h2>Vacina da gripe todo ano<\/h2>\n<p><span style=\"font-weight: 400;\">Todo ano h\u00e1 uma campanha de <\/span><span style=\"font-weight: 400;\">vacina\u00e7\u00e3o contra a gripe<\/span><span style=\"font-weight: 400;\">, e \u00e9 comum que alguns at\u00e9 pensem: \u201cn\u00e3o preciso tomar, porque j\u00e1 me imunizei no ano passado\u201d. Mas no caso da gripe, a l\u00f3gica \u00e9 um pouco diferente. Existem tr\u00eas grupos de influenzas: A, B e C, e dentro de cada um deles, h\u00e1 subgrupos que s\u00e3o definidos por uma esp\u00e9cie de c\u00f3digo associado aos agentes infecciosos. \u00c9 por isso que voc\u00ea j\u00e1 leu ou ouviu por a\u00ed sobre a H1N1, popularmente conhecida como gripe su\u00edna. O H1N1 \u00e9 o c\u00f3digo desse v\u00edrus.<\/span><\/p>\n<p><span style=\"font-weight: 400;\">No caso das gripes, o governo monitora ao longo do ano quais os v\u00edrus mais comuns, que t\u00eam maior probabilidade de causar uma epidemia. Quando o inverno se aproxima, \u00e9poca que os \u00edndices da doen\u00e7a aumentam, o governo produz as vacinas a partir desse monitoramento.<\/span><\/p>\n<h2>Conte com a Araujo para se proteger<\/h2>\n<p><span style=\"font-weight: 400;\">A atualiza\u00e7\u00e3o do seu<\/span><b> cart\u00e3o vacinal <\/b><span style=\"font-weight: 400;\">\u00e9 uma das estrat\u00e9gias mais eficazes para a preven\u00e7\u00e3o de doen\u00e7as infectocontagiosas. Se voc\u00ea n\u00e3o lembra se foi imunizado contra alguma doen\u00e7a e perdeu sua carteirinha de vacina\u00e7\u00e3o, recomenda-se <\/span><b>procurar um dos nossos Farmac\u00eauticos para inform\u00e1-lo sobre quais vacinas devem ser tomadas<\/b><span style=\"font-weight: 400;\"> e dar todas as orienta\u00e7\u00f5es necess\u00e1rias.<\/span><\/p>\n<p><span style=\"font-weight: 400;\">Aqui, al\u00e9m de se informar sobre as atualiza\u00e7\u00f5es mais recentes sobre a imuniza\u00e7\u00e3o, \u00e9 poss\u00edvel consultar as vacinas indicadas para cada idade, bem como o esquema vacinal relacionado \u00e0 mesma. Utilize o <a href=\"https:\/\/www.araujo.com.br\/saudeemdia.html\">servi\u00e7o farmac\u00eautico da Araujo<\/a> e mantenha seus cuidados com a sa\u00fade em dia!\u00a0<\/span><\/p>\n","protected":false},"excerpt":{"rendered":"<p>A vacina \u00e9 considerada uma das principais revolu\u00e7\u00f5es do sistema de sa\u00fade p\u00fablica e impactou diretamente nossa vida em sociedade. Ela aumentou a expectativa de vida, diminuindo as taxas de mortalidade infantil, e ainda nos livrou de doen\u00e7as altamente contagiosas e muito comuns no passado, como a difteria, a paralisia infantil, t\u00e9tano, caxumba e rub\u00e9ola.\u00a0 [&hellip;]<\/p>\n","protected":false},"author":1,"featured_media":3080,"comment_status":"closed","ping_status":"closed","sticky":false,"template":"","format":"standard","meta":{"_acf_changed":false,"footnotes":""},"categories":[3,916],"tags":[],"class_list":["post-3079","post","type-post","status-publish","format-standard","has-post-thumbnail","hentry","category-saude-e-bem-estar","category-vacinas"],"acf":[],"yoast_head":"<!-- This site is optimized with the Yoast SEO plugin v24.3 - https:\/\/yoast.com\/wordpress\/plugins\/seo\/ -->\n<title>A import\u00e2ncia da vacina para a sa\u00fade<\/title>\n<meta name=\"description\" content=\"A vacina revolucionou o sistema de sa\u00fade mas ainda \u00e9 alvo de muita desinforma\u00e7\u00e3o. Por isso, neste texto explicamos a import\u00e2ncia da vacina. Leia!\" \/>\n<meta name=\"robots\" content=\"index, follow, max-snippet:-1, max-image-preview:large, max-video-preview:-1\" \/>\n<link rel=\"canonical\" href=\"https:\/\/araujo.com.br\/blog\/importancia-da-vacina\/\" \/>\n<meta property=\"og:locale\" content=\"pt_BR\" \/>\n<meta property=\"og:type\" content=\"article\" \/>\n<meta property=\"og:title\" content=\"A import\u00e2ncia da vacina para a sa\u00fade\" \/>\n<meta property=\"og:description\" content=\"A vacina revolucionou o sistema de sa\u00fade mas ainda \u00e9 alvo de muita desinforma\u00e7\u00e3o. Por isso, neste texto explicamos a import\u00e2ncia da vacina. Leia!\" \/>\n<meta property=\"og:url\" content=\"https:\/\/araujo.com.br\/blog\/importancia-da-vacina\/\" \/>\n<meta property=\"og:site_name\" content=\"Blog da Drogaria Araujo\" \/>\n<meta property=\"article:published_time\" content=\"2019-10-17T09:00:30+00:00\" \/>\n<meta property=\"article:modified_time\" content=\"2025-02-04T13:46:00+00:00\" \/>\n<meta property=\"og:image\" content=\"https:\/\/araujo.com.br\/blog\/wp-content\/uploads\/2019\/10\/DA-0175-19p-dia-vacina-blogpost.png\" \/>\n\t<meta property=\"og:image:width\" content=\"700\" \/>\n\t<meta property=\"og:image:height\" content=\"525\" \/>\n\t<meta property=\"og:image:type\" content=\"image\/png\" \/>\n<meta name=\"author\" content=\"Drogaria Araujo\" \/>\n<meta name=\"twitter:card\" content=\"summary_large_image\" \/>\n<meta name=\"twitter:label1\" content=\"Escrito por\" \/>\n\t<meta name=\"twitter:data1\" content=\"Drogaria Araujo\" \/>\n\t<meta name=\"twitter:label2\" content=\"Est. tempo de leitura\" \/>\n\t<meta name=\"twitter:data2\" content=\"6 minutos\" \/>\n<script type=\"application\/ld+json\" class=\"yoast-schema-graph\">{\"@context\":\"https:\/\/schema.org\",\"@graph\":[{\"@type\":\"WebPage\",\"@id\":\"https:\/\/araujo.com.br\/blog\/importancia-da-vacina\/\",\"url\":\"https:\/\/araujo.com.br\/blog\/importancia-da-vacina\/\",\"name\":\"A import\u00e2ncia da vacina para a sa\u00fade\",\"isPartOf\":{\"@id\":\"https:\/\/araujo.com.br\/blog\/#website\"},\"primaryImageOfPage\":{\"@id\":\"https:\/\/araujo.com.br\/blog\/importancia-da-vacina\/#primaryimage\"},\"image\":{\"@id\":\"https:\/\/araujo.com.br\/blog\/importancia-da-vacina\/#primaryimage\"},\"thumbnailUrl\":\"https:\/\/araujo.com.br\/blog\/wp-content\/uploads\/2019\/10\/DA-0175-19p-dia-vacina-blogpost.png\",\"datePublished\":\"2019-10-17T09:00:30+00:00\",\"dateModified\":\"2025-02-04T13:46:00+00:00\",\"author\":{\"@id\":\"https:\/\/araujo.com.br\/blog\/#\/schema\/person\/4e2eac75cf0e2c6b079ef9a0df2ece83\"},\"description\":\"A vacina revolucionou o sistema de sa\u00fade mas ainda \u00e9 alvo de muita desinforma\u00e7\u00e3o. Por isso, neste texto explicamos a import\u00e2ncia da vacina. Leia!\",\"breadcrumb\":{\"@id\":\"https:\/\/araujo.com.br\/blog\/importancia-da-vacina\/#breadcrumb\"},\"inLanguage\":\"pt-BR\",\"potentialAction\":[{\"@type\":\"ReadAction\",\"target\":[\"https:\/\/araujo.com.br\/blog\/importancia-da-vacina\/\"]}]},{\"@type\":\"ImageObject\",\"inLanguage\":\"pt-BR\",\"@id\":\"https:\/\/araujo.com.br\/blog\/importancia-da-vacina\/#primaryimage\",\"url\":\"https:\/\/araujo.com.br\/blog\/wp-content\/uploads\/2019\/10\/DA-0175-19p-dia-vacina-blogpost.png\",\"contentUrl\":\"https:\/\/araujo.com.br\/blog\/wp-content\/uploads\/2019\/10\/DA-0175-19p-dia-vacina-blogpost.png\",\"width\":700,\"height\":525},{\"@type\":\"BreadcrumbList\",\"@id\":\"https:\/\/araujo.com.br\/blog\/importancia-da-vacina\/#breadcrumb\",\"itemListElement\":[{\"@type\":\"ListItem\",\"position\":1,\"name\":\"In\u00edcio\",\"item\":\"https:\/\/araujo.com.br\/blog\/\"},{\"@type\":\"ListItem\",\"position\":2,\"name\":\"A import\u00e2ncia da vacina para a sa\u00fade\"}]},{\"@type\":\"WebSite\",\"@id\":\"https:\/\/araujo.com.br\/blog\/#website\",\"url\":\"https:\/\/araujo.com.br\/blog\/\",\"name\":\"Blog da Drogaria Araujo\",\"description\":\"Conte\u00fado que faz bem? A Araujo tem!\",\"potentialAction\":[{\"@type\":\"SearchAction\",\"target\":{\"@type\":\"EntryPoint\",\"urlTemplate\":\"https:\/\/araujo.com.br\/blog\/?s={search_term_string}\"},\"query-input\":{\"@type\":\"PropertyValueSpecification\",\"valueRequired\":true,\"valueName\":\"search_term_string\"}}],\"inLanguage\":\"pt-BR\"},{\"@type\":\"Person\",\"@id\":\"https:\/\/araujo.com.br\/blog\/#\/schema\/person\/4e2eac75cf0e2c6b079ef9a0df2ece83\",\"name\":\"Drogaria Araujo\",\"image\":{\"@type\":\"ImageObject\",\"inLanguage\":\"pt-BR\",\"@id\":\"https:\/\/araujo.com.br\/blog\/#\/schema\/person\/image\/\",\"url\":\"https:\/\/secure.gravatar.com\/avatar\/33e54dec0cd79fc4b5e911c15f836c46ec8d0e452ecd3ca5f707bce0a3540a3b?s=96&d=mm&r=g\",\"contentUrl\":\"https:\/\/secure.gravatar.com\/avatar\/33e54dec0cd79fc4b5e911c15f836c46ec8d0e452ecd3ca5f707bce0a3540a3b?s=96&d=mm&r=g\",\"caption\":\"Drogaria Araujo\"},\"description\":\"Especialista em Sa\u00fade da Fam\u00edlia. M\u00e9dico e nutricionista.\",\"sameAs\":[\"https:\/\/araujo.com.br\/blog\"],\"url\":\"https:\/\/araujo.com.br\/blog\/author\/admin\/\"}]}<\/script>\n<!-- \/ Yoast SEO plugin. -->","yoast_head_json":{"title":"A import\u00e2ncia da vacina para a sa\u00fade","description":"A vacina revolucionou o sistema de sa\u00fade mas ainda \u00e9 alvo de muita desinforma\u00e7\u00e3o. Por isso, neste texto explicamos a import\u00e2ncia da vacina. Leia!","robots":{"index":"index","follow":"follow","max-snippet":"max-snippet:-1","max-image-preview":"max-image-preview:large","max-video-preview":"max-video-preview:-1"},"canonical":"https:\/\/araujo.com.br\/blog\/importancia-da-vacina\/","og_locale":"pt_BR","og_type":"article","og_title":"A import\u00e2ncia da vacina para a sa\u00fade","og_description":"A vacina revolucionou o sistema de sa\u00fade mas ainda \u00e9 alvo de muita desinforma\u00e7\u00e3o. Por isso, neste texto explicamos a import\u00e2ncia da vacina. Leia!","og_url":"https:\/\/araujo.com.br\/blog\/importancia-da-vacina\/","og_site_name":"Blog da Drogaria Araujo","article_published_time":"2019-10-17T09:00:30+00:00","article_modified_time":"2025-02-04T13:46:00+00:00","og_image":[{"width":700,"height":525,"url":"https:\/\/araujo.com.br\/blog\/wp-content\/uploads\/2019\/10\/DA-0175-19p-dia-vacina-blogpost.png","type":"image\/png"}],"author":"Drogaria Araujo","twitter_card":"summary_large_image","twitter_misc":{"Escrito por":"Drogaria Araujo","Est. tempo de leitura":"6 minutos"},"schema":{"@context":"https:\/\/schema.org","@graph":[{"@type":"WebPage","@id":"https:\/\/araujo.com.br\/blog\/importancia-da-vacina\/","url":"https:\/\/araujo.com.br\/blog\/importancia-da-vacina\/","name":"A import\u00e2ncia da vacina para a sa\u00fade","isPartOf":{"@id":"https:\/\/araujo.com.br\/blog\/#website"},"primaryImageOfPage":{"@id":"https:\/\/araujo.com.br\/blog\/importancia-da-vacina\/#primaryimage"},"image":{"@id":"https:\/\/araujo.com.br\/blog\/importancia-da-vacina\/#primaryimage"},"thumbnailUrl":"https:\/\/araujo.com.br\/blog\/wp-content\/uploads\/2019\/10\/DA-0175-19p-dia-vacina-blogpost.png","datePublished":"2019-10-17T09:00:30+00:00","dateModified":"2025-02-04T13:46:00+00:00","author":{"@id":"https:\/\/araujo.com.br\/blog\/#\/schema\/person\/4e2eac75cf0e2c6b079ef9a0df2ece83"},"description":"A vacina revolucionou o sistema de sa\u00fade mas ainda \u00e9 alvo de muita desinforma\u00e7\u00e3o. Por isso, neste texto explicamos a import\u00e2ncia da vacina. Leia!","breadcrumb":{"@id":"https:\/\/araujo.com.br\/blog\/importancia-da-vacina\/#breadcrumb"},"inLanguage":"pt-BR","potentialAction":[{"@type":"ReadAction","target":["https:\/\/araujo.com.br\/blog\/importancia-da-vacina\/"]}]},{"@type":"ImageObject","inLanguage":"pt-BR","@id":"https:\/\/araujo.com.br\/blog\/importancia-da-vacina\/#primaryimage","url":"https:\/\/araujo.com.br\/blog\/wp-content\/uploads\/2019\/10\/DA-0175-19p-dia-vacina-blogpost.png","contentUrl":"https:\/\/araujo.com.br\/blog\/wp-content\/uploads\/2019\/10\/DA-0175-19p-dia-vacina-blogpost.png","width":700,"height":525},{"@type":"BreadcrumbList","@id":"https:\/\/araujo.com.br\/blog\/importancia-da-vacina\/#breadcrumb","itemListElement":[{"@type":"ListItem","position":1,"name":"In\u00edcio","item":"https:\/\/araujo.com.br\/blog\/"},{"@type":"ListItem","position":2,"name":"A import\u00e2ncia da vacina para a sa\u00fade"}]},{"@type":"WebSite","@id":"https:\/\/araujo.com.br\/blog\/#website","url":"https:\/\/araujo.com.br\/blog\/","name":"Blog da Drogaria Araujo","description":"Conte\u00fado que faz bem? A Araujo tem!","potentialAction":[{"@type":"SearchAction","target":{"@type":"EntryPoint","urlTemplate":"https:\/\/araujo.com.br\/blog\/?s={search_term_string}"},"query-input":{"@type":"PropertyValueSpecification","valueRequired":true,"valueName":"search_term_string"}}],"inLanguage":"pt-BR"},{"@type":"Person","@id":"https:\/\/araujo.com.br\/blog\/#\/schema\/person\/4e2eac75cf0e2c6b079ef9a0df2ece83","name":"Drogaria Araujo","image":{"@type":"ImageObject","inLanguage":"pt-BR","@id":"https:\/\/araujo.com.br\/blog\/#\/schema\/person\/image\/","url":"https:\/\/secure.gravatar.com\/avatar\/33e54dec0cd79fc4b5e911c15f836c46ec8d0e452ecd3ca5f707bce0a3540a3b?s=96&d=mm&r=g","contentUrl":"https:\/\/secure.gravatar.com\/avatar\/33e54dec0cd79fc4b5e911c15f836c46ec8d0e452ecd3ca5f707bce0a3540a3b?s=96&d=mm&r=g","caption":"Drogaria Araujo"},"description":"Especialista em Sa\u00fade da Fam\u00edlia. M\u00e9dico e nutricionista.","sameAs":["https:\/\/araujo.com.br\/blog"],"url":"https:\/\/araujo.com.br\/blog\/author\/admin\/"}]}},"_links":{"self":[{"href":"https:\/\/araujo.com.br\/blog\/wp-json\/wp\/v2\/posts\/3079","targetHints":{"allow":["GET"]}}],"collection":[{"href":"https:\/\/araujo.com.br\/blog\/wp-json\/wp\/v2\/posts"}],"about":[{"href":"https:\/\/araujo.com.br\/blog\/wp-json\/wp\/v2\/types\/post"}],"author":[{"embeddable":true,"href":"https:\/\/araujo.com.br\/blog\/wp-json\/wp\/v2\/users\/1"}],"replies":[{"embeddable":true,"href":"https:\/\/araujo.com.br\/blog\/wp-json\/wp\/v2\/comments?post=3079"}],"version-history":[{"count":4,"href":"https:\/\/araujo.com.br\/blog\/wp-json\/wp\/v2\/posts\/3079\/revisions"}],"predecessor-version":[{"id":4728,"href":"https:\/\/araujo.com.br\/blog\/wp-json\/wp\/v2\/posts\/3079\/revisions\/4728"}],"wp:featuredmedia":[{"embeddable":true,"href":"https:\/\/araujo.com.br\/blog\/wp-json\/wp\/v2\/media\/3080"}],"wp:attachment":[{"href":"https:\/\/araujo.com.br\/blog\/wp-json\/wp\/v2\/media?parent=3079"}],"wp:term":[{"taxonomy":"category","embeddable":true,"href":"https:\/\/araujo.com.br\/blog\/wp-json\/wp\/v2\/categories?post=3079"},{"taxonomy":"post_tag","embeddable":true,"href":"https:\/\/araujo.com.br\/blog\/wp-json\/wp\/v2\/tags?post=3079"}],"curies":[{"name":"wp","href":"https:\/\/api.w.org\/{rel}","templated":true}]}}