{"id":3088,"date":"2019-11-06T14:14:31","date_gmt":"2019-11-06T11:14:31","guid":{"rendered":"http:\/\/blog-qas.araujo.com.br\/novembro-azul-uma-reflexao-que-pode-salvar-vidas\/"},"modified":"2025-07-28T23:51:53","modified_gmt":"2025-07-28T20:51:53","slug":"campanha-novembro-azul","status":"publish","type":"post","link":"https:\/\/araujo.com.br\/blog\/campanha-novembro-azul\/","title":{"rendered":"Campanha Novembro Azul: uma reflex\u00e3o que pode salvar vidas"},"content":{"rendered":"<p><span style=\"font-weight: 400;\">Assim como a mobiliza\u00e7\u00e3o do <a href=\"https:\/\/araujo.com.br\/blog\/outubro-rosa\/\">Outubro Rosa<\/a> para a conscientiza\u00e7\u00e3o do c\u00e2ncer de mama, o Novembro Azul \u00e9 um movimento mundial que busca refor\u00e7ar entre os homens o conhecimento da import\u00e2ncia da preven\u00e7\u00e3o e do diagn\u00f3stico precoce do c\u00e2ncer de pr\u00f3stata.<\/span><\/p>\n<p><span style=\"font-weight: 400;\">De acordo com dados do Instituto Nacional de C\u00e2ncer (INCA), em n\u00fameros absolutos, esse tipo de c\u00e2ncer \u00e9 a segunda causa de morte da popula\u00e7\u00e3o masculina no Brasil. Esse indicativo revela que o brasileiro n\u00e3o d\u00e1 a devida import\u00e2ncia \u00e0 medicina preventiva, uma vez que o tumor de pr\u00f3stata \u00e9 pass\u00edvel de diagn\u00f3stico precoce por meio de exames.<\/span><\/p>\n<p><span style=\"font-weight: 400;\">Por isso, a principal ferramenta que temos para reverter esse quadro \u00e9 combater o preconceito com informa\u00e7\u00e3o. Entenda neste artigo o que \u00e9 o c\u00e2ncer de pr\u00f3stata, como e quando \u00e9 feito o diagn\u00f3stico.<\/span><\/p>\n<h2>O que \u00e9 a pr\u00f3stata?<\/h2>\n<p><span style=\"font-weight: 400;\">A pr\u00f3stata \u00e9 uma gl\u00e2ndula que fica localizada entre a bexiga e a p\u00e9lvis do homem, \u00e0 frente do reto. Ela tem a importante fun\u00e7\u00e3o de produzir parte do l\u00edquido que forma o esperma, ajudando a alimentar e proteger os espermatozoides, al\u00e9m de conter m\u00fasculos que ajudam a expelir o s\u00eamen durante a ejacula\u00e7\u00e3o.<\/span><\/p>\n<p><span style=\"font-weight: 400;\">O c\u00e2ncer de pr\u00f3stata \u00e9 o tumor que pode surgir nesse \u00f3rg\u00e3o. Ele \u00e9, na maioria das vezes, silencioso e n\u00e3o apresenta sinais e sintomas evidentes. Apenas em est\u00e1gios mais avan\u00e7ados, quando suas met\u00e1stases se manifestam em ossos, pulm\u00e3o ou f\u00edgado.<\/span><\/p>\n<p><span style=\"font-weight: 400;\">Nesse est\u00e1gio avan\u00e7ado, as chances de cura s\u00e3o bem menores. Por isso os especialistas alertam: quanto mais cedo a doen\u00e7a \u00e9 diagnosticada, maiores as chances de cura. Estat\u00edsticas do Instituto Nacional do C\u00e2ncer (NCI) dos Estados Unidos indicam que at\u00e9 90% dos casos diagnosticados em fase inicial t\u00eam cura se o diagn\u00f3stico e o tratamento ocorrerem em tempo h\u00e1bil.<\/span><\/p>\n<h2>Como s\u00e3o os exames?<\/h2>\n<p><span style=\"font-weight: 400;\">Muitas pessoas conhecem o m\u00e9todo de toque retal para o exame da pr\u00f3stata, mas ele n\u00e3o \u00e9 o \u00fanico utilizado. Existem seis metodologias empregadas para o diagn\u00f3stico assertivo do c\u00e2ncer de pr\u00f3stata, que s\u00e3o:<\/span><\/p>\n<ul>\n<li style=\"font-weight: 400;\"><b>PSA \u2013 exame de sangue<\/b><span style=\"font-weight: 400;\">:<\/span><span style=\"font-weight: 400;\"> exame de sangue que avalia o marcador tumoral PSA, um indicador de problemas de inflama\u00e7\u00e3o da pr\u00f3stata.<\/span><\/li>\n<li style=\"font-weight: 400;\"><b>Toque retal<\/b><span style=\"font-weight: 400;\">: este exame \u00e9 muito r\u00e1pido, leva cerca de 1 minuto e n\u00e3o exige preparo. Por meio do toque o m\u00e9dico avalia se a pr\u00f3stata parece maior ou mais r\u00edgida do que o normal.<\/span><\/li>\n<li style=\"font-weight: 400;\"><b>Ultrassonografia transretal<\/b><span style=\"font-weight: 400;\">: ou ecografia da pr\u00f3stata, tamb\u00e9m avalia o tamanho da gl\u00e2ndula e eventuais altera\u00e7\u00f5es na sua estrutura. Por proporcionar uma an\u00e1lise mais detalhada, \u00e9 indicado apenas quando j\u00e1 foram identificadas altera\u00e7\u00f5es no PSA e toque retal.<\/span><\/li>\n<li style=\"font-weight: 400;\"><b>Medi\u00e7\u00e3o do jato de urina<\/b><span style=\"font-weight: 400;\">: este exame n\u00e3o \u00e9 diagn\u00f3stico espec\u00edfico do c\u00e2ncer de pr\u00f3stata, mas \u00e9 \u00fatil em casos j\u00e1 diagnosticados. Atrav\u00e9s da medi\u00e7\u00e3o da for\u00e7a do jato e da quantidade de urina em cada mic\u00e7\u00e3o, o m\u00e9dico consegue entender o impacto do tumor na bexiga e uretra.<\/span><\/li>\n<li style=\"font-weight: 400;\"><b>Exame de urina<\/b><span style=\"font-weight: 400;\">: o exame de urina PCA3 \u00e9 espec\u00edfico para avaliar se existe c\u00e2ncer de pr\u00f3stata e qual a agressividade do tumor, por isso, \u00e9 muito \u00fatil para indicar o tratamento.<\/span><\/li>\n<li style=\"font-weight: 400;\"><b>Bi\u00f3psia<\/b><span style=\"font-weight: 400;\">: a bi\u00f3psia \u00e9 feita para confirmar diagn\u00f3sticos de altera\u00e7\u00f5es na gl\u00e2ndula, como c\u00e2ncer ou tumores benignos, e \u00e9 feita mediante a retirada de uma amostra da pr\u00f3stata para an\u00e1lise em laborat\u00f3rio.<\/span><\/li>\n<\/ul>\n<p><span style=\"font-weight: 400;\">A <a href=\"https:\/\/www.araujo.com.br\/exame-rapido-prostata-psa\/90871.html?srsltid=AfmBOorFJ7K83G6ZX5B7_M9IwbafScm7UFBZs5rVAAwvjzcxxqHb5TMj\">Araujo<\/a> realiza o exame do n\u00edvel de PSA no sangue. Conte conosco para cuidar da sua sa\u00fade e de quem voc\u00ea ama.<\/span><\/p>\n<h2>Quando fazer os exames?<\/h2>\n<p><span style=\"font-weight: 400;\">Os riscos de desenvolvimento do c\u00e2ncer de pr\u00f3stata aumentam com a idade, por isso os m\u00e9dicos especialistas recomendam que homens a partir dos 50 anos<\/span> <span style=\"font-weight: 400;\">de idade fa\u00e7am os exames de PSA e toque retal anualmente. Mas em caso de parentes de 1\u00ba grau que j\u00e1 tiveram diagn\u00f3stico de c\u00e2ncer de pr\u00f3stata, os exames devem ser a partir dos 45 anos.<\/span><\/p>\n<p><span style=\"font-weight: 400;\">Al\u00e9m da idade e do hist\u00f3rico familiar, existem outros fatores que podem estar relacionados ao aumento dos riscos de desenvolver o c\u00e2ncer de pr\u00f3stata. S\u00e3o eles:<\/span><\/p>\n<ul>\n<li style=\"font-weight: 400;\"><span style=\"font-weight: 400;\">Dieta: consumo excessivo de carnes vermelhas e leites e baixo consumo de verduras e legumes.<\/span><\/li>\n<li style=\"font-weight: 400;\"><span style=\"font-weight: 400;\">Obesidade e sedentarismo.<\/span><\/li>\n<li style=\"font-weight: 400;\"><span style=\"font-weight: 400;\">DSTs: doen\u00e7as sexualmente transmiss\u00edveis, como gonorreia ou clam\u00eddia, podem aumentar os riscos de inflama\u00e7\u00e3o da pr\u00f3stata.<\/span><\/li>\n<li style=\"font-weight: 400;\"><span style=\"font-weight: 400;\">Tabagismo.<\/span><\/li>\n<\/ul>\n<h2>Recebendo o diagn\u00f3stico<\/h2>\n<p><span style=\"font-weight: 400;\">Al\u00e9m da ansiedade e preconceito com o exame preventivo, receber o diagn\u00f3stico \u00e9 um momento que pode influenciar muito o imagin\u00e1rio masculino. O medo de que o tratamento n\u00e3o funcione ou o receio das limita\u00e7\u00f5es f\u00edsicas que os tratamentos podem acarretar faz com que muitos evitem procurar ajuda profissional ou se expor a qualquer interven\u00e7\u00e3o.<\/span><\/p>\n<p><span style=\"font-weight: 400;\">Nesse momento, todo o apoio emocional da fam\u00edlia e amigos \u00e9 extremamente importante. \u00c9 a combina\u00e7\u00e3o de informa\u00e7\u00e3o clara, amor e cuidado que pode mudar esse cen\u00e1rio e salvar milhares de vidas.<\/span><\/p>\n","protected":false},"excerpt":{"rendered":"<p>Assim como a mobiliza\u00e7\u00e3o do Outubro Rosa para a conscientiza\u00e7\u00e3o do c\u00e2ncer de mama, o Novembro Azul \u00e9 um movimento mundial que busca refor\u00e7ar entre os homens o conhecimento da import\u00e2ncia da preven\u00e7\u00e3o e do diagn\u00f3stico precoce do c\u00e2ncer de pr\u00f3stata. De acordo com dados do Instituto Nacional de C\u00e2ncer (INCA), em n\u00fameros absolutos, esse [&hellip;]<\/p>\n","protected":false},"author":1,"featured_media":4436,"comment_status":"open","ping_status":"open","sticky":false,"template":"","format":"standard","meta":{"_acf_changed":false,"footnotes":""},"categories":[915,3],"tags":[849],"class_list":["post-3088","post","type-post","status-publish","format-standard","has-post-thumbnail","hentry","category-saude-homem","category-saude-e-bem-estar","tag-novembro-azul"],"acf":[],"yoast_head":"<!-- This site is optimized with the Yoast SEO plugin v24.3 - https:\/\/yoast.com\/wordpress\/plugins\/seo\/ -->\n<title>Campanha novembro azul: uma reflex\u00e3o que pode salvar vidas<\/title>\n<meta name=\"description\" content=\"O que voc\u00ea sabe sobre o c\u00e2ncer de pr\u00f3stata? Neste texto, explicamos o que \u00e9 a campanha novembro azul e seu papel contra essa doen\u00e7a. Confira!\" \/>\n<meta name=\"robots\" content=\"index, follow, max-snippet:-1, max-image-preview:large, max-video-preview:-1\" \/>\n<link rel=\"canonical\" href=\"https:\/\/araujo.com.br\/blog\/campanha-novembro-azul\/\" \/>\n<meta property=\"og:locale\" content=\"pt_BR\" \/>\n<meta property=\"og:type\" content=\"article\" \/>\n<meta property=\"og:title\" content=\"Campanha novembro azul: uma reflex\u00e3o que pode salvar vidas\" \/>\n<meta property=\"og:description\" content=\"O que voc\u00ea sabe sobre o c\u00e2ncer de pr\u00f3stata? Neste texto, explicamos o que \u00e9 a campanha novembro azul e seu papel contra essa doen\u00e7a. Confira!\" \/>\n<meta property=\"og:url\" content=\"https:\/\/araujo.com.br\/blog\/campanha-novembro-azul\/\" \/>\n<meta property=\"og:site_name\" content=\"Blog da Drogaria Araujo\" \/>\n<meta property=\"article:published_time\" content=\"2019-11-06T11:14:31+00:00\" \/>\n<meta property=\"article:modified_time\" content=\"2025-07-28T20:51:53+00:00\" \/>\n<meta property=\"og:image\" content=\"https:\/\/araujo.com.br\/blog\/wp-content\/uploads\/2019\/11\/novembro-azul.jpg\" \/>\n\t<meta property=\"og:image:width\" content=\"1920\" \/>\n\t<meta property=\"og:image:height\" content=\"1280\" \/>\n\t<meta property=\"og:image:type\" content=\"image\/jpeg\" \/>\n<meta name=\"author\" content=\"Drogaria Araujo\" \/>\n<meta name=\"twitter:card\" content=\"summary_large_image\" \/>\n<meta name=\"twitter:label1\" content=\"Escrito por\" \/>\n\t<meta name=\"twitter:data1\" content=\"Drogaria Araujo\" \/>\n\t<meta name=\"twitter:label2\" content=\"Est. tempo de leitura\" \/>\n\t<meta name=\"twitter:data2\" content=\"5 minutos\" \/>\n<script type=\"application\/ld+json\" class=\"yoast-schema-graph\">{\"@context\":\"https:\/\/schema.org\",\"@graph\":[{\"@type\":\"WebPage\",\"@id\":\"https:\/\/araujo.com.br\/blog\/campanha-novembro-azul\/\",\"url\":\"https:\/\/araujo.com.br\/blog\/campanha-novembro-azul\/\",\"name\":\"Campanha novembro azul: uma reflex\u00e3o que pode salvar vidas\",\"isPartOf\":{\"@id\":\"https:\/\/araujo.com.br\/blog\/#website\"},\"primaryImageOfPage\":{\"@id\":\"https:\/\/araujo.com.br\/blog\/campanha-novembro-azul\/#primaryimage\"},\"image\":{\"@id\":\"https:\/\/araujo.com.br\/blog\/campanha-novembro-azul\/#primaryimage\"},\"thumbnailUrl\":\"https:\/\/araujo.com.br\/blog\/wp-content\/uploads\/2019\/11\/novembro-azul.jpg\",\"datePublished\":\"2019-11-06T11:14:31+00:00\",\"dateModified\":\"2025-07-28T20:51:53+00:00\",\"author\":{\"@id\":\"https:\/\/araujo.com.br\/blog\/#\/schema\/person\/4e2eac75cf0e2c6b079ef9a0df2ece83\"},\"description\":\"O que voc\u00ea sabe sobre o c\u00e2ncer de pr\u00f3stata? Neste texto, explicamos o que \u00e9 a campanha novembro azul e seu papel contra essa doen\u00e7a. Confira!\",\"breadcrumb\":{\"@id\":\"https:\/\/araujo.com.br\/blog\/campanha-novembro-azul\/#breadcrumb\"},\"inLanguage\":\"pt-BR\",\"potentialAction\":[{\"@type\":\"ReadAction\",\"target\":[\"https:\/\/araujo.com.br\/blog\/campanha-novembro-azul\/\"]}]},{\"@type\":\"ImageObject\",\"inLanguage\":\"pt-BR\",\"@id\":\"https:\/\/araujo.com.br\/blog\/campanha-novembro-azul\/#primaryimage\",\"url\":\"https:\/\/araujo.com.br\/blog\/wp-content\/uploads\/2019\/11\/novembro-azul.jpg\",\"contentUrl\":\"https:\/\/araujo.com.br\/blog\/wp-content\/uploads\/2019\/11\/novembro-azul.jpg\",\"width\":1920,\"height\":1280,\"caption\":\"novembro azul\"},{\"@type\":\"BreadcrumbList\",\"@id\":\"https:\/\/araujo.com.br\/blog\/campanha-novembro-azul\/#breadcrumb\",\"itemListElement\":[{\"@type\":\"ListItem\",\"position\":1,\"name\":\"In\u00edcio\",\"item\":\"https:\/\/araujo.com.br\/blog\/\"},{\"@type\":\"ListItem\",\"position\":2,\"name\":\"Campanha Novembro Azul: uma reflex\u00e3o que pode salvar vidas\"}]},{\"@type\":\"WebSite\",\"@id\":\"https:\/\/araujo.com.br\/blog\/#website\",\"url\":\"https:\/\/araujo.com.br\/blog\/\",\"name\":\"Blog da Drogaria Araujo\",\"description\":\"Conte\u00fado que faz bem? A Araujo tem!\",\"potentialAction\":[{\"@type\":\"SearchAction\",\"target\":{\"@type\":\"EntryPoint\",\"urlTemplate\":\"https:\/\/araujo.com.br\/blog\/?s={search_term_string}\"},\"query-input\":{\"@type\":\"PropertyValueSpecification\",\"valueRequired\":true,\"valueName\":\"search_term_string\"}}],\"inLanguage\":\"pt-BR\"},{\"@type\":\"Person\",\"@id\":\"https:\/\/araujo.com.br\/blog\/#\/schema\/person\/4e2eac75cf0e2c6b079ef9a0df2ece83\",\"name\":\"Drogaria Araujo\",\"image\":{\"@type\":\"ImageObject\",\"inLanguage\":\"pt-BR\",\"@id\":\"https:\/\/araujo.com.br\/blog\/#\/schema\/person\/image\/\",\"url\":\"https:\/\/secure.gravatar.com\/avatar\/33e54dec0cd79fc4b5e911c15f836c46ec8d0e452ecd3ca5f707bce0a3540a3b?s=96&d=mm&r=g\",\"contentUrl\":\"https:\/\/secure.gravatar.com\/avatar\/33e54dec0cd79fc4b5e911c15f836c46ec8d0e452ecd3ca5f707bce0a3540a3b?s=96&d=mm&r=g\",\"caption\":\"Drogaria Araujo\"},\"description\":\"Especialista em Sa\u00fade da Fam\u00edlia. M\u00e9dico e nutricionista.\",\"sameAs\":[\"https:\/\/araujo.com.br\/blog\"],\"url\":\"https:\/\/araujo.com.br\/blog\/author\/admin\/\"}]}<\/script>\n<!-- \/ Yoast SEO plugin. -->","yoast_head_json":{"title":"Campanha novembro azul: uma reflex\u00e3o que pode salvar vidas","description":"O que voc\u00ea sabe sobre o c\u00e2ncer de pr\u00f3stata? Neste texto, explicamos o que \u00e9 a campanha novembro azul e seu papel contra essa doen\u00e7a. Confira!","robots":{"index":"index","follow":"follow","max-snippet":"max-snippet:-1","max-image-preview":"max-image-preview:large","max-video-preview":"max-video-preview:-1"},"canonical":"https:\/\/araujo.com.br\/blog\/campanha-novembro-azul\/","og_locale":"pt_BR","og_type":"article","og_title":"Campanha novembro azul: uma reflex\u00e3o que pode salvar vidas","og_description":"O que voc\u00ea sabe sobre o c\u00e2ncer de pr\u00f3stata? Neste texto, explicamos o que \u00e9 a campanha novembro azul e seu papel contra essa doen\u00e7a. Confira!","og_url":"https:\/\/araujo.com.br\/blog\/campanha-novembro-azul\/","og_site_name":"Blog da Drogaria Araujo","article_published_time":"2019-11-06T11:14:31+00:00","article_modified_time":"2025-07-28T20:51:53+00:00","og_image":[{"width":1920,"height":1280,"url":"https:\/\/araujo.com.br\/blog\/wp-content\/uploads\/2019\/11\/novembro-azul.jpg","type":"image\/jpeg"}],"author":"Drogaria Araujo","twitter_card":"summary_large_image","twitter_misc":{"Escrito por":"Drogaria Araujo","Est. tempo de leitura":"5 minutos"},"schema":{"@context":"https:\/\/schema.org","@graph":[{"@type":"WebPage","@id":"https:\/\/araujo.com.br\/blog\/campanha-novembro-azul\/","url":"https:\/\/araujo.com.br\/blog\/campanha-novembro-azul\/","name":"Campanha novembro azul: uma reflex\u00e3o que pode salvar vidas","isPartOf":{"@id":"https:\/\/araujo.com.br\/blog\/#website"},"primaryImageOfPage":{"@id":"https:\/\/araujo.com.br\/blog\/campanha-novembro-azul\/#primaryimage"},"image":{"@id":"https:\/\/araujo.com.br\/blog\/campanha-novembro-azul\/#primaryimage"},"thumbnailUrl":"https:\/\/araujo.com.br\/blog\/wp-content\/uploads\/2019\/11\/novembro-azul.jpg","datePublished":"2019-11-06T11:14:31+00:00","dateModified":"2025-07-28T20:51:53+00:00","author":{"@id":"https:\/\/araujo.com.br\/blog\/#\/schema\/person\/4e2eac75cf0e2c6b079ef9a0df2ece83"},"description":"O que voc\u00ea sabe sobre o c\u00e2ncer de pr\u00f3stata? Neste texto, explicamos o que \u00e9 a campanha novembro azul e seu papel contra essa doen\u00e7a. Confira!","breadcrumb":{"@id":"https:\/\/araujo.com.br\/blog\/campanha-novembro-azul\/#breadcrumb"},"inLanguage":"pt-BR","potentialAction":[{"@type":"ReadAction","target":["https:\/\/araujo.com.br\/blog\/campanha-novembro-azul\/"]}]},{"@type":"ImageObject","inLanguage":"pt-BR","@id":"https:\/\/araujo.com.br\/blog\/campanha-novembro-azul\/#primaryimage","url":"https:\/\/araujo.com.br\/blog\/wp-content\/uploads\/2019\/11\/novembro-azul.jpg","contentUrl":"https:\/\/araujo.com.br\/blog\/wp-content\/uploads\/2019\/11\/novembro-azul.jpg","width":1920,"height":1280,"caption":"novembro azul"},{"@type":"BreadcrumbList","@id":"https:\/\/araujo.com.br\/blog\/campanha-novembro-azul\/#breadcrumb","itemListElement":[{"@type":"ListItem","position":1,"name":"In\u00edcio","item":"https:\/\/araujo.com.br\/blog\/"},{"@type":"ListItem","position":2,"name":"Campanha Novembro Azul: uma reflex\u00e3o que pode salvar vidas"}]},{"@type":"WebSite","@id":"https:\/\/araujo.com.br\/blog\/#website","url":"https:\/\/araujo.com.br\/blog\/","name":"Blog da Drogaria Araujo","description":"Conte\u00fado que faz bem? A Araujo tem!","potentialAction":[{"@type":"SearchAction","target":{"@type":"EntryPoint","urlTemplate":"https:\/\/araujo.com.br\/blog\/?s={search_term_string}"},"query-input":{"@type":"PropertyValueSpecification","valueRequired":true,"valueName":"search_term_string"}}],"inLanguage":"pt-BR"},{"@type":"Person","@id":"https:\/\/araujo.com.br\/blog\/#\/schema\/person\/4e2eac75cf0e2c6b079ef9a0df2ece83","name":"Drogaria Araujo","image":{"@type":"ImageObject","inLanguage":"pt-BR","@id":"https:\/\/araujo.com.br\/blog\/#\/schema\/person\/image\/","url":"https:\/\/secure.gravatar.com\/avatar\/33e54dec0cd79fc4b5e911c15f836c46ec8d0e452ecd3ca5f707bce0a3540a3b?s=96&d=mm&r=g","contentUrl":"https:\/\/secure.gravatar.com\/avatar\/33e54dec0cd79fc4b5e911c15f836c46ec8d0e452ecd3ca5f707bce0a3540a3b?s=96&d=mm&r=g","caption":"Drogaria Araujo"},"description":"Especialista em Sa\u00fade da Fam\u00edlia. M\u00e9dico e nutricionista.","sameAs":["https:\/\/araujo.com.br\/blog"],"url":"https:\/\/araujo.com.br\/blog\/author\/admin\/"}]}},"_links":{"self":[{"href":"https:\/\/araujo.com.br\/blog\/wp-json\/wp\/v2\/posts\/3088","targetHints":{"allow":["GET"]}}],"collection":[{"href":"https:\/\/araujo.com.br\/blog\/wp-json\/wp\/v2\/posts"}],"about":[{"href":"https:\/\/araujo.com.br\/blog\/wp-json\/wp\/v2\/types\/post"}],"author":[{"embeddable":true,"href":"https:\/\/araujo.com.br\/blog\/wp-json\/wp\/v2\/users\/1"}],"replies":[{"embeddable":true,"href":"https:\/\/araujo.com.br\/blog\/wp-json\/wp\/v2\/comments?post=3088"}],"version-history":[{"count":7,"href":"https:\/\/araujo.com.br\/blog\/wp-json\/wp\/v2\/posts\/3088\/revisions"}],"predecessor-version":[{"id":5612,"href":"https:\/\/araujo.com.br\/blog\/wp-json\/wp\/v2\/posts\/3088\/revisions\/5612"}],"wp:featuredmedia":[{"embeddable":true,"href":"https:\/\/araujo.com.br\/blog\/wp-json\/wp\/v2\/media\/4436"}],"wp:attachment":[{"href":"https:\/\/araujo.com.br\/blog\/wp-json\/wp\/v2\/media?parent=3088"}],"wp:term":[{"taxonomy":"category","embeddable":true,"href":"https:\/\/araujo.com.br\/blog\/wp-json\/wp\/v2\/categories?post=3088"},{"taxonomy":"post_tag","embeddable":true,"href":"https:\/\/araujo.com.br\/blog\/wp-json\/wp\/v2\/tags?post=3088"}],"curies":[{"name":"wp","href":"https:\/\/api.w.org\/{rel}","templated":true}]}}