{"id":3093,"date":"2022-04-27T17:13:58","date_gmt":"2022-04-27T14:13:58","guid":{"rendered":"http:\/\/blog-qas.araujo.com.br\/como-ter-um-cabelo-bonito-todos-os-dias\/"},"modified":"2025-07-07T16:03:20","modified_gmt":"2025-07-07T13:03:20","slug":"como-ter-os-cabelos-bonitos","status":"publish","type":"post","link":"https:\/\/araujo.com.br\/blog\/como-ter-os-cabelos-bonitos\/","title":{"rendered":"Como ter os cabelos bonitos todos os dias?"},"content":{"rendered":"<p><span style=\"font-weight: 400;\">Cuidar dos cabelos vai muito al\u00e9m de lav\u00e1-los e pente\u00e1-los. Para que eles mantenham seu brilho natural e fiquem livres de danos, \u00e9 preciso acertar na escolha dos produtos e adotar alguns h\u00e1bitos, como fazer um cronograma capilar e fugir das altas temperaturas.<\/span><\/p>\n<p><span style=\"font-weight: 400;\">Confira essas e outras dicas da especialista Polliana Abreu (@polliabreu), que \u00e9 terapeuta capilar e fundadora da cl\u00ednica de tricologia e terapia capilar L\u2019apothicaire (@terapiacapilarbh.lapothicaire). <\/span><\/p>\n<h2><span style=\"font-weight: 400;\">O que \u00e9 um cabelo bonito?<b><br \/>\n<\/b><\/span><\/h2>\n<p><span style=\"font-weight: 400;\">Cabelo bonito \u00e9 aquele saud\u00e1vel e bem tratado, seja ele liso, ondulado, cacheado ou crespo, explica Poliana. Para iniciar uma rotina de cuidados \u00e9 preciso identificar o seu tipo de fio: os produtos e tratamentos a serem usados ser\u00e3o mais adequados e, assim, mais eficientes. Abaixo, voc\u00ea confere, em detalhes, sobre cada um deles.<\/span><\/p>\n<p><a href=\"https:\/\/www.araujo.com.br\/busca?q=pielus+forte&amp;lang=pt_BR&amp;utm_source=blog&amp;utm_medium=banner&amp;utm_campaign=mantecorppielusforte\"><img decoding=\"async\" src=\"https:\/\/mktaraujo.monday.com\/protected_static\/6315355\/resources\/2271652093\/large-PielusForte.Araujo.800x232.png\" \/><\/a><\/p>\n<h2>Tipos de cabelo:<\/h2>\n<h3><b><\/b>Cabelo liso<\/h3>\n<p><span style=\"font-weight: 400;\">O cabelo liso possui menos volume e a oleosidade se distribui de forma homog\u00eanea ao longo de toda a extens\u00e3o dos fios, que s\u00e3o naturalmente brilhantes. Eles n\u00e3o possuem curvatura (fica at\u00e9 dif\u00edcil manter um penteado por muito tempo) e t\u00eam uma espessura bastante fina; divididos em: 1A, 1B e 1C, sendo o 1A o mais fino dos tr\u00eas.<\/span><\/p>\n<h3><span style=\"font-weight: 400;\">Cabelo ondulado<\/span><\/h3>\n<p><span style=\"font-weight: 400;\">Ondulado \u00e9 o cabelo tipo 2: seus fios nascem lisos na raiz, mas formam ondas. A oleosidade do couro cabeludo n\u00e3o chega \u00e0s extremidades e, por esse motivo, podem ser comuns pontas secas. O ondulado divide-se em: 2A (ondas com pouco defini\u00e7\u00e3o, mas os fios podem ser modelados mais facilmente), 2B (ainda sem cachos<\/span><span style=\"font-weight: 400;\">, mas com bastante volume), e 2C (as ondas s\u00e3o bem marcantes\/cachos quase formados; cabelo com leve tend\u00eancia ao<\/span><i><span style=\"font-weight: 400;\"> frizz<\/span><\/i><span style=\"font-weight: 400;\">).<\/span><\/p>\n<h3><span style=\"font-weight: 400;\">Cabelo cacheado<b><br \/>\n<\/b><\/span><\/h3>\n<p><span style=\"font-weight: 400;\">Cacheado \u00e9 o cabelo tipo 3: seus fios nascem lisos na raiz e formam cachos de diferentes tamanhos ao longo do seu comprimento. Ele possui uma forte tend\u00eancia ao <\/span><i><span style=\"font-weight: 400;\">frizz<\/span><\/i><span style=\"font-weight: 400;\"><span style=\"font-weight: 400;\">, especialmente em dias com alta umidade do ar. O tipo 3A tem cachos abertos e espa\u00e7ados, em formato de espiral; no tipo 3B, os cachos j\u00e1 surgem pr\u00f3ximos \u00e0 raiz e s\u00e3o mais definidos; o 3C tem cachos bem pequenos da raiz \u00e0s pontas e o fio \u00e9 mais grosso (se aproxima bastante do crespo).<\/span><\/span><\/p>\n<h3>Cabelo crespo<span style=\"font-weight: 400;\"><br \/>\n<\/span><\/h3>\n<p><span style=\"font-weight: 400;\">Crespo \u00e9 o cabelo tipo 4: seus fios t\u00eam curvatura bem acentuada, do couro cabeludo at\u00e9 seu comprimento final. Ele \u00e9 naturalmente mais seco, demandando cuidados espec\u00edficos de hidrata\u00e7\u00e3o e de nutri\u00e7\u00e3o. O tipo 4A se aproxima bastante do 3C, sendo apenas um pouco mais grosso; o 4B tem mechas que lembram a forma da letra Z (elas<\/span><span style=\"font-weight: 400;\"> se entrela\u00e7am com facilidade e encolhem bastante quando os fios est\u00e3o secos); o <\/span><span style=\"font-weight: 400;\">4C \u00e9 o mais crespo dos tr\u00eas:<\/span><span style=\"font-weight: 400;\"> ele cresce todo para cima, com bastante volume<\/span><span style=\"font-weight: 400;\"><span style=\"font-weight: 400;\"> e seus cachos s\u00e3o quase impercept\u00edveis.<\/span><\/span><\/p>\n<h3><img loading=\"lazy\" decoding=\"async\" class=\"wp-image-12167 aligncenter\" src=\"https:\/\/araujo.com.br\/blog\/wp-content\/uploads\/2019\/11\/Cabelos_Blog_800x600px-1.jpg\" alt=\"\" width=\"495\" height=\"371\" \/><\/h3>\n<h2>Como ter um cabelo bonito e saud\u00e1vel<\/h2>\n<p><span style=\"font-weight: 400;\">Da lavagem \u00e0 forma que a pessoa se alimenta interfere na apar\u00eancia dos fios. Saiba como deixar o cabelo mais bonito em 8 passos.\u00a0<\/span><\/p>\n<h3><b><\/b>1. Use shampoo e condicionador adequados<\/h3>\n<p><span style=\"font-weight: 400;\">Agora que voc\u00ea j\u00e1 sabe que existem diferentes tipos de fios, com caracter\u00edsticas e necessidades diferentes, ficou f\u00e1cil entender porque escolher um shampoo e um condicionador espec\u00edficos faz toda a diferen\u00e7a. Com os produtos corretos, as demandas de cada fio s\u00e3o supridas, contribuindo para o resultado desejado.\u00a0<\/span><\/p>\n<h3>2. Proteja os fios das agress\u00f5es externas<\/h3>\n<p><span style=\"font-weight: 400;\">A exposi\u00e7\u00e3o ao sol, ao sal do mar ou ao cloro da piscina pode sim danificar os fios, especialmente os tingidos ou quebradi\u00e7os. Uma \u00f3tima maneira de proteg\u00ea-los \u00e9 fazer uso de chap\u00e9us e bon\u00e9s \u2014 mas lembrando de n\u00e3o utiliz\u00e1-los em excesso, pois eles podem abafar o couro cabeludo. Outra forma \u00e9 aplicar antes um <\/span><i><span style=\"font-weight: 400;\">leave-in<\/span><\/i><span style=\"font-weight: 400;\"> hidratante com prote\u00e7\u00e3o solar ou, ap\u00f3s a exposi\u00e7\u00e3o, fazer uso de um creme que evita o ressecamento dos fios ou previne o desbotamento da cor, por exemplo.<\/span><\/p>\n<h3><b><\/b>3. Tenha um cronograma capilar<\/h3>\n<p><span style=\"font-weight: 400;\">Todos podem e devem manter uma rotina de cuidados com o cabelo, com etapas como hidrata\u00e7\u00e3o, nutri\u00e7\u00e3o e reconstru\u00e7\u00e3o (o chamado cronograma capilar), afirma Polliana. Mas a especialista ressalta que \u201cainda mais importante que realizar um cronograma capilar, \u00e9 antes entender qual a sua maior necessidade, seja a nutri\u00e7\u00e3o, a reconstru\u00e7\u00e3o ou a hidrata\u00e7\u00e3o\u201d.\u00a0<\/span><\/p>\n<h3><b><\/b>4. N\u00e3o abuse das altas temperaturas<\/h3>\n<p><span style=\"font-weight: 400;\">O calor excessivo diretamente nos fios, seja pelo uso frequente de chapinhas e secadores ou de \u00e1gua quente nos banhos, pode minar a for\u00e7a e o brilho dos fios. Mesmo em dias mais frios, d\u00ea prefer\u00eancia a banhos com \u00e1gua morna ou, se poss\u00edvel, lave os cabelos com \u00e1gua fria. Ela fecha a cut\u00edcula dos fios e ainda ajuda no controle da oleosidade.<\/span><\/p>\n<h3><b><\/b>5. Corte as pontas de vez em quando<\/h3>\n<p><span style=\"font-weight: 400;\">As pontas dos fios costumam sofrer com o ressecamento e com quebra capilar com o passar do tempo. Por isso, cortar os cabelos de 3 em 3 meses \u00e9 uma \u00f3tima maneira de eliminar pontas duplas e secas, explica Polliana, apesar de isso n\u00e3o garantir um crescimento acelerado, como se acredita.<\/span><\/p>\n<h3>6. Use um pente ou escova adequada<\/h3>\n<p><span style=\"font-weight: 400;\">Nem todo mundo sabe, mas existem diferentes tipos de escovas e pentes para cada cabelo. Cabelos lisos e longos, por exemplo, pedem escovas quadradas (tipo \u201craquete\u201d) e com cerdas grossas, para que penetrem bem nos fios, e pentes de madeira, para que evitem que os fios conduzam eletricidade est\u00e1tica (<\/span><i><span style=\"font-weight: 400;\">frizz) <\/span><\/i><span style=\"font-weight: 400;\">e fiquem todos fora do lugar.\u00a0<\/span><\/p>\n<h3>7. Tenha uma alimenta\u00e7\u00e3o saud\u00e1vel<\/h3>\n<p><span style=\"font-weight: 400;\">Uma <a href=\"https:\/\/araujo.com.br\/blog\/reeducacao-alimentar-dicas-para-mudar-sua-alimentacao\/\" target=\"_blank\" rel=\"noopener noreferrer\">boa alimenta\u00e7\u00e3o<\/a> impacta positivamente na sa\u00fade dos fios, \u00e9 o famoso cuidar de dentro para fora. Uma alimenta\u00e7\u00e3o especialmente rica em vegetais e prote\u00ednas contribui para o fortalecimento da fibra do fio, influenciando diretamente na sua apar\u00eancia. Manter o corpo hidratado, ingerindo bastante \u00e1gua diariamente, tamb\u00e9m faz parte da receita de sucesso para os fios.<\/span><b>\u00a0<\/b><\/p>\n<h3><b><\/b>8. Consulte-se com um(a) dermatologista<b><\/b><\/h3>\n<p><span style=\"font-weight: 400;\">O ideal \u00e9 sempre buscar uma avalia\u00e7\u00e3o com um profissional especializado para a escolha correta do tratamento, seja em cl\u00ednica ou em casa. Na \u00e1rea da Dermatologia existe a Tricologia, uma subespecialidade que estuda doen\u00e7as do cabelo, couro cabeludo e demais que levam \u00e0 queda dos fios.<\/span><\/p>\n<h2>A import\u00e2ncia da escolha do produto ideal<\/h2>\n<p>O produto ideal faz toda a diferen\u00e7a para a sa\u00fade dos fios. Isso porque ao escolher uma composi\u00e7\u00e3o adequada, voc\u00ea garante uma maior afinidade dos seus fios com o produto, enquanto uma composi\u00e7\u00e3o inadequada pode causar o efeito contr\u00e1rio.<\/p>\n<p>A linha <a href=\"https:\/\/www.araujo.com.br\/busca?q=pielus+forte&amp;lang=pt_BR&amp;utm_source=blog&amp;utm_medium=banner&amp;utm_campaign=mantecorppielusforte\">Pielus Forte<\/a>, da Mantecorp, age no couro cabeludo estimulando o crescimento capilar, melhorando a nutri\u00e7\u00e3o, energia e for\u00e7a da raiz dos cabelos enquanto hidrata e recupera a integridade dos fios. Al\u00e9m disso, previne o aparecimento de fios brancos e recupera a cor natural dos cabelos.<\/p>\n<h2>Confira a sugest\u00e3o de tratamentos feita pela especialista Polliana Abreu<\/h2>\n<h3><b> <\/b>Cabelos oleosos:<\/h3>\n<p><span style=\"font-weight: 400;\">Cabelos oleosos <\/span><span style=\"font-weight: 400;\"><span style=\"font-weight: 400;\">demandam aten\u00e7\u00e3o especial e devem ter produtos corretos para seu controle. Diferentemente do que se costuma pensar, n\u00e3o se trata da retirada total da oleosidade, mas sim de control\u00e1-la, explica Polliana. Ela tamb\u00e9m alerta: \u201cnunca utilize shampoos antirres\u00edduos para excesso de oleosidade, pois pode causar o tal \u201cefeito rebote\u201d.<\/span><\/span><\/p>\n<h3><b> <\/b>Cabelos secos:<\/h3>\n<p><span style=\"font-weight: 400;\">\u201c<\/span><span style=\"font-weight: 400;\"><span style=\"font-weight: 400;\">Cabelos secos precisam de produtos mais hidratantes\u201d, de diferentes fun\u00e7\u00f5es. Uma boa pedida s\u00e3o as m\u00e1scaras mais concentradas, como as que cont\u00eam \u00f3leos em sua composi\u00e7\u00e3o.<\/span><\/span><\/p>\n<h3><b> <\/b>Cabelos mistos:<\/h3>\n<p><span style=\"font-weight: 400;\"><span style=\"font-weight: 400;\">\u201cNem todos sabem, mas considero todos os cabelos mistos, uma vez que o couro cabeludo tem uma necessidade e os fios outra. Costumo indicar um shampoo para o couro e outro para os fios\u201d, explica a especialista.<\/span><\/span><\/p>\n<h3><b> <\/b>Cabelos danificados ou quebradi\u00e7os:<\/h3>\n<p><span style=\"font-weight: 400;\">\u201c<\/span><span style=\"font-weight: 400;\">Cabelos danificados e quebradi\u00e7os precisam de produtos de reconstru\u00e7\u00e3o que t\u00eam como base a prote\u00edna. Entretanto, \u00e9 um caso de suprir todas as necessidades, como nutri\u00e7\u00e3o (lip\u00eddio), reconstru\u00e7\u00e3o (prote\u00edna) e hidrata\u00e7\u00e3o (\u00e1gua). Sugiro seguir 21 dias com cada benef\u00edcio\u201d, ela indica.\u00a0<\/span><\/p>\n","protected":false},"excerpt":{"rendered":"<p>Cuidar dos cabelos vai muito al\u00e9m de lav\u00e1-los e pente\u00e1-los. Para que eles mantenham seu brilho natural e fiquem livres de danos, \u00e9 preciso acertar na escolha dos produtos e adotar alguns h\u00e1bitos, como fazer um cronograma capilar e fugir das altas temperaturas. Confira essas e outras dicas da especialista Polliana Abreu (@polliabreu), que \u00e9 [&hellip;]<\/p>\n","protected":false},"author":1,"featured_media":3094,"comment_status":"closed","ping_status":"closed","sticky":false,"template":"","format":"standard","meta":{"_acf_changed":false,"footnotes":""},"categories":[38,4],"tags":[],"class_list":["post-3093","post","type-post","status-publish","format-standard","has-post-thumbnail","hentry","category-cuidados-cabelo","category-mais-beleza"],"acf":[],"yoast_head":"<!-- This site is optimized with the Yoast SEO plugin v24.3 - https:\/\/yoast.com\/wordpress\/plugins\/seo\/ -->\n<title>Como ter os cabelos bonitos todos os dias?<\/title>\n<meta name=\"description\" content=\"Para muitas pessoas, \u00e9 crucial manter o cabelo bonito. Mas como ter os cabelos bonitos todo dia? Clique aqui e conhe\u00e7a as principais dicas!\" \/>\n<meta name=\"robots\" content=\"index, follow, max-snippet:-1, max-image-preview:large, max-video-preview:-1\" \/>\n<link rel=\"canonical\" href=\"https:\/\/araujo.com.br\/blog\/como-ter-os-cabelos-bonitos\/\" \/>\n<meta property=\"og:locale\" content=\"pt_BR\" \/>\n<meta property=\"og:type\" content=\"article\" \/>\n<meta property=\"og:title\" content=\"Como ter os cabelos bonitos todos os dias?\" \/>\n<meta property=\"og:description\" content=\"Para muitas pessoas, \u00e9 crucial manter o cabelo bonito. Mas como ter os cabelos bonitos todo dia? Clique aqui e conhe\u00e7a as principais dicas!\" \/>\n<meta property=\"og:url\" content=\"https:\/\/araujo.com.br\/blog\/como-ter-os-cabelos-bonitos\/\" \/>\n<meta property=\"og:site_name\" content=\"Blog da Drogaria Araujo\" \/>\n<meta property=\"article:published_time\" content=\"2022-04-27T14:13:58+00:00\" \/>\n<meta property=\"article:modified_time\" content=\"2025-07-07T13:03:20+00:00\" \/>\n<meta property=\"og:image\" content=\"https:\/\/araujo.com.br\/blog\/wp-content\/uploads\/2019\/11\/Cabelos_BLOG_600x350px.jpg\" \/>\n\t<meta property=\"og:image:width\" content=\"600\" \/>\n\t<meta property=\"og:image:height\" content=\"350\" \/>\n\t<meta property=\"og:image:type\" content=\"image\/jpeg\" \/>\n<meta name=\"author\" content=\"Drogaria Araujo\" \/>\n<meta name=\"twitter:card\" content=\"summary_large_image\" \/>\n<meta name=\"twitter:label1\" content=\"Escrito por\" \/>\n\t<meta name=\"twitter:data1\" content=\"Drogaria Araujo\" \/>\n\t<meta name=\"twitter:label2\" content=\"Est. tempo de leitura\" \/>\n\t<meta name=\"twitter:data2\" content=\"8 minutos\" \/>\n<script type=\"application\/ld+json\" class=\"yoast-schema-graph\">{\"@context\":\"https:\/\/schema.org\",\"@graph\":[{\"@type\":\"WebPage\",\"@id\":\"https:\/\/araujo.com.br\/blog\/como-ter-os-cabelos-bonitos\/\",\"url\":\"https:\/\/araujo.com.br\/blog\/como-ter-os-cabelos-bonitos\/\",\"name\":\"Como ter os cabelos bonitos todos os dias?\",\"isPartOf\":{\"@id\":\"https:\/\/araujo.com.br\/blog\/#website\"},\"primaryImageOfPage\":{\"@id\":\"https:\/\/araujo.com.br\/blog\/como-ter-os-cabelos-bonitos\/#primaryimage\"},\"image\":{\"@id\":\"https:\/\/araujo.com.br\/blog\/como-ter-os-cabelos-bonitos\/#primaryimage\"},\"thumbnailUrl\":\"https:\/\/araujo.com.br\/blog\/wp-content\/uploads\/2019\/11\/Cabelos_BLOG_600x350px.jpg\",\"datePublished\":\"2022-04-27T14:13:58+00:00\",\"dateModified\":\"2025-07-07T13:03:20+00:00\",\"author\":{\"@id\":\"https:\/\/araujo.com.br\/blog\/#\/schema\/person\/4e2eac75cf0e2c6b079ef9a0df2ece83\"},\"description\":\"Para muitas pessoas, \u00e9 crucial manter o cabelo bonito. Mas como ter os cabelos bonitos todo dia? Clique aqui e conhe\u00e7a as principais dicas!\",\"breadcrumb\":{\"@id\":\"https:\/\/araujo.com.br\/blog\/como-ter-os-cabelos-bonitos\/#breadcrumb\"},\"inLanguage\":\"pt-BR\",\"potentialAction\":[{\"@type\":\"ReadAction\",\"target\":[\"https:\/\/araujo.com.br\/blog\/como-ter-os-cabelos-bonitos\/\"]}]},{\"@type\":\"ImageObject\",\"inLanguage\":\"pt-BR\",\"@id\":\"https:\/\/araujo.com.br\/blog\/como-ter-os-cabelos-bonitos\/#primaryimage\",\"url\":\"https:\/\/araujo.com.br\/blog\/wp-content\/uploads\/2019\/11\/Cabelos_BLOG_600x350px.jpg\",\"contentUrl\":\"https:\/\/araujo.com.br\/blog\/wp-content\/uploads\/2019\/11\/Cabelos_BLOG_600x350px.jpg\",\"width\":600,\"height\":350},{\"@type\":\"BreadcrumbList\",\"@id\":\"https:\/\/araujo.com.br\/blog\/como-ter-os-cabelos-bonitos\/#breadcrumb\",\"itemListElement\":[{\"@type\":\"ListItem\",\"position\":1,\"name\":\"In\u00edcio\",\"item\":\"https:\/\/araujo.com.br\/blog\/\"},{\"@type\":\"ListItem\",\"position\":2,\"name\":\"Como ter os cabelos bonitos todos os dias?\"}]},{\"@type\":\"WebSite\",\"@id\":\"https:\/\/araujo.com.br\/blog\/#website\",\"url\":\"https:\/\/araujo.com.br\/blog\/\",\"name\":\"Blog da Drogaria Araujo\",\"description\":\"Conte\u00fado que faz bem? A Araujo tem!\",\"potentialAction\":[{\"@type\":\"SearchAction\",\"target\":{\"@type\":\"EntryPoint\",\"urlTemplate\":\"https:\/\/araujo.com.br\/blog\/?s={search_term_string}\"},\"query-input\":{\"@type\":\"PropertyValueSpecification\",\"valueRequired\":true,\"valueName\":\"search_term_string\"}}],\"inLanguage\":\"pt-BR\"},{\"@type\":\"Person\",\"@id\":\"https:\/\/araujo.com.br\/blog\/#\/schema\/person\/4e2eac75cf0e2c6b079ef9a0df2ece83\",\"name\":\"Drogaria Araujo\",\"image\":{\"@type\":\"ImageObject\",\"inLanguage\":\"pt-BR\",\"@id\":\"https:\/\/araujo.com.br\/blog\/#\/schema\/person\/image\/\",\"url\":\"https:\/\/secure.gravatar.com\/avatar\/33e54dec0cd79fc4b5e911c15f836c46ec8d0e452ecd3ca5f707bce0a3540a3b?s=96&d=mm&r=g\",\"contentUrl\":\"https:\/\/secure.gravatar.com\/avatar\/33e54dec0cd79fc4b5e911c15f836c46ec8d0e452ecd3ca5f707bce0a3540a3b?s=96&d=mm&r=g\",\"caption\":\"Drogaria Araujo\"},\"description\":\"Especialista em Sa\u00fade da Fam\u00edlia. M\u00e9dico e nutricionista.\",\"sameAs\":[\"https:\/\/araujo.com.br\/blog\"],\"url\":\"https:\/\/araujo.com.br\/blog\/author\/admin\/\"}]}<\/script>\n<!-- \/ Yoast SEO plugin. -->","yoast_head_json":{"title":"Como ter os cabelos bonitos todos os dias?","description":"Para muitas pessoas, \u00e9 crucial manter o cabelo bonito. Mas como ter os cabelos bonitos todo dia? Clique aqui e conhe\u00e7a as principais dicas!","robots":{"index":"index","follow":"follow","max-snippet":"max-snippet:-1","max-image-preview":"max-image-preview:large","max-video-preview":"max-video-preview:-1"},"canonical":"https:\/\/araujo.com.br\/blog\/como-ter-os-cabelos-bonitos\/","og_locale":"pt_BR","og_type":"article","og_title":"Como ter os cabelos bonitos todos os dias?","og_description":"Para muitas pessoas, \u00e9 crucial manter o cabelo bonito. Mas como ter os cabelos bonitos todo dia? Clique aqui e conhe\u00e7a as principais dicas!","og_url":"https:\/\/araujo.com.br\/blog\/como-ter-os-cabelos-bonitos\/","og_site_name":"Blog da Drogaria Araujo","article_published_time":"2022-04-27T14:13:58+00:00","article_modified_time":"2025-07-07T13:03:20+00:00","og_image":[{"width":600,"height":350,"url":"https:\/\/araujo.com.br\/blog\/wp-content\/uploads\/2019\/11\/Cabelos_BLOG_600x350px.jpg","type":"image\/jpeg"}],"author":"Drogaria Araujo","twitter_card":"summary_large_image","twitter_misc":{"Escrito por":"Drogaria Araujo","Est. tempo de leitura":"8 minutos"},"schema":{"@context":"https:\/\/schema.org","@graph":[{"@type":"WebPage","@id":"https:\/\/araujo.com.br\/blog\/como-ter-os-cabelos-bonitos\/","url":"https:\/\/araujo.com.br\/blog\/como-ter-os-cabelos-bonitos\/","name":"Como ter os cabelos bonitos todos os dias?","isPartOf":{"@id":"https:\/\/araujo.com.br\/blog\/#website"},"primaryImageOfPage":{"@id":"https:\/\/araujo.com.br\/blog\/como-ter-os-cabelos-bonitos\/#primaryimage"},"image":{"@id":"https:\/\/araujo.com.br\/blog\/como-ter-os-cabelos-bonitos\/#primaryimage"},"thumbnailUrl":"https:\/\/araujo.com.br\/blog\/wp-content\/uploads\/2019\/11\/Cabelos_BLOG_600x350px.jpg","datePublished":"2022-04-27T14:13:58+00:00","dateModified":"2025-07-07T13:03:20+00:00","author":{"@id":"https:\/\/araujo.com.br\/blog\/#\/schema\/person\/4e2eac75cf0e2c6b079ef9a0df2ece83"},"description":"Para muitas pessoas, \u00e9 crucial manter o cabelo bonito. Mas como ter os cabelos bonitos todo dia? Clique aqui e conhe\u00e7a as principais dicas!","breadcrumb":{"@id":"https:\/\/araujo.com.br\/blog\/como-ter-os-cabelos-bonitos\/#breadcrumb"},"inLanguage":"pt-BR","potentialAction":[{"@type":"ReadAction","target":["https:\/\/araujo.com.br\/blog\/como-ter-os-cabelos-bonitos\/"]}]},{"@type":"ImageObject","inLanguage":"pt-BR","@id":"https:\/\/araujo.com.br\/blog\/como-ter-os-cabelos-bonitos\/#primaryimage","url":"https:\/\/araujo.com.br\/blog\/wp-content\/uploads\/2019\/11\/Cabelos_BLOG_600x350px.jpg","contentUrl":"https:\/\/araujo.com.br\/blog\/wp-content\/uploads\/2019\/11\/Cabelos_BLOG_600x350px.jpg","width":600,"height":350},{"@type":"BreadcrumbList","@id":"https:\/\/araujo.com.br\/blog\/como-ter-os-cabelos-bonitos\/#breadcrumb","itemListElement":[{"@type":"ListItem","position":1,"name":"In\u00edcio","item":"https:\/\/araujo.com.br\/blog\/"},{"@type":"ListItem","position":2,"name":"Como ter os cabelos bonitos todos os dias?"}]},{"@type":"WebSite","@id":"https:\/\/araujo.com.br\/blog\/#website","url":"https:\/\/araujo.com.br\/blog\/","name":"Blog da Drogaria Araujo","description":"Conte\u00fado que faz bem? A Araujo tem!","potentialAction":[{"@type":"SearchAction","target":{"@type":"EntryPoint","urlTemplate":"https:\/\/araujo.com.br\/blog\/?s={search_term_string}"},"query-input":{"@type":"PropertyValueSpecification","valueRequired":true,"valueName":"search_term_string"}}],"inLanguage":"pt-BR"},{"@type":"Person","@id":"https:\/\/araujo.com.br\/blog\/#\/schema\/person\/4e2eac75cf0e2c6b079ef9a0df2ece83","name":"Drogaria Araujo","image":{"@type":"ImageObject","inLanguage":"pt-BR","@id":"https:\/\/araujo.com.br\/blog\/#\/schema\/person\/image\/","url":"https:\/\/secure.gravatar.com\/avatar\/33e54dec0cd79fc4b5e911c15f836c46ec8d0e452ecd3ca5f707bce0a3540a3b?s=96&d=mm&r=g","contentUrl":"https:\/\/secure.gravatar.com\/avatar\/33e54dec0cd79fc4b5e911c15f836c46ec8d0e452ecd3ca5f707bce0a3540a3b?s=96&d=mm&r=g","caption":"Drogaria Araujo"},"description":"Especialista em Sa\u00fade da Fam\u00edlia. M\u00e9dico e nutricionista.","sameAs":["https:\/\/araujo.com.br\/blog"],"url":"https:\/\/araujo.com.br\/blog\/author\/admin\/"}]}},"_links":{"self":[{"href":"https:\/\/araujo.com.br\/blog\/wp-json\/wp\/v2\/posts\/3093","targetHints":{"allow":["GET"]}}],"collection":[{"href":"https:\/\/araujo.com.br\/blog\/wp-json\/wp\/v2\/posts"}],"about":[{"href":"https:\/\/araujo.com.br\/blog\/wp-json\/wp\/v2\/types\/post"}],"author":[{"embeddable":true,"href":"https:\/\/araujo.com.br\/blog\/wp-json\/wp\/v2\/users\/1"}],"replies":[{"embeddable":true,"href":"https:\/\/araujo.com.br\/blog\/wp-json\/wp\/v2\/comments?post=3093"}],"version-history":[{"count":5,"href":"https:\/\/araujo.com.br\/blog\/wp-json\/wp\/v2\/posts\/3093\/revisions"}],"predecessor-version":[{"id":5390,"href":"https:\/\/araujo.com.br\/blog\/wp-json\/wp\/v2\/posts\/3093\/revisions\/5390"}],"wp:featuredmedia":[{"embeddable":true,"href":"https:\/\/araujo.com.br\/blog\/wp-json\/wp\/v2\/media\/3094"}],"wp:attachment":[{"href":"https:\/\/araujo.com.br\/blog\/wp-json\/wp\/v2\/media?parent=3093"}],"wp:term":[{"taxonomy":"category","embeddable":true,"href":"https:\/\/araujo.com.br\/blog\/wp-json\/wp\/v2\/categories?post=3093"},{"taxonomy":"post_tag","embeddable":true,"href":"https:\/\/araujo.com.br\/blog\/wp-json\/wp\/v2\/tags?post=3093"}],"curies":[{"name":"wp","href":"https:\/\/api.w.org\/{rel}","templated":true}]}}