{"id":3115,"date":"2020-01-15T11:30:01","date_gmt":"2020-01-15T08:30:01","guid":{"rendered":"http:\/\/blog-qas.araujo.com.br\/guia-de-cuidados-para-a-sua-pele-no-verao\/"},"modified":"2025-02-04T16:20:25","modified_gmt":"2025-02-04T13:20:25","slug":"cuidados-no-verao","status":"publish","type":"post","link":"https:\/\/araujo.com.br\/blog\/cuidados-no-verao\/","title":{"rendered":"Cuidados no ver\u00e3o: principais produtos para proteger a pele"},"content":{"rendered":"<p><span style=\"font-weight: 400;\">A combina\u00e7\u00e3o f\u00e9rias e ver\u00e3o \u00e9 uma maravilha, n\u00e3o \u00e9 mesmo? S\u00e3o tantas as op\u00e7\u00f5es para aproveitar o clima: praia, piscina, visitar uma cachoeira ou praticar alguma atividade na natureza, o importante \u00e9 aproveitar o melhor dessa esta\u00e7\u00e3o ao ar livre.<\/span><\/p>\n<p><span style=\"font-weight: 400;\">Mas tamb\u00e9m \u00e9 importante lembrar que o ver\u00e3o tem seus desafios: o aumento da incid\u00eancia solar ultravioleta, que \u00e9 o tipo mais prejudicial \u00e0 nossa sa\u00fade, aumento da presen\u00e7a de mosquitos e outros insetos, al\u00e9m da perda de l\u00edquido natural do corpo, que \u00e9 maior nessa esta\u00e7\u00e3o.<\/span><\/p>\n<p><span style=\"font-weight: 400;\">Mas fique tranquilo! Para voc\u00ea aproveitar o ver\u00e3o com tranquilidade, a Araujo separou algumas dicas e produtos para voc\u00ea se proteger, pegar aquele bronzeado saud\u00e1vel e sem riscos \u00e0 sua sa\u00fade.<\/span><\/p>\n<p><span style=\"font-weight: 400;\">Confira!<\/span><\/p>\n<h2>A import\u00e2ncia de se proteger<\/h2>\n<p><span style=\"font-weight: 400;\">Essa dica \u00e9 bem conhecida, mas vale refor\u00e7ar: os melhores hor\u00e1rios para praticar alguma atividade diretamente sob o sol \u00e9 sempre pela manh\u00e3 ou no final da tarde. A recomenda\u00e7\u00e3o \u00e9 porque, nesses per\u00edodos, a presen\u00e7a de raios UVB, que s\u00e3o os mais nocivos, \u00e9 menor.<\/span><\/p>\n<p><span style=\"font-weight: 400;\">O hor\u00e1rio de maior incid\u00eancia \u00e9 entre as 11h e 14h, e para quem est\u00e1 na praia, esse per\u00edodo se estende at\u00e9 as 16h, j\u00e1 que a areia reflete at\u00e9 30% da radia\u00e7\u00e3o.<\/span><\/p>\n<p><span style=\"font-weight: 400;\">Portanto, \u00e9 indispens\u00e1vel o uso do protetor solar. Ele possui subst\u00e2ncias que absorvem parte da radia\u00e7\u00e3o ultravioleta do sol (UVA e UVB), reduzindo os riscos de insola\u00e7\u00e3o, queimaduras, envelhecimento precoce da pele e at\u00e9 c\u00e2ncer de pele.<\/span><\/p>\n<h2>Qual protetor solar escolher?<\/h2>\n<p><span style=\"font-weight: 400;\">Voc\u00ea j\u00e1 deve ter reparado que os protetores solares possuem um n\u00famero na embalagem que indica o fator de prote\u00e7\u00e3o solar, certo? Mas muita gente confunde como esse indicador funciona. <\/span><span style=\"font-weight: 400;\">Ele<\/span><span style=\"font-weight: 400;\"> n\u00e3o significa que um produto seja mais forte ou fraco que outro, mas sim o tempo que ele ir\u00e1 proteger sua pele dos danos do sol.<\/span><\/p>\n<p><span style=\"font-weight: 400;\">Por exemplo: se a sua pele leva dez minutos para come\u00e7ar a apresentar os sinais da exposi\u00e7\u00e3o ao sol, com um protetor de FPS 30 ela estar\u00e1 protegida por um per\u00edodo trinta vezes a esse, que \u00e9 de 300 minutos ou 5 horas.<\/span><\/p>\n<p><span style=\"font-weight: 400;\">Por isso um mesmo protetor pode variar sua efic\u00e1cia dependendo do tom de pele e do per\u00edodo de tempo que ela ir\u00e1 ficar exposta ao sol. Na d\u00favida, um dermatologista pode orient\u00e1-lo corretamente qual o melhor a usar.\u00a0<\/span><\/p>\n<p><span style=\"font-weight: 400;\">Na Araujo, voc\u00ea encontra protetores com diversos FPS e tamb\u00e9m vers\u00f5es como protetor infantil ou o antirrugas com ativo hialur\u00f4nico. Confira nossa lista e escolha o seu!<\/span><\/p>\n<p><a href=\"https:\/\/www.araujo.com.br\/protetor-solar-nivea-sun-protect--hidrata-fps-50-locao-400ml\/77255.html\"><b>Nivea Sun Protect &amp; Hidrata FPS 50<\/b> <\/a><\/p>\n<p><a href=\"https:\/\/www.araujo.com.br\/protetor-solar-facial-loreal-paris-solar-expertise-antirrugas-fps-60-40g\/9056.html\"><b>Protetor Loreal Solar Expertise Antirrugas FPS 60 sem cor<\/b><\/a><\/p>\n<p><a href=\"https:\/\/www.araujo.com.br\/protetor-solar-facial-neutrogena-sun-fresh-derm-care-fps-70-sem-cor-40g\/91503.html\"><b>Neutrogena Sun Fresh FPS 70<\/b><\/a><\/p>\n<p><a href=\"https:\/\/www.araujo.com.br\/protetor-solar-infantil-helioderm-suncare-kids-color-fps-30-120ml\/84919.html\"><b>Protetor Solar Helioderm Suncare Kids Color FPS 30<\/b><\/a><\/p>\n<p><a href=\"https:\/\/www.araujo.com.br\/protetor-solar-corporal-anthelios-xl-protect-fps-70-120ml\/84338.html\"><b>Protetor Solar Corporal Anthelios XL-Protect FPS 70<\/b><\/a><\/p>\n<p><a href=\"https:\/\/www.araujo.com.br\/protetor-solar-ideal-soleil-clarify-media-fps-60-gel-creme-com-cor-40g\/p\"><b>Protetor Solar Id\u00e9al Soleil Clarify M\u00e9dia FPS 605<\/b><\/a><\/p>\n<h2>Prote\u00e7\u00e3o e hidrata\u00e7\u00e3o p\u00f3s-sol<\/h2>\n<p><span style=\"font-weight: 400;\">\u00c9 preciso lembrar que n\u00e3o \u00e9 s\u00f3 debaixo do sol que precisamos de prote\u00e7\u00e3o e cuidado. Al\u00e9m dele, h\u00e1 fatores como o cloro da piscina, o sal, no caso da \u00e1gua do mar, ou at\u00e9 mesmo o suor, que aumentam os danos se a pele n\u00e3o receber o cuidado ideal.<\/span><\/p>\n<p><span style=\"font-weight: 400;\">O ideal \u00e9 tomar um banho frio para remover os resqu\u00edcios dessas subst\u00e2ncias e esfriar a pele e, em seguida, aplicar algum gel ou creme para a hidrata\u00e7\u00e3o. O Caladryl \u00e9 uma \u00f3tima op\u00e7\u00e3o porque hidrata e minimiza os efeitos do sol, proporcionando ainda uma sensa\u00e7\u00e3o de frescor. Confira algumas op\u00e7\u00f5es que voc\u00ea pode usar para cuidados p\u00f3s-sol.<\/span><\/p>\n<p><a href=\"https:\/\/www.araujo.com.br\/caladryl-locao-pos-sol-100ml\/59638.html\"><b>Caladryl lo\u00e7\u00e3o p\u00f3s sol<\/b><\/a><\/p>\n<p><a href=\"https:\/\/www.araujo.com.br\/creme-facial-nivea-nutritivo-100g\/91435.html\"><b>Creme Facial Nivea<\/b><\/a><\/p>\n<p><a href=\"https:\/\/www.araujo.com.br\/cicatricure-gel-creme-antissinais-diurno-fps-30-50g\/86911.html\"><b>Cicatricure Gel Creme Antissinais Diurno FPS 30<\/b><\/a><\/p>\n<h2>Mosquitos: um inc\u00f4modo perigoso<\/h2>\n<p><span style=\"font-weight: 400;\">Seja no litoral, no interior, em \u00e1reas naturais ou urbanas, eles aparecem em peso no ver\u00e3o. A combina\u00e7\u00e3o de chuvas e alta umidade com calor \u00e9 ideal para aumentar a presen\u00e7a de mosquitos, e eles n\u00e3o s\u00f3 incomodam muito, como tamb\u00e9m podem ser vetores de algumas doen\u00e7as.<\/span><\/p>\n<p><span style=\"font-weight: 400;\">Logo, carregar um repelente de mosquitos nessa \u00e9poca do ano \u00e9 garantir a sua paz e sono, bem como uma forma de proteger a sua sa\u00fade. O <\/span><a href=\"https:\/\/www.araujo.com.br\/repelente-exposis-extreme-gel-100ml\/p?_ga=2.129601612.1395288223.1578422422-1351725839.1564432030&amp;_gac=1.213124768.1578425413.EAIaIQobChMI262Lqp3y5gIVloKRCh2f_gJKEAQYASABEgKtWvD_BwE\"><b>Repelente Exposis Extreme<\/b><\/a><span style=\"font-weight: 400;\"> \u00e9 uma \u00f3tima indica\u00e7\u00e3o, que pode te proteger por at\u00e9 10 horas, incluindo do <\/span><i><span style=\"font-weight: 400;\">Aedes Aegypti<\/span><\/i><span style=\"font-weight: 400;\">, que transmite a dengue. Voc\u00ea tamb\u00e9m encontra na vers\u00e3o <\/span><a href=\"https:\/\/www.araujo.com.br\/repelente-exposis-extreme-spray-com-100ml\/64431.html\"><b>spray<\/b><\/a><span style=\"font-weight: 400;\">.<\/span><\/p>\n<p><span style=\"font-weight: 400;\">Para os pequenos, \u00e9 recomend\u00e1vel algo mais suave, como o <\/span><a href=\"https:\/\/www.araujo.com.br\/repelente-moskitoff-baby-locao-100ml\/92210.html\"><b>Repelente Moskitoff Baby<\/b><\/a><span style=\"font-weight: 400;\">, que tem uma f\u00f3rmula sem \u00e1lcool, para n\u00e3o ressecar a pele delicada do beb\u00ea, e com fragr\u00e2ncia mais suave.<\/span><\/p>\n<p><span style=\"font-weight: 400;\">Curtiu nossas dicas? Agora \u00e9 s\u00f3 passar na Araujo mais perto de voc\u00ea e montar sua n\u00e9cessaire de ver\u00e3o, ou escolher seus produtos diretamente em nosso site ou aplicativo e receber em casa para curtir sem preocupa\u00e7\u00e3o.<\/span><\/p>\n","protected":false},"excerpt":{"rendered":"<p>A combina\u00e7\u00e3o f\u00e9rias e ver\u00e3o \u00e9 uma maravilha, n\u00e3o \u00e9 mesmo? S\u00e3o tantas as op\u00e7\u00f5es para aproveitar o clima: praia, piscina, visitar uma cachoeira ou praticar alguma atividade na natureza, o importante \u00e9 aproveitar o melhor dessa esta\u00e7\u00e3o ao ar livre. Mas tamb\u00e9m \u00e9 importante lembrar que o ver\u00e3o tem seus desafios: o aumento da [&hellip;]<\/p>\n","protected":false},"author":1,"featured_media":3116,"comment_status":"closed","ping_status":"closed","sticky":false,"template":"","format":"standard","meta":{"_acf_changed":false,"footnotes":""},"categories":[37,4],"tags":[],"class_list":["post-3115","post","type-post","status-publish","format-standard","has-post-thumbnail","hentry","category-cuidados-pele","category-mais-beleza"],"acf":[],"yoast_head":"<!-- This site is optimized with the Yoast SEO plugin v24.3 - https:\/\/yoast.com\/wordpress\/plugins\/seo\/ -->\n<title>Cuidados no ver\u00e3o: principais produtos para proteger a pele<\/title>\n<meta name=\"description\" content=\"\u00c9 crucial ter cuidados especiais no ver\u00e3o j\u00e1 que ficamos mais expostos ao sol. Conhe\u00e7a os principais produtos para proteger a sua pele aqui!\" \/>\n<meta name=\"robots\" content=\"index, follow, max-snippet:-1, max-image-preview:large, max-video-preview:-1\" \/>\n<link rel=\"canonical\" href=\"https:\/\/araujo.com.br\/blog\/cuidados-no-verao\/\" \/>\n<meta property=\"og:locale\" content=\"pt_BR\" \/>\n<meta property=\"og:type\" content=\"article\" \/>\n<meta property=\"og:title\" content=\"Cuidados no ver\u00e3o: principais produtos para proteger a pele\" \/>\n<meta property=\"og:description\" content=\"\u00c9 crucial ter cuidados especiais no ver\u00e3o j\u00e1 que ficamos mais expostos ao sol. Conhe\u00e7a os principais produtos para proteger a sua pele aqui!\" \/>\n<meta property=\"og:url\" content=\"https:\/\/araujo.com.br\/blog\/cuidados-no-verao\/\" \/>\n<meta property=\"og:site_name\" content=\"Blog da Drogaria Araujo\" \/>\n<meta property=\"article:published_time\" content=\"2020-01-15T08:30:01+00:00\" \/>\n<meta property=\"article:modified_time\" content=\"2025-02-04T13:20:25+00:00\" \/>\n<meta property=\"og:image\" content=\"https:\/\/araujo.com.br\/blog\/wp-content\/uploads\/2020\/01\/cuidados_pele_verao.png\" \/>\n\t<meta property=\"og:image:width\" content=\"600\" \/>\n\t<meta property=\"og:image:height\" content=\"470\" \/>\n\t<meta property=\"og:image:type\" content=\"image\/png\" \/>\n<meta name=\"author\" content=\"Drogaria Araujo\" \/>\n<meta name=\"twitter:card\" content=\"summary_large_image\" \/>\n<meta name=\"twitter:label1\" content=\"Escrito por\" \/>\n\t<meta name=\"twitter:data1\" content=\"Drogaria Araujo\" \/>\n\t<meta name=\"twitter:label2\" content=\"Est. tempo de leitura\" \/>\n\t<meta name=\"twitter:data2\" content=\"5 minutos\" \/>\n<script type=\"application\/ld+json\" class=\"yoast-schema-graph\">{\"@context\":\"https:\/\/schema.org\",\"@graph\":[{\"@type\":\"WebPage\",\"@id\":\"https:\/\/araujo.com.br\/blog\/cuidados-no-verao\/\",\"url\":\"https:\/\/araujo.com.br\/blog\/cuidados-no-verao\/\",\"name\":\"Cuidados no ver\u00e3o: principais produtos para proteger a pele\",\"isPartOf\":{\"@id\":\"https:\/\/araujo.com.br\/blog\/#website\"},\"primaryImageOfPage\":{\"@id\":\"https:\/\/araujo.com.br\/blog\/cuidados-no-verao\/#primaryimage\"},\"image\":{\"@id\":\"https:\/\/araujo.com.br\/blog\/cuidados-no-verao\/#primaryimage\"},\"thumbnailUrl\":\"https:\/\/araujo.com.br\/blog\/wp-content\/uploads\/2020\/01\/cuidados_pele_verao.png\",\"datePublished\":\"2020-01-15T08:30:01+00:00\",\"dateModified\":\"2025-02-04T13:20:25+00:00\",\"author\":{\"@id\":\"https:\/\/araujo.com.br\/blog\/#\/schema\/person\/4e2eac75cf0e2c6b079ef9a0df2ece83\"},\"description\":\"\u00c9 crucial ter cuidados especiais no ver\u00e3o j\u00e1 que ficamos mais expostos ao sol. Conhe\u00e7a os principais produtos para proteger a sua pele aqui!\",\"breadcrumb\":{\"@id\":\"https:\/\/araujo.com.br\/blog\/cuidados-no-verao\/#breadcrumb\"},\"inLanguage\":\"pt-BR\",\"potentialAction\":[{\"@type\":\"ReadAction\",\"target\":[\"https:\/\/araujo.com.br\/blog\/cuidados-no-verao\/\"]}]},{\"@type\":\"ImageObject\",\"inLanguage\":\"pt-BR\",\"@id\":\"https:\/\/araujo.com.br\/blog\/cuidados-no-verao\/#primaryimage\",\"url\":\"https:\/\/araujo.com.br\/blog\/wp-content\/uploads\/2020\/01\/cuidados_pele_verao.png\",\"contentUrl\":\"https:\/\/araujo.com.br\/blog\/wp-content\/uploads\/2020\/01\/cuidados_pele_verao.png\",\"width\":600,\"height\":470},{\"@type\":\"BreadcrumbList\",\"@id\":\"https:\/\/araujo.com.br\/blog\/cuidados-no-verao\/#breadcrumb\",\"itemListElement\":[{\"@type\":\"ListItem\",\"position\":1,\"name\":\"In\u00edcio\",\"item\":\"https:\/\/araujo.com.br\/blog\/\"},{\"@type\":\"ListItem\",\"position\":2,\"name\":\"Cuidados no ver\u00e3o: principais produtos para proteger a pele\"}]},{\"@type\":\"WebSite\",\"@id\":\"https:\/\/araujo.com.br\/blog\/#website\",\"url\":\"https:\/\/araujo.com.br\/blog\/\",\"name\":\"Blog da Drogaria Araujo\",\"description\":\"Conte\u00fado que faz bem? A Araujo tem!\",\"potentialAction\":[{\"@type\":\"SearchAction\",\"target\":{\"@type\":\"EntryPoint\",\"urlTemplate\":\"https:\/\/araujo.com.br\/blog\/?s={search_term_string}\"},\"query-input\":{\"@type\":\"PropertyValueSpecification\",\"valueRequired\":true,\"valueName\":\"search_term_string\"}}],\"inLanguage\":\"pt-BR\"},{\"@type\":\"Person\",\"@id\":\"https:\/\/araujo.com.br\/blog\/#\/schema\/person\/4e2eac75cf0e2c6b079ef9a0df2ece83\",\"name\":\"Drogaria Araujo\",\"image\":{\"@type\":\"ImageObject\",\"inLanguage\":\"pt-BR\",\"@id\":\"https:\/\/araujo.com.br\/blog\/#\/schema\/person\/image\/\",\"url\":\"https:\/\/secure.gravatar.com\/avatar\/33e54dec0cd79fc4b5e911c15f836c46ec8d0e452ecd3ca5f707bce0a3540a3b?s=96&d=mm&r=g\",\"contentUrl\":\"https:\/\/secure.gravatar.com\/avatar\/33e54dec0cd79fc4b5e911c15f836c46ec8d0e452ecd3ca5f707bce0a3540a3b?s=96&d=mm&r=g\",\"caption\":\"Drogaria Araujo\"},\"description\":\"Especialista em Sa\u00fade da Fam\u00edlia. M\u00e9dico e nutricionista.\",\"sameAs\":[\"https:\/\/araujo.com.br\/blog\"],\"url\":\"https:\/\/araujo.com.br\/blog\/author\/admin\/\"}]}<\/script>\n<!-- \/ Yoast SEO plugin. -->","yoast_head_json":{"title":"Cuidados no ver\u00e3o: principais produtos para proteger a pele","description":"\u00c9 crucial ter cuidados especiais no ver\u00e3o j\u00e1 que ficamos mais expostos ao sol. Conhe\u00e7a os principais produtos para proteger a sua pele aqui!","robots":{"index":"index","follow":"follow","max-snippet":"max-snippet:-1","max-image-preview":"max-image-preview:large","max-video-preview":"max-video-preview:-1"},"canonical":"https:\/\/araujo.com.br\/blog\/cuidados-no-verao\/","og_locale":"pt_BR","og_type":"article","og_title":"Cuidados no ver\u00e3o: principais produtos para proteger a pele","og_description":"\u00c9 crucial ter cuidados especiais no ver\u00e3o j\u00e1 que ficamos mais expostos ao sol. Conhe\u00e7a os principais produtos para proteger a sua pele aqui!","og_url":"https:\/\/araujo.com.br\/blog\/cuidados-no-verao\/","og_site_name":"Blog da Drogaria Araujo","article_published_time":"2020-01-15T08:30:01+00:00","article_modified_time":"2025-02-04T13:20:25+00:00","og_image":[{"width":600,"height":470,"url":"https:\/\/araujo.com.br\/blog\/wp-content\/uploads\/2020\/01\/cuidados_pele_verao.png","type":"image\/png"}],"author":"Drogaria Araujo","twitter_card":"summary_large_image","twitter_misc":{"Escrito por":"Drogaria Araujo","Est. tempo de leitura":"5 minutos"},"schema":{"@context":"https:\/\/schema.org","@graph":[{"@type":"WebPage","@id":"https:\/\/araujo.com.br\/blog\/cuidados-no-verao\/","url":"https:\/\/araujo.com.br\/blog\/cuidados-no-verao\/","name":"Cuidados no ver\u00e3o: principais produtos para proteger a pele","isPartOf":{"@id":"https:\/\/araujo.com.br\/blog\/#website"},"primaryImageOfPage":{"@id":"https:\/\/araujo.com.br\/blog\/cuidados-no-verao\/#primaryimage"},"image":{"@id":"https:\/\/araujo.com.br\/blog\/cuidados-no-verao\/#primaryimage"},"thumbnailUrl":"https:\/\/araujo.com.br\/blog\/wp-content\/uploads\/2020\/01\/cuidados_pele_verao.png","datePublished":"2020-01-15T08:30:01+00:00","dateModified":"2025-02-04T13:20:25+00:00","author":{"@id":"https:\/\/araujo.com.br\/blog\/#\/schema\/person\/4e2eac75cf0e2c6b079ef9a0df2ece83"},"description":"\u00c9 crucial ter cuidados especiais no ver\u00e3o j\u00e1 que ficamos mais expostos ao sol. Conhe\u00e7a os principais produtos para proteger a sua pele aqui!","breadcrumb":{"@id":"https:\/\/araujo.com.br\/blog\/cuidados-no-verao\/#breadcrumb"},"inLanguage":"pt-BR","potentialAction":[{"@type":"ReadAction","target":["https:\/\/araujo.com.br\/blog\/cuidados-no-verao\/"]}]},{"@type":"ImageObject","inLanguage":"pt-BR","@id":"https:\/\/araujo.com.br\/blog\/cuidados-no-verao\/#primaryimage","url":"https:\/\/araujo.com.br\/blog\/wp-content\/uploads\/2020\/01\/cuidados_pele_verao.png","contentUrl":"https:\/\/araujo.com.br\/blog\/wp-content\/uploads\/2020\/01\/cuidados_pele_verao.png","width":600,"height":470},{"@type":"BreadcrumbList","@id":"https:\/\/araujo.com.br\/blog\/cuidados-no-verao\/#breadcrumb","itemListElement":[{"@type":"ListItem","position":1,"name":"In\u00edcio","item":"https:\/\/araujo.com.br\/blog\/"},{"@type":"ListItem","position":2,"name":"Cuidados no ver\u00e3o: principais produtos para proteger a pele"}]},{"@type":"WebSite","@id":"https:\/\/araujo.com.br\/blog\/#website","url":"https:\/\/araujo.com.br\/blog\/","name":"Blog da Drogaria Araujo","description":"Conte\u00fado que faz bem? A Araujo tem!","potentialAction":[{"@type":"SearchAction","target":{"@type":"EntryPoint","urlTemplate":"https:\/\/araujo.com.br\/blog\/?s={search_term_string}"},"query-input":{"@type":"PropertyValueSpecification","valueRequired":true,"valueName":"search_term_string"}}],"inLanguage":"pt-BR"},{"@type":"Person","@id":"https:\/\/araujo.com.br\/blog\/#\/schema\/person\/4e2eac75cf0e2c6b079ef9a0df2ece83","name":"Drogaria Araujo","image":{"@type":"ImageObject","inLanguage":"pt-BR","@id":"https:\/\/araujo.com.br\/blog\/#\/schema\/person\/image\/","url":"https:\/\/secure.gravatar.com\/avatar\/33e54dec0cd79fc4b5e911c15f836c46ec8d0e452ecd3ca5f707bce0a3540a3b?s=96&d=mm&r=g","contentUrl":"https:\/\/secure.gravatar.com\/avatar\/33e54dec0cd79fc4b5e911c15f836c46ec8d0e452ecd3ca5f707bce0a3540a3b?s=96&d=mm&r=g","caption":"Drogaria Araujo"},"description":"Especialista em Sa\u00fade da Fam\u00edlia. M\u00e9dico e nutricionista.","sameAs":["https:\/\/araujo.com.br\/blog"],"url":"https:\/\/araujo.com.br\/blog\/author\/admin\/"}]}},"_links":{"self":[{"href":"https:\/\/araujo.com.br\/blog\/wp-json\/wp\/v2\/posts\/3115","targetHints":{"allow":["GET"]}}],"collection":[{"href":"https:\/\/araujo.com.br\/blog\/wp-json\/wp\/v2\/posts"}],"about":[{"href":"https:\/\/araujo.com.br\/blog\/wp-json\/wp\/v2\/types\/post"}],"author":[{"embeddable":true,"href":"https:\/\/araujo.com.br\/blog\/wp-json\/wp\/v2\/users\/1"}],"replies":[{"embeddable":true,"href":"https:\/\/araujo.com.br\/blog\/wp-json\/wp\/v2\/comments?post=3115"}],"version-history":[{"count":4,"href":"https:\/\/araujo.com.br\/blog\/wp-json\/wp\/v2\/posts\/3115\/revisions"}],"predecessor-version":[{"id":4723,"href":"https:\/\/araujo.com.br\/blog\/wp-json\/wp\/v2\/posts\/3115\/revisions\/4723"}],"wp:featuredmedia":[{"embeddable":true,"href":"https:\/\/araujo.com.br\/blog\/wp-json\/wp\/v2\/media\/3116"}],"wp:attachment":[{"href":"https:\/\/araujo.com.br\/blog\/wp-json\/wp\/v2\/media?parent=3115"}],"wp:term":[{"taxonomy":"category","embeddable":true,"href":"https:\/\/araujo.com.br\/blog\/wp-json\/wp\/v2\/categories?post=3115"},{"taxonomy":"post_tag","embeddable":true,"href":"https:\/\/araujo.com.br\/blog\/wp-json\/wp\/v2\/tags?post=3115"}],"curies":[{"name":"wp","href":"https:\/\/api.w.org\/{rel}","templated":true}]}}