{"id":3176,"date":"2020-06-10T17:33:19","date_gmt":"2020-06-10T14:33:19","guid":{"rendered":"http:\/\/blog-qas.araujo.com.br\/a-importancia-das-vitaminas-para-a-imunidade\/"},"modified":"2025-08-12T20:30:33","modified_gmt":"2025-08-12T17:30:33","slug":"importancia-das-vitaminas","status":"publish","type":"post","link":"https:\/\/araujo.com.br\/blog\/importancia-das-vitaminas\/","title":{"rendered":"Import\u00e2ncia das vitaminas: como elas afetam a imunidade?"},"content":{"rendered":"<p>Nosso <strong>sistema imunol\u00f3gico<\/strong> \u00e9 um conjunto de elementos existentes no corpo humano que interagem entre si com o objetivo de defender o corpo contra doen\u00e7as, v\u00edrus e bact\u00e9rias. Nesse sentido, o papel da <a href=\"https:\/\/araujo.com.br\/blog\/dieta-saudavel\/\">alimenta\u00e7\u00e3o<\/a> \u00e9 tamb\u00e9m manter esse sistema atuante, fornecendo a ele os nutrientes capazes de ajudarem a modular suas respostas.<\/p>\n<p>E os minerais e as vitaminas fazem parte desse grupo de nutrientes. E, embora ainda n\u00e3o sejam considerados nutrientes em si, os compostos bioativos encontrados nos alimentos, assim como os pr\u00e9 e os probi\u00f3ticos que influenciam a microbiota intestinal, tamb\u00e9m s\u00e3o elementos que participam da prote\u00e7\u00e3o do organismo.<\/p>\n<h2>Quais s\u00e3o os nutrientes mais importantes para o corpo?<\/h2>\n<p>Entre os micronutrientes mais estudados por seu papel no sistema imunol\u00f3gico, est\u00e3o o zinco, o sel\u00eanio e as vitaminas A, C e D. Atingir os n\u00edveis preconizados dessas subst\u00e2ncias com a dieta \u00e9 ainda mais desafiador na popula\u00e7\u00e3o idosa, que \u00e9 justamente o grupo de maior risco para a COVID-19.<\/p>\n<p>Alguns fatores contribuem com isso: consumo de dietas desbalanceadas devido a dificuldades de renda, isolamento, aquisi\u00e7\u00e3o e preparo da comida; sensa\u00e7\u00e3o de sede diminu\u00edda e menor ingest\u00e3o de l\u00edquidos; pr\u00f3teses dentais mal ajustadas, que dificultam a mastiga\u00e7\u00e3o; redu\u00e7\u00e3o na capacidade de digerir os alimentos; diminui\u00e7\u00e3o da absor\u00e7\u00e3o de minerais e vitaminas pelo organismo.<\/p>\n<h2>Os nutrientes aliados da imunidade<\/h2>\n<p>Mas n\u00e3o \u00e9 s\u00f3 quem tem mais de 60 anos quem deve dar aten\u00e7\u00e3o \u00e0 escolha dos alimentos e buscar adequar com eles os n\u00edveis de micronutrientes. Por isso, a seguir, saiba quais as vitaminas e os minerais mais estudados por exercerem um papel nas defesas do nosso corpo.<\/p>\n<h3>Zinco<\/h3>\n<p>\u00c9 o mineral que possui maior import\u00e2ncia para o sistema imune. Em geral, idosos possuem defici\u00eancia de zinco, que tantas vezes \u00e9 observada pela sensa\u00e7\u00e3o de diminui\u00e7\u00e3o do paladar. Ele \u00e9 encontrado em carnes, frutos do mar como ostras e mariscos, f\u00edgado e v\u00edsceras, peixes, ovos e cereais integrais. Pessoas que seguem dietas vegetarianas estritas tamb\u00e9m podem ter car\u00eancia da subst\u00e2ncia.<\/p>\n<h3>Vitamina A<\/h3>\n<p>Entre suas propriedades, ajuda a modular a imunidade. \u00c9 encontrada na natureza em sua forma ativa pr\u00e9-formada (o retinol) em alimentos de origem animal, bem como nos seus precursores, os carotenoides, que aparecem em vegetais \u2014 o corpo tende a aproveitar melhor a vers\u00e3o de origem animal. As principais fontes de vitamina A s\u00e3o o f\u00edgado e os \u00f3leos de f\u00edgado de peixe. J\u00e1 os carotenoides se encontram em vegetais de cor alaranjada ou verde escura.<\/p>\n<h3>Vitamina D<\/h3>\n<p>Famosa por sua a\u00e7\u00e3o nos ossos, a <strong>Vitamina D<\/strong> tamb\u00e9m tem um papel relevante no sistema imune. A principal forma de obt\u00ea-la \u00e9 pela exposi\u00e7\u00e3o aos raios solares, que tornam poss\u00edvel sua s\u00edntese pela pele.<\/p>\n<p>Mas pescados, \u00f3leos naturais de f\u00edgado de peixes, alimentos fortificados e suplementos podem contribuir para alcan\u00e7ar e manter os n\u00edveis ideais. Na Europa, a defici\u00eancia da vitamina foi observada em pessoas infectadas pelo novo coronav\u00edrus, mas isso j\u00e1 podia ser esperado, uma vez que os pacientes contra\u00edram a doen\u00e7a em pleno inverno, quando h\u00e1 uma diminui\u00e7\u00e3o \u00e0 exposi\u00e7\u00e3o solar.<\/p>\n<p>No entanto, embora o Brasil seja um pa\u00eds tropical e mais quente, sabemos que grande parcela da popula\u00e7\u00e3o n\u00e3o est\u00e1 com concentra\u00e7\u00f5es adequadas da vitamina, muito provavelmente devido ao uso do protetor solar.<\/p>\n<h3>Sel\u00eanio<\/h3>\n<p>\u00c9 um mineral de alto poder antioxidante, mas que tamb\u00e9m tem fun\u00e7\u00e3o imunol\u00f3gica. Participa, portanto, do controle de radicais livres, mol\u00e9culas que se formam naturalmente, inclusive com a resposta do sistema imune a infec\u00e7\u00f5es, mas cujo excesso causa danos em c\u00e9lulas e nos \u00f3rg\u00e3os.<\/p>\n<p>O alimento mais rico em sel\u00eanio do mundo \u00e9 a castanha-do-brasil (ou do Par\u00e1) \u2014 e basta uma unidade (5 gramas) para alcan\u00e7ar a recomenda\u00e7\u00e3o di\u00e1ria. O teor do mineral na castanha depende da quantidade do elemento no solo de cultivo.<\/p>\n<h3>Vitamina C<\/h3>\n<p>Importante nutriente antioxidante, \u00e9 estudada h\u00e1 muito tempo pelo seu poss\u00edvel papel preventivo e terap\u00eautico em doen\u00e7as como as do sistema respirat\u00f3rio. Entretanto, apesar de muito consumida, ainda n\u00e3o temos dados cient\u00edficos robustos a respeito desse efeito.<\/p>\n<p>Em rela\u00e7\u00e3o a resfriados comuns e gripes, j\u00e1 foi observado que pode auxiliar reduzindo o tempo de dura\u00e7\u00e3o dos epis\u00f3dios. Ainda assim, o corpo tira bom proveito da ingest\u00e3o regular de fontes de vitamina C, como acerola, goiaba e frutos c\u00edtricos.<\/p>\n<h2>Uma palavra sobre a suplementa\u00e7\u00e3o<\/h2>\n<p>Os dados expostos refor\u00e7am que uma alimenta\u00e7\u00e3o balanceada e saud\u00e1vel contribui para a melhor resist\u00eancia do corpo a infec\u00e7\u00f5es e doen\u00e7as, entre elas a COVID-19. Mas isso, claro, n\u00e3o ocorrer\u00e1 de um dia para o outro. Falamos de um cuidado que deve acontecer na rotina e, se necess\u00e1rio, contar com orienta\u00e7\u00e3o profissional.<\/p>\n<p>Da mesma forma, diante de uma avalia\u00e7\u00e3o por nutricionista ou m\u00e9dico, podemos recomendar a suplementa\u00e7\u00e3o de minerais e vitaminas, especialmente para os idosos, que t\u00eam maior dificuldade de obt\u00ea-los via dieta.<\/p>\n<p>Dra. Silvia Cozzolino \u00e9 nutricionista, professora titular da Faculdade de Ci\u00eancias Farmac\u00eauticas da Universidade de S\u00e3o Paulo (USP) e membro do Comit\u00ea Cient\u00edfico e de Administra\u00e7\u00e3o do ILSI Brasil.<\/p>\n<h2>A verdade sobre as vitaminas<\/h2>\n<p>Uma grande parte da popula\u00e7\u00e3o brasileira consome algum tipo de suplemento alimentar. Por\u00e9m, sem um uso racional, eles n\u00e3o trazem benef\u00edcio \u00e0 sa\u00fade. Vitaminas trazem longevidade \u00e0 vida das nossas c\u00e9lulas. Mas em excesso, isso pode ser ruim. As vitaminas A, D, E e K se acumulam no corpo, podendo alcan\u00e7ar n\u00edveis prejudiciais.<\/p>\n<p>O excesso de \u00e1cido asc\u00f3rbico pode levar ao aparecimento de c\u00e1lculos renais, por exemplo.<\/p>\n<p>\u00c9 importante \u00e9 saber tamb\u00e9m que a promissora vacina contra o novo coronav\u00edrus (Sars-CoV-2) pode ficar pronta em 2021 e se tornar a mais r\u00e1pida da hist\u00f3ria. Devido a isso, \u00e9 importante manter o nosso sistema imunol\u00f3gico saud\u00e1vel com a suplementa\u00e7\u00e3o de minerais essenciais e nos manter seguros quanto a essa doen\u00e7a.<\/p>\n<p>Mas vale destacar que sugest\u00f5es de suplementos vitam\u00ednicos e alimentares devem seguir orienta\u00e7\u00f5es de profissionais habilitados, para o uso racional, sem rea\u00e7\u00f5es e efeitos colaterais.<\/p>\n<p><strong>Refer\u00eancias<\/strong><\/p>\n<p><a href=\"https:\/\/doi.org\/10.1590\/S1415-52732005000300009\" target=\"_blank\" rel=\"noopener noreferrer\">NOVAES, Maria Rita et al., <strong>Suplementa\u00e7\u00e3o de micronutrientes na senesc\u00eancia: implica\u00e7\u00f5es nos mecanismos imunol\u00f3gicos<\/strong>. Scielo, Campinas, junho 2005<\/a>.<\/p>\n<p><a href=\"https:\/\/saude.abril.com.br\/blog\/com-a-palavra\/o-papel-de-vitaminas-e-minerais-na-imunidade-diante-do-coronavirus\/\" target=\"_blank\" rel=\"noopener noreferrer\">COZZOLINO, Silvia. O papel de vitaminas e minerais na imunidade diante do coronav\u00edrus.\u00a0<strong>Veja Sa\u00fade<\/strong>. Acesso em: 18 de maio de 2020.<\/a><\/p>\n<p>LACERDA, Ricardo. A verdade sobre as vitaminas. <strong>Super Interessante<\/strong>. Edi\u00e7\u00e3o 406. S\u00e3o Paulo: Editora Abril, agosto 2019.<\/p>\n<p>ARA\u00daJO, Celso. <strong>Revista ABCfarma<\/strong>. Vitamina D a estrela da hora. Edi\u00e7\u00e3o 345. S\u00e3o Paulo. Maio 2020.<\/p>\n","protected":false},"excerpt":{"rendered":"<p>Nosso sistema imunol\u00f3gico \u00e9 um conjunto de elementos existentes no corpo humano que interagem entre si com o objetivo de defender o corpo contra doen\u00e7as, v\u00edrus e bact\u00e9rias. Nesse sentido, o papel da alimenta\u00e7\u00e3o \u00e9 tamb\u00e9m manter esse sistema atuante, fornecendo a ele os nutrientes capazes de ajudarem a modular suas respostas. E os minerais [&hellip;]<\/p>\n","protected":false},"author":1,"featured_media":4597,"comment_status":"closed","ping_status":"closed","sticky":false,"template":"","format":"standard","meta":{"_acf_changed":false,"footnotes":""},"categories":[35,3],"tags":[707,294,881],"class_list":["post-3176","post","type-post","status-publish","format-standard","has-post-thumbnail","hentry","category-bem-estar","category-saude-e-bem-estar","tag-imunidade","tag-saude","tag-vitaminas"],"acf":[],"yoast_head":"<!-- This site is optimized with the Yoast SEO plugin v24.3 - https:\/\/yoast.com\/wordpress\/plugins\/seo\/ -->\n<title>Import\u00e2ncia das vitaminas: como elas afetam a imunidade?<\/title>\n<meta name=\"description\" content=\"Sabemos que as vitaminas s\u00e3o essenciais, mas voc\u00ea sabe de fato a import\u00e2ncia das vitaminas e como elas afetam o corpo? Saiba aqui!\" \/>\n<meta name=\"robots\" content=\"index, follow, max-snippet:-1, max-image-preview:large, max-video-preview:-1\" \/>\n<link rel=\"canonical\" href=\"https:\/\/araujo.com.br\/blog\/importancia-das-vitaminas\/\" \/>\n<meta property=\"og:locale\" content=\"pt_BR\" \/>\n<meta property=\"og:type\" content=\"article\" \/>\n<meta property=\"og:title\" content=\"Import\u00e2ncia das vitaminas: como elas afetam a imunidade?\" \/>\n<meta property=\"og:description\" content=\"Sabemos que as vitaminas s\u00e3o essenciais, mas voc\u00ea sabe de fato a import\u00e2ncia das vitaminas e como elas afetam o corpo? Saiba aqui!\" \/>\n<meta property=\"og:url\" content=\"https:\/\/araujo.com.br\/blog\/importancia-das-vitaminas\/\" \/>\n<meta property=\"og:site_name\" content=\"Blog da Drogaria Araujo\" \/>\n<meta property=\"article:published_time\" content=\"2020-06-10T14:33:19+00:00\" \/>\n<meta property=\"article:modified_time\" content=\"2025-08-12T17:30:33+00:00\" \/>\n<meta property=\"og:image\" content=\"https:\/\/araujo.com.br\/blog\/wp-content\/uploads\/2020\/06\/a-importancia-das-vitaminas-para-a-imunidade-scaled.jpeg\" \/>\n\t<meta property=\"og:image:width\" content=\"2560\" \/>\n\t<meta property=\"og:image:height\" content=\"1707\" \/>\n\t<meta property=\"og:image:type\" content=\"image\/jpeg\" \/>\n<meta name=\"author\" content=\"Drogaria Araujo\" \/>\n<meta name=\"twitter:card\" content=\"summary_large_image\" \/>\n<meta name=\"twitter:label1\" content=\"Escrito por\" \/>\n\t<meta name=\"twitter:data1\" content=\"Drogaria Araujo\" \/>\n\t<meta name=\"twitter:label2\" content=\"Est. tempo de leitura\" \/>\n\t<meta name=\"twitter:data2\" content=\"6 minutos\" \/>\n<script type=\"application\/ld+json\" class=\"yoast-schema-graph\">{\"@context\":\"https:\/\/schema.org\",\"@graph\":[{\"@type\":\"WebPage\",\"@id\":\"https:\/\/araujo.com.br\/blog\/importancia-das-vitaminas\/\",\"url\":\"https:\/\/araujo.com.br\/blog\/importancia-das-vitaminas\/\",\"name\":\"Import\u00e2ncia das vitaminas: como elas afetam a imunidade?\",\"isPartOf\":{\"@id\":\"https:\/\/araujo.com.br\/blog\/#website\"},\"primaryImageOfPage\":{\"@id\":\"https:\/\/araujo.com.br\/blog\/importancia-das-vitaminas\/#primaryimage\"},\"image\":{\"@id\":\"https:\/\/araujo.com.br\/blog\/importancia-das-vitaminas\/#primaryimage\"},\"thumbnailUrl\":\"https:\/\/araujo.com.br\/blog\/wp-content\/uploads\/2020\/06\/a-importancia-das-vitaminas-para-a-imunidade-scaled.jpeg\",\"datePublished\":\"2020-06-10T14:33:19+00:00\",\"dateModified\":\"2025-08-12T17:30:33+00:00\",\"author\":{\"@id\":\"https:\/\/araujo.com.br\/blog\/#\/schema\/person\/4e2eac75cf0e2c6b079ef9a0df2ece83\"},\"description\":\"Sabemos que as vitaminas s\u00e3o essenciais, mas voc\u00ea sabe de fato a import\u00e2ncia das vitaminas e como elas afetam o corpo? Saiba aqui!\",\"breadcrumb\":{\"@id\":\"https:\/\/araujo.com.br\/blog\/importancia-das-vitaminas\/#breadcrumb\"},\"inLanguage\":\"pt-BR\",\"potentialAction\":[{\"@type\":\"ReadAction\",\"target\":[\"https:\/\/araujo.com.br\/blog\/importancia-das-vitaminas\/\"]}]},{\"@type\":\"ImageObject\",\"inLanguage\":\"pt-BR\",\"@id\":\"https:\/\/araujo.com.br\/blog\/importancia-das-vitaminas\/#primaryimage\",\"url\":\"https:\/\/araujo.com.br\/blog\/wp-content\/uploads\/2020\/06\/a-importancia-das-vitaminas-para-a-imunidade-scaled.jpeg\",\"contentUrl\":\"https:\/\/araujo.com.br\/blog\/wp-content\/uploads\/2020\/06\/a-importancia-das-vitaminas-para-a-imunidade-scaled.jpeg\",\"width\":2560,\"height\":1707,\"caption\":\"m\u00e3e segurando uma p\u00edlula de vitamina ao lado do filho para explicar sua import\u00e2ncia\"},{\"@type\":\"BreadcrumbList\",\"@id\":\"https:\/\/araujo.com.br\/blog\/importancia-das-vitaminas\/#breadcrumb\",\"itemListElement\":[{\"@type\":\"ListItem\",\"position\":1,\"name\":\"In\u00edcio\",\"item\":\"https:\/\/araujo.com.br\/blog\/\"},{\"@type\":\"ListItem\",\"position\":2,\"name\":\"Import\u00e2ncia das vitaminas: como elas afetam a imunidade?\"}]},{\"@type\":\"WebSite\",\"@id\":\"https:\/\/araujo.com.br\/blog\/#website\",\"url\":\"https:\/\/araujo.com.br\/blog\/\",\"name\":\"Blog da Drogaria Araujo\",\"description\":\"Conte\u00fado que faz bem? A Araujo tem!\",\"potentialAction\":[{\"@type\":\"SearchAction\",\"target\":{\"@type\":\"EntryPoint\",\"urlTemplate\":\"https:\/\/araujo.com.br\/blog\/?s={search_term_string}\"},\"query-input\":{\"@type\":\"PropertyValueSpecification\",\"valueRequired\":true,\"valueName\":\"search_term_string\"}}],\"inLanguage\":\"pt-BR\"},{\"@type\":\"Person\",\"@id\":\"https:\/\/araujo.com.br\/blog\/#\/schema\/person\/4e2eac75cf0e2c6b079ef9a0df2ece83\",\"name\":\"Drogaria Araujo\",\"image\":{\"@type\":\"ImageObject\",\"inLanguage\":\"pt-BR\",\"@id\":\"https:\/\/araujo.com.br\/blog\/#\/schema\/person\/image\/\",\"url\":\"https:\/\/secure.gravatar.com\/avatar\/33e54dec0cd79fc4b5e911c15f836c46ec8d0e452ecd3ca5f707bce0a3540a3b?s=96&d=mm&r=g\",\"contentUrl\":\"https:\/\/secure.gravatar.com\/avatar\/33e54dec0cd79fc4b5e911c15f836c46ec8d0e452ecd3ca5f707bce0a3540a3b?s=96&d=mm&r=g\",\"caption\":\"Drogaria Araujo\"},\"description\":\"Especialista em Sa\u00fade da Fam\u00edlia. M\u00e9dico e nutricionista.\",\"sameAs\":[\"https:\/\/araujo.com.br\/blog\"],\"url\":\"https:\/\/araujo.com.br\/blog\/author\/admin\/\"}]}<\/script>\n<!-- \/ Yoast SEO plugin. -->","yoast_head_json":{"title":"Import\u00e2ncia das vitaminas: como elas afetam a imunidade?","description":"Sabemos que as vitaminas s\u00e3o essenciais, mas voc\u00ea sabe de fato a import\u00e2ncia das vitaminas e como elas afetam o corpo? Saiba aqui!","robots":{"index":"index","follow":"follow","max-snippet":"max-snippet:-1","max-image-preview":"max-image-preview:large","max-video-preview":"max-video-preview:-1"},"canonical":"https:\/\/araujo.com.br\/blog\/importancia-das-vitaminas\/","og_locale":"pt_BR","og_type":"article","og_title":"Import\u00e2ncia das vitaminas: como elas afetam a imunidade?","og_description":"Sabemos que as vitaminas s\u00e3o essenciais, mas voc\u00ea sabe de fato a import\u00e2ncia das vitaminas e como elas afetam o corpo? Saiba aqui!","og_url":"https:\/\/araujo.com.br\/blog\/importancia-das-vitaminas\/","og_site_name":"Blog da Drogaria Araujo","article_published_time":"2020-06-10T14:33:19+00:00","article_modified_time":"2025-08-12T17:30:33+00:00","og_image":[{"width":2560,"height":1707,"url":"https:\/\/araujo.com.br\/blog\/wp-content\/uploads\/2020\/06\/a-importancia-das-vitaminas-para-a-imunidade-scaled.jpeg","type":"image\/jpeg"}],"author":"Drogaria Araujo","twitter_card":"summary_large_image","twitter_misc":{"Escrito por":"Drogaria Araujo","Est. tempo de leitura":"6 minutos"},"schema":{"@context":"https:\/\/schema.org","@graph":[{"@type":"WebPage","@id":"https:\/\/araujo.com.br\/blog\/importancia-das-vitaminas\/","url":"https:\/\/araujo.com.br\/blog\/importancia-das-vitaminas\/","name":"Import\u00e2ncia das vitaminas: como elas afetam a imunidade?","isPartOf":{"@id":"https:\/\/araujo.com.br\/blog\/#website"},"primaryImageOfPage":{"@id":"https:\/\/araujo.com.br\/blog\/importancia-das-vitaminas\/#primaryimage"},"image":{"@id":"https:\/\/araujo.com.br\/blog\/importancia-das-vitaminas\/#primaryimage"},"thumbnailUrl":"https:\/\/araujo.com.br\/blog\/wp-content\/uploads\/2020\/06\/a-importancia-das-vitaminas-para-a-imunidade-scaled.jpeg","datePublished":"2020-06-10T14:33:19+00:00","dateModified":"2025-08-12T17:30:33+00:00","author":{"@id":"https:\/\/araujo.com.br\/blog\/#\/schema\/person\/4e2eac75cf0e2c6b079ef9a0df2ece83"},"description":"Sabemos que as vitaminas s\u00e3o essenciais, mas voc\u00ea sabe de fato a import\u00e2ncia das vitaminas e como elas afetam o corpo? Saiba aqui!","breadcrumb":{"@id":"https:\/\/araujo.com.br\/blog\/importancia-das-vitaminas\/#breadcrumb"},"inLanguage":"pt-BR","potentialAction":[{"@type":"ReadAction","target":["https:\/\/araujo.com.br\/blog\/importancia-das-vitaminas\/"]}]},{"@type":"ImageObject","inLanguage":"pt-BR","@id":"https:\/\/araujo.com.br\/blog\/importancia-das-vitaminas\/#primaryimage","url":"https:\/\/araujo.com.br\/blog\/wp-content\/uploads\/2020\/06\/a-importancia-das-vitaminas-para-a-imunidade-scaled.jpeg","contentUrl":"https:\/\/araujo.com.br\/blog\/wp-content\/uploads\/2020\/06\/a-importancia-das-vitaminas-para-a-imunidade-scaled.jpeg","width":2560,"height":1707,"caption":"m\u00e3e segurando uma p\u00edlula de vitamina ao lado do filho para explicar sua import\u00e2ncia"},{"@type":"BreadcrumbList","@id":"https:\/\/araujo.com.br\/blog\/importancia-das-vitaminas\/#breadcrumb","itemListElement":[{"@type":"ListItem","position":1,"name":"In\u00edcio","item":"https:\/\/araujo.com.br\/blog\/"},{"@type":"ListItem","position":2,"name":"Import\u00e2ncia das vitaminas: como elas afetam a imunidade?"}]},{"@type":"WebSite","@id":"https:\/\/araujo.com.br\/blog\/#website","url":"https:\/\/araujo.com.br\/blog\/","name":"Blog da Drogaria Araujo","description":"Conte\u00fado que faz bem? A Araujo tem!","potentialAction":[{"@type":"SearchAction","target":{"@type":"EntryPoint","urlTemplate":"https:\/\/araujo.com.br\/blog\/?s={search_term_string}"},"query-input":{"@type":"PropertyValueSpecification","valueRequired":true,"valueName":"search_term_string"}}],"inLanguage":"pt-BR"},{"@type":"Person","@id":"https:\/\/araujo.com.br\/blog\/#\/schema\/person\/4e2eac75cf0e2c6b079ef9a0df2ece83","name":"Drogaria Araujo","image":{"@type":"ImageObject","inLanguage":"pt-BR","@id":"https:\/\/araujo.com.br\/blog\/#\/schema\/person\/image\/","url":"https:\/\/secure.gravatar.com\/avatar\/33e54dec0cd79fc4b5e911c15f836c46ec8d0e452ecd3ca5f707bce0a3540a3b?s=96&d=mm&r=g","contentUrl":"https:\/\/secure.gravatar.com\/avatar\/33e54dec0cd79fc4b5e911c15f836c46ec8d0e452ecd3ca5f707bce0a3540a3b?s=96&d=mm&r=g","caption":"Drogaria Araujo"},"description":"Especialista em Sa\u00fade da Fam\u00edlia. M\u00e9dico e nutricionista.","sameAs":["https:\/\/araujo.com.br\/blog"],"url":"https:\/\/araujo.com.br\/blog\/author\/admin\/"}]}},"_links":{"self":[{"href":"https:\/\/araujo.com.br\/blog\/wp-json\/wp\/v2\/posts\/3176","targetHints":{"allow":["GET"]}}],"collection":[{"href":"https:\/\/araujo.com.br\/blog\/wp-json\/wp\/v2\/posts"}],"about":[{"href":"https:\/\/araujo.com.br\/blog\/wp-json\/wp\/v2\/types\/post"}],"author":[{"embeddable":true,"href":"https:\/\/araujo.com.br\/blog\/wp-json\/wp\/v2\/users\/1"}],"replies":[{"embeddable":true,"href":"https:\/\/araujo.com.br\/blog\/wp-json\/wp\/v2\/comments?post=3176"}],"version-history":[{"count":6,"href":"https:\/\/araujo.com.br\/blog\/wp-json\/wp\/v2\/posts\/3176\/revisions"}],"predecessor-version":[{"id":5737,"href":"https:\/\/araujo.com.br\/blog\/wp-json\/wp\/v2\/posts\/3176\/revisions\/5737"}],"wp:featuredmedia":[{"embeddable":true,"href":"https:\/\/araujo.com.br\/blog\/wp-json\/wp\/v2\/media\/4597"}],"wp:attachment":[{"href":"https:\/\/araujo.com.br\/blog\/wp-json\/wp\/v2\/media?parent=3176"}],"wp:term":[{"taxonomy":"category","embeddable":true,"href":"https:\/\/araujo.com.br\/blog\/wp-json\/wp\/v2\/categories?post=3176"},{"taxonomy":"post_tag","embeddable":true,"href":"https:\/\/araujo.com.br\/blog\/wp-json\/wp\/v2\/tags?post=3176"}],"curies":[{"name":"wp","href":"https:\/\/api.w.org\/{rel}","templated":true}]}}