{"id":3274,"date":"2021-04-20T17:39:38","date_gmt":"2021-04-20T14:39:38","guid":{"rendered":"http:\/\/blog-qas.araujo.com.br\/como-tratar-manchas-na-pele\/"},"modified":"2025-02-04T15:50:47","modified_gmt":"2025-02-04T12:50:47","slug":"como-tratar-manchas-na-pele","status":"publish","type":"post","link":"https:\/\/araujo.com.br\/blog\/como-tratar-manchas-na-pele\/","title":{"rendered":"Como tratar manchas na pele?"},"content":{"rendered":"<p>Manchas de pele: voc\u00ea j\u00e1 teve? Elas costumam causar um grande desconforto em mulheres \u2014 mas n\u00e3o s\u00f3 nelas, em homens tamb\u00e9m! O que fazer quando elas surgem? \u00c9 poss\u00edvel trat\u00e1-las com produtos para serem usados em casa? Para entender melhor esse assunto, conversamos com o m\u00e9dico Jorge Menezes (CRM\/MG19854), cirurgi\u00e3o pl\u00e1stico e mestre em cirurgia pl\u00e1stica pela Universidade Federal de S\u00e3o Paulo.<\/p>\n<h2>Por que uma pele fica manchada?<\/h2>\n<p>Manchas ou altera\u00e7\u00f5es na pele significam primordialmente fotoenvelhecimento, ou seja, \u00e9 a pele sob o impacto dos raios ultravioleta da luz solar, sofrendo com a perda de hidrata\u00e7\u00e3o, o afinamento da pele, o aparecimento da flacidez, de manchas, de pintas e de sardas. Pode ser tamb\u00e9m em decorr\u00eancia do avan\u00e7ar da idade, de altera\u00e7\u00f5es gen\u00e9ticas ou mesmo de doen\u00e7as. Trata-se de um dano cut\u00e2neo, e as manchas seriam uma esp\u00e9cie de fotografia desse dano. E ela sofre bastante, uma vez que age como um escudo de prote\u00e7\u00e3o contra bact\u00e9rias, fungos, radia\u00e7\u00e3o, polui\u00e7\u00e3o, entre outros.<\/p>\n<p>Al\u00e9m do envelhecimento extr\u00ednseco (de fora para dentro), sendo mais comum o j\u00e1 citado fotoenvelhecimento, h\u00e1 o interno, que provoca a perda de tecidos de sustenta\u00e7\u00e3o da pele, uma menor vasculariza\u00e7\u00e3o e uma renova\u00e7\u00e3o celular mais devagar. Ele se relaciona diretamente com a gen\u00e9tica \u2014 ou seja, seremos bem parecidos com o que nossos familiares s\u00e3o \u2014, mas tamb\u00e9m com uma perda hormonal, com o estresse oxidativo da nossa pele e com a alimenta\u00e7\u00e3o. \u00c9 verdade que o consumo excessivo de a\u00e7\u00facares prejudica a pele, existe at\u00e9 um fator que se chama glica\u00e7\u00e3o.<\/p>\n<p>Vale lembrar tamb\u00e9m que a polui\u00e7\u00e3o, o tabagismo, o alto consumo de \u00e1lcool e o estresse s\u00e3o fatores agressores \u00e0 sa\u00fade da pele.<\/p>\n<h2>O que pode ser feito para evitar manchas na pele?<\/h2>\n<p>O principal \u00e9 levar uma vida saud\u00e1vel, fugindo dos fatores de estresse, cultivando boas noites de sono, adotando uma alimenta\u00e7\u00e3o equilibrada e hidratando-se bastante, uma vez que a ingest\u00e3o de \u00e1gua repercute na hidrata\u00e7\u00e3o da pele. \u00c9 tamb\u00e9m fundamental adotar o uso di\u00e1rio de itens de prote\u00e7\u00e3o \u00e0 pele, como filtros solares, chap\u00e9us e \u00f3culos, e evitar a exposi\u00e7\u00e3o solar entre 10h e 16h, assim como realizar diariamente uma limpeza adequada do rosto, retirando a polui\u00e7\u00e3o acumulada sobre a pele.<\/p>\n<h2>\u00c9 verdade que as manchas surgem mais comumente em mulheres?<\/h2>\n<p>De fato, elas s\u00e3o mais frequentes no sexo feminino, justamente por fatores hormonais, pelas disfun\u00e7\u00f5es tireoidianas (mais comuns em mulheres) e pelas gesta\u00e7\u00f5es \u2014 um dos principais fatores de surgimento de manchas no rosto, os melasmas. Sabemos que os melasmas atingem 10,7% das gestantes.<\/p>\n<h2>A Vitamina C e o \u00e1cido glic\u00f3lico podem ser usados como clareadores? Que outros ativos t\u00eam fun\u00e7\u00e3o semelhante?<\/h2>\n<p>Sabemos que, para o processo de rejuvenescimento e de recupera\u00e7\u00e3o dos danos provocados \u00e0 pele, existem hoje v\u00e1rios procedimentos e ativos. Entre eles, o uso de \u00e1cidos \u00e9 bastante difundido, seja na forma de <em>peelings<\/em> clareadores, <em>peelings <\/em>firmadores, <em>peelings <\/em>para rejuvenescimento, <em>peelings <\/em>para tratamento espec\u00edfico de acne, entre outros. Uma das principais fun\u00e7\u00f5es dos \u00e1cidos \u00e9 ser um antioxidante, ou seja, combater o mal que os radicais livres provocam na pele, levando ao aparecimento de manchas e ao envelhecimento cut\u00e2neo. Podemos citar alguns:<\/p>\n<h3>\u00c1cido fer\u00falico<\/h3>\n<p>\u00c9 uma subst\u00e2ncia natural muito utilizada para potencializar a prote\u00e7\u00e3o da pele por meio de fatores antioxidantes e, principalmente, como complementa\u00e7\u00e3o a fatores de prote\u00e7\u00e3o solar.<\/p>\n<h3>\u00c1cido glic\u00f3lico<\/h3>\n<p>\u00c9 um dos grandes \u201ccoringas\u201d de tratamento de melhora de pele, de maneira geral. Ele acelera as trocas cut\u00e2neas, retirando a camada superficial mais envelhecida e superficializando uma camada mais profunda, com c\u00e9lulas mais novas e sem v\u00edcios, melhorando, assim, o rejuvenescimento da pele. Ele propicia ainda um clareamento e uma maior s\u00edntese de col\u00e1geno na derme, oferecendo uma melhor textura cut\u00e2nea.<\/p>\n<h3>\u00c1cido k\u00f3jico<\/h3>\n<p>\u00c9 muito usado para tratar as manchas mais escuras da pele, promovendo uma diminui\u00e7\u00e3o da intensidade dessas manchas e favorecendo o rejuvenescimento da pele. \u00c9 especialmente usado no tratamento do melasma e como coadjuvante no tratamento da acne.<\/p>\n<h3>\u00c1cido asc\u00f3rbico<\/h3>\n<p>Tamb\u00e9m conhecido como vitamina C, oferece uma superprote\u00e7\u00e3o \u00e0 pele, principalmente em suas camadas mais profundas. Ele est\u00e1 bastante relacionado \u00e0 diminui\u00e7\u00e3o do aparecimento do c\u00e2ncer de pele e \u00e0 redu\u00e7\u00e3o acentuada do seu envelhecimento.<\/p>\n<h2>Que cuidados tomar na hora de us\u00e1-los? H\u00e1 alguma contraindica\u00e7\u00e3o?<\/h2>\n<p>\u00c9 fundamental uma avalia\u00e7\u00e3o com um profissional m\u00e9dico especializado na \u00e1rea. Ele poder\u00e1 identificar poss\u00edveis altera\u00e7\u00f5es de pele, assim como os tipos de envelhecimentos que est\u00e3o em curso, ou seja, o que a pele j\u00e1 manifestou de degenera\u00e7\u00e3o em fun\u00e7\u00e3o das agress\u00f5es di\u00e1rias. Apenas a partir dessa avalia\u00e7\u00e3o ser\u00e1 poss\u00edvel identificar qual a real necessidade e quais os tratamentos indicados. H\u00e1 produtos com formas diferentes de usos, com hor\u00e1rios distintos de aplica\u00e7\u00e3o (diurno, noturno), com um per\u00edodo de perman\u00eancia espec\u00edfico, com limite semanais, entre outros. \u00c9 preciso estar atento a isso.\u00a0 O cuidado deve ser rigoroso e o uso regrado. Uma vez que v\u00e1rios desses ativos s\u00e3o absorvidos pela pele, caindo na corrente sangu\u00ednea, \u00e9 preciso um cuidado ainda maior em se tratando de pessoas com doen\u00e7as cr\u00f4nicas ou com algum hist\u00f3rico familiar de alergia a essas subst\u00e2ncias. No caso das gr\u00e1vidas, \u00e9 extremamente necess\u00e1ria uma avalia\u00e7\u00e3o m\u00e9dica anterior ao uso de <strong><em>qualquer <\/em><\/strong>produto para a pele, e n\u00e3o apenas de \u00e1cidos. Vale lembrar que muitos deles n\u00e3o s\u00e3o permitidos durante a gesta\u00e7\u00e3o.<\/p>\n","protected":false},"excerpt":{"rendered":"<p>Manchas de pele: voc\u00ea j\u00e1 teve? Elas costumam causar um grande desconforto em mulheres \u2014 mas n\u00e3o s\u00f3 nelas, em homens tamb\u00e9m! O que fazer quando elas surgem? \u00c9 poss\u00edvel trat\u00e1-las com produtos para serem usados em casa? Para entender melhor esse assunto, conversamos com o m\u00e9dico Jorge Menezes (CRM\/MG19854), cirurgi\u00e3o pl\u00e1stico e mestre em [&hellip;]<\/p>\n","protected":false},"author":1,"featured_media":4508,"comment_status":"closed","ping_status":"closed","sticky":false,"template":"","format":"standard","meta":{"_acf_changed":false,"footnotes":""},"categories":[37,4],"tags":[],"class_list":["post-3274","post","type-post","status-publish","format-standard","has-post-thumbnail","hentry","category-cuidados-pele","category-mais-beleza"],"acf":[],"yoast_head":"<!-- This site is optimized with the Yoast SEO plugin v24.3 - https:\/\/yoast.com\/wordpress\/plugins\/seo\/ -->\n<title>Como tratar manchas na pele?<\/title>\n<meta name=\"description\" content=\"Altera\u00e7\u00f5es na pele podem trazer desconforto, principalmente para mulheres. Clique aqui e saiba como tratar manchas na pele de forma eficaz!\" \/>\n<meta name=\"robots\" content=\"index, follow, max-snippet:-1, max-image-preview:large, max-video-preview:-1\" \/>\n<link rel=\"canonical\" href=\"https:\/\/araujo.com.br\/blog\/como-tratar-manchas-na-pele\/\" \/>\n<meta property=\"og:locale\" content=\"pt_BR\" \/>\n<meta property=\"og:type\" content=\"article\" \/>\n<meta property=\"og:title\" content=\"Como tratar manchas na pele?\" \/>\n<meta property=\"og:description\" content=\"Altera\u00e7\u00f5es na pele podem trazer desconforto, principalmente para mulheres. Clique aqui e saiba como tratar manchas na pele de forma eficaz!\" \/>\n<meta property=\"og:url\" content=\"https:\/\/araujo.com.br\/blog\/como-tratar-manchas-na-pele\/\" \/>\n<meta property=\"og:site_name\" content=\"Blog da Drogaria Araujo\" \/>\n<meta property=\"article:published_time\" content=\"2021-04-20T14:39:38+00:00\" \/>\n<meta property=\"article:modified_time\" content=\"2025-02-04T12:50:47+00:00\" \/>\n<meta property=\"og:image\" content=\"https:\/\/araujo.com.br\/blog\/wp-content\/uploads\/2021\/04\/manchas-na-pele.jpg\" \/>\n\t<meta property=\"og:image:width\" content=\"1498\" \/>\n\t<meta property=\"og:image:height\" content=\"889\" \/>\n\t<meta property=\"og:image:type\" content=\"image\/jpeg\" \/>\n<meta name=\"author\" content=\"Drogaria Araujo\" \/>\n<meta name=\"twitter:card\" content=\"summary_large_image\" \/>\n<meta name=\"twitter:label1\" content=\"Escrito por\" \/>\n\t<meta name=\"twitter:data1\" content=\"Drogaria Araujo\" \/>\n\t<meta name=\"twitter:label2\" content=\"Est. tempo de leitura\" \/>\n\t<meta name=\"twitter:data2\" content=\"6 minutos\" \/>\n<script type=\"application\/ld+json\" class=\"yoast-schema-graph\">{\"@context\":\"https:\/\/schema.org\",\"@graph\":[{\"@type\":\"WebPage\",\"@id\":\"https:\/\/araujo.com.br\/blog\/como-tratar-manchas-na-pele\/\",\"url\":\"https:\/\/araujo.com.br\/blog\/como-tratar-manchas-na-pele\/\",\"name\":\"Como tratar manchas na pele?\",\"isPartOf\":{\"@id\":\"https:\/\/araujo.com.br\/blog\/#website\"},\"primaryImageOfPage\":{\"@id\":\"https:\/\/araujo.com.br\/blog\/como-tratar-manchas-na-pele\/#primaryimage\"},\"image\":{\"@id\":\"https:\/\/araujo.com.br\/blog\/como-tratar-manchas-na-pele\/#primaryimage\"},\"thumbnailUrl\":\"https:\/\/araujo.com.br\/blog\/wp-content\/uploads\/2021\/04\/manchas-na-pele.jpg\",\"datePublished\":\"2021-04-20T14:39:38+00:00\",\"dateModified\":\"2025-02-04T12:50:47+00:00\",\"author\":{\"@id\":\"https:\/\/araujo.com.br\/blog\/#\/schema\/person\/4e2eac75cf0e2c6b079ef9a0df2ece83\"},\"description\":\"Altera\u00e7\u00f5es na pele podem trazer desconforto, principalmente para mulheres. Clique aqui e saiba como tratar manchas na pele de forma eficaz!\",\"breadcrumb\":{\"@id\":\"https:\/\/araujo.com.br\/blog\/como-tratar-manchas-na-pele\/#breadcrumb\"},\"inLanguage\":\"pt-BR\",\"potentialAction\":[{\"@type\":\"ReadAction\",\"target\":[\"https:\/\/araujo.com.br\/blog\/como-tratar-manchas-na-pele\/\"]}]},{\"@type\":\"ImageObject\",\"inLanguage\":\"pt-BR\",\"@id\":\"https:\/\/araujo.com.br\/blog\/como-tratar-manchas-na-pele\/#primaryimage\",\"url\":\"https:\/\/araujo.com.br\/blog\/wp-content\/uploads\/2021\/04\/manchas-na-pele.jpg\",\"contentUrl\":\"https:\/\/araujo.com.br\/blog\/wp-content\/uploads\/2021\/04\/manchas-na-pele.jpg\",\"width\":1498,\"height\":889,\"caption\":\"manchas na pele\"},{\"@type\":\"BreadcrumbList\",\"@id\":\"https:\/\/araujo.com.br\/blog\/como-tratar-manchas-na-pele\/#breadcrumb\",\"itemListElement\":[{\"@type\":\"ListItem\",\"position\":1,\"name\":\"In\u00edcio\",\"item\":\"https:\/\/araujo.com.br\/blog\/\"},{\"@type\":\"ListItem\",\"position\":2,\"name\":\"Como tratar manchas na pele?\"}]},{\"@type\":\"WebSite\",\"@id\":\"https:\/\/araujo.com.br\/blog\/#website\",\"url\":\"https:\/\/araujo.com.br\/blog\/\",\"name\":\"Blog da Drogaria Araujo\",\"description\":\"Conte\u00fado que faz bem? A Araujo tem!\",\"potentialAction\":[{\"@type\":\"SearchAction\",\"target\":{\"@type\":\"EntryPoint\",\"urlTemplate\":\"https:\/\/araujo.com.br\/blog\/?s={search_term_string}\"},\"query-input\":{\"@type\":\"PropertyValueSpecification\",\"valueRequired\":true,\"valueName\":\"search_term_string\"}}],\"inLanguage\":\"pt-BR\"},{\"@type\":\"Person\",\"@id\":\"https:\/\/araujo.com.br\/blog\/#\/schema\/person\/4e2eac75cf0e2c6b079ef9a0df2ece83\",\"name\":\"Drogaria Araujo\",\"image\":{\"@type\":\"ImageObject\",\"inLanguage\":\"pt-BR\",\"@id\":\"https:\/\/araujo.com.br\/blog\/#\/schema\/person\/image\/\",\"url\":\"https:\/\/secure.gravatar.com\/avatar\/33e54dec0cd79fc4b5e911c15f836c46ec8d0e452ecd3ca5f707bce0a3540a3b?s=96&d=mm&r=g\",\"contentUrl\":\"https:\/\/secure.gravatar.com\/avatar\/33e54dec0cd79fc4b5e911c15f836c46ec8d0e452ecd3ca5f707bce0a3540a3b?s=96&d=mm&r=g\",\"caption\":\"Drogaria Araujo\"},\"description\":\"Especialista em Sa\u00fade da Fam\u00edlia. M\u00e9dico e nutricionista.\",\"sameAs\":[\"https:\/\/araujo.com.br\/blog\"],\"url\":\"https:\/\/araujo.com.br\/blog\/author\/admin\/\"}]}<\/script>\n<!-- \/ Yoast SEO plugin. -->","yoast_head_json":{"title":"Como tratar manchas na pele?","description":"Altera\u00e7\u00f5es na pele podem trazer desconforto, principalmente para mulheres. Clique aqui e saiba como tratar manchas na pele de forma eficaz!","robots":{"index":"index","follow":"follow","max-snippet":"max-snippet:-1","max-image-preview":"max-image-preview:large","max-video-preview":"max-video-preview:-1"},"canonical":"https:\/\/araujo.com.br\/blog\/como-tratar-manchas-na-pele\/","og_locale":"pt_BR","og_type":"article","og_title":"Como tratar manchas na pele?","og_description":"Altera\u00e7\u00f5es na pele podem trazer desconforto, principalmente para mulheres. Clique aqui e saiba como tratar manchas na pele de forma eficaz!","og_url":"https:\/\/araujo.com.br\/blog\/como-tratar-manchas-na-pele\/","og_site_name":"Blog da Drogaria Araujo","article_published_time":"2021-04-20T14:39:38+00:00","article_modified_time":"2025-02-04T12:50:47+00:00","og_image":[{"width":1498,"height":889,"url":"https:\/\/araujo.com.br\/blog\/wp-content\/uploads\/2021\/04\/manchas-na-pele.jpg","type":"image\/jpeg"}],"author":"Drogaria Araujo","twitter_card":"summary_large_image","twitter_misc":{"Escrito por":"Drogaria Araujo","Est. tempo de leitura":"6 minutos"},"schema":{"@context":"https:\/\/schema.org","@graph":[{"@type":"WebPage","@id":"https:\/\/araujo.com.br\/blog\/como-tratar-manchas-na-pele\/","url":"https:\/\/araujo.com.br\/blog\/como-tratar-manchas-na-pele\/","name":"Como tratar manchas na pele?","isPartOf":{"@id":"https:\/\/araujo.com.br\/blog\/#website"},"primaryImageOfPage":{"@id":"https:\/\/araujo.com.br\/blog\/como-tratar-manchas-na-pele\/#primaryimage"},"image":{"@id":"https:\/\/araujo.com.br\/blog\/como-tratar-manchas-na-pele\/#primaryimage"},"thumbnailUrl":"https:\/\/araujo.com.br\/blog\/wp-content\/uploads\/2021\/04\/manchas-na-pele.jpg","datePublished":"2021-04-20T14:39:38+00:00","dateModified":"2025-02-04T12:50:47+00:00","author":{"@id":"https:\/\/araujo.com.br\/blog\/#\/schema\/person\/4e2eac75cf0e2c6b079ef9a0df2ece83"},"description":"Altera\u00e7\u00f5es na pele podem trazer desconforto, principalmente para mulheres. Clique aqui e saiba como tratar manchas na pele de forma eficaz!","breadcrumb":{"@id":"https:\/\/araujo.com.br\/blog\/como-tratar-manchas-na-pele\/#breadcrumb"},"inLanguage":"pt-BR","potentialAction":[{"@type":"ReadAction","target":["https:\/\/araujo.com.br\/blog\/como-tratar-manchas-na-pele\/"]}]},{"@type":"ImageObject","inLanguage":"pt-BR","@id":"https:\/\/araujo.com.br\/blog\/como-tratar-manchas-na-pele\/#primaryimage","url":"https:\/\/araujo.com.br\/blog\/wp-content\/uploads\/2021\/04\/manchas-na-pele.jpg","contentUrl":"https:\/\/araujo.com.br\/blog\/wp-content\/uploads\/2021\/04\/manchas-na-pele.jpg","width":1498,"height":889,"caption":"manchas na pele"},{"@type":"BreadcrumbList","@id":"https:\/\/araujo.com.br\/blog\/como-tratar-manchas-na-pele\/#breadcrumb","itemListElement":[{"@type":"ListItem","position":1,"name":"In\u00edcio","item":"https:\/\/araujo.com.br\/blog\/"},{"@type":"ListItem","position":2,"name":"Como tratar manchas na pele?"}]},{"@type":"WebSite","@id":"https:\/\/araujo.com.br\/blog\/#website","url":"https:\/\/araujo.com.br\/blog\/","name":"Blog da Drogaria Araujo","description":"Conte\u00fado que faz bem? A Araujo tem!","potentialAction":[{"@type":"SearchAction","target":{"@type":"EntryPoint","urlTemplate":"https:\/\/araujo.com.br\/blog\/?s={search_term_string}"},"query-input":{"@type":"PropertyValueSpecification","valueRequired":true,"valueName":"search_term_string"}}],"inLanguage":"pt-BR"},{"@type":"Person","@id":"https:\/\/araujo.com.br\/blog\/#\/schema\/person\/4e2eac75cf0e2c6b079ef9a0df2ece83","name":"Drogaria Araujo","image":{"@type":"ImageObject","inLanguage":"pt-BR","@id":"https:\/\/araujo.com.br\/blog\/#\/schema\/person\/image\/","url":"https:\/\/secure.gravatar.com\/avatar\/33e54dec0cd79fc4b5e911c15f836c46ec8d0e452ecd3ca5f707bce0a3540a3b?s=96&d=mm&r=g","contentUrl":"https:\/\/secure.gravatar.com\/avatar\/33e54dec0cd79fc4b5e911c15f836c46ec8d0e452ecd3ca5f707bce0a3540a3b?s=96&d=mm&r=g","caption":"Drogaria Araujo"},"description":"Especialista em Sa\u00fade da Fam\u00edlia. M\u00e9dico e nutricionista.","sameAs":["https:\/\/araujo.com.br\/blog"],"url":"https:\/\/araujo.com.br\/blog\/author\/admin\/"}]}},"_links":{"self":[{"href":"https:\/\/araujo.com.br\/blog\/wp-json\/wp\/v2\/posts\/3274","targetHints":{"allow":["GET"]}}],"collection":[{"href":"https:\/\/araujo.com.br\/blog\/wp-json\/wp\/v2\/posts"}],"about":[{"href":"https:\/\/araujo.com.br\/blog\/wp-json\/wp\/v2\/types\/post"}],"author":[{"embeddable":true,"href":"https:\/\/araujo.com.br\/blog\/wp-json\/wp\/v2\/users\/1"}],"replies":[{"embeddable":true,"href":"https:\/\/araujo.com.br\/blog\/wp-json\/wp\/v2\/comments?post=3274"}],"version-history":[{"count":5,"href":"https:\/\/araujo.com.br\/blog\/wp-json\/wp\/v2\/posts\/3274\/revisions"}],"predecessor-version":[{"id":4712,"href":"https:\/\/araujo.com.br\/blog\/wp-json\/wp\/v2\/posts\/3274\/revisions\/4712"}],"wp:featuredmedia":[{"embeddable":true,"href":"https:\/\/araujo.com.br\/blog\/wp-json\/wp\/v2\/media\/4508"}],"wp:attachment":[{"href":"https:\/\/araujo.com.br\/blog\/wp-json\/wp\/v2\/media?parent=3274"}],"wp:term":[{"taxonomy":"category","embeddable":true,"href":"https:\/\/araujo.com.br\/blog\/wp-json\/wp\/v2\/categories?post=3274"},{"taxonomy":"post_tag","embeddable":true,"href":"https:\/\/araujo.com.br\/blog\/wp-json\/wp\/v2\/tags?post=3274"}],"curies":[{"name":"wp","href":"https:\/\/api.w.org\/{rel}","templated":true}]}}