{"id":3365,"date":"2022-06-07T20:22:10","date_gmt":"2022-06-07T17:22:10","guid":{"rendered":"http:\/\/blog-qas.araujo.com.br\/como-usar-vitamina-c-para-o-rosto\/"},"modified":"2025-02-10T16:05:02","modified_gmt":"2025-02-10T13:05:02","slug":"vitamina-c-para-o-rosto","status":"publish","type":"post","link":"https:\/\/araujo.com.br\/blog\/vitamina-c-para-o-rosto\/","title":{"rendered":"Vitamina C para o rosto: conhe\u00e7a os benef\u00edcios"},"content":{"rendered":"<p><span style=\"font-weight: 400;\">A vitamina C \u00e9 um verdadeiro coringa do <\/span><a href=\"https:\/\/araujo.com.br\/blog\/skincare-diurno-e-noturno\/\" target=\"_blank\" rel=\"noopener noreferrer\"><i><span style=\"font-weight: 400;\">skincare<\/span><\/i><\/a><span style=\"font-weight: 400;\">: \u00e9 multifuncional e pode ser usada por todos os tipos de pele. Uma das suas principais caracter\u00edsticas \u00e9 o <\/span><b>efeito <\/b><b><i>peeling<\/i><\/b><span style=\"font-weight: 400;\">, ou seja, ela \u00e9 capaz de retirar as c\u00e9lulas mortas, fazendo surgir uma pele renovada, com mais firmeza, brilho e vi\u00e7o.\u00a0<\/span><\/p>\n<p><span style=\"font-weight: 400;\">Al\u00e9m de um <\/span><b>poderoso rejuvenescedor<\/b><span style=\"font-weight: 400;\">, ela oferece ainda outros diversos benef\u00edcios, como nos explica o <strong>m\u00e9dico Jorge Menezes &#8211; CRM\/MG 19854 (@esthetic.care)<\/strong>, cirurgi\u00e3o pl\u00e1stico e mestre em cirurgia pl\u00e1stica pela Universidade Federal de S\u00e3o Paulo. Conhe\u00e7a mais sobre o uso da vitamina c no rosto e saiba como inseri-la na rotina de cuidados de uma forma descomplicada.<\/span><\/p>\n<h2>O que \u00e9 a vitamina C?<\/h2>\n<p><span style=\"font-weight: 400;\">A vitamina C (ou \u00e1cido asc\u00f3rbico) \u00e9 uma vitamina essencial para o organismo, apesar de n\u00e3o ser produzida por ele. Ela \u00e9 importante, por exemplo, para que o sistema\u00a0 imunol\u00f3gico funcione a todo vapor, para a boa sa\u00fade dos ossos, da circula\u00e7\u00e3o sangu\u00ednea, entre outros.\u00a0<\/span><\/p>\n<p><span style=\"font-weight: 400;\">Na ind\u00fastria farmac\u00eautica, ela est\u00e1 presente desde o in\u00edcio do s\u00e9culo passado em tratamentos para a pele do rosto, sendo dos mais antigos que existem. Inicialmente, ele era feito somente por m\u00e9dicos, em cl\u00ednicas e com todo um preparo especializado. Foi s\u00f3 depois que a ind\u00fastria descobriu que, numa nova concentra\u00e7\u00e3o, o <\/span><i><span style=\"font-weight: 400;\">peeling<\/span><\/i><span style=\"font-weight: 400;\"> com \u00e1cido asc\u00f3rbico podia ser usado tamb\u00e9m domesticamente, permitindo com que seus benef\u00edcios estivessem acess\u00edveis a muito mais gente. Desde ent\u00e3o, a vitamina C tornou-se queridinha do <\/span><i><span style=\"font-weight: 400;\">skincare<\/span><\/i><span style=\"font-weight: 400;\">.\u00a0<\/span><\/p>\n<h2>Quais os benef\u00edcios da vitamina C para o rosto?<\/h2>\n<p><span style=\"font-weight: 400;\">S\u00e3o v\u00e1rios! Com a palavra, o m\u00e9dico Jorge Menezes:<\/span><\/p>\n<ol>\n<li><strong> Ameniza rugas e linhas de express\u00e3o:<\/strong> <span style=\"font-weight: 400;\">\u201cA vitamina C promove um <\/span><i><span style=\"font-weight: 400;\">turn over<\/span><\/i><span style=\"font-weight: 400;\"> na pele (renova\u00e7\u00e3o celular epid\u00e9rmica) ao retirar coberturas envelhecidas e permitir que uma nova (que estava em camadas mais profundas) venha \u00e0 tona. Esta superficializa\u00e7\u00e3o da pele faz com que ela surja agora sem manchas, com menos rugas e linhas de express\u00e3o. Esse \u00e9 o grande poder de rejuvenescimento da vitamina C\u201d.<\/span><\/li>\n<li><strong> Hidrata a pele:<\/strong><span style=\"font-weight: 400;\"> \u201cTodas as vezes que ela promove essa renova\u00e7\u00e3o, tirando a parte envelhecida e deixando vir \u00e0 tona uma mais nova, ela confere uma hidrata\u00e7\u00e3o maior \u00e0 pele. E isso porque a pele jovem que chega \u00e9 mais vi\u00e7osa, mais bonita; h\u00e1 ali um tecido cut\u00e2neo novo, com um metabolismo que traz jovialidade e um brilho como um todo. Ela tamb\u00e9m possui propriedades hidratantes capazes de impedir a perda de \u00e1gua da barreira natural da pele\u201d.\u00a0<\/span><\/li>\n<li><strong> Evita o envelhecimento precoce da pele:<\/strong> <span style=\"font-weight: 400;\">\u201cA vitamina C tem a\u00e7\u00e3o antioxidante, ou seja, ela protege a pele contra as agress\u00f5es provocadas por mol\u00e9culas que aceleram o processo de envelhecimento da pele (os radicais livres). Al\u00e9m disso, os produtos com vitamina C estimulam a forma\u00e7\u00e3o do col\u00e1geno, que d\u00e1 firmeza e t\u00f4nus \u00e0 pele\u201d.\u00a0<\/span><\/li>\n<li><strong> Clareia a pele:<\/strong><span style=\"font-weight: 400;\"> \u201cUma das primeiras coisas que a vitamina C promove \u00e9 o clareamento, justamente pelo efeito <\/span><i><span style=\"font-weight: 400;\">peeling<\/span><\/i><span style=\"font-weight: 400;\"> que retira c\u00e9lulas mortas e, com elas, um bocado das manchas de sol, cicatrizes de acne, entre outros\u201d.<\/span><\/li>\n<li><strong> Protege a pele do sol e da polui\u00e7\u00e3o: <\/strong><span style=\"font-weight: 400;\">\u201cEla protege a pele do sol, principalmente dos danos provocados pelos raios UVA e UVB, que s\u00e3o os grandes envelhecedores cut\u00e2neos. Ela oferece ainda prote\u00e7\u00e3o contra a polui\u00e7\u00e3o ao criar uma barreira na pele que impede que estes poluentes (fuligem, poeira, fuma\u00e7a de cigarro, etc) se impregnem na pele, provocando a obstru\u00e7\u00e3o de poros\u201d.\u00a0<\/span><\/li>\n<\/ol>\n<h2>A vitamina C funciona em todos os tipos de pele?<\/h2>\n<p><span style=\"font-weight: 400;\">Sim! Ela \u00e9 superdemocr\u00e1tica, funciona em todos os tipos de pele, sem exce\u00e7\u00e3o. O m\u00e9dico explica que houve uma \u00e9poca em que seu uso ficava restrito a alguns fototipos da escala de Fitzpatrick, uma classifica\u00e7\u00e3o que cont\u00e9m 6 fototipos cut\u00e2neos diferentes que variam de acordo com a quantidade de melanina (subst\u00e2ncia que d\u00e1 cor \u00e0 pele). Ela vai de 1 a 6, come\u00e7ando pelas peles mais claras e chegando \u00e0s mais escuras. \u201cExistia um receio de usar nas peles tipo 4, 5 e 6 por medo de queimaduras. Hoje, felizmente, \u00e9 poss\u00edvel us\u00e1-la em todos os tipos de pele com a manipula\u00e7\u00e3o em determinados tipos de concentra\u00e7\u00e3o, e todas as peles t\u00eam ganho com o seu uso\u201d, explica o m\u00e9dico.<\/span><\/p>\n<h2>Qual a melhor vitamina C para o rosto?<\/h2>\n<p><span style=\"font-weight: 400;\">Vale dizer que existe a vitamina C pura e a derivada e que, quanto maior a sua concentra\u00e7\u00e3o em cremes e s\u00e9runs, maior seu potencial. Contudo, isso n\u00e3o significa que uma maior concentra\u00e7\u00e3o ser\u00e1, necessariamente, melhor. Por isso, \u00e9 t\u00e3o importante o acompanhamento feito por dermatologista ou cirurgi\u00e3o pl\u00e1stico para uma avalia\u00e7\u00e3o individualizada. \u00c9 preciso fazer um diagn\u00f3stico considerando os diferentes tipos de pele, ressalta Jorge Menezes, pois cada pele tem especificidades quanto ao uso da vitamina C.<\/span><\/p>\n<ul>\n<li style=\"font-weight: 400;\" aria-level=\"1\"><b>Pele acneica:<\/b><span style=\"font-weight: 400;\"> \u201cPor ser uma pele muito oleosa, a vitamina C tem nela uma a\u00e7\u00e3o efetiva na forma de redu\u00e7\u00e3o de oleosidade e em uma concentra\u00e7\u00e3o que mata as bact\u00e9rias que provocam a espinha (acne)\u201d.<\/span><\/li>\n<li style=\"font-weight: 400;\" aria-level=\"1\"><b>Pele seca: <\/b><span style=\"font-weight: 400;\">\u201c\u00c9 uma pele que precisa de um cuidado maior, pois j\u00e1 sofre no dia a dia com as a\u00e7\u00f5es do vento, da polui\u00e7\u00e3o; \u00e9 uma pele que requer uma concentra\u00e7\u00e3o mais baixa de vitamina C. Entretanto, os resultados s\u00e3o igualmente satisfat\u00f3rios, especialmente na \u00e1rea de rejuvenescimento cut\u00e2neo\u201d. <\/span><\/li>\n<li style=\"font-weight: 400;\" aria-level=\"1\"><b>Pele madura: <\/b><span style=\"font-weight: 400;\">\u201c\u00c9 poss\u00edvel fazer uso de uma concentra\u00e7\u00e3o mais forte. Como a pele j\u00e1 \u00e9 madura, \u00e9 poss\u00edvel que ela tenha pequenos sinais de envelhecimento, com ruguinhas e linhas de express\u00e3o. Uma concentra\u00e7\u00e3o maior vai promover uma agress\u00e3o maior do \u00e1cido asc\u00f3rbico sobre a pele, trazendo um resultado eficiente\u201d.\u00a0<\/span><\/li>\n<\/ul>\n<h2>Como usar vitamina C no rosto?<\/h2>\n<p><span style=\"font-weight: 400;\">Uma boa medida \u00e9 aplic\u00e1-la uma vez por dia, ap\u00f3s fazer a higiene do rosto com produtos espec\u00edficos para o tipo de pele. De acordo com o m\u00e9dico, no amplo universo da vitamina C (pura e derivada), o mais utilizado nos dias atuais \u00e9 o s\u00e9rum, que \u00e9 o interm\u00e9dio entre um creme e um l\u00edquido. \u201cEle \u00e9 mais oleoso, tem uma aplica\u00e7\u00e3o mais f\u00e1cil, mais efetiva, com uma dura\u00e7\u00e3o de contato maior\u201d, diz. A aplica\u00e7\u00e3o deve ser feita do centro para a extremidade do rosto e, pr\u00f3ximo \u00e0 regi\u00e3o dos olhos, sempre com movimentos circulares contr\u00e1rios \u00e0 gravidade.<\/span><\/p>\n<p><span style=\"font-weight: 400;\">O m\u00e9dico explica ainda que o uso combinado da vitamina C com um protetor solar oferece resultados melhores. Quando usada antes do protetor solar, a vitamina oferece uma esp\u00e9cie de escudo antioxidante e, ao mesmo tempo, o fator de prote\u00e7\u00e3o garante que o efeito da vitamina C seja prolongado.<\/span><\/p>\n<p><span style=\"font-weight: 400;\">&#8220;Al\u00e9m do protetor solar, voc\u00ea pode usar a vitamina C sozinha ou associada a outros produtos, como os hidratantes (especialmente em peles secas) e outros \u00e1cidos. <\/span><\/p>\n<p><span style=\"font-weight: 400;\">H\u00e1 combina\u00e7\u00f5es que, comprovadamente, oferecem \u00f3timos resultados como com o \u00e1cido hialur\u00f4nico, com bioestimuladores, entre outros. Al\u00e9m dos efeitos do rejuvenescimento provocados pela vitamina C, o uso combinado trar\u00e1 uma estimula\u00e7\u00e3o do col\u00e1geno, uma hidrata\u00e7\u00e3o maior da pele, ou seja, uma prote\u00e7\u00e3o acentuada.<\/span><\/p>\n<p><span style=\"font-weight: 400;\"> Consulte sempre seu m\u00e9dico. S\u00f3 ele poder\u00e1 dizer qual mix pode ser usado de vitamina C com outro produto, dando este efeito duplo ou triplo\u201d, diz o m\u00e9dico.<\/span><\/p>\n<p>Para dar aquele g\u00e1s na imunidade, a <a href=\"https:\/\/www.araujo.com.br\/busca?q=bio+c&amp;lang=pt_BR\">BIO-C<\/a> tem uma gama de produtos incr\u00edveis, com sabores variados para voc\u00ea aproveitar os benef\u00edcios da vitamina C todos os dias. Acesse nosso site e garanta a sua!<\/p>\n\n\n<p><\/p>\n","protected":false},"excerpt":{"rendered":"<p>A vitamina C \u00e9 um verdadeiro coringa do skincare: \u00e9 multifuncional e pode ser usada por todos os tipos de pele. Uma das suas principais caracter\u00edsticas \u00e9 o efeito peeling, ou seja, ela \u00e9 capaz de retirar as c\u00e9lulas mortas, fazendo surgir uma pele renovada, com mais firmeza, brilho e vi\u00e7o.\u00a0 Al\u00e9m de um poderoso [&hellip;]<\/p>\n","protected":false},"author":1,"featured_media":3361,"comment_status":"closed","ping_status":"closed","sticky":false,"template":"","format":"standard","meta":{"_acf_changed":false,"footnotes":""},"categories":[37,4],"tags":[],"class_list":["post-3365","post","type-post","status-publish","format-standard","has-post-thumbnail","hentry","category-cuidados-pele","category-mais-beleza"],"acf":[],"yoast_head":"<!-- This site is optimized with the Yoast SEO plugin v24.3 - https:\/\/yoast.com\/wordpress\/plugins\/seo\/ -->\n<title>Vitamina C para o rosto: conhe\u00e7a os benef\u00edcios<\/title>\n<meta name=\"description\" content=\"A vitamina C traz diversos benef\u00edcios para o corpo, inclusive para a pele. Conhe\u00e7a os benef\u00edcios da vitamina C para o rosto e como us\u00e1-la aqui!\" \/>\n<meta name=\"robots\" content=\"index, follow, max-snippet:-1, max-image-preview:large, max-video-preview:-1\" \/>\n<link rel=\"canonical\" href=\"https:\/\/araujo.com.br\/blog\/vitamina-c-para-o-rosto\/\" \/>\n<meta property=\"og:locale\" content=\"pt_BR\" \/>\n<meta property=\"og:type\" content=\"article\" \/>\n<meta property=\"og:title\" content=\"Vitamina C para o rosto: conhe\u00e7a os benef\u00edcios\" \/>\n<meta property=\"og:description\" content=\"A vitamina C traz diversos benef\u00edcios para o corpo, inclusive para a pele. Conhe\u00e7a os benef\u00edcios da vitamina C para o rosto e como us\u00e1-la aqui!\" \/>\n<meta property=\"og:url\" content=\"https:\/\/araujo.com.br\/blog\/vitamina-c-para-o-rosto\/\" \/>\n<meta property=\"og:site_name\" content=\"Blog da Drogaria Araujo\" \/>\n<meta property=\"article:published_time\" content=\"2022-06-07T17:22:10+00:00\" \/>\n<meta property=\"article:modified_time\" content=\"2025-02-10T13:05:02+00:00\" \/>\n<meta property=\"og:image\" content=\"https:\/\/araujo.com.br\/blog\/wp-content\/uploads\/2022\/05\/760X340.png\" \/>\n\t<meta property=\"og:image:width\" content=\"760\" \/>\n\t<meta property=\"og:image:height\" content=\"340\" \/>\n\t<meta property=\"og:image:type\" content=\"image\/png\" \/>\n<meta name=\"author\" content=\"Drogaria Araujo\" \/>\n<meta name=\"twitter:card\" content=\"summary_large_image\" \/>\n<meta name=\"twitter:label1\" content=\"Escrito por\" \/>\n\t<meta name=\"twitter:data1\" content=\"Drogaria Araujo\" \/>\n\t<meta name=\"twitter:label2\" content=\"Est. tempo de leitura\" \/>\n\t<meta name=\"twitter:data2\" content=\"7 minutos\" \/>\n<script type=\"application\/ld+json\" class=\"yoast-schema-graph\">{\"@context\":\"https:\/\/schema.org\",\"@graph\":[{\"@type\":\"WebPage\",\"@id\":\"https:\/\/araujo.com.br\/blog\/vitamina-c-para-o-rosto\/\",\"url\":\"https:\/\/araujo.com.br\/blog\/vitamina-c-para-o-rosto\/\",\"name\":\"Vitamina C para o rosto: conhe\u00e7a os benef\u00edcios\",\"isPartOf\":{\"@id\":\"https:\/\/araujo.com.br\/blog\/#website\"},\"primaryImageOfPage\":{\"@id\":\"https:\/\/araujo.com.br\/blog\/vitamina-c-para-o-rosto\/#primaryimage\"},\"image\":{\"@id\":\"https:\/\/araujo.com.br\/blog\/vitamina-c-para-o-rosto\/#primaryimage\"},\"thumbnailUrl\":\"https:\/\/araujo.com.br\/blog\/wp-content\/uploads\/2022\/05\/760X340.png\",\"datePublished\":\"2022-06-07T17:22:10+00:00\",\"dateModified\":\"2025-02-10T13:05:02+00:00\",\"author\":{\"@id\":\"https:\/\/araujo.com.br\/blog\/#\/schema\/person\/4e2eac75cf0e2c6b079ef9a0df2ece83\"},\"description\":\"A vitamina C traz diversos benef\u00edcios para o corpo, inclusive para a pele. Conhe\u00e7a os benef\u00edcios da vitamina C para o rosto e como us\u00e1-la aqui!\",\"breadcrumb\":{\"@id\":\"https:\/\/araujo.com.br\/blog\/vitamina-c-para-o-rosto\/#breadcrumb\"},\"inLanguage\":\"pt-BR\",\"potentialAction\":[{\"@type\":\"ReadAction\",\"target\":[\"https:\/\/araujo.com.br\/blog\/vitamina-c-para-o-rosto\/\"]}]},{\"@type\":\"ImageObject\",\"inLanguage\":\"pt-BR\",\"@id\":\"https:\/\/araujo.com.br\/blog\/vitamina-c-para-o-rosto\/#primaryimage\",\"url\":\"https:\/\/araujo.com.br\/blog\/wp-content\/uploads\/2022\/05\/760X340.png\",\"contentUrl\":\"https:\/\/araujo.com.br\/blog\/wp-content\/uploads\/2022\/05\/760X340.png\",\"width\":760,\"height\":340,\"caption\":\"mulher aplicando cleansing oil\"},{\"@type\":\"BreadcrumbList\",\"@id\":\"https:\/\/araujo.com.br\/blog\/vitamina-c-para-o-rosto\/#breadcrumb\",\"itemListElement\":[{\"@type\":\"ListItem\",\"position\":1,\"name\":\"In\u00edcio\",\"item\":\"https:\/\/araujo.com.br\/blog\/\"},{\"@type\":\"ListItem\",\"position\":2,\"name\":\"Vitamina C para o rosto: conhe\u00e7a os benef\u00edcios\"}]},{\"@type\":\"WebSite\",\"@id\":\"https:\/\/araujo.com.br\/blog\/#website\",\"url\":\"https:\/\/araujo.com.br\/blog\/\",\"name\":\"Blog da Drogaria Araujo\",\"description\":\"Conte\u00fado que faz bem? A Araujo tem!\",\"potentialAction\":[{\"@type\":\"SearchAction\",\"target\":{\"@type\":\"EntryPoint\",\"urlTemplate\":\"https:\/\/araujo.com.br\/blog\/?s={search_term_string}\"},\"query-input\":{\"@type\":\"PropertyValueSpecification\",\"valueRequired\":true,\"valueName\":\"search_term_string\"}}],\"inLanguage\":\"pt-BR\"},{\"@type\":\"Person\",\"@id\":\"https:\/\/araujo.com.br\/blog\/#\/schema\/person\/4e2eac75cf0e2c6b079ef9a0df2ece83\",\"name\":\"Drogaria Araujo\",\"image\":{\"@type\":\"ImageObject\",\"inLanguage\":\"pt-BR\",\"@id\":\"https:\/\/araujo.com.br\/blog\/#\/schema\/person\/image\/\",\"url\":\"https:\/\/secure.gravatar.com\/avatar\/33e54dec0cd79fc4b5e911c15f836c46ec8d0e452ecd3ca5f707bce0a3540a3b?s=96&d=mm&r=g\",\"contentUrl\":\"https:\/\/secure.gravatar.com\/avatar\/33e54dec0cd79fc4b5e911c15f836c46ec8d0e452ecd3ca5f707bce0a3540a3b?s=96&d=mm&r=g\",\"caption\":\"Drogaria Araujo\"},\"description\":\"Especialista em Sa\u00fade da Fam\u00edlia. M\u00e9dico e nutricionista.\",\"sameAs\":[\"https:\/\/araujo.com.br\/blog\"],\"url\":\"https:\/\/araujo.com.br\/blog\/author\/admin\/\"}]}<\/script>\n<!-- \/ Yoast SEO plugin. -->","yoast_head_json":{"title":"Vitamina C para o rosto: conhe\u00e7a os benef\u00edcios","description":"A vitamina C traz diversos benef\u00edcios para o corpo, inclusive para a pele. Conhe\u00e7a os benef\u00edcios da vitamina C para o rosto e como us\u00e1-la aqui!","robots":{"index":"index","follow":"follow","max-snippet":"max-snippet:-1","max-image-preview":"max-image-preview:large","max-video-preview":"max-video-preview:-1"},"canonical":"https:\/\/araujo.com.br\/blog\/vitamina-c-para-o-rosto\/","og_locale":"pt_BR","og_type":"article","og_title":"Vitamina C para o rosto: conhe\u00e7a os benef\u00edcios","og_description":"A vitamina C traz diversos benef\u00edcios para o corpo, inclusive para a pele. Conhe\u00e7a os benef\u00edcios da vitamina C para o rosto e como us\u00e1-la aqui!","og_url":"https:\/\/araujo.com.br\/blog\/vitamina-c-para-o-rosto\/","og_site_name":"Blog da Drogaria Araujo","article_published_time":"2022-06-07T17:22:10+00:00","article_modified_time":"2025-02-10T13:05:02+00:00","og_image":[{"width":760,"height":340,"url":"https:\/\/araujo.com.br\/blog\/wp-content\/uploads\/2022\/05\/760X340.png","type":"image\/png"}],"author":"Drogaria Araujo","twitter_card":"summary_large_image","twitter_misc":{"Escrito por":"Drogaria Araujo","Est. tempo de leitura":"7 minutos"},"schema":{"@context":"https:\/\/schema.org","@graph":[{"@type":"WebPage","@id":"https:\/\/araujo.com.br\/blog\/vitamina-c-para-o-rosto\/","url":"https:\/\/araujo.com.br\/blog\/vitamina-c-para-o-rosto\/","name":"Vitamina C para o rosto: conhe\u00e7a os benef\u00edcios","isPartOf":{"@id":"https:\/\/araujo.com.br\/blog\/#website"},"primaryImageOfPage":{"@id":"https:\/\/araujo.com.br\/blog\/vitamina-c-para-o-rosto\/#primaryimage"},"image":{"@id":"https:\/\/araujo.com.br\/blog\/vitamina-c-para-o-rosto\/#primaryimage"},"thumbnailUrl":"https:\/\/araujo.com.br\/blog\/wp-content\/uploads\/2022\/05\/760X340.png","datePublished":"2022-06-07T17:22:10+00:00","dateModified":"2025-02-10T13:05:02+00:00","author":{"@id":"https:\/\/araujo.com.br\/blog\/#\/schema\/person\/4e2eac75cf0e2c6b079ef9a0df2ece83"},"description":"A vitamina C traz diversos benef\u00edcios para o corpo, inclusive para a pele. Conhe\u00e7a os benef\u00edcios da vitamina C para o rosto e como us\u00e1-la aqui!","breadcrumb":{"@id":"https:\/\/araujo.com.br\/blog\/vitamina-c-para-o-rosto\/#breadcrumb"},"inLanguage":"pt-BR","potentialAction":[{"@type":"ReadAction","target":["https:\/\/araujo.com.br\/blog\/vitamina-c-para-o-rosto\/"]}]},{"@type":"ImageObject","inLanguage":"pt-BR","@id":"https:\/\/araujo.com.br\/blog\/vitamina-c-para-o-rosto\/#primaryimage","url":"https:\/\/araujo.com.br\/blog\/wp-content\/uploads\/2022\/05\/760X340.png","contentUrl":"https:\/\/araujo.com.br\/blog\/wp-content\/uploads\/2022\/05\/760X340.png","width":760,"height":340,"caption":"mulher aplicando cleansing oil"},{"@type":"BreadcrumbList","@id":"https:\/\/araujo.com.br\/blog\/vitamina-c-para-o-rosto\/#breadcrumb","itemListElement":[{"@type":"ListItem","position":1,"name":"In\u00edcio","item":"https:\/\/araujo.com.br\/blog\/"},{"@type":"ListItem","position":2,"name":"Vitamina C para o rosto: conhe\u00e7a os benef\u00edcios"}]},{"@type":"WebSite","@id":"https:\/\/araujo.com.br\/blog\/#website","url":"https:\/\/araujo.com.br\/blog\/","name":"Blog da Drogaria Araujo","description":"Conte\u00fado que faz bem? A Araujo tem!","potentialAction":[{"@type":"SearchAction","target":{"@type":"EntryPoint","urlTemplate":"https:\/\/araujo.com.br\/blog\/?s={search_term_string}"},"query-input":{"@type":"PropertyValueSpecification","valueRequired":true,"valueName":"search_term_string"}}],"inLanguage":"pt-BR"},{"@type":"Person","@id":"https:\/\/araujo.com.br\/blog\/#\/schema\/person\/4e2eac75cf0e2c6b079ef9a0df2ece83","name":"Drogaria Araujo","image":{"@type":"ImageObject","inLanguage":"pt-BR","@id":"https:\/\/araujo.com.br\/blog\/#\/schema\/person\/image\/","url":"https:\/\/secure.gravatar.com\/avatar\/33e54dec0cd79fc4b5e911c15f836c46ec8d0e452ecd3ca5f707bce0a3540a3b?s=96&d=mm&r=g","contentUrl":"https:\/\/secure.gravatar.com\/avatar\/33e54dec0cd79fc4b5e911c15f836c46ec8d0e452ecd3ca5f707bce0a3540a3b?s=96&d=mm&r=g","caption":"Drogaria Araujo"},"description":"Especialista em Sa\u00fade da Fam\u00edlia. M\u00e9dico e nutricionista.","sameAs":["https:\/\/araujo.com.br\/blog"],"url":"https:\/\/araujo.com.br\/blog\/author\/admin\/"}]}},"_links":{"self":[{"href":"https:\/\/araujo.com.br\/blog\/wp-json\/wp\/v2\/posts\/3365","targetHints":{"allow":["GET"]}}],"collection":[{"href":"https:\/\/araujo.com.br\/blog\/wp-json\/wp\/v2\/posts"}],"about":[{"href":"https:\/\/araujo.com.br\/blog\/wp-json\/wp\/v2\/types\/post"}],"author":[{"embeddable":true,"href":"https:\/\/araujo.com.br\/blog\/wp-json\/wp\/v2\/users\/1"}],"replies":[{"embeddable":true,"href":"https:\/\/araujo.com.br\/blog\/wp-json\/wp\/v2\/comments?post=3365"}],"version-history":[{"count":3,"href":"https:\/\/araujo.com.br\/blog\/wp-json\/wp\/v2\/posts\/3365\/revisions"}],"predecessor-version":[{"id":4809,"href":"https:\/\/araujo.com.br\/blog\/wp-json\/wp\/v2\/posts\/3365\/revisions\/4809"}],"wp:featuredmedia":[{"embeddable":true,"href":"https:\/\/araujo.com.br\/blog\/wp-json\/wp\/v2\/media\/3361"}],"wp:attachment":[{"href":"https:\/\/araujo.com.br\/blog\/wp-json\/wp\/v2\/media?parent=3365"}],"wp:term":[{"taxonomy":"category","embeddable":true,"href":"https:\/\/araujo.com.br\/blog\/wp-json\/wp\/v2\/categories?post=3365"},{"taxonomy":"post_tag","embeddable":true,"href":"https:\/\/araujo.com.br\/blog\/wp-json\/wp\/v2\/tags?post=3365"}],"curies":[{"name":"wp","href":"https:\/\/api.w.org\/{rel}","templated":true}]}}