{"id":3374,"date":"2022-06-23T18:24:14","date_gmt":"2022-06-23T15:24:14","guid":{"rendered":"http:\/\/blog-qas.araujo.com.br\/treino-funcional\/"},"modified":"2025-02-04T00:42:29","modified_gmt":"2025-02-03T21:42:29","slug":"treino-funcional","status":"publish","type":"post","link":"https:\/\/araujo.com.br\/blog\/treino-funcional\/","title":{"rendered":"Treino Funcional: o que \u00e9, benef\u00edcios e exerc\u00edcios"},"content":{"rendered":"<p style=\"text-align: left;\"><span style=\"font-weight: 400;\"><a href=\"https:\/\/araujo.com.br\/blog\/exercicio-fisico\">Exerc\u00edcios<\/a> din\u00e2micos, que podem ser feitos em qualquer lugar e que oferecem benef\u00edcios para a sa\u00fade do corpo e da mente. Conhe\u00e7a mais sobre o<\/span><b> treinamento funcional<\/b><span style=\"font-weight: 400;\">, pr\u00e1tica que tem ganhado novos adeptos e \u00e9 uma febre especialmente entre quem busca aumentar a massa magra do corpo.<\/span><\/p>\n<p><span style=\"font-weight: 400;\">Conversamos com o personal trainer Marcus Carvalho (@marcuscarvalhopersonal), formado em Educa\u00e7\u00e3o F\u00edsica CREF\/MG 16495 e p\u00f3s-graduado em Bases Fisiol\u00f3gicas do Treinamento Personalizado e Nutri\u00e7\u00e3o Esportiva,\u00a0 para conhecer sobre\u00a0 alguns exerc\u00edcios de treinamento funcional e seus benef\u00edcios.<\/span><\/p>\n<h2>O que \u00e9 treino funcional?<\/h2>\n<p><span style=\"font-weight: 400;\">\u00c9 um m\u00e9todo de atividade f\u00edsica realizado com materiais como halteres, corda, bola, fita de suspens\u00e3o, disco de equil\u00edbrio e at\u00e9 o pr\u00f3prio peso do corpo. Ele imita movimentos realizados no dia a dia, como sentar, agachar, empurrar ou carregar um objeto, e costuma ser executado em forma de circuito. O intuito \u00e9 trabalhar, de forma integrada, v\u00e1rias capacidades f\u00edsicas, como for\u00e7a, flexibilidade, resist\u00eancia cardiorrespirat\u00f3ria, equil\u00edbrio e alongamento.<\/span><\/p>\n<h2>Para que serve o treino funcional? <span style=\"font-weight: 400;\">\u00a0<\/span>Quais os benef\u00edcios?<\/h2>\n<ol>\n<li><b> Fortalecimento dos m\u00fasculos e melhora da postura:<\/b><span style=\"font-weight: 400;\"><span style=\"font-weight: 400;\"> o treino funcional desenvolve a consci\u00eancia corporal e trabalha a musculatura que circunda nosso centro de gravidade, ou seja, aquela que sustenta e estabiliza muitos dos movimentos que o corpo desempenha. Por esse motivo, o treino tamb\u00e9m auxilia\u00a0 o corpo a manter sua postura ereta.<\/span><\/span><\/li>\n<li><b> Resist\u00eancia cardiorrespirat\u00f3ria:<\/b><span style=\"font-weight: 400;\"><span style=\"font-weight: 400;\"> devido ao tipo de movimentos que o treinamento funcional demanda, com velocidade na execu\u00e7\u00e3o e n\u00edveis altos de esfor\u00e7o, ele melhora o condicionamento f\u00edsico do praticante e oferece um importante ganho na capacidade cardiovascular.<\/span><\/span><\/li>\n<li><b> Boa rela\u00e7\u00e3o tempo x resultados:<\/b><span style=\"font-weight: 400;\"><span style=\"font-weight: 400;\"> com planejamento e acompanhamento profissional, os resultados podem surgir em menor tempo quando comparado a atividades afins. Al\u00e9m disso, os exerc\u00edcios do treino funcional n\u00e3o s\u00e3o isolados, mas encadeados em sequ\u00eancia e nada entediantes. Isso contribui consideravelmente para o resultado, no sentido de o praticante manter-se motivado e regular na atividade.<\/span><\/span><\/li>\n<li><b> Fortalecimento corporal: <\/b><span style=\"font-weight: 400;\">o treinamento funcional melhora o desempenho corporal como um todo, oferecendo<\/span> <span style=\"font-weight: 400;\">um ganho de for\u00e7a e resist\u00eancia incompar\u00e1veis a outras modalidades.\u00a0<\/span><\/li>\n<\/ol>\n<h2>Treino funcional emagrece?<\/h2>\n<p><span style=\"font-weight: 400;\">Sim, ele proporciona resultados bastante significativos para quem deseja reduzir o percentual de gordura, devido a seu gasto cal\u00f3rico alto e aumento do metabolismo. Entretanto, Marcus Carvalho lembra que qualquer atividade f\u00edsica deve contar n\u00e3o apenas com um acompanhamento especializado de um profissional da \u00e1rea de Educa\u00e7\u00e3o F\u00edsica e Fisioterapia, mas estar associada tamb\u00e9m a um acompanhamento nutricional.<\/span><\/p>\n<h2>Quais as vantagens do treino funcional em rela\u00e7\u00e3o \u00e0 muscula\u00e7\u00e3o?<span style=\"font-weight: 400;\">\u00a0<\/span><\/h2>\n<p><span style=\"font-weight: 400;\">Grande parte das m\u00e1quinas da muscula\u00e7\u00e3o trabalha os m\u00fasculos de maneira mais isolada, enquanto que no treinamento funcional as aulas s\u00e3o pensadas para melhorar o desempenho corporal como um todo. H\u00e1 tamb\u00e9m quase sempre um professor estimulando os praticantes, al\u00e9m da motiva\u00e7\u00e3o de poder realizar os exerc\u00edcios em grupo.\u00a0<\/span><\/p>\n<p><span style=\"font-weight: 400;\">\u201cO treinamento funcional \u00e9 muito mais din\u00e2mico que a muscula\u00e7\u00e3o, com exerc\u00edcios diferentes a cada treino, esse \u00e9 um dos seus grandes diferenciais. Al\u00e9m disso, ele prepara o corpo do aluno para qualquer atividade, seja pular, saltar, agachar ou se equilibrar\u201d, afirma Marcus.\u00a0<\/span><\/p>\n<h2>Quais exerc\u00edcios fazem parte do treino funcional?<span style=\"font-weight: 400;\">\u00a0<\/span><\/h2>\n<ul>\n<li style=\"font-weight: 400;\" aria-level=\"1\"><span style=\"font-weight: 400;\">Abdominal<\/span><\/li>\n<li style=\"font-weight: 400;\" aria-level=\"1\"><span style=\"font-weight: 400;\">Salto<\/span><\/li>\n<li style=\"font-weight: 400;\" aria-level=\"1\"><span style=\"font-weight: 400;\">Agachamento bilateral e unilateral<\/span><\/li>\n<li style=\"font-weight: 400;\" aria-level=\"1\"><span style=\"font-weight: 400;\">Deslocamento lateral e frontal\u00a0<\/span><\/li>\n<li style=\"font-weight: 400;\" aria-level=\"1\"><span style=\"font-weight: 400;\">Flex\u00e3o de bra\u00e7o<\/span><\/li>\n<li style=\"font-weight: 400;\" aria-level=\"1\"><span style=\"font-weight: 400;\">Eleva\u00e7\u00e3o p\u00e9lvica na bola<\/span><\/li>\n<li style=\"font-weight: 400;\" aria-level=\"1\"><span style=\"font-weight: 400;\">Desenvolvimento com halteres<\/span><\/li>\n<li style=\"font-weight: 400;\" aria-level=\"1\"><span style=\"font-weight: 400;\">Pular corda<\/span><\/li>\n<li style=\"font-weight: 400;\" aria-level=\"1\"><span style=\"font-weight: 400;\">Polichinelo<\/span><\/li>\n<li style=\"font-weight: 400;\" aria-level=\"1\"><span style=\"font-weight: 400;\">Burpee<\/span><\/li>\n<li style=\"font-weight: 400;\" aria-level=\"1\"><span style=\"font-weight: 400;\">Corrida<\/span><\/li>\n<li style=\"font-weight: 400;\" aria-level=\"1\"><span style=\"font-weight: 400;\">Batida com a corda naval<\/span><\/li>\n<li style=\"font-weight: 400;\" aria-level=\"1\"><span style=\"font-weight: 400;\">Entre outros<\/span><\/li>\n<\/ul>\n<p><span style=\"font-weight: 400;\">Vale lembrar que muitos desses <a href=\"https:\/\/araujo.com.br\/blog\/exercicio-fisico-conheca-seus-beneficios-e-saiba-por-onde-comecar\/\">exerc\u00edcios<\/a> podem ser feitos em casa, outro grande diferencial. Sim! \u00c9 poss\u00edvel fazer um <\/span><b>treinamento funcional em casa<\/b><span style=\"font-weight: 400;\"> com agachamento, pular corda, polichinelo, trabalho de panturrilha, entre outros.<\/span><\/p>\n<h2>Qual \u00e9 o melhor pr\u00e9-treino?<\/h2>\n<p><span style=\"font-weight: 400;\">Suplementos e vitaminas costumam ser uma op\u00e7\u00e3o popular para quem procura ganhar m\u00fasculos ou aumentar a performance durante treinos focados especialmente em for\u00e7a e explos\u00e3o muscular. Muitas das vitaminas presentes nos alimentos ajudam, por exemplo, a proporcionar energia durante os treinos e os complexos vitam\u00ednicos podem contribuir em sua suplementa\u00e7\u00e3o. Um m\u00e9dico ou nutricionista pode avaliar o melhor suplemento, a necessidade e o momento certo de fazer seu uso.<\/span><\/p>\n<h2>Quem pode fazer treino funcional?<\/h2>\n<p><span style=\"font-weight: 400;\">Qualquer pessoa pode fazer atividade funcional, desde que acompanhada por um profissional especializado. O treino funcional pode, inclusive, ser voltado \u00e0 reabilita\u00e7\u00e3o de pessoas, mesmo as mais idosas, oferecendo ganho em postura, equil\u00edbrio, alongamento, capacidade coordenativa, entre outros.<\/span><\/p>\n<h2>Cuidados antes do treino<\/h2>\n<p><span style=\"font-weight: 400;\">Marcus Carvalho ressalta a import\u00e2ncia de o aluno fazer uma avalia\u00e7\u00e3o global para saber a condi\u00e7\u00e3o f\u00edsica em que ele se enquadra. \u201c\u00c9 tamb\u00e9m fundamental que ele realize uma avalia\u00e7\u00e3o fisioter\u00e1pica para que o treinador possa fazer o melhor planejamento da aula. Com base nas informa\u00e7\u00f5es captadas na an\u00e1lise postural, ele dar\u00e1 o direcionamento correto e necess\u00e1rio, com seguran\u00e7a na realiza\u00e7\u00e3o dos exerc\u00edcios, evitando risco de les\u00f5es\u201d, diz ele.<\/span><\/p>\n","protected":false},"excerpt":{"rendered":"<p>Exerc\u00edcios din\u00e2micos, que podem ser feitos em qualquer lugar e que oferecem benef\u00edcios para a sa\u00fade do corpo e da mente. Conhe\u00e7a mais sobre o treinamento funcional, pr\u00e1tica que tem ganhado novos adeptos e \u00e9 uma febre especialmente entre quem busca aumentar a massa magra do corpo. Conversamos com o personal trainer Marcus Carvalho (@marcuscarvalhopersonal), [&hellip;]<\/p>\n","protected":false},"author":1,"featured_media":3375,"comment_status":"closed","ping_status":"closed","sticky":false,"template":"","format":"standard","meta":{"_acf_changed":false,"footnotes":""},"categories":[35,3],"tags":[],"class_list":["post-3374","post","type-post","status-publish","format-standard","has-post-thumbnail","hentry","category-bem-estar","category-saude-e-bem-estar"],"acf":[],"yoast_head":"<!-- This site is optimized with the Yoast SEO plugin v24.3 - https:\/\/yoast.com\/wordpress\/plugins\/seo\/ -->\n<title>Treino Funcional: o que \u00e9, benef\u00edcios e exerc\u00edcios<\/title>\n<meta name=\"description\" content=\"O treino funcional \u00e9 uma \u00f3tima pr\u00e1tica para quem quer aumentar a massa magra. Saiba como ele funciona e quais seus principais benef\u00edcios aqui\" \/>\n<meta name=\"robots\" content=\"index, follow, max-snippet:-1, max-image-preview:large, max-video-preview:-1\" \/>\n<link rel=\"canonical\" href=\"https:\/\/araujo.com.br\/blog\/treino-funcional\/\" \/>\n<meta property=\"og:locale\" content=\"pt_BR\" \/>\n<meta property=\"og:type\" content=\"article\" \/>\n<meta property=\"og:title\" content=\"Treino Funcional: o que \u00e9, benef\u00edcios e exerc\u00edcios\" \/>\n<meta property=\"og:description\" content=\"O treino funcional \u00e9 uma \u00f3tima pr\u00e1tica para quem quer aumentar a massa magra. Saiba como ele funciona e quais seus principais benef\u00edcios aqui\" \/>\n<meta property=\"og:url\" content=\"https:\/\/araujo.com.br\/blog\/treino-funcional\/\" \/>\n<meta property=\"og:site_name\" content=\"Blog da Drogaria Araujo\" \/>\n<meta property=\"article:published_time\" content=\"2022-06-23T15:24:14+00:00\" \/>\n<meta property=\"article:modified_time\" content=\"2025-02-03T21:42:29+00:00\" \/>\n<meta property=\"og:image\" content=\"https:\/\/araujo.com.br\/blog\/wp-content\/uploads\/2022\/06\/760X340PX-2.png\" \/>\n\t<meta property=\"og:image:width\" content=\"760\" \/>\n\t<meta property=\"og:image:height\" content=\"340\" \/>\n\t<meta property=\"og:image:type\" content=\"image\/png\" \/>\n<meta name=\"author\" content=\"Drogaria Araujo\" \/>\n<meta name=\"twitter:card\" content=\"summary_large_image\" \/>\n<meta name=\"twitter:label1\" content=\"Escrito por\" \/>\n\t<meta name=\"twitter:data1\" content=\"Drogaria Araujo\" \/>\n\t<meta name=\"twitter:label2\" content=\"Est. tempo de leitura\" \/>\n\t<meta name=\"twitter:data2\" content=\"5 minutos\" \/>\n<script type=\"application\/ld+json\" class=\"yoast-schema-graph\">{\"@context\":\"https:\/\/schema.org\",\"@graph\":[{\"@type\":\"WebPage\",\"@id\":\"https:\/\/araujo.com.br\/blog\/treino-funcional\/\",\"url\":\"https:\/\/araujo.com.br\/blog\/treino-funcional\/\",\"name\":\"Treino Funcional: o que \u00e9, benef\u00edcios e exerc\u00edcios\",\"isPartOf\":{\"@id\":\"https:\/\/araujo.com.br\/blog\/#website\"},\"primaryImageOfPage\":{\"@id\":\"https:\/\/araujo.com.br\/blog\/treino-funcional\/#primaryimage\"},\"image\":{\"@id\":\"https:\/\/araujo.com.br\/blog\/treino-funcional\/#primaryimage\"},\"thumbnailUrl\":\"https:\/\/araujo.com.br\/blog\/wp-content\/uploads\/2022\/06\/760X340PX-2.png\",\"datePublished\":\"2022-06-23T15:24:14+00:00\",\"dateModified\":\"2025-02-03T21:42:29+00:00\",\"author\":{\"@id\":\"https:\/\/araujo.com.br\/blog\/#\/schema\/person\/4e2eac75cf0e2c6b079ef9a0df2ece83\"},\"description\":\"O treino funcional \u00e9 uma \u00f3tima pr\u00e1tica para quem quer aumentar a massa magra. Saiba como ele funciona e quais seus principais benef\u00edcios aqui\",\"breadcrumb\":{\"@id\":\"https:\/\/araujo.com.br\/blog\/treino-funcional\/#breadcrumb\"},\"inLanguage\":\"pt-BR\",\"potentialAction\":[{\"@type\":\"ReadAction\",\"target\":[\"https:\/\/araujo.com.br\/blog\/treino-funcional\/\"]}]},{\"@type\":\"ImageObject\",\"inLanguage\":\"pt-BR\",\"@id\":\"https:\/\/araujo.com.br\/blog\/treino-funcional\/#primaryimage\",\"url\":\"https:\/\/araujo.com.br\/blog\/wp-content\/uploads\/2022\/06\/760X340PX-2.png\",\"contentUrl\":\"https:\/\/araujo.com.br\/blog\/wp-content\/uploads\/2022\/06\/760X340PX-2.png\",\"width\":760,\"height\":340},{\"@type\":\"BreadcrumbList\",\"@id\":\"https:\/\/araujo.com.br\/blog\/treino-funcional\/#breadcrumb\",\"itemListElement\":[{\"@type\":\"ListItem\",\"position\":1,\"name\":\"In\u00edcio\",\"item\":\"https:\/\/araujo.com.br\/blog\/\"},{\"@type\":\"ListItem\",\"position\":2,\"name\":\"Treino Funcional: o que \u00e9, benef\u00edcios e exerc\u00edcios\"}]},{\"@type\":\"WebSite\",\"@id\":\"https:\/\/araujo.com.br\/blog\/#website\",\"url\":\"https:\/\/araujo.com.br\/blog\/\",\"name\":\"Blog da Drogaria Araujo\",\"description\":\"Conte\u00fado que faz bem? A Araujo tem!\",\"potentialAction\":[{\"@type\":\"SearchAction\",\"target\":{\"@type\":\"EntryPoint\",\"urlTemplate\":\"https:\/\/araujo.com.br\/blog\/?s={search_term_string}\"},\"query-input\":{\"@type\":\"PropertyValueSpecification\",\"valueRequired\":true,\"valueName\":\"search_term_string\"}}],\"inLanguage\":\"pt-BR\"},{\"@type\":\"Person\",\"@id\":\"https:\/\/araujo.com.br\/blog\/#\/schema\/person\/4e2eac75cf0e2c6b079ef9a0df2ece83\",\"name\":\"Drogaria Araujo\",\"image\":{\"@type\":\"ImageObject\",\"inLanguage\":\"pt-BR\",\"@id\":\"https:\/\/araujo.com.br\/blog\/#\/schema\/person\/image\/\",\"url\":\"https:\/\/secure.gravatar.com\/avatar\/33e54dec0cd79fc4b5e911c15f836c46ec8d0e452ecd3ca5f707bce0a3540a3b?s=96&d=mm&r=g\",\"contentUrl\":\"https:\/\/secure.gravatar.com\/avatar\/33e54dec0cd79fc4b5e911c15f836c46ec8d0e452ecd3ca5f707bce0a3540a3b?s=96&d=mm&r=g\",\"caption\":\"Drogaria Araujo\"},\"description\":\"Especialista em Sa\u00fade da Fam\u00edlia. M\u00e9dico e nutricionista.\",\"sameAs\":[\"https:\/\/araujo.com.br\/blog\"],\"url\":\"https:\/\/araujo.com.br\/blog\/author\/admin\/\"}]}<\/script>\n<!-- \/ Yoast SEO plugin. -->","yoast_head_json":{"title":"Treino Funcional: o que \u00e9, benef\u00edcios e exerc\u00edcios","description":"O treino funcional \u00e9 uma \u00f3tima pr\u00e1tica para quem quer aumentar a massa magra. Saiba como ele funciona e quais seus principais benef\u00edcios aqui","robots":{"index":"index","follow":"follow","max-snippet":"max-snippet:-1","max-image-preview":"max-image-preview:large","max-video-preview":"max-video-preview:-1"},"canonical":"https:\/\/araujo.com.br\/blog\/treino-funcional\/","og_locale":"pt_BR","og_type":"article","og_title":"Treino Funcional: o que \u00e9, benef\u00edcios e exerc\u00edcios","og_description":"O treino funcional \u00e9 uma \u00f3tima pr\u00e1tica para quem quer aumentar a massa magra. Saiba como ele funciona e quais seus principais benef\u00edcios aqui","og_url":"https:\/\/araujo.com.br\/blog\/treino-funcional\/","og_site_name":"Blog da Drogaria Araujo","article_published_time":"2022-06-23T15:24:14+00:00","article_modified_time":"2025-02-03T21:42:29+00:00","og_image":[{"width":760,"height":340,"url":"https:\/\/araujo.com.br\/blog\/wp-content\/uploads\/2022\/06\/760X340PX-2.png","type":"image\/png"}],"author":"Drogaria Araujo","twitter_card":"summary_large_image","twitter_misc":{"Escrito por":"Drogaria Araujo","Est. tempo de leitura":"5 minutos"},"schema":{"@context":"https:\/\/schema.org","@graph":[{"@type":"WebPage","@id":"https:\/\/araujo.com.br\/blog\/treino-funcional\/","url":"https:\/\/araujo.com.br\/blog\/treino-funcional\/","name":"Treino Funcional: o que \u00e9, benef\u00edcios e exerc\u00edcios","isPartOf":{"@id":"https:\/\/araujo.com.br\/blog\/#website"},"primaryImageOfPage":{"@id":"https:\/\/araujo.com.br\/blog\/treino-funcional\/#primaryimage"},"image":{"@id":"https:\/\/araujo.com.br\/blog\/treino-funcional\/#primaryimage"},"thumbnailUrl":"https:\/\/araujo.com.br\/blog\/wp-content\/uploads\/2022\/06\/760X340PX-2.png","datePublished":"2022-06-23T15:24:14+00:00","dateModified":"2025-02-03T21:42:29+00:00","author":{"@id":"https:\/\/araujo.com.br\/blog\/#\/schema\/person\/4e2eac75cf0e2c6b079ef9a0df2ece83"},"description":"O treino funcional \u00e9 uma \u00f3tima pr\u00e1tica para quem quer aumentar a massa magra. Saiba como ele funciona e quais seus principais benef\u00edcios aqui","breadcrumb":{"@id":"https:\/\/araujo.com.br\/blog\/treino-funcional\/#breadcrumb"},"inLanguage":"pt-BR","potentialAction":[{"@type":"ReadAction","target":["https:\/\/araujo.com.br\/blog\/treino-funcional\/"]}]},{"@type":"ImageObject","inLanguage":"pt-BR","@id":"https:\/\/araujo.com.br\/blog\/treino-funcional\/#primaryimage","url":"https:\/\/araujo.com.br\/blog\/wp-content\/uploads\/2022\/06\/760X340PX-2.png","contentUrl":"https:\/\/araujo.com.br\/blog\/wp-content\/uploads\/2022\/06\/760X340PX-2.png","width":760,"height":340},{"@type":"BreadcrumbList","@id":"https:\/\/araujo.com.br\/blog\/treino-funcional\/#breadcrumb","itemListElement":[{"@type":"ListItem","position":1,"name":"In\u00edcio","item":"https:\/\/araujo.com.br\/blog\/"},{"@type":"ListItem","position":2,"name":"Treino Funcional: o que \u00e9, benef\u00edcios e exerc\u00edcios"}]},{"@type":"WebSite","@id":"https:\/\/araujo.com.br\/blog\/#website","url":"https:\/\/araujo.com.br\/blog\/","name":"Blog da Drogaria Araujo","description":"Conte\u00fado que faz bem? A Araujo tem!","potentialAction":[{"@type":"SearchAction","target":{"@type":"EntryPoint","urlTemplate":"https:\/\/araujo.com.br\/blog\/?s={search_term_string}"},"query-input":{"@type":"PropertyValueSpecification","valueRequired":true,"valueName":"search_term_string"}}],"inLanguage":"pt-BR"},{"@type":"Person","@id":"https:\/\/araujo.com.br\/blog\/#\/schema\/person\/4e2eac75cf0e2c6b079ef9a0df2ece83","name":"Drogaria Araujo","image":{"@type":"ImageObject","inLanguage":"pt-BR","@id":"https:\/\/araujo.com.br\/blog\/#\/schema\/person\/image\/","url":"https:\/\/secure.gravatar.com\/avatar\/33e54dec0cd79fc4b5e911c15f836c46ec8d0e452ecd3ca5f707bce0a3540a3b?s=96&d=mm&r=g","contentUrl":"https:\/\/secure.gravatar.com\/avatar\/33e54dec0cd79fc4b5e911c15f836c46ec8d0e452ecd3ca5f707bce0a3540a3b?s=96&d=mm&r=g","caption":"Drogaria Araujo"},"description":"Especialista em Sa\u00fade da Fam\u00edlia. M\u00e9dico e nutricionista.","sameAs":["https:\/\/araujo.com.br\/blog"],"url":"https:\/\/araujo.com.br\/blog\/author\/admin\/"}]}},"_links":{"self":[{"href":"https:\/\/araujo.com.br\/blog\/wp-json\/wp\/v2\/posts\/3374","targetHints":{"allow":["GET"]}}],"collection":[{"href":"https:\/\/araujo.com.br\/blog\/wp-json\/wp\/v2\/posts"}],"about":[{"href":"https:\/\/araujo.com.br\/blog\/wp-json\/wp\/v2\/types\/post"}],"author":[{"embeddable":true,"href":"https:\/\/araujo.com.br\/blog\/wp-json\/wp\/v2\/users\/1"}],"replies":[{"embeddable":true,"href":"https:\/\/araujo.com.br\/blog\/wp-json\/wp\/v2\/comments?post=3374"}],"version-history":[{"count":3,"href":"https:\/\/araujo.com.br\/blog\/wp-json\/wp\/v2\/posts\/3374\/revisions"}],"predecessor-version":[{"id":4697,"href":"https:\/\/araujo.com.br\/blog\/wp-json\/wp\/v2\/posts\/3374\/revisions\/4697"}],"wp:featuredmedia":[{"embeddable":true,"href":"https:\/\/araujo.com.br\/blog\/wp-json\/wp\/v2\/media\/3375"}],"wp:attachment":[{"href":"https:\/\/araujo.com.br\/blog\/wp-json\/wp\/v2\/media?parent=3374"}],"wp:term":[{"taxonomy":"category","embeddable":true,"href":"https:\/\/araujo.com.br\/blog\/wp-json\/wp\/v2\/categories?post=3374"},{"taxonomy":"post_tag","embeddable":true,"href":"https:\/\/araujo.com.br\/blog\/wp-json\/wp\/v2\/tags?post=3374"}],"curies":[{"name":"wp","href":"https:\/\/api.w.org\/{rel}","templated":true}]}}