{"id":3383,"date":"2022-07-08T20:34:51","date_gmt":"2022-07-08T17:34:51","guid":{"rendered":"http:\/\/blog-qas.araujo.com.br\/assadura-em-bebe\/"},"modified":"2026-01-05T21:23:39","modified_gmt":"2026-01-05T18:23:39","slug":"assadura-em-bebe","status":"publish","type":"post","link":"https:\/\/araujo.com.br\/blog\/assadura-em-bebe\/","title":{"rendered":"Assadura em beb\u00ea: como prevenir e tratar\u00a0"},"content":{"rendered":"\n<p>Quem cuida de um beb\u00ea sabe que a assadura provoca um enorme desconforto nos pequenos. E elas s\u00e3o bastante comuns. Um documento produzido pela Sociedade Brasileira de Pediatria confirma que as dermatites de fraldas, popularmente conhecidas como <strong>assaduras<\/strong>, afetam mais de 25% dos beb\u00eas, sendo a forma mais frequente de dermatite de contato entre eles.&nbsp;<\/p>\n\n\n\n<p>O uso de fraldas pode favorecer o surgimento das assaduras, mas <strong>h\u00e1, sim, formas de evit\u00e1-las e trat\u00e1-las<\/strong>. Conversamos com a pediatra Sayonara Figueiredo de Faria CRM\/MG 22873, m\u00e9dica formada pela UFMG, com resid\u00eancia na FHEMIG e membro da Sociedade Brasileira de Pediatria, para saber mais sobre o assunto.<\/p>\n\n\n\n<h2 class=\"wp-block-heading\">O que causa assadura no beb\u00ea?<\/h2>\n\n\n\n<p>A assadura \u00e9 uma inflama\u00e7\u00e3o da pele na regi\u00e3o das fraldas, resultante da irrita\u00e7\u00e3o causada pela exposi\u00e7\u00e3o \u00e0 urina e \u00e0s fezes. Esse problema \u00e9 intensificado pelo uso de fraldas, que cria um ambiente \u00famido e oclusivo, dificultando a respira\u00e7\u00e3o da pele. Al\u00e9m disso, a pele do beb\u00ea \u00e9 muito delicada e sens\u00edvel, sendo 30% mais fina que a do adulto, o que a torna mais vulner\u00e1vel \u00e0 a\u00e7\u00e3o de irritantes, al\u00e9rgenos e infec\u00e7\u00f5es, explica Sayonara.<\/p>\n\n\n\n<h2 class=\"wp-block-heading\">Tipos de assaduras em beb\u00eas<\/h2>\n\n\n\n<p>A gravidade das assaduras tem a ver com o grau e a extens\u00e3o do processo inflamat\u00f3rio e irritativo da pele.<\/p>\n\n\n\n<ul class=\"wp-block-list\">\n<li><strong>Leves ou por fric\u00e7\u00e3o:<\/strong> as assaduras superficiais. A pele fica avermelhada e com aspecto brilhante, por vezes com descama\u00e7\u00e3o. As les\u00f5es costumam se localizar nas regi\u00f5es cobertas pelas fraldas, poupando as dobras.<\/li>\n\n\n\n<li><strong>Moderadas: <\/strong>a pele j\u00e1 apresenta vermelhid\u00e3o mais marcante, al\u00e9m de feridas que se tornam viol\u00e1ceas e liquenificadas (como bolhas d\u2019\u00e1gua).<\/li>\n\n\n\n<li><strong>Severas ou ulcerativas:<\/strong> \u00e9 a forma mais grave de dermatite de fraldas (conhecida como dermatite amoniacal), em que surgem grandes feridas que pioram a cada dia. Geralmente, inicia-se entre o primeiro e o segundo m\u00eas de vida.<\/li>\n<\/ul>\n\n\n\n<figure class=\"wp-block-image size-full\"><a href=\"https:\/\/www.araujo.com.br\/lista-de-presentes?utm_source=blog&amp;utm_medium=texto&amp;utm_campaign=lista+de+presentes\"><img loading=\"lazy\" decoding=\"async\" width=\"760\" height=\"340\" src=\"https:\/\/araujo.com.br\/blog\/wp-content\/uploads\/2022\/07\/image-2.png\" alt=\"\" class=\"wp-image-6271\" srcset=\"https:\/\/araujo.com.br\/blog\/wp-content\/uploads\/2022\/07\/image-2.png 760w, https:\/\/araujo.com.br\/blog\/wp-content\/uploads\/2022\/07\/image-2-300x134.png 300w\" sizes=\"auto, (max-width: 760px) 100vw, 760px\" \/><\/a><\/figure>\n\n\n\n<h2 class=\"wp-block-heading\">Como prevenir?<\/h2>\n\n\n\n<p>De acordo com a Sociedade Brasileira de Pediatria, <strong>a preven\u00e7\u00e3o \u00e9 o m\u00e9todo mais eficiente no combate \u00e0 assadura<\/strong>. Isto pode ser feito basicamente com a troca de fraldas mais frequente, uma limpeza suave, exposi\u00e7\u00e3o da pele ao ar e <a href=\"https:\/\/www.araujo.com.br\/nistatina--oxido-de-zinco-ems-generico-pomada-com-60g\/46917.html?utm_source=blog&amp;utm_medium=texto+assadura+em+bebe&amp;utm_campaign=assadura+em+bebe\">aplica\u00e7\u00e3o de pomadas<\/a> que criam uma barreira protetora que impede a a\u00e7\u00e3o das enzimas sobre a pele e limita a fric\u00e7\u00e3o.\u00a0<\/p>\n\n\n\n<p>Essas medidas valem para todos os beb\u00eas que usam fralda, tanto as de pano quanto as descart\u00e1veis. As fraldas descart\u00e1veis costumam ter um poder maior de absor\u00e7\u00e3o, contribuindo para evitar danos \u00e0 pele do beb\u00ea. Com as de pano, al\u00e9m de tomar os cuidados recomendados pelo fabricante, \u00e9 necess\u00e1rio troc\u00e1-las (considerando os paninhos internos) com a mesma frequ\u00eancia da fralda descart\u00e1vel.&nbsp;<\/p>\n\n\n\n<h2 class=\"wp-block-heading\">O que \u00e9 bom para assadura de beb\u00ea?<\/h2>\n\n\n\n<p>Alguns h\u00e1bitos devem entrar de vez na rotina de cuidados, pois eles ajudam a reduzir e evitar a irrita\u00e7\u00e3o na pele dos pequenos. O foco \u00e9 deixar a pele do beb\u00ea respirar e mant\u00ea-la sequinha. Por isso, atente-se:<\/p>\n\n\n\n<ul class=\"wp-block-list\">\n<li>N\u00e3o demore a trocar a fralda quando houver fezes ou urina;<\/li>\n\n\n\n<li>Durante a limpeza, n\u00e3o esfregue a pele do beb\u00ea, nem remova completamente a camada de creme de barreira quando nela n\u00e3o houver res\u00edduos;<\/li>\n\n\n\n<li>Ap\u00f3s a limpeza, seque a \u00e1rea suavemente e deixe-a exposta ao ar (sem fralda) por um tempo;<\/li>\n\n\n\n<li>Se necess\u00e1rio, reaplique, a cada troca, a pomada;<\/li>\n\n\n\n<li>N\u00e3o use fraldas apertadas.<\/li>\n<\/ul>\n\n\n\n<h2 class=\"wp-block-heading\">Assadura em beb\u00ea: como tratar?<\/h2>\n\n\n\n<p>A m\u00e9dica recomenda o uso de cremes de barreira. \u201cOs cremes de barreira s\u00e3o usados para prevenir e tratar a assadura e devem formar uma pel\u00edcula semiperme\u00e1vel sobre a pele s\u00e3 ou acometida, possibilitando isol\u00e1-la dos agentes irritantes e permitindo a autorregenera\u00e7\u00e3o. Al\u00e9m de criar uma pel\u00edcula eficiente, os cremes de barreira devem ser de f\u00e1cil limpeza, com m\u00ednima fric\u00e7\u00e3o sobre a delicada pele do beb\u00ea. A recomenda\u00e7\u00e3o \u00e9 usar a cada troca de fralda.&nbsp;<\/p>\n\n\n\n<p>Vale lembrar que a utiliza\u00e7\u00e3o dos cremes de barreira deve sempre de forma a prevenir a dermatite de fraldas e n\u00e3o apenas quando j\u00e1 houver sinais de irrita\u00e7\u00e3o local. J\u00e1 os cremes contendo medicamentos n\u00e3o devem ser usados de rotina e somente ap\u00f3s uma indica\u00e7\u00e3o m\u00e9dica.<\/p>\n\n\n\n<p>Para cuidar do seu beb\u00ea, conte com <strong><a href=\"https:\/\/www.araujo.com.br\/busca?q=weleda+baby&amp;lang=pt_BR&amp;utm_source=blog&amp;utm_medium=texto&amp;utm_campaign=babycreme\">a Linha Baby da Weleda<\/a><\/strong>, com f\u00f3rmula desenvolvida com ingredientes de origem 100% natural e selecionados a dedo para prevenir assaduras, acalmar a vermelhid\u00e3o e proteger da umidade. Al\u00e9m disso, mant\u00e9m a pele do beb\u00ea sempre hidratada, macia e com um cheirinho delicioso.<\/p>\n\n\n\n<p>A nova fam\u00edlia babycreme conta com tampa flip-top, garantindo uma troca de fraldas mais r\u00e1pida e pr\u00e1tica. Al\u00e9m disso, a utiliza\u00e7\u00e3o pode ocorrer desde o primeiro dia de vida, facilitando a limpeza na hora da troca das fraldas.<\/p>\n\n\n\n<figure class=\"wp-block-image size-full\"><a href=\"https:\/\/www.araujo.com.br\/busca?q=weleda+baby&amp;lang=pt_BR&amp;utm_source=blog&amp;utm_medium=texto&amp;utm_campaign=babycreme\"><img loading=\"lazy\" decoding=\"async\" width=\"900\" height=\"232\" src=\"https:\/\/araujo.com.br\/blog\/wp-content\/uploads\/2022\/07\/image.png\" alt=\"\" class=\"wp-image-5860\" srcset=\"https:\/\/araujo.com.br\/blog\/wp-content\/uploads\/2022\/07\/image.png 900w, https:\/\/araujo.com.br\/blog\/wp-content\/uploads\/2022\/07\/image-300x77.png 300w, https:\/\/araujo.com.br\/blog\/wp-content\/uploads\/2022\/07\/image-768x198.png 768w\" sizes=\"auto, (max-width: 900px) 100vw, 900px\" \/><\/a><\/figure>\n\n\n\n<h2 class=\"wp-block-heading\">Como tratar assadura de beb\u00ea causada por diarreia?<\/h2>\n\n\n\n<p>\u00c9 preciso usar creme de barreira e ter muito cuidado e delicadeza para a limpeza da \u00e1rea, com uso de sabonetes l\u00edquidos, de pH pr\u00f3ximo a 5,5 (\u00e1cidos) ou <em>syndets<\/em> (detergentes sint\u00e9ticos). Sayonara chama aten\u00e7\u00e3o que \u201capenas \u00e1gua, \u00e0s vezes, \u00e9 incapaz de remover toda a sujeira e res\u00edduos. Len\u00e7os umedecidos usados para a limpeza podem ser uma alternativa, atentando-se para que propiciem um pH da pele levemente \u00e1cido e estejam livres de subst\u00e2ncias potencialmente irritantes (incluindo \u00e1lcool, fragr\u00e2ncias, sab\u00e3o e detergentes agressivos etc.)\u201d.<\/p>\n\n\n\n<h2 class=\"wp-block-heading\">E as receitas caseiras (como talco ou amido de milho) fazem efeito?<\/h2>\n\n\n\n<p>De acordo com a m\u00e9dica, elas n\u00e3o s\u00e3o recomendadas. Ela explica que a dispers\u00e3o do p\u00f3 pelo ar pode acarretar a sua inala\u00e7\u00e3o, com comprometimento da respira\u00e7\u00e3o dos beb\u00eas. Al\u00e9m disso, no local das fraldas, estes recursos s\u00e3o pouco eficientes em criar uma barreira, falhando em formar uma pel\u00edcula semiperme\u00e1vel sobre a pele (como fazem os cremes de barreira), n\u00e3o produzindo uma prote\u00e7\u00e3o eficiente. Ao acumular nas dobrinhas, podem ainda criar um ambiente favor\u00e1vel ao crescimento de fungos e bact\u00e9rias, propiciando o aparecimento de infec\u00e7\u00f5es secund\u00e1rias.<\/p>\n\n\n\n<h2 class=\"wp-block-heading\">Quando levar ao m\u00e9dico?<\/h2>\n\n\n\n<p>Quando as medidas recomendadas como troca frequente de fraldas, limpeza suave e exposi\u00e7\u00e3o da pele ao ar n\u00e3o resultam em melhora ou, ao contr\u00e1rio, as les\u00f5es progridem e pioram, \u00e9 hora de entrar em contato com o m\u00e9dico.&nbsp;<\/p>\n","protected":false},"excerpt":{"rendered":"<p>Quem cuida de um beb\u00ea sabe que a assadura provoca um enorme desconforto nos pequenos. E elas s\u00e3o bastante comuns. Um documento produzido pela Sociedade Brasileira de Pediatria confirma que as dermatites de fraldas, popularmente conhecidas como assaduras, afetam mais de 25% dos beb\u00eas, sendo a forma mais frequente de dermatite de contato entre eles.&nbsp; [&hellip;]<\/p>\n","protected":false},"author":1,"featured_media":5858,"comment_status":"closed","ping_status":"closed","sticky":false,"template":"","format":"standard","meta":{"_acf_changed":false,"footnotes":""},"categories":[39,41,5],"tags":[192,917],"class_list":["post-3383","post","type-post","status-publish","format-standard","has-post-thumbnail","hentry","category-dicas-de-cuidados","category-fraldas","category-mamae-e-bebe","tag-bebe","tag-mamae-e-bebe"],"acf":[],"yoast_head":"<!-- This site is optimized with the Yoast SEO plugin v24.3 - https:\/\/yoast.com\/wordpress\/plugins\/seo\/ -->\n<title>Assadura em beb\u00ea: como prevenir e tratar\u00a0<\/title>\n<meta name=\"description\" content=\"A assadura em beb\u00ea \u00e9 comum e traz muito desconforto aos pequenos. Neste texto, explicamos como prevenir e tratar essa inflama\u00e7\u00e3o. Confira!\" \/>\n<meta name=\"robots\" content=\"index, follow, max-snippet:-1, max-image-preview:large, max-video-preview:-1\" \/>\n<link rel=\"canonical\" href=\"https:\/\/araujo.com.br\/blog\/assadura-em-bebe\/\" \/>\n<meta property=\"og:locale\" content=\"pt_BR\" \/>\n<meta property=\"og:type\" content=\"article\" \/>\n<meta property=\"og:title\" content=\"Assadura em beb\u00ea: como prevenir e tratar\u00a0\" \/>\n<meta property=\"og:description\" content=\"A assadura em beb\u00ea \u00e9 comum e traz muito desconforto aos pequenos. Neste texto, explicamos como prevenir e tratar essa inflama\u00e7\u00e3o. Confira!\" \/>\n<meta property=\"og:url\" content=\"https:\/\/araujo.com.br\/blog\/assadura-em-bebe\/\" \/>\n<meta property=\"og:site_name\" content=\"Blog da Drogaria Araujo\" \/>\n<meta property=\"article:published_time\" content=\"2022-07-08T17:34:51+00:00\" \/>\n<meta property=\"article:modified_time\" content=\"2026-01-05T18:23:39+00:00\" \/>\n<meta property=\"og:image\" content=\"http:\/\/araujo.com.br\/blog\/wp-content\/uploads\/2022\/07\/AdobeStock_471178459-scaled.jpeg\" \/>\n\t<meta property=\"og:image:width\" content=\"2560\" \/>\n\t<meta property=\"og:image:height\" content=\"1707\" \/>\n\t<meta property=\"og:image:type\" content=\"image\/jpeg\" \/>\n<meta name=\"author\" content=\"Drogaria Araujo\" \/>\n<meta name=\"twitter:card\" content=\"summary_large_image\" \/>\n<meta name=\"twitter:label1\" content=\"Escrito por\" \/>\n\t<meta name=\"twitter:data1\" content=\"Drogaria Araujo\" \/>\n\t<meta name=\"twitter:label2\" content=\"Est. tempo de leitura\" \/>\n\t<meta name=\"twitter:data2\" content=\"7 minutos\" \/>\n<script type=\"application\/ld+json\" class=\"yoast-schema-graph\">{\"@context\":\"https:\/\/schema.org\",\"@graph\":[{\"@type\":\"WebPage\",\"@id\":\"https:\/\/araujo.com.br\/blog\/assadura-em-bebe\/\",\"url\":\"https:\/\/araujo.com.br\/blog\/assadura-em-bebe\/\",\"name\":\"Assadura em beb\u00ea: como prevenir e tratar\u00a0\",\"isPartOf\":{\"@id\":\"https:\/\/araujo.com.br\/blog\/#website\"},\"primaryImageOfPage\":{\"@id\":\"https:\/\/araujo.com.br\/blog\/assadura-em-bebe\/#primaryimage\"},\"image\":{\"@id\":\"https:\/\/araujo.com.br\/blog\/assadura-em-bebe\/#primaryimage\"},\"thumbnailUrl\":\"https:\/\/araujo.com.br\/blog\/wp-content\/uploads\/2022\/07\/AdobeStock_471178459-scaled.jpeg\",\"datePublished\":\"2022-07-08T17:34:51+00:00\",\"dateModified\":\"2026-01-05T18:23:39+00:00\",\"author\":{\"@id\":\"https:\/\/araujo.com.br\/blog\/#\/schema\/person\/4e2eac75cf0e2c6b079ef9a0df2ece83\"},\"description\":\"A assadura em beb\u00ea \u00e9 comum e traz muito desconforto aos pequenos. Neste texto, explicamos como prevenir e tratar essa inflama\u00e7\u00e3o. Confira!\",\"breadcrumb\":{\"@id\":\"https:\/\/araujo.com.br\/blog\/assadura-em-bebe\/#breadcrumb\"},\"inLanguage\":\"pt-BR\",\"potentialAction\":[{\"@type\":\"ReadAction\",\"target\":[\"https:\/\/araujo.com.br\/blog\/assadura-em-bebe\/\"]}]},{\"@type\":\"ImageObject\",\"inLanguage\":\"pt-BR\",\"@id\":\"https:\/\/araujo.com.br\/blog\/assadura-em-bebe\/#primaryimage\",\"url\":\"https:\/\/araujo.com.br\/blog\/wp-content\/uploads\/2022\/07\/AdobeStock_471178459-scaled.jpeg\",\"contentUrl\":\"https:\/\/araujo.com.br\/blog\/wp-content\/uploads\/2022\/07\/AdobeStock_471178459-scaled.jpeg\",\"width\":2560,\"height\":1707,\"caption\":\"Happy young mother with her cute baby at home\"},{\"@type\":\"BreadcrumbList\",\"@id\":\"https:\/\/araujo.com.br\/blog\/assadura-em-bebe\/#breadcrumb\",\"itemListElement\":[{\"@type\":\"ListItem\",\"position\":1,\"name\":\"In\u00edcio\",\"item\":\"https:\/\/araujo.com.br\/blog\/\"},{\"@type\":\"ListItem\",\"position\":2,\"name\":\"Assadura em beb\u00ea: como prevenir e tratar\u00a0\"}]},{\"@type\":\"WebSite\",\"@id\":\"https:\/\/araujo.com.br\/blog\/#website\",\"url\":\"https:\/\/araujo.com.br\/blog\/\",\"name\":\"Blog da Drogaria Araujo\",\"description\":\"Conte\u00fado que faz bem? A Araujo tem!\",\"potentialAction\":[{\"@type\":\"SearchAction\",\"target\":{\"@type\":\"EntryPoint\",\"urlTemplate\":\"https:\/\/araujo.com.br\/blog\/?s={search_term_string}\"},\"query-input\":{\"@type\":\"PropertyValueSpecification\",\"valueRequired\":true,\"valueName\":\"search_term_string\"}}],\"inLanguage\":\"pt-BR\"},{\"@type\":\"Person\",\"@id\":\"https:\/\/araujo.com.br\/blog\/#\/schema\/person\/4e2eac75cf0e2c6b079ef9a0df2ece83\",\"name\":\"Drogaria Araujo\",\"image\":{\"@type\":\"ImageObject\",\"inLanguage\":\"pt-BR\",\"@id\":\"https:\/\/araujo.com.br\/blog\/#\/schema\/person\/image\/\",\"url\":\"https:\/\/secure.gravatar.com\/avatar\/33e54dec0cd79fc4b5e911c15f836c46ec8d0e452ecd3ca5f707bce0a3540a3b?s=96&d=mm&r=g\",\"contentUrl\":\"https:\/\/secure.gravatar.com\/avatar\/33e54dec0cd79fc4b5e911c15f836c46ec8d0e452ecd3ca5f707bce0a3540a3b?s=96&d=mm&r=g\",\"caption\":\"Drogaria Araujo\"},\"description\":\"Especialista em Sa\u00fade da Fam\u00edlia. M\u00e9dico e nutricionista.\",\"sameAs\":[\"https:\/\/araujo.com.br\/blog\"],\"url\":\"https:\/\/araujo.com.br\/blog\/author\/admin\/\"}]}<\/script>\n<!-- \/ Yoast SEO plugin. -->","yoast_head_json":{"title":"Assadura em beb\u00ea: como prevenir e tratar\u00a0","description":"A assadura em beb\u00ea \u00e9 comum e traz muito desconforto aos pequenos. Neste texto, explicamos como prevenir e tratar essa inflama\u00e7\u00e3o. Confira!","robots":{"index":"index","follow":"follow","max-snippet":"max-snippet:-1","max-image-preview":"max-image-preview:large","max-video-preview":"max-video-preview:-1"},"canonical":"https:\/\/araujo.com.br\/blog\/assadura-em-bebe\/","og_locale":"pt_BR","og_type":"article","og_title":"Assadura em beb\u00ea: como prevenir e tratar\u00a0","og_description":"A assadura em beb\u00ea \u00e9 comum e traz muito desconforto aos pequenos. Neste texto, explicamos como prevenir e tratar essa inflama\u00e7\u00e3o. Confira!","og_url":"https:\/\/araujo.com.br\/blog\/assadura-em-bebe\/","og_site_name":"Blog da Drogaria Araujo","article_published_time":"2022-07-08T17:34:51+00:00","article_modified_time":"2026-01-05T18:23:39+00:00","og_image":[{"width":2560,"height":1707,"url":"http:\/\/araujo.com.br\/blog\/wp-content\/uploads\/2022\/07\/AdobeStock_471178459-scaled.jpeg","type":"image\/jpeg"}],"author":"Drogaria Araujo","twitter_card":"summary_large_image","twitter_misc":{"Escrito por":"Drogaria Araujo","Est. tempo de leitura":"7 minutos"},"schema":{"@context":"https:\/\/schema.org","@graph":[{"@type":"WebPage","@id":"https:\/\/araujo.com.br\/blog\/assadura-em-bebe\/","url":"https:\/\/araujo.com.br\/blog\/assadura-em-bebe\/","name":"Assadura em beb\u00ea: como prevenir e tratar\u00a0","isPartOf":{"@id":"https:\/\/araujo.com.br\/blog\/#website"},"primaryImageOfPage":{"@id":"https:\/\/araujo.com.br\/blog\/assadura-em-bebe\/#primaryimage"},"image":{"@id":"https:\/\/araujo.com.br\/blog\/assadura-em-bebe\/#primaryimage"},"thumbnailUrl":"https:\/\/araujo.com.br\/blog\/wp-content\/uploads\/2022\/07\/AdobeStock_471178459-scaled.jpeg","datePublished":"2022-07-08T17:34:51+00:00","dateModified":"2026-01-05T18:23:39+00:00","author":{"@id":"https:\/\/araujo.com.br\/blog\/#\/schema\/person\/4e2eac75cf0e2c6b079ef9a0df2ece83"},"description":"A assadura em beb\u00ea \u00e9 comum e traz muito desconforto aos pequenos. Neste texto, explicamos como prevenir e tratar essa inflama\u00e7\u00e3o. Confira!","breadcrumb":{"@id":"https:\/\/araujo.com.br\/blog\/assadura-em-bebe\/#breadcrumb"},"inLanguage":"pt-BR","potentialAction":[{"@type":"ReadAction","target":["https:\/\/araujo.com.br\/blog\/assadura-em-bebe\/"]}]},{"@type":"ImageObject","inLanguage":"pt-BR","@id":"https:\/\/araujo.com.br\/blog\/assadura-em-bebe\/#primaryimage","url":"https:\/\/araujo.com.br\/blog\/wp-content\/uploads\/2022\/07\/AdobeStock_471178459-scaled.jpeg","contentUrl":"https:\/\/araujo.com.br\/blog\/wp-content\/uploads\/2022\/07\/AdobeStock_471178459-scaled.jpeg","width":2560,"height":1707,"caption":"Happy young mother with her cute baby at home"},{"@type":"BreadcrumbList","@id":"https:\/\/araujo.com.br\/blog\/assadura-em-bebe\/#breadcrumb","itemListElement":[{"@type":"ListItem","position":1,"name":"In\u00edcio","item":"https:\/\/araujo.com.br\/blog\/"},{"@type":"ListItem","position":2,"name":"Assadura em beb\u00ea: como prevenir e tratar\u00a0"}]},{"@type":"WebSite","@id":"https:\/\/araujo.com.br\/blog\/#website","url":"https:\/\/araujo.com.br\/blog\/","name":"Blog da Drogaria Araujo","description":"Conte\u00fado que faz bem? A Araujo tem!","potentialAction":[{"@type":"SearchAction","target":{"@type":"EntryPoint","urlTemplate":"https:\/\/araujo.com.br\/blog\/?s={search_term_string}"},"query-input":{"@type":"PropertyValueSpecification","valueRequired":true,"valueName":"search_term_string"}}],"inLanguage":"pt-BR"},{"@type":"Person","@id":"https:\/\/araujo.com.br\/blog\/#\/schema\/person\/4e2eac75cf0e2c6b079ef9a0df2ece83","name":"Drogaria Araujo","image":{"@type":"ImageObject","inLanguage":"pt-BR","@id":"https:\/\/araujo.com.br\/blog\/#\/schema\/person\/image\/","url":"https:\/\/secure.gravatar.com\/avatar\/33e54dec0cd79fc4b5e911c15f836c46ec8d0e452ecd3ca5f707bce0a3540a3b?s=96&d=mm&r=g","contentUrl":"https:\/\/secure.gravatar.com\/avatar\/33e54dec0cd79fc4b5e911c15f836c46ec8d0e452ecd3ca5f707bce0a3540a3b?s=96&d=mm&r=g","caption":"Drogaria Araujo"},"description":"Especialista em Sa\u00fade da Fam\u00edlia. M\u00e9dico e nutricionista.","sameAs":["https:\/\/araujo.com.br\/blog"],"url":"https:\/\/araujo.com.br\/blog\/author\/admin\/"}]}},"_links":{"self":[{"href":"https:\/\/araujo.com.br\/blog\/wp-json\/wp\/v2\/posts\/3383","targetHints":{"allow":["GET"]}}],"collection":[{"href":"https:\/\/araujo.com.br\/blog\/wp-json\/wp\/v2\/posts"}],"about":[{"href":"https:\/\/araujo.com.br\/blog\/wp-json\/wp\/v2\/types\/post"}],"author":[{"embeddable":true,"href":"https:\/\/araujo.com.br\/blog\/wp-json\/wp\/v2\/users\/1"}],"replies":[{"embeddable":true,"href":"https:\/\/araujo.com.br\/blog\/wp-json\/wp\/v2\/comments?post=3383"}],"version-history":[{"count":8,"href":"https:\/\/araujo.com.br\/blog\/wp-json\/wp\/v2\/posts\/3383\/revisions"}],"predecessor-version":[{"id":6840,"href":"https:\/\/araujo.com.br\/blog\/wp-json\/wp\/v2\/posts\/3383\/revisions\/6840"}],"wp:featuredmedia":[{"embeddable":true,"href":"https:\/\/araujo.com.br\/blog\/wp-json\/wp\/v2\/media\/5858"}],"wp:attachment":[{"href":"https:\/\/araujo.com.br\/blog\/wp-json\/wp\/v2\/media?parent=3383"}],"wp:term":[{"taxonomy":"category","embeddable":true,"href":"https:\/\/araujo.com.br\/blog\/wp-json\/wp\/v2\/categories?post=3383"},{"taxonomy":"post_tag","embeddable":true,"href":"https:\/\/araujo.com.br\/blog\/wp-json\/wp\/v2\/tags?post=3383"}],"curies":[{"name":"wp","href":"https:\/\/api.w.org\/{rel}","templated":true}]}}