{"id":3425,"date":"2022-10-13T20:37:37","date_gmt":"2022-10-13T17:37:37","guid":{"rendered":"http:\/\/blog-qas.araujo.com.br\/agua-termal\/"},"modified":"2025-02-03T21:51:08","modified_gmt":"2025-02-03T18:51:08","slug":"agua-termal","status":"publish","type":"post","link":"https:\/\/araujo.com.br\/blog\/agua-termal\/","title":{"rendered":"\u00c1gua termal: o que \u00e9, benef\u00edcios e como usar!"},"content":{"rendered":"<p><span style=\"font-weight: 400;\">Se voc\u00ea \u00e9 uma pessoa que gosta do assunto de rotina de beleza e cuidados com a pele, provavelmente j\u00e1 ouviu falar sobre a \u00e1gua termal. Mas voc\u00ea sabe para o que ela serve e quais s\u00e3o os seus benef\u00edcios para a pele?<\/span><\/p>\n<p><span style=\"font-weight: 400;\">Ent\u00e3o segue a leitura por que aqui iremos te explicar o que \u00e9 esse produto, quais s\u00e3o os benef\u00edcios, como utiliz\u00e1-lo adequadamente em sua rotina de skincare e por que ele \u00e9 t\u00e3o importante para a hidrata\u00e7\u00e3o da pele!<\/span><\/p>\n<h2>O que \u00e9 a \u00e1gua termal?<\/h2>\n<p><span style=\"font-weight: 400;\">Diferentemente da \u00e1gua mineral, a \u00e1gua termal \u00e9 uma vers\u00e3o mais mineralizada, j\u00e1 que \u00e9 composta por diversos minerais como o ferro,\u00a0 magn\u00e9sio, pot\u00e1ssio, c\u00e1lcio, entre outros. Esse tipo de \u00e1gua vem de nascentes subterr\u00e2neas, normalmente de rochas geot\u00e9rmicas, que cont\u00e9m \u00e1guas quentes\u00a0 <\/span><span style=\"font-weight: 400;\">com temperaturas m\u00e9dias que variam de 20\u00b0C at\u00e9 63\u00b0C graus.<\/span><\/p>\n<p><span style=\"font-weight: 400;\">Por ter essa grande quantidade de sais minerais, ela auxilia a pele no que diz respeito \u00e0 reposi\u00e7\u00e3o desses sais que acabamos perdendo ao longo do dia.\u00a0<\/span><\/p>\n<h2>Para que serve a \u00e1gua termal?<\/h2>\n<p><span style=\"font-weight: 400;\">A \u00e1gua termal pode servir para diversos objetivos e, por possuir o pH compat\u00edvel com o pH cut\u00e2neo, ela pode ser utilizada em todos os tipos de pele.<\/span><\/p>\n<p><span style=\"font-weight: 400;\">Por exemplo, ela pode fazer parte do tratamento de doen\u00e7as como a dermatite at\u00f3pica e a psor\u00edase, mas ela tamb\u00e9m pode ser utilizada para a rotina dos cuidados com a pele, para hidratar, acalmar e refrescar.<\/span><\/p>\n<h2>Quais s\u00e3o os benef\u00edcios da \u00e1gua termal?<\/h2>\n<p><span style=\"font-weight: 400;\">S\u00e3o diversos os benef\u00edcios da \u00e1gua termal. Podemos citar como os principais:<\/span><\/p>\n<ul>\n<li aria-level=\"1\"><span style=\"font-weight: 400;\">Sua capacidade de <\/span><b>hidratar, tonificar e refrescar<\/b><span style=\"font-weight: 400;\"> a pele no dia a dia;<\/span><b><br \/>\n<\/b><\/li>\n<li aria-level=\"1\"><span style=\"font-weight: 400;\">Possui uma <\/span><b>fun\u00e7\u00e3o antioxidante<\/b><span style=\"font-weight: 400;\">, ou seja, tamb\u00e9m serve para<\/span><span style=\"font-weight: 400;\"> proteger as c\u00e9lulas para que elas n\u00e3o sejam danificadas e acabem por ocasionar danos \u00e0 sa\u00fade ou acelerar o envelhecimento precoce da pele;<\/span><\/li>\n<\/ul>\n<ul>\n<li aria-level=\"1\"><span style=\"font-weight: 400;\">Acalma e <\/span><b>alivia coceiras e alergias<\/b><span style=\"font-weight: 400;\"> da pele;<\/span><\/li>\n<\/ul>\n<ul>\n<li aria-level=\"1\"><span style=\"font-weight: 400;\">Pode servir como parte do tratamento para quem tem algum tipo de doen\u00e7a ou pele sens\u00edvel;<\/span><\/li>\n<\/ul>\n<ul>\n<li aria-level=\"1\"><b>\u00c9 capaz de <\/b><b>amenizar a sensa\u00e7\u00e3o de queimaduras<\/b><span style=\"font-weight: 400;\"> ap\u00f3s haver exposi\u00e7\u00e3o da pele ao sol, refrescando-a;<\/span><\/li>\n<\/ul>\n<ul>\n<li aria-level=\"1\"><span style=\"font-weight: 400;\">Pode<\/span><b> aliviar a irrita\u00e7\u00e3o na pele <\/b><span style=\"font-weight: 400;\">ap\u00f3s fazer a barba ou ap\u00f3s a depila\u00e7\u00e3o, ajudando a reduzir vermelhid\u00f5es e ajudando a fechar os poros;<\/span><\/li>\n<\/ul>\n<ul>\n<li style=\"font-weight: 400;\" aria-level=\"1\"><b>Refresca a pele<\/b><span style=\"font-weight: 400;\"> durante a pr\u00e1tica de exerc\u00edcios f\u00edsicos;<\/span><\/li>\n<li style=\"font-weight: 400;\" aria-level=\"1\"><span style=\"font-weight: 400;\">Ajuda na <\/span><b>prepara\u00e7\u00e3o da maquiagem,<\/b><span style=\"font-weight: 400;\"> pois limpa a pele e fixa a maquiagem.<\/span><\/li>\n<\/ul>\n<h2>\u00c1gua micelar x \u00e1gua termal: tem diferen\u00e7a?<\/h2>\n<p><span style=\"font-weight: 400;\">Muitas pessoas confundem esses produtos, mas eles n\u00e3o s\u00e3o os mesmos!\u00a0<\/span><\/p>\n<p><b>A \u00e1gua micelar<\/b><span style=\"font-weight: 400;\"> \u00e9 um produto que tem como principal objetivo a higieniza\u00e7\u00e3o cut\u00e2nea, removendo as impurezas sem causar irritabilidade na pele.\u00a0<\/span><\/p>\n<p><span style=\"font-weight: 400;\">Ela \u00e9 ideal para tirar a maquiagem, por exemplo, j\u00e1 que por ter um composto de micelas e aglomerado de mol\u00e9culas, ela consegue absorver at\u00e9 as part\u00edculas mais profundas, retirando as impurezas. Al\u00e9m disso, \u00e9 capaz de equilibrar o pH da pele.\u00a0<\/span><\/p>\n<p><span style=\"font-weight: 400;\">A \u00e1gua micelar ajuda a derme da pele da seguinte maneira:<\/span><\/p>\n<ol>\n<li style=\"font-weight: 400;\" aria-level=\"1\"><span style=\"font-weight: 400;\">Limpa profundamente;<\/span><\/li>\n<li style=\"font-weight: 400;\" aria-level=\"1\"><span style=\"font-weight: 400;\">Demaquila;<\/span><\/li>\n<li style=\"font-weight: 400;\" aria-level=\"1\"><span style=\"font-weight: 400;\">Suaviza;<\/span><\/li>\n<li style=\"font-weight: 400;\" aria-level=\"1\"><span style=\"font-weight: 400;\">Reduz a oleosidade da pele.<\/span><\/li>\n<\/ol>\n<p><span style=\"font-weight: 400;\">J\u00e1 a <\/span><b>\u00e1gua termal<\/b><span style=\"font-weight: 400;\">, diferentemente da \u00e1gua micelar, possui uma maior quantidade de sais minerais, e o objetivo principal \u00e9 nutrir, hidratar e tem um poder\u00a0 anti-inflamat\u00f3rio. Com seu pH neutro e alcalino, ela tem propriedades antioxidantes, suavizando irrita\u00e7\u00f5es, acalmando a pele e amenizando a sensa\u00e7\u00e3o de queimaduras solares.<\/span><\/p>\n<h2>Como usar a \u00e1gua termal no dia a dia?<\/h2>\n<p><span style=\"font-weight: 400;\">\u00c9 importante que voc\u00ea saiba como utilizar a \u00e1gua termal corretamente para cada objetivo. Por isso separamos para voc\u00ea algumas op\u00e7\u00f5es de como utiliz\u00e1-la adequadamente no dia a dia:\u00a0<\/span><\/p>\n<ul>\n<li aria-level=\"1\"><b>Com o objetivo de hidratar a pele: <\/b><span style=\"font-weight: 400;\">\u00e9 interessante passar a \u00e1gua termal depois de lavar o rosto pela manh\u00e3 ou antes de passar o hidratante facial \u00e0 noite. Dessa maneira, a pele estar\u00e1 protegida com a reposi\u00e7\u00e3o de sais minerais.\u00a0<\/span><\/li>\n<\/ul>\n<ul>\n<li aria-level=\"1\"><b>Com o objetivo de acalmar a pele: <\/b><span style=\"font-weight: 400;\">a \u00e1gua termal pode ser usada por adultos, beb\u00eas, crian\u00e7as e gr\u00e1vidas que possuem uma pele mais sens\u00edvel ou mesmo para doen\u00e7as que causam coceiras e vermelhid\u00e3o na pele. Dessa maneira, a \u00e1gua termal pode ser aplicada e reaplicada ao longo do dia para amenizar esses sintomas. Mas \u00e9 importante consultar um dermatologista antes de utilizar o produto.\u00a0<\/span><\/li>\n<\/ul>\n<ul>\n<li aria-level=\"1\"><b>Ap\u00f3s fazer a barba ou depila\u00e7\u00e3o: <\/b><span style=\"font-weight: 400;\">pode aplicar a \u00e1gua termal na regi\u00e3o que foi afetada. Ela ir\u00e1 ajudar a fechar os poros abertos, aliviando tamb\u00e9m a vermelhid\u00e3o e o desconforto.<\/span><span style=\"font-weight: 400;\"><br \/>\n<\/span><\/li>\n<\/ul>\n<ul>\n<li aria-level=\"1\"><b>No preparo e finaliza\u00e7\u00e3o da maquiagem: <\/b><span style=\"font-weight: 400;\">a \u00e1gua termal pode ser utilizada<\/span> <span style=\"font-weight: 400;\">para preparar a pele para receber a maquiagem. Para isso, basta aplicar e esperar que ela seque naturalmente antes de maquiar. Na finaliza\u00e7\u00e3o da maquiagem, ela tamb\u00e9m pode ser aplicada para que dure mais tempo.\u00a0<\/span><\/li>\n<\/ul>\n<ul>\n<li aria-level=\"1\"><b>Para aliviar queimaduras solares: <\/b><span style=\"font-weight: 400;\">a \u00e1gua termal ajuda a aliviar as sensa\u00e7\u00f5es causadas pelas queimaduras, portanto \u00e9 interessante aplicar o produto nas regi\u00f5es corporais que foram afetadas ou antes de renovar o protetor solar na pele para que sua fixa\u00e7\u00e3o seja melhor.\u00a0<\/span><\/li>\n<\/ul>\n<h2>Por que \u00e9 importante hidratar a pele?<\/h2>\n<p><span style=\"font-weight: 400;\">A hidrata\u00e7\u00e3o da pele \u00e9 uma quest\u00e3o de sa\u00fade. Quando hidratamos ela, refor\u00e7amos sua barreira de prote\u00e7\u00e3o e evitamos uma poss\u00edvel sensibilidade da pele.\u00a0<\/span><\/p>\n<p><span style=\"font-weight: 400;\">O momento mais adequado para hidrata\u00e7\u00e3o \u00e9 no p\u00f3s-banho, principalmente nas \u00e1reas mais \u00e1speras, como joelhos, calcanhares e tornozelos, que possuem tend\u00eancias ao ressecamento.\u00a0<\/span><\/p>\n<p><span style=\"font-weight: 400;\">Para ajudar na sa\u00fade da pele, tamb\u00e9m \u00e9 necess\u00e1ria a ingest\u00e3o de l\u00edquidos, j\u00e1 que a composi\u00e7\u00e3o corporal de \u00e1gua do nosso corpo representa de 50% a 65%.\u00a0<\/span><\/p>\n<p><span style=\"font-weight: 400;\">\u00c9 vis\u00edvel a diferen\u00e7a entre uma pele que est\u00e1 hidratada, pois ela possui um aspecto saud\u00e1vel, enquanto a pele que est\u00e1 ressecada possui um aspecto \u00e1spero, opaco e sem vida, com uma poss\u00edvel descama\u00e7\u00e3o, rugas ou linhas de express\u00e3o.\u00a0<\/span><\/p>\n<p><span style=\"font-weight: 400;\">Por isso \u00e9 importante investir em produtos que tamb\u00e9m s\u00e3o capazes de hidratar a pele e que reponham os sais minerais da mesma, como \u00e9 a fun\u00e7\u00e3o da \u00e1gua termal.\u00a0<\/span><\/p>\n<p><span style=\"font-weight: 400;\">Na Araujo, voc\u00ea pode encontrar a \u00e1gua termal e v\u00e1rios outros produtos que te ajudar\u00e3o a manter a pele hidratada e saud\u00e1vel! Tem sempre uma Araujo pertinho de voc\u00ea!<\/span><\/p>\n","protected":false},"excerpt":{"rendered":"<p>Se voc\u00ea \u00e9 uma pessoa que gosta do assunto de rotina de beleza e cuidados com a pele, provavelmente j\u00e1 ouviu falar sobre a \u00e1gua termal. Mas voc\u00ea sabe para o que ela serve e quais s\u00e3o os seus benef\u00edcios para a pele? Ent\u00e3o segue a leitura por que aqui iremos te explicar o que [&hellip;]<\/p>\n","protected":false},"author":1,"featured_media":3426,"comment_status":"closed","ping_status":"closed","sticky":false,"template":"","format":"standard","meta":{"_acf_changed":false,"footnotes":""},"categories":[36,4],"tags":[],"class_list":["post-3425","post","type-post","status-publish","format-standard","has-post-thumbnail","hentry","category-dermocosmeticos","category-mais-beleza"],"acf":[],"yoast_head":"<!-- This site is optimized with the Yoast SEO plugin v24.3 - https:\/\/yoast.com\/wordpress\/plugins\/seo\/ -->\n<title>\u00c1gua termal: o que \u00e9, benef\u00edcios e como usar!<\/title>\n<meta name=\"description\" content=\"Se voc\u00ea gosta de cuidar da pele, j\u00e1 ouviu falar sobre \u00e1gua termal. Neste texto, explicamos para que ela serve, benef\u00edcios e como usar. Leia!\" \/>\n<meta name=\"robots\" content=\"index, follow, max-snippet:-1, max-image-preview:large, max-video-preview:-1\" \/>\n<link rel=\"canonical\" href=\"https:\/\/araujo.com.br\/blog\/agua-termal\/\" \/>\n<meta property=\"og:locale\" content=\"pt_BR\" \/>\n<meta property=\"og:type\" content=\"article\" \/>\n<meta property=\"og:title\" content=\"\u00c1gua termal: o que \u00e9, benef\u00edcios e como usar!\" \/>\n<meta property=\"og:description\" content=\"Se voc\u00ea gosta de cuidar da pele, j\u00e1 ouviu falar sobre \u00e1gua termal. Neste texto, explicamos para que ela serve, benef\u00edcios e como usar. Leia!\" \/>\n<meta property=\"og:url\" content=\"https:\/\/araujo.com.br\/blog\/agua-termal\/\" \/>\n<meta property=\"og:site_name\" content=\"Blog da Drogaria Araujo\" \/>\n<meta property=\"article:published_time\" content=\"2022-10-13T17:37:37+00:00\" \/>\n<meta property=\"article:modified_time\" content=\"2025-02-03T18:51:08+00:00\" \/>\n<meta property=\"og:image\" content=\"https:\/\/araujo.com.br\/blog\/wp-content\/uploads\/2022\/10\/760x340px-9.png\" \/>\n\t<meta property=\"og:image:width\" content=\"760\" \/>\n\t<meta property=\"og:image:height\" content=\"340\" \/>\n\t<meta property=\"og:image:type\" content=\"image\/png\" \/>\n<meta name=\"author\" content=\"Drogaria Araujo\" \/>\n<meta name=\"twitter:card\" content=\"summary_large_image\" \/>\n<meta name=\"twitter:label1\" content=\"Escrito por\" \/>\n\t<meta name=\"twitter:data1\" content=\"Drogaria Araujo\" \/>\n\t<meta name=\"twitter:label2\" content=\"Est. tempo de leitura\" \/>\n\t<meta name=\"twitter:data2\" content=\"6 minutos\" \/>\n<script type=\"application\/ld+json\" class=\"yoast-schema-graph\">{\"@context\":\"https:\/\/schema.org\",\"@graph\":[{\"@type\":\"WebPage\",\"@id\":\"https:\/\/araujo.com.br\/blog\/agua-termal\/\",\"url\":\"https:\/\/araujo.com.br\/blog\/agua-termal\/\",\"name\":\"\u00c1gua termal: o que \u00e9, benef\u00edcios e como usar!\",\"isPartOf\":{\"@id\":\"https:\/\/araujo.com.br\/blog\/#website\"},\"primaryImageOfPage\":{\"@id\":\"https:\/\/araujo.com.br\/blog\/agua-termal\/#primaryimage\"},\"image\":{\"@id\":\"https:\/\/araujo.com.br\/blog\/agua-termal\/#primaryimage\"},\"thumbnailUrl\":\"https:\/\/araujo.com.br\/blog\/wp-content\/uploads\/2022\/10\/760x340px-9.png\",\"datePublished\":\"2022-10-13T17:37:37+00:00\",\"dateModified\":\"2025-02-03T18:51:08+00:00\",\"author\":{\"@id\":\"https:\/\/araujo.com.br\/blog\/#\/schema\/person\/4e2eac75cf0e2c6b079ef9a0df2ece83\"},\"description\":\"Se voc\u00ea gosta de cuidar da pele, j\u00e1 ouviu falar sobre \u00e1gua termal. Neste texto, explicamos para que ela serve, benef\u00edcios e como usar. Leia!\",\"breadcrumb\":{\"@id\":\"https:\/\/araujo.com.br\/blog\/agua-termal\/#breadcrumb\"},\"inLanguage\":\"pt-BR\",\"potentialAction\":[{\"@type\":\"ReadAction\",\"target\":[\"https:\/\/araujo.com.br\/blog\/agua-termal\/\"]}]},{\"@type\":\"ImageObject\",\"inLanguage\":\"pt-BR\",\"@id\":\"https:\/\/araujo.com.br\/blog\/agua-termal\/#primaryimage\",\"url\":\"https:\/\/araujo.com.br\/blog\/wp-content\/uploads\/2022\/10\/760x340px-9.png\",\"contentUrl\":\"https:\/\/araujo.com.br\/blog\/wp-content\/uploads\/2022\/10\/760x340px-9.png\",\"width\":760,\"height\":340},{\"@type\":\"BreadcrumbList\",\"@id\":\"https:\/\/araujo.com.br\/blog\/agua-termal\/#breadcrumb\",\"itemListElement\":[{\"@type\":\"ListItem\",\"position\":1,\"name\":\"In\u00edcio\",\"item\":\"https:\/\/araujo.com.br\/blog\/\"},{\"@type\":\"ListItem\",\"position\":2,\"name\":\"\u00c1gua termal: o que \u00e9, benef\u00edcios e como usar!\"}]},{\"@type\":\"WebSite\",\"@id\":\"https:\/\/araujo.com.br\/blog\/#website\",\"url\":\"https:\/\/araujo.com.br\/blog\/\",\"name\":\"Blog da Drogaria Araujo\",\"description\":\"Conte\u00fado que faz bem? A Araujo tem!\",\"potentialAction\":[{\"@type\":\"SearchAction\",\"target\":{\"@type\":\"EntryPoint\",\"urlTemplate\":\"https:\/\/araujo.com.br\/blog\/?s={search_term_string}\"},\"query-input\":{\"@type\":\"PropertyValueSpecification\",\"valueRequired\":true,\"valueName\":\"search_term_string\"}}],\"inLanguage\":\"pt-BR\"},{\"@type\":\"Person\",\"@id\":\"https:\/\/araujo.com.br\/blog\/#\/schema\/person\/4e2eac75cf0e2c6b079ef9a0df2ece83\",\"name\":\"Drogaria Araujo\",\"image\":{\"@type\":\"ImageObject\",\"inLanguage\":\"pt-BR\",\"@id\":\"https:\/\/araujo.com.br\/blog\/#\/schema\/person\/image\/\",\"url\":\"https:\/\/secure.gravatar.com\/avatar\/33e54dec0cd79fc4b5e911c15f836c46ec8d0e452ecd3ca5f707bce0a3540a3b?s=96&d=mm&r=g\",\"contentUrl\":\"https:\/\/secure.gravatar.com\/avatar\/33e54dec0cd79fc4b5e911c15f836c46ec8d0e452ecd3ca5f707bce0a3540a3b?s=96&d=mm&r=g\",\"caption\":\"Drogaria Araujo\"},\"description\":\"Especialista em Sa\u00fade da Fam\u00edlia. M\u00e9dico e nutricionista.\",\"sameAs\":[\"https:\/\/araujo.com.br\/blog\"],\"url\":\"https:\/\/araujo.com.br\/blog\/author\/admin\/\"}]}<\/script>\n<!-- \/ Yoast SEO plugin. -->","yoast_head_json":{"title":"\u00c1gua termal: o que \u00e9, benef\u00edcios e como usar!","description":"Se voc\u00ea gosta de cuidar da pele, j\u00e1 ouviu falar sobre \u00e1gua termal. Neste texto, explicamos para que ela serve, benef\u00edcios e como usar. Leia!","robots":{"index":"index","follow":"follow","max-snippet":"max-snippet:-1","max-image-preview":"max-image-preview:large","max-video-preview":"max-video-preview:-1"},"canonical":"https:\/\/araujo.com.br\/blog\/agua-termal\/","og_locale":"pt_BR","og_type":"article","og_title":"\u00c1gua termal: o que \u00e9, benef\u00edcios e como usar!","og_description":"Se voc\u00ea gosta de cuidar da pele, j\u00e1 ouviu falar sobre \u00e1gua termal. Neste texto, explicamos para que ela serve, benef\u00edcios e como usar. Leia!","og_url":"https:\/\/araujo.com.br\/blog\/agua-termal\/","og_site_name":"Blog da Drogaria Araujo","article_published_time":"2022-10-13T17:37:37+00:00","article_modified_time":"2025-02-03T18:51:08+00:00","og_image":[{"width":760,"height":340,"url":"https:\/\/araujo.com.br\/blog\/wp-content\/uploads\/2022\/10\/760x340px-9.png","type":"image\/png"}],"author":"Drogaria Araujo","twitter_card":"summary_large_image","twitter_misc":{"Escrito por":"Drogaria Araujo","Est. tempo de leitura":"6 minutos"},"schema":{"@context":"https:\/\/schema.org","@graph":[{"@type":"WebPage","@id":"https:\/\/araujo.com.br\/blog\/agua-termal\/","url":"https:\/\/araujo.com.br\/blog\/agua-termal\/","name":"\u00c1gua termal: o que \u00e9, benef\u00edcios e como usar!","isPartOf":{"@id":"https:\/\/araujo.com.br\/blog\/#website"},"primaryImageOfPage":{"@id":"https:\/\/araujo.com.br\/blog\/agua-termal\/#primaryimage"},"image":{"@id":"https:\/\/araujo.com.br\/blog\/agua-termal\/#primaryimage"},"thumbnailUrl":"https:\/\/araujo.com.br\/blog\/wp-content\/uploads\/2022\/10\/760x340px-9.png","datePublished":"2022-10-13T17:37:37+00:00","dateModified":"2025-02-03T18:51:08+00:00","author":{"@id":"https:\/\/araujo.com.br\/blog\/#\/schema\/person\/4e2eac75cf0e2c6b079ef9a0df2ece83"},"description":"Se voc\u00ea gosta de cuidar da pele, j\u00e1 ouviu falar sobre \u00e1gua termal. Neste texto, explicamos para que ela serve, benef\u00edcios e como usar. Leia!","breadcrumb":{"@id":"https:\/\/araujo.com.br\/blog\/agua-termal\/#breadcrumb"},"inLanguage":"pt-BR","potentialAction":[{"@type":"ReadAction","target":["https:\/\/araujo.com.br\/blog\/agua-termal\/"]}]},{"@type":"ImageObject","inLanguage":"pt-BR","@id":"https:\/\/araujo.com.br\/blog\/agua-termal\/#primaryimage","url":"https:\/\/araujo.com.br\/blog\/wp-content\/uploads\/2022\/10\/760x340px-9.png","contentUrl":"https:\/\/araujo.com.br\/blog\/wp-content\/uploads\/2022\/10\/760x340px-9.png","width":760,"height":340},{"@type":"BreadcrumbList","@id":"https:\/\/araujo.com.br\/blog\/agua-termal\/#breadcrumb","itemListElement":[{"@type":"ListItem","position":1,"name":"In\u00edcio","item":"https:\/\/araujo.com.br\/blog\/"},{"@type":"ListItem","position":2,"name":"\u00c1gua termal: o que \u00e9, benef\u00edcios e como usar!"}]},{"@type":"WebSite","@id":"https:\/\/araujo.com.br\/blog\/#website","url":"https:\/\/araujo.com.br\/blog\/","name":"Blog da Drogaria Araujo","description":"Conte\u00fado que faz bem? A Araujo tem!","potentialAction":[{"@type":"SearchAction","target":{"@type":"EntryPoint","urlTemplate":"https:\/\/araujo.com.br\/blog\/?s={search_term_string}"},"query-input":{"@type":"PropertyValueSpecification","valueRequired":true,"valueName":"search_term_string"}}],"inLanguage":"pt-BR"},{"@type":"Person","@id":"https:\/\/araujo.com.br\/blog\/#\/schema\/person\/4e2eac75cf0e2c6b079ef9a0df2ece83","name":"Drogaria Araujo","image":{"@type":"ImageObject","inLanguage":"pt-BR","@id":"https:\/\/araujo.com.br\/blog\/#\/schema\/person\/image\/","url":"https:\/\/secure.gravatar.com\/avatar\/33e54dec0cd79fc4b5e911c15f836c46ec8d0e452ecd3ca5f707bce0a3540a3b?s=96&d=mm&r=g","contentUrl":"https:\/\/secure.gravatar.com\/avatar\/33e54dec0cd79fc4b5e911c15f836c46ec8d0e452ecd3ca5f707bce0a3540a3b?s=96&d=mm&r=g","caption":"Drogaria Araujo"},"description":"Especialista em Sa\u00fade da Fam\u00edlia. M\u00e9dico e nutricionista.","sameAs":["https:\/\/araujo.com.br\/blog"],"url":"https:\/\/araujo.com.br\/blog\/author\/admin\/"}]}},"_links":{"self":[{"href":"https:\/\/araujo.com.br\/blog\/wp-json\/wp\/v2\/posts\/3425","targetHints":{"allow":["GET"]}}],"collection":[{"href":"https:\/\/araujo.com.br\/blog\/wp-json\/wp\/v2\/posts"}],"about":[{"href":"https:\/\/araujo.com.br\/blog\/wp-json\/wp\/v2\/types\/post"}],"author":[{"embeddable":true,"href":"https:\/\/araujo.com.br\/blog\/wp-json\/wp\/v2\/users\/1"}],"replies":[{"embeddable":true,"href":"https:\/\/araujo.com.br\/blog\/wp-json\/wp\/v2\/comments?post=3425"}],"version-history":[{"count":2,"href":"https:\/\/araujo.com.br\/blog\/wp-json\/wp\/v2\/posts\/3425\/revisions"}],"predecessor-version":[{"id":4555,"href":"https:\/\/araujo.com.br\/blog\/wp-json\/wp\/v2\/posts\/3425\/revisions\/4555"}],"wp:featuredmedia":[{"embeddable":true,"href":"https:\/\/araujo.com.br\/blog\/wp-json\/wp\/v2\/media\/3426"}],"wp:attachment":[{"href":"https:\/\/araujo.com.br\/blog\/wp-json\/wp\/v2\/media?parent=3425"}],"wp:term":[{"taxonomy":"category","embeddable":true,"href":"https:\/\/araujo.com.br\/blog\/wp-json\/wp\/v2\/categories?post=3425"},{"taxonomy":"post_tag","embeddable":true,"href":"https:\/\/araujo.com.br\/blog\/wp-json\/wp\/v2\/tags?post=3425"}],"curies":[{"name":"wp","href":"https:\/\/api.w.org\/{rel}","templated":true}]}}