{"id":3432,"date":"2022-10-20T19:50:52","date_gmt":"2022-10-20T16:50:52","guid":{"rendered":"http:\/\/blog-qas.araujo.com.br\/linhas-de-expressao\/"},"modified":"2025-10-10T17:20:26","modified_gmt":"2025-10-10T14:20:26","slug":"linhas-de-expressao","status":"publish","type":"post","link":"https:\/\/araujo.com.br\/blog\/linhas-de-expressao\/","title":{"rendered":"Linhas de express\u00e3o: o que s\u00e3o, como cuidar e prevenir"},"content":{"rendered":"<p><span style=\"font-weight: 400;\">Em algum momento, todo mundo vai perceber linhas de express\u00e3o no rosto, especialmente quando sorri. Mas se elas s\u00e3o um destino esperado de todos, \u00e9 poss\u00edvel atenuar ou retardar o surgimento desses sinais? E se n\u00e3o forem tratadas, \u00e9 verdade que elas podem se tornar rugas profundas? A Araujo foi buscar essas respostas com o m\u00e9dico cirurgi\u00e3o pl\u00e1stico Jorge Menezes \u2013 CRM\/MG 19854 (@esthetic.care). Confira!<\/span><\/p>\n<h2>O que s\u00e3o linhas de express\u00e3o?<\/h2>\n<p><span style=\"font-weight: 400;\">As linhas de express\u00e3o s\u00e3o marcas que aparecem no rosto com o passar do tempo devido ao seu pr\u00f3prio funcionamento. \u00c9 assim: para nos comunicarmos (expressando felicidade, medo, exclama\u00e7\u00e3o, espanto, raiva, d\u00favida\u2026), o organismo contrai uma s\u00e9rie de m\u00fasculos espec\u00edficos que deslizam em contato com a pele. Com o passar dos anos, a elasticidade da pele vai diminuindo, assim como a hidrata\u00e7\u00e3o interna, fazendo com que tenhamos uma pele mais enrijecida.\u00a0<\/span><\/p>\n<p><span style=\"font-weight: 400;\">Segundo o m\u00e9dico, o enrijecimento da pele impede que ela evolua para as diversas dire\u00e7\u00f5es para compor a express\u00e3o facial. \u201cAo n\u00e3o conseguir acompanhar a contra\u00e7\u00e3o muscular, no deslizamento da pele, ela vai criando os v\u00edcios e pode passar a se dobrar sobre ela mesma\u201d, diz. Aparecem, assim, as linhas de express\u00e3o.\u00a0<\/span><\/p>\n<p><span style=\"font-weight: 400;\">E elas ir\u00e3o surgir em todo mundo. Segundo Jorge Menezes, elas ser\u00e3o maiores e mais intensas dependendo do grupo \u00e9tnico-racial, da idade e da gen\u00e9tica. Por isso, as avalia\u00e7\u00f5es com cada paciente t\u00eam que ser customizadas, levando a um planejamento correto e efetivo de tratamento.\u00a0<\/span><\/p>\n<h2>Qual a diferen\u00e7a entre rugas e linhas de express\u00e3o?<\/h2>\n<p><span style=\"font-weight: 400;\">O mecanismo de forma\u00e7\u00e3o de rugas e linhas de express\u00e3o \u00e9 o mesmo. \u201cToda ruga j\u00e1 foi uma linha de express\u00e3o e toda linha de express\u00e3o um dia ser\u00e1 uma ruga\u201d, explica o m\u00e9dico. Em outras palavras, a ruga \u00e9 uma perda ainda mais intensa da arquitetura cut\u00e2nea e da hidrata\u00e7\u00e3o de todas as camadas da pele. A transforma\u00e7\u00e3o de linhas de express\u00e3o em rugas, todavia, pode ser acelerado dependendo da idade da pessoa, tabagismo e consumo excessivo de \u00e1lcool, exposi\u00e7\u00e3o ao sol sem prote\u00e7\u00e3o e o tipo de dieta alimentar (pouco saud\u00e1vel). Estresse, <\/span><i><span style=\"font-weight: 400;\">burnout<\/span><\/i><span style=\"font-weight: 400;\"> e depress\u00e3o tamb\u00e9m s\u00e3o determinantes na piora desse processo.\u00a0<\/span><\/p>\n<h2>O que causa o surgimento das linhas de express\u00e3o?<span style=\"font-weight: 400;\">\u00a0<\/span><\/h2>\n<p><span style=\"font-weight: 400;\">Tudo aquilo que afeta a nossa pele acaba por contribuir para o surgimento das linhas de express\u00e3o. Mas alguns fatores podem intensificar o aparecimento dessas linhas, como aponta o especialista:<\/span><\/p>\n<ol>\n<li style=\"font-weight: 400;\" aria-level=\"1\"><span style=\"font-weight: 400;\">Ocupa\u00e7\u00e3o trabalhista (especialmente quando muito exposto ao sol ou \u00e0 polui\u00e7\u00e3o)<\/span><\/li>\n<li style=\"font-weight: 400;\" aria-level=\"1\"><span style=\"font-weight: 400;\">Gen\u00e9tica<\/span><\/li>\n<li style=\"font-weight: 400;\" aria-level=\"1\"><span style=\"font-weight: 400;\">Consumo de \u00e1lcool e tabaco<\/span><\/li>\n<li style=\"font-weight: 400;\" aria-level=\"1\"><span style=\"font-weight: 400;\">Doen\u00e7as adquiridas ou heredit\u00e1rias\u00a0<\/span><\/li>\n<li style=\"font-weight: 400;\" aria-level=\"1\"><span style=\"font-weight: 400;\">Exposi\u00e7\u00e3o solar<\/span><\/li>\n<li style=\"font-weight: 400;\" aria-level=\"1\"><span style=\"font-weight: 400;\">Alimenta\u00e7\u00e3o com alto consumo de ultraprocessados<\/span><\/li>\n<li style=\"font-weight: 400;\" aria-level=\"1\"><span style=\"font-weight: 400;\">Ins\u00f4nia\/m\u00e1 qualidade do sono<\/span><\/li>\n<li style=\"font-weight: 400;\" aria-level=\"1\"><span style=\"font-weight: 400;\">Polui\u00e7\u00e3o<\/span><\/li>\n<\/ol>\n<h2>Linhas de express\u00e3o na testa<\/h2>\n<p><span style=\"font-weight: 400;\">As linhas de express\u00e3o na testa est\u00e3o entre as primeiras a aparecerem. Isso ocorre porque ela \u00e9 uma \u00e1rea que movimentamos muito no dia a dia. \u201cA pele passa a acompanhar menos o movimento muscular depois de certa idade\u201d, afirma Jorge Menezes.\u00a0\u00a0<\/span><\/p>\n<p>Al\u00e9m disso, a testa costuma ser a principal \u00e1rea do corpo que sofre os efeitos os estresse. Os m\u00fasculos da testa contraem, formando rugas ao longo do tempo. Mas existem formas de prevenir as linhas de express\u00e3o na testa.<\/p>\n<p>A principal \u00e9 utilizar protetor solar diariamente para proteger a pele dos raios UV. Hidratar-se constantemente, manter uma dieta saud\u00e1vel e utilizar cremes e produtos espec\u00edficos para a \u00e1rea tamb\u00e9m pode ajudar na preven\u00e7\u00e3o. Al\u00e9m disso, manter h\u00e1bitos anti-stress pode auxiliar na diminui\u00e7\u00e3o do desgaste da \u00e1rea.<\/p>\n<h2>Linhas de express\u00e3o nos olhos<span style=\"font-weight: 400;\">\u00a0<\/span><\/h2>\n<p><span style=\"font-weight: 400;\">Assim como na testa, as linhas de express\u00e3o na \u00e1rea dos olhos tamb\u00e9m costumam aparecer mais cedo. Elas se localizam ao redor dos olhos. Com o movimento cont\u00ednuo das p\u00e1lpebras, a pele tamb\u00e9m cria um descompasso com a musculatura. \u201cA pele ao redor dos olhos \u00e9 naturalmente mais fina e, por isso, as linhas aparecem mais facilmente\u201d, aponta o m\u00e9dico.\u00a0<\/span><\/p>\n<h2>Como tirar as linhas de express\u00e3o?<\/h2>\n<p><span style=\"font-weight: 400;\">O tratamento precoce \u00e9 a melhor op\u00e7\u00e3o. Felizmente, h\u00e1 uma variedade de op\u00e7\u00f5es de cremes e produtos que auxiliam nesta preven\u00e7\u00e3o. \u201c\u00c9 importante que a pessoa, desde cedo, hidrate a pele e se proteja do sol, se poss\u00edvel\u201d, indica Jorge. E completa: \u201cse o trabalho demandar uma exposi\u00e7\u00e3o constante ao sol, o uso do protetor solar deve ser feito com muita aten\u00e7\u00e3o e disciplina. Escolher o que \u00e9 evit\u00e1vel no dia a dia tamb\u00e9m faz parte desse cuidado preventivo: o \u00e1lcool deve ser evitado, o tabagismo eliminado e uma alimenta\u00e7\u00e3o saud\u00e1vel \u00e9 desej\u00e1vel\u201d.\u00a0\u00a0<\/span><\/p>\n<h2>Creme para linhas de express\u00e3o<\/h2>\n<p><span style=\"font-weight: 400;\">\u00c9 preciso lembrar que uma maior ou menor prote\u00e7\u00e3o cut\u00e2nea vai depender em qual grupo o paciente se encaixa. Para esta an\u00e1lise, \u00e9 preciso avaliar o seu dia a dia, seus h\u00e1bitos de vida, a gen\u00e9tica familiar e assim por diante. Por isso, uma avalia\u00e7\u00e3o m\u00e9dica especializada \u00e9 n\u00e3o apenas importante, mas fundamental.<\/span><\/p>\n<p><span style=\"font-weight: 400;\">Alguns cremes e lo\u00e7\u00f5es t\u00eam indica\u00e7\u00e3o espec\u00edfica para prevenir e atenuar as linhas de express\u00f5es e rugas. Segundo o especialista, tamb\u00e9m \u00e9 poss\u00edvel utilizar a toxina botul\u00ednica, fazer interven\u00e7\u00f5es com laser, preenchimentos e uso de bioestimuladores, se o caso j\u00e1 for muito avan\u00e7ado.\u00a0<\/span><\/p>\n<ul>\n<li><a href=\"https:\/\/www.araujo.com.br\/revitalift-hialuronico-loreal-hidratante-preenchedor-noturno-49g\/p\" target=\"_blank\" rel=\"noopener noreferrer\">Revitalift Hialur\u00f4nico<\/a><\/li>\n<li><a href=\"https:\/\/www.araujo.com.br\/ivy-c-uv-serum-rejuvenescedor-fps-30-30ml\/p\" target=\"_blank\" rel=\"noopener noreferrer\">Ivy C S\u00e9rum<\/a><\/li>\n<li><a href=\"https:\/\/www.araujo.com.br\/retinol-b3-serum-concentrado-anti-idade-la-roche-posay-15ml\/97090.html\" target=\"_blank\" rel=\"noopener noreferrer\">Retinol B3 La Roche-Posay\u00a0<\/a><\/li>\n<\/ul>\n<h2>Como prevenir o surgimento de linhas de express\u00e3o?<\/h2>\n<p><span style=\"font-weight: 400;\">O mais importante \u00e9 o cuidado no dia a dia. Hidrata\u00e7\u00e3o e protetor solar s\u00e3o muito fundamentais nesta tarefa! Mas n\u00e3o s\u00f3 isso: uma vida mais tranquila, com baixa carga de estresse e noites bem dormidas (sono de qualidade) diminuem a forma\u00e7\u00e3o das linhas de express\u00e3o. Uma alimenta\u00e7\u00e3o saud\u00e1vel tamb\u00e9m \u00e9 uma enorme aliada: o consumo de alimentos de verdade e sem ultraprocessados contribui n\u00e3o apenas para a sa\u00fade e beleza da pele, mas para o do corpo todo.\u00a0<\/span><\/p>\n<p>Lembre-se: acima de tudo, o cuidado com a pele ocorre de dentro pra fora! Conte sempre com a <a href=\"https:\/\/www.araujo.com.br\/?utm_source=blog&amp;utm_medium=texto&amp;utm_campaign=home\">Araujo<\/a> para cuidar do seu corpo.<\/p>\n","protected":false},"excerpt":{"rendered":"<p>Em algum momento, todo mundo vai perceber linhas de express\u00e3o no rosto, especialmente quando sorri. Mas se elas s\u00e3o um destino esperado de todos, \u00e9 poss\u00edvel atenuar ou retardar o surgimento desses sinais? E se n\u00e3o forem tratadas, \u00e9 verdade que elas podem se tornar rugas profundas? A Araujo foi buscar essas respostas com o [&hellip;]<\/p>\n","protected":false},"author":1,"featured_media":3433,"comment_status":"closed","ping_status":"closed","sticky":false,"template":"","format":"standard","meta":{"_acf_changed":false,"footnotes":""},"categories":[37,4],"tags":[],"class_list":["post-3432","post","type-post","status-publish","format-standard","has-post-thumbnail","hentry","category-cuidados-pele","category-mais-beleza"],"acf":[],"yoast_head":"<!-- This site is optimized with the Yoast SEO plugin v24.3 - https:\/\/yoast.com\/wordpress\/plugins\/seo\/ -->\n<title>Linhas de express\u00e3o: o que s\u00e3o, como cuidar e prevenir<\/title>\n<meta name=\"description\" content=\"As linhas de express\u00e3o costumam ser uma preocupa\u00e7\u00e3o de muitas pessoas, principalmente mulheres. Saiba como elas surgem e como cuidar aqui!\" \/>\n<meta name=\"robots\" content=\"index, follow, max-snippet:-1, max-image-preview:large, max-video-preview:-1\" \/>\n<link rel=\"canonical\" href=\"https:\/\/araujo.com.br\/blog\/linhas-de-expressao\/\" \/>\n<meta property=\"og:locale\" content=\"pt_BR\" \/>\n<meta property=\"og:type\" content=\"article\" \/>\n<meta property=\"og:title\" content=\"Linhas de express\u00e3o: o que s\u00e3o, como cuidar e prevenir\" \/>\n<meta property=\"og:description\" content=\"As linhas de express\u00e3o costumam ser uma preocupa\u00e7\u00e3o de muitas pessoas, principalmente mulheres. Saiba como elas surgem e como cuidar aqui!\" \/>\n<meta property=\"og:url\" content=\"https:\/\/araujo.com.br\/blog\/linhas-de-expressao\/\" \/>\n<meta property=\"og:site_name\" content=\"Blog da Drogaria Araujo\" \/>\n<meta property=\"article:published_time\" content=\"2022-10-20T16:50:52+00:00\" \/>\n<meta property=\"article:modified_time\" content=\"2025-10-10T14:20:26+00:00\" \/>\n<meta property=\"og:image\" content=\"https:\/\/araujo.com.br\/blog\/wp-content\/uploads\/2022\/10\/vetorPrancheta-1LINHAS.png\" \/>\n\t<meta property=\"og:image:width\" content=\"760\" \/>\n\t<meta property=\"og:image:height\" content=\"340\" \/>\n\t<meta property=\"og:image:type\" content=\"image\/png\" \/>\n<meta name=\"author\" content=\"Drogaria Araujo\" \/>\n<meta name=\"twitter:card\" content=\"summary_large_image\" \/>\n<meta name=\"twitter:label1\" content=\"Escrito por\" \/>\n\t<meta name=\"twitter:data1\" content=\"Drogaria Araujo\" \/>\n\t<meta name=\"twitter:label2\" content=\"Est. tempo de leitura\" \/>\n\t<meta name=\"twitter:data2\" content=\"6 minutos\" \/>\n<script type=\"application\/ld+json\" class=\"yoast-schema-graph\">{\"@context\":\"https:\/\/schema.org\",\"@graph\":[{\"@type\":\"WebPage\",\"@id\":\"https:\/\/araujo.com.br\/blog\/linhas-de-expressao\/\",\"url\":\"https:\/\/araujo.com.br\/blog\/linhas-de-expressao\/\",\"name\":\"Linhas de express\u00e3o: o que s\u00e3o, como cuidar e prevenir\",\"isPartOf\":{\"@id\":\"https:\/\/araujo.com.br\/blog\/#website\"},\"primaryImageOfPage\":{\"@id\":\"https:\/\/araujo.com.br\/blog\/linhas-de-expressao\/#primaryimage\"},\"image\":{\"@id\":\"https:\/\/araujo.com.br\/blog\/linhas-de-expressao\/#primaryimage\"},\"thumbnailUrl\":\"https:\/\/araujo.com.br\/blog\/wp-content\/uploads\/2022\/10\/vetorPrancheta-1LINHAS.png\",\"datePublished\":\"2022-10-20T16:50:52+00:00\",\"dateModified\":\"2025-10-10T14:20:26+00:00\",\"author\":{\"@id\":\"https:\/\/araujo.com.br\/blog\/#\/schema\/person\/4e2eac75cf0e2c6b079ef9a0df2ece83\"},\"description\":\"As linhas de express\u00e3o costumam ser uma preocupa\u00e7\u00e3o de muitas pessoas, principalmente mulheres. Saiba como elas surgem e como cuidar aqui!\",\"breadcrumb\":{\"@id\":\"https:\/\/araujo.com.br\/blog\/linhas-de-expressao\/#breadcrumb\"},\"inLanguage\":\"pt-BR\",\"potentialAction\":[{\"@type\":\"ReadAction\",\"target\":[\"https:\/\/araujo.com.br\/blog\/linhas-de-expressao\/\"]}]},{\"@type\":\"ImageObject\",\"inLanguage\":\"pt-BR\",\"@id\":\"https:\/\/araujo.com.br\/blog\/linhas-de-expressao\/#primaryimage\",\"url\":\"https:\/\/araujo.com.br\/blog\/wp-content\/uploads\/2022\/10\/vetorPrancheta-1LINHAS.png\",\"contentUrl\":\"https:\/\/araujo.com.br\/blog\/wp-content\/uploads\/2022\/10\/vetorPrancheta-1LINHAS.png\",\"width\":760,\"height\":340},{\"@type\":\"BreadcrumbList\",\"@id\":\"https:\/\/araujo.com.br\/blog\/linhas-de-expressao\/#breadcrumb\",\"itemListElement\":[{\"@type\":\"ListItem\",\"position\":1,\"name\":\"In\u00edcio\",\"item\":\"https:\/\/araujo.com.br\/blog\/\"},{\"@type\":\"ListItem\",\"position\":2,\"name\":\"Linhas de express\u00e3o: o que s\u00e3o, como cuidar e prevenir\"}]},{\"@type\":\"WebSite\",\"@id\":\"https:\/\/araujo.com.br\/blog\/#website\",\"url\":\"https:\/\/araujo.com.br\/blog\/\",\"name\":\"Blog da Drogaria Araujo\",\"description\":\"Conte\u00fado que faz bem? A Araujo tem!\",\"potentialAction\":[{\"@type\":\"SearchAction\",\"target\":{\"@type\":\"EntryPoint\",\"urlTemplate\":\"https:\/\/araujo.com.br\/blog\/?s={search_term_string}\"},\"query-input\":{\"@type\":\"PropertyValueSpecification\",\"valueRequired\":true,\"valueName\":\"search_term_string\"}}],\"inLanguage\":\"pt-BR\"},{\"@type\":\"Person\",\"@id\":\"https:\/\/araujo.com.br\/blog\/#\/schema\/person\/4e2eac75cf0e2c6b079ef9a0df2ece83\",\"name\":\"Drogaria Araujo\",\"image\":{\"@type\":\"ImageObject\",\"inLanguage\":\"pt-BR\",\"@id\":\"https:\/\/araujo.com.br\/blog\/#\/schema\/person\/image\/\",\"url\":\"https:\/\/secure.gravatar.com\/avatar\/33e54dec0cd79fc4b5e911c15f836c46ec8d0e452ecd3ca5f707bce0a3540a3b?s=96&d=mm&r=g\",\"contentUrl\":\"https:\/\/secure.gravatar.com\/avatar\/33e54dec0cd79fc4b5e911c15f836c46ec8d0e452ecd3ca5f707bce0a3540a3b?s=96&d=mm&r=g\",\"caption\":\"Drogaria Araujo\"},\"description\":\"Especialista em Sa\u00fade da Fam\u00edlia. M\u00e9dico e nutricionista.\",\"sameAs\":[\"https:\/\/araujo.com.br\/blog\"],\"url\":\"https:\/\/araujo.com.br\/blog\/author\/admin\/\"}]}<\/script>\n<!-- \/ Yoast SEO plugin. -->","yoast_head_json":{"title":"Linhas de express\u00e3o: o que s\u00e3o, como cuidar e prevenir","description":"As linhas de express\u00e3o costumam ser uma preocupa\u00e7\u00e3o de muitas pessoas, principalmente mulheres. Saiba como elas surgem e como cuidar aqui!","robots":{"index":"index","follow":"follow","max-snippet":"max-snippet:-1","max-image-preview":"max-image-preview:large","max-video-preview":"max-video-preview:-1"},"canonical":"https:\/\/araujo.com.br\/blog\/linhas-de-expressao\/","og_locale":"pt_BR","og_type":"article","og_title":"Linhas de express\u00e3o: o que s\u00e3o, como cuidar e prevenir","og_description":"As linhas de express\u00e3o costumam ser uma preocupa\u00e7\u00e3o de muitas pessoas, principalmente mulheres. Saiba como elas surgem e como cuidar aqui!","og_url":"https:\/\/araujo.com.br\/blog\/linhas-de-expressao\/","og_site_name":"Blog da Drogaria Araujo","article_published_time":"2022-10-20T16:50:52+00:00","article_modified_time":"2025-10-10T14:20:26+00:00","og_image":[{"width":760,"height":340,"url":"https:\/\/araujo.com.br\/blog\/wp-content\/uploads\/2022\/10\/vetorPrancheta-1LINHAS.png","type":"image\/png"}],"author":"Drogaria Araujo","twitter_card":"summary_large_image","twitter_misc":{"Escrito por":"Drogaria Araujo","Est. tempo de leitura":"6 minutos"},"schema":{"@context":"https:\/\/schema.org","@graph":[{"@type":"WebPage","@id":"https:\/\/araujo.com.br\/blog\/linhas-de-expressao\/","url":"https:\/\/araujo.com.br\/blog\/linhas-de-expressao\/","name":"Linhas de express\u00e3o: o que s\u00e3o, como cuidar e prevenir","isPartOf":{"@id":"https:\/\/araujo.com.br\/blog\/#website"},"primaryImageOfPage":{"@id":"https:\/\/araujo.com.br\/blog\/linhas-de-expressao\/#primaryimage"},"image":{"@id":"https:\/\/araujo.com.br\/blog\/linhas-de-expressao\/#primaryimage"},"thumbnailUrl":"https:\/\/araujo.com.br\/blog\/wp-content\/uploads\/2022\/10\/vetorPrancheta-1LINHAS.png","datePublished":"2022-10-20T16:50:52+00:00","dateModified":"2025-10-10T14:20:26+00:00","author":{"@id":"https:\/\/araujo.com.br\/blog\/#\/schema\/person\/4e2eac75cf0e2c6b079ef9a0df2ece83"},"description":"As linhas de express\u00e3o costumam ser uma preocupa\u00e7\u00e3o de muitas pessoas, principalmente mulheres. Saiba como elas surgem e como cuidar aqui!","breadcrumb":{"@id":"https:\/\/araujo.com.br\/blog\/linhas-de-expressao\/#breadcrumb"},"inLanguage":"pt-BR","potentialAction":[{"@type":"ReadAction","target":["https:\/\/araujo.com.br\/blog\/linhas-de-expressao\/"]}]},{"@type":"ImageObject","inLanguage":"pt-BR","@id":"https:\/\/araujo.com.br\/blog\/linhas-de-expressao\/#primaryimage","url":"https:\/\/araujo.com.br\/blog\/wp-content\/uploads\/2022\/10\/vetorPrancheta-1LINHAS.png","contentUrl":"https:\/\/araujo.com.br\/blog\/wp-content\/uploads\/2022\/10\/vetorPrancheta-1LINHAS.png","width":760,"height":340},{"@type":"BreadcrumbList","@id":"https:\/\/araujo.com.br\/blog\/linhas-de-expressao\/#breadcrumb","itemListElement":[{"@type":"ListItem","position":1,"name":"In\u00edcio","item":"https:\/\/araujo.com.br\/blog\/"},{"@type":"ListItem","position":2,"name":"Linhas de express\u00e3o: o que s\u00e3o, como cuidar e prevenir"}]},{"@type":"WebSite","@id":"https:\/\/araujo.com.br\/blog\/#website","url":"https:\/\/araujo.com.br\/blog\/","name":"Blog da Drogaria Araujo","description":"Conte\u00fado que faz bem? A Araujo tem!","potentialAction":[{"@type":"SearchAction","target":{"@type":"EntryPoint","urlTemplate":"https:\/\/araujo.com.br\/blog\/?s={search_term_string}"},"query-input":{"@type":"PropertyValueSpecification","valueRequired":true,"valueName":"search_term_string"}}],"inLanguage":"pt-BR"},{"@type":"Person","@id":"https:\/\/araujo.com.br\/blog\/#\/schema\/person\/4e2eac75cf0e2c6b079ef9a0df2ece83","name":"Drogaria Araujo","image":{"@type":"ImageObject","inLanguage":"pt-BR","@id":"https:\/\/araujo.com.br\/blog\/#\/schema\/person\/image\/","url":"https:\/\/secure.gravatar.com\/avatar\/33e54dec0cd79fc4b5e911c15f836c46ec8d0e452ecd3ca5f707bce0a3540a3b?s=96&d=mm&r=g","contentUrl":"https:\/\/secure.gravatar.com\/avatar\/33e54dec0cd79fc4b5e911c15f836c46ec8d0e452ecd3ca5f707bce0a3540a3b?s=96&d=mm&r=g","caption":"Drogaria Araujo"},"description":"Especialista em Sa\u00fade da Fam\u00edlia. M\u00e9dico e nutricionista.","sameAs":["https:\/\/araujo.com.br\/blog"],"url":"https:\/\/araujo.com.br\/blog\/author\/admin\/"}]}},"_links":{"self":[{"href":"https:\/\/araujo.com.br\/blog\/wp-json\/wp\/v2\/posts\/3432","targetHints":{"allow":["GET"]}}],"collection":[{"href":"https:\/\/araujo.com.br\/blog\/wp-json\/wp\/v2\/posts"}],"about":[{"href":"https:\/\/araujo.com.br\/blog\/wp-json\/wp\/v2\/types\/post"}],"author":[{"embeddable":true,"href":"https:\/\/araujo.com.br\/blog\/wp-json\/wp\/v2\/users\/1"}],"replies":[{"embeddable":true,"href":"https:\/\/araujo.com.br\/blog\/wp-json\/wp\/v2\/comments?post=3432"}],"version-history":[{"count":4,"href":"https:\/\/araujo.com.br\/blog\/wp-json\/wp\/v2\/posts\/3432\/revisions"}],"predecessor-version":[{"id":6008,"href":"https:\/\/araujo.com.br\/blog\/wp-json\/wp\/v2\/posts\/3432\/revisions\/6008"}],"wp:featuredmedia":[{"embeddable":true,"href":"https:\/\/araujo.com.br\/blog\/wp-json\/wp\/v2\/media\/3433"}],"wp:attachment":[{"href":"https:\/\/araujo.com.br\/blog\/wp-json\/wp\/v2\/media?parent=3432"}],"wp:term":[{"taxonomy":"category","embeddable":true,"href":"https:\/\/araujo.com.br\/blog\/wp-json\/wp\/v2\/categories?post=3432"},{"taxonomy":"post_tag","embeddable":true,"href":"https:\/\/araujo.com.br\/blog\/wp-json\/wp\/v2\/tags?post=3432"}],"curies":[{"name":"wp","href":"https:\/\/api.w.org\/{rel}","templated":true}]}}