{"id":3444,"date":"2022-11-03T12:43:54","date_gmt":"2022-11-03T09:43:54","guid":{"rendered":"http:\/\/blog-qas.araujo.com.br\/cancer-de-prostata-o-que-e-sintomas-e-prevencao\/"},"modified":"2025-07-30T19:21:56","modified_gmt":"2025-07-30T16:21:56","slug":"cancer-de-prostata","status":"publish","type":"post","link":"https:\/\/araujo.com.br\/blog\/cancer-de-prostata\/","title":{"rendered":"C\u00e2ncer de pr\u00f3stata: o que \u00e9, sintomas e preven\u00e7\u00e3o"},"content":{"rendered":"\n<p>Quando o assunto \u00e9 c\u00e2ncer de pr\u00f3stata h\u00e1 ainda muitos mitos e preconceitos. Talvez voc\u00ea n\u00e3o saiba, mas ele \u00e9 o mais comum em homens no Brasil, atr\u00e1s apenas do c\u00e2ncer de pele. Por essa raz\u00e3o, no pen\u00faltimo m\u00eas do ano h\u00e1 o <a href=\"https:\/\/araujo.com.br\/blog\/campanha-novembro-azul\/\">Novembro Azul<\/a>, uma campanha de conscientiza\u00e7\u00e3o sobre a import\u00e2ncia da preven\u00e7\u00e3o.&nbsp;<\/p>\n\n\n\n<p>Como quase todos os tipos de c\u00e2nceres, a possibilidade de cura \u00e9 muito maior quando ele \u00e9 diagnosticado em fases iniciais. Quem nos explica sobre a doen\u00e7a, sobre sintomas, preven\u00e7\u00e3o e tratamento \u00e9 o m\u00e9dico urologista T\u00e1cito Guimar\u00e3es CRM\/MG&nbsp; 38217 (@tacito.urologia), formado pela UFMG e membro da Sociedade Europeia de Urologia. Leia para entender melhor!<\/p>\n\n\n\n<h2 class=\"wp-block-heading\"><strong>O que \u00e9 a pr\u00f3stata?<\/strong><\/h2>\n\n\n\n<p>Voc\u00ea sabia que a pr\u00f3stata tende a crescer com a idade? \u201cA pr\u00f3stata \u00e9 uma gl\u00e2ndula dos homens respons\u00e1vel por produzir subst\u00e2ncias que comp\u00f5em o l\u00edquido seminal\u201d. Ela localiza-se logo abaixo da bexiga e anterior ao reto.<\/p>\n\n\n\n<h2 class=\"wp-block-heading\"><strong>O que \u00e9 c\u00e2ncer de pr\u00f3stata?<\/strong><\/h2>\n\n\n\n<p>O c\u00e2ncer de pr\u00f3stata \u00e9 o tumor maligno da pr\u00f3stata, sendo o segundo tipo de c\u00e2ncer mais comum no homem. Entretanto, Dr. T\u00e1cito ressalta que ele tem \u201cbom potencial de resolu\u00e7\u00e3o quando descoberto em situa\u00e7\u00f5es favor\u00e1veis\u201d, principalmente se estiver em um est\u00e1gio inicial. Por isso \u00e9 importante realizar o exame preventivo.<\/p>\n\n\n\n<h2 class=\"wp-block-heading\"><strong>O que causa a doen\u00e7a?<\/strong><\/h2>\n\n\n\n<p>O seu surgimento costuma ter uma causa m\u00faltipla, apenas raramente \u00e9 que ele ocorre por uma quest\u00e3o espec\u00edfica. \u00c9 por isso que, no geral, no diagn\u00f3stico n\u00e3o h\u00e1 um motivo principal, mas um conjunto que pode ter levado ao surgimento da doen\u00e7a.&nbsp;<\/p>\n\n\n\n<h3 class=\"wp-block-heading\"><strong>Fatores de risco para o c\u00e2ncer de pr\u00f3stata<\/strong><\/h3>\n\n\n\n<p>O especialista elenca as principais causas relacionadas a esse tipo de c\u00e2ncer:<\/p>\n\n\n\n<ul class=\"wp-block-list\">\n<li>fator gen\u00e9tico;<\/li>\n\n\n\n<li>idade (quanto mais avan\u00e7ada, maior a chance);<\/li>\n\n\n\n<li>comunidade negra e afrodescendente (a incid\u00eancia \u00e9 de duas a tr\u00eas vezes maior quando comparada \u00e0 de homens brancos);<\/li>\n\n\n\n<li>tabagismo;&nbsp;<\/li>\n\n\n\n<li>obesidade;<\/li>\n\n\n\n<li>sedentarismo.<\/li>\n<\/ul>\n\n\n\n<h2 class=\"wp-block-heading\"><strong>Sintomas do c\u00e2ncer de pr\u00f3stata<\/strong><\/h2>\n\n\n\n<p>Segundo o Dr. T\u00e1cito Guimar\u00e3es, a maioria das pessoas diagnosticadas com c\u00e2ncer de pr\u00f3stata n\u00e3o percebem nenhum sintoma. Ele nos explica o por qu\u00ea. \u201cNormalmente, esse tipo de c\u00e2ncer n\u00e3o apresenta sinais e sintomas\u201d, explica o especialista. Por esse motivo, <strong>a ida ao m\u00e9dico, de forma peri\u00f3dica, \u00e9 fundamental, incluindo a realiza\u00e7\u00e3o de exames de laborat\u00f3rio e exames de toque retal.&nbsp;<\/strong><\/p>\n\n\n\n<p>Contudo, em alguns casos pode ter sintomas como \u201cdificuldade de urinar; demora em come\u00e7ar e terminar de urinar; sangue na urina; diminui\u00e7\u00e3o do jato de urina; necessidade de urinar mais vezes durante o dia ou \u00e0 noite\u201d, alerta T\u00e1cito.<\/p>\n\n\n\n<h2 class=\"wp-block-heading\"><strong>Como \u00e9 o diagn\u00f3stico?<\/strong><\/h2>\n\n\n\n<p>\u201cQuando o exame de sangue da pr\u00f3stata (PSA) est\u00e1 alterado e\/ ou o exame de toque retal est\u00e1 com nodula\u00e7\u00e3o ou regi\u00e3o endurecida, solicitamos resson\u00e2ncia&nbsp; magn\u00e9tica e bi\u00f3psia prost\u00e1tica\u201d, diz T\u00e1cito. A partir do resultado da bi\u00f3psia da pr\u00f3stata \u00e9 poss\u00edvel concluir se h\u00e1 ou n\u00e3o c\u00e2ncer.&nbsp;<\/p>\n\n\n\n<h2 class=\"wp-block-heading\"><strong>H\u00e1 incid\u00eancia em jovens?<\/strong><\/h2>\n\n\n\n<p>\u00c9 muito raro que algu\u00e9m, abaixo dos 45 anos, tenha c\u00e2ncer de pr\u00f3stata, mas o m\u00e9dico ressalta que \u201ca cada dez homens diagnosticados com c\u00e2ncer de pr\u00f3stata, nove t\u00eam mais de 55 anos\u201d. Mesmo raro, se houver algum dos sintomas \u00e9 importante procurar o quanto antes um urologista.\u00a0<\/p>\n\n\n\n<h2 class=\"wp-block-heading\"><strong>C\u00e2ncer de pr\u00f3stata tem cura?<\/strong><\/h2>\n\n\n\n<p>Sim, o c\u00e2ncer de pr\u00f3stata tem cura, principalmente se for descoberto em uma fase mais favor\u00e1vel. Os exames de sangue e de toque retal podem ser realizados, de forma peri\u00f3dica, a partir dos 40 anos. Se houver casos na fam\u00edlia de c\u00e2ncer de pr\u00f3stata, a recomenda\u00e7\u00e3o sobre o in\u00edcio dos exames deve seguir uma avalia\u00e7\u00e3o m\u00e9dica.&nbsp;<\/p>\n\n\n\n<h2 class=\"wp-block-heading\"><strong>Fases do c\u00e2ncer de pr\u00f3stata<\/strong><\/h2>\n\n\n\n<p>O c\u00e2ncer geralmente apresenta algumas etapas, dependendo do desenvolvimento da doen\u00e7a. Esse estadiamento define a possibilidade de cura e qual tratamento ser\u00e1 seguido. Segundo T\u00e1cito Guimar\u00e3es, \u201cnormalmente classificamos em c\u00e2ncer de pr\u00f3stata como inicial, intermedi\u00e1rio e avan\u00e7ado\u201d.&nbsp;<\/p>\n\n\n\n<h2 class=\"wp-block-heading\"><strong>Tratamentos<\/strong><\/h2>\n\n\n\n<p>Os tratamentos podem ser v\u00e1rios e vai depender de uma s\u00e9rie de fatores, como \u201co tipo de c\u00e2ncer, a idade do paciente, se o paciente possui problemas de sa\u00fade e assim por diante\u201d, explica o m\u00e9dico.&nbsp;<\/p>\n\n\n\n<p>A boa not\u00edcia \u00e9 que o tratamento pela rob\u00f3tica \u00e9 uma realidade: \u201ccom bons resultados funcionais, oncol\u00f3gicos, menor sangramento, alta com 24\/48 horas e recupera\u00e7\u00e3o mais r\u00e1pida\u201d. Tamb\u00e9m temos as op\u00e7\u00f5es de \u201cradioterapia exclusiva, hormonioterapia exclusiva, radioterapia e hormonioterapia, HI- FU, braquiterapia, e apenas acompanhamento (em casos muito iniciais)\u201d.<\/p>\n\n\n\n<h2 class=\"wp-block-heading\"><strong>Como prevenir?<\/strong><\/h2>\n\n\n\n<p>A preven\u00e7\u00e3o do c\u00e2ncer de pr\u00f3stata engloba uma s\u00e9rie de fatores que ajudam a ter uma vida saud\u00e1vel de modo geral. \u201cFazer atividade f\u00edsica, manter o\u00a0peso corporal adequado, ter uma alimenta\u00e7\u00e3o saud\u00e1vel e evitar \u00e1lcool e tabagismo s\u00e3o algumas das principais medidas para evitar o c\u00e2ncer de pr\u00f3stata\u201d, recomenda o m\u00e9dico.<\/p>\n\n\n\n<p>Conte sempre com a <a href=\"https:\/\/araujo.com.br\/blog\/?srsltid=AfmBOoopAML9mbW8AmRIeAmY_D4P6b9ug0J0mDRjZNmCeASvB4FO65V4\">Drogaria Araujo<\/a> para garantir informa\u00e7\u00f5es de qualidade. Aqui tamb\u00e9m oferecemos o Exame PSA para auxiliar na sua preven\u00e7\u00e3o. Conte com nossa equipe farmac\u00eautica, cuide-se e previna-se!<\/p>\n","protected":false},"excerpt":{"rendered":"<p>Quando o assunto \u00e9 c\u00e2ncer de pr\u00f3stata h\u00e1 ainda muitos mitos e preconceitos. Talvez voc\u00ea n\u00e3o saiba, mas ele \u00e9 o mais comum em homens no Brasil, atr\u00e1s apenas do c\u00e2ncer de pele. Por essa raz\u00e3o, no pen\u00faltimo m\u00eas do ano h\u00e1 o Novembro Azul, uma campanha de conscientiza\u00e7\u00e3o sobre a import\u00e2ncia da preven\u00e7\u00e3o.&nbsp; Como [&hellip;]<\/p>\n","protected":false},"author":1,"featured_media":5634,"comment_status":"closed","ping_status":"closed","sticky":false,"template":"","format":"standard","meta":{"_acf_changed":false,"footnotes":""},"categories":[915,3],"tags":[101,167,294],"class_list":["post-3444","post","type-post","status-publish","format-standard","has-post-thumbnail","hentry","category-saude-homem","category-saude-e-bem-estar","tag-homem","tag-prevencao","tag-saude"],"acf":[],"yoast_head":"<!-- This site is optimized with the Yoast SEO plugin v24.3 - https:\/\/yoast.com\/wordpress\/plugins\/seo\/ -->\n<title>C\u00e2ncer de pr\u00f3stata: o que \u00e9, sintomas e preven\u00e7\u00e3o<\/title>\n<meta name=\"description\" content=\"O c\u00e2ncer de pr\u00f3stata \u00e9 o c\u00e2ncer mais comum entre homens, atr\u00e1s apenas do c\u00e2ncer de pele. Conhe\u00e7a seus principais sintomas e tratamentos aqui.\" \/>\n<meta name=\"robots\" content=\"index, follow, max-snippet:-1, max-image-preview:large, max-video-preview:-1\" \/>\n<link rel=\"canonical\" href=\"https:\/\/araujo.com.br\/blog\/cancer-de-prostata\/\" \/>\n<meta property=\"og:locale\" content=\"pt_BR\" \/>\n<meta property=\"og:type\" content=\"article\" \/>\n<meta property=\"og:title\" content=\"C\u00e2ncer de pr\u00f3stata: o que \u00e9, sintomas e preven\u00e7\u00e3o\" \/>\n<meta property=\"og:description\" content=\"O c\u00e2ncer de pr\u00f3stata \u00e9 o c\u00e2ncer mais comum entre homens, atr\u00e1s apenas do c\u00e2ncer de pele. Conhe\u00e7a seus principais sintomas e tratamentos aqui.\" \/>\n<meta property=\"og:url\" content=\"https:\/\/araujo.com.br\/blog\/cancer-de-prostata\/\" \/>\n<meta property=\"og:site_name\" content=\"Blog da Drogaria Araujo\" \/>\n<meta property=\"article:published_time\" content=\"2022-11-03T09:43:54+00:00\" \/>\n<meta property=\"article:modified_time\" content=\"2025-07-30T16:21:56+00:00\" \/>\n<meta property=\"og:image\" content=\"https:\/\/araujo.com.br\/blog\/wp-content\/uploads\/2022\/11\/AdobeStock_469091746-scaled.jpeg\" \/>\n\t<meta property=\"og:image:width\" content=\"2560\" \/>\n\t<meta property=\"og:image:height\" content=\"1709\" \/>\n\t<meta property=\"og:image:type\" content=\"image\/jpeg\" \/>\n<meta name=\"author\" content=\"Drogaria Araujo\" \/>\n<meta name=\"twitter:card\" content=\"summary_large_image\" \/>\n<meta name=\"twitter:label1\" content=\"Escrito por\" \/>\n\t<meta name=\"twitter:data1\" content=\"Drogaria Araujo\" \/>\n\t<meta name=\"twitter:label2\" content=\"Est. tempo de leitura\" \/>\n\t<meta name=\"twitter:data2\" content=\"5 minutos\" \/>\n<script type=\"application\/ld+json\" class=\"yoast-schema-graph\">{\"@context\":\"https:\/\/schema.org\",\"@graph\":[{\"@type\":\"WebPage\",\"@id\":\"https:\/\/araujo.com.br\/blog\/cancer-de-prostata\/\",\"url\":\"https:\/\/araujo.com.br\/blog\/cancer-de-prostata\/\",\"name\":\"C\u00e2ncer de pr\u00f3stata: o que \u00e9, sintomas e preven\u00e7\u00e3o\",\"isPartOf\":{\"@id\":\"https:\/\/araujo.com.br\/blog\/#website\"},\"primaryImageOfPage\":{\"@id\":\"https:\/\/araujo.com.br\/blog\/cancer-de-prostata\/#primaryimage\"},\"image\":{\"@id\":\"https:\/\/araujo.com.br\/blog\/cancer-de-prostata\/#primaryimage\"},\"thumbnailUrl\":\"https:\/\/araujo.com.br\/blog\/wp-content\/uploads\/2022\/11\/AdobeStock_469091746-scaled.jpeg\",\"datePublished\":\"2022-11-03T09:43:54+00:00\",\"dateModified\":\"2025-07-30T16:21:56+00:00\",\"author\":{\"@id\":\"https:\/\/araujo.com.br\/blog\/#\/schema\/person\/4e2eac75cf0e2c6b079ef9a0df2ece83\"},\"description\":\"O c\u00e2ncer de pr\u00f3stata \u00e9 o c\u00e2ncer mais comum entre homens, atr\u00e1s apenas do c\u00e2ncer de pele. Conhe\u00e7a seus principais sintomas e tratamentos aqui.\",\"breadcrumb\":{\"@id\":\"https:\/\/araujo.com.br\/blog\/cancer-de-prostata\/#breadcrumb\"},\"inLanguage\":\"pt-BR\",\"potentialAction\":[{\"@type\":\"ReadAction\",\"target\":[\"https:\/\/araujo.com.br\/blog\/cancer-de-prostata\/\"]}]},{\"@type\":\"ImageObject\",\"inLanguage\":\"pt-BR\",\"@id\":\"https:\/\/araujo.com.br\/blog\/cancer-de-prostata\/#primaryimage\",\"url\":\"https:\/\/araujo.com.br\/blog\/wp-content\/uploads\/2022\/11\/AdobeStock_469091746-scaled.jpeg\",\"contentUrl\":\"https:\/\/araujo.com.br\/blog\/wp-content\/uploads\/2022\/11\/AdobeStock_469091746-scaled.jpeg\",\"width\":2560,\"height\":1709,\"caption\":\"First person top view photo of male hand holding blue silk ribbon in palm symbol of prostate cancer awareness on isolated pastel blue background with blank space\"},{\"@type\":\"BreadcrumbList\",\"@id\":\"https:\/\/araujo.com.br\/blog\/cancer-de-prostata\/#breadcrumb\",\"itemListElement\":[{\"@type\":\"ListItem\",\"position\":1,\"name\":\"In\u00edcio\",\"item\":\"https:\/\/araujo.com.br\/blog\/\"},{\"@type\":\"ListItem\",\"position\":2,\"name\":\"C\u00e2ncer de pr\u00f3stata: o que \u00e9, sintomas e preven\u00e7\u00e3o\"}]},{\"@type\":\"WebSite\",\"@id\":\"https:\/\/araujo.com.br\/blog\/#website\",\"url\":\"https:\/\/araujo.com.br\/blog\/\",\"name\":\"Blog da Drogaria Araujo\",\"description\":\"Conte\u00fado que faz bem? A Araujo tem!\",\"potentialAction\":[{\"@type\":\"SearchAction\",\"target\":{\"@type\":\"EntryPoint\",\"urlTemplate\":\"https:\/\/araujo.com.br\/blog\/?s={search_term_string}\"},\"query-input\":{\"@type\":\"PropertyValueSpecification\",\"valueRequired\":true,\"valueName\":\"search_term_string\"}}],\"inLanguage\":\"pt-BR\"},{\"@type\":\"Person\",\"@id\":\"https:\/\/araujo.com.br\/blog\/#\/schema\/person\/4e2eac75cf0e2c6b079ef9a0df2ece83\",\"name\":\"Drogaria Araujo\",\"image\":{\"@type\":\"ImageObject\",\"inLanguage\":\"pt-BR\",\"@id\":\"https:\/\/araujo.com.br\/blog\/#\/schema\/person\/image\/\",\"url\":\"https:\/\/secure.gravatar.com\/avatar\/33e54dec0cd79fc4b5e911c15f836c46ec8d0e452ecd3ca5f707bce0a3540a3b?s=96&d=mm&r=g\",\"contentUrl\":\"https:\/\/secure.gravatar.com\/avatar\/33e54dec0cd79fc4b5e911c15f836c46ec8d0e452ecd3ca5f707bce0a3540a3b?s=96&d=mm&r=g\",\"caption\":\"Drogaria Araujo\"},\"description\":\"Especialista em Sa\u00fade da Fam\u00edlia. M\u00e9dico e nutricionista.\",\"sameAs\":[\"https:\/\/araujo.com.br\/blog\"],\"url\":\"https:\/\/araujo.com.br\/blog\/author\/admin\/\"}]}<\/script>\n<!-- \/ Yoast SEO plugin. -->","yoast_head_json":{"title":"C\u00e2ncer de pr\u00f3stata: o que \u00e9, sintomas e preven\u00e7\u00e3o","description":"O c\u00e2ncer de pr\u00f3stata \u00e9 o c\u00e2ncer mais comum entre homens, atr\u00e1s apenas do c\u00e2ncer de pele. Conhe\u00e7a seus principais sintomas e tratamentos aqui.","robots":{"index":"index","follow":"follow","max-snippet":"max-snippet:-1","max-image-preview":"max-image-preview:large","max-video-preview":"max-video-preview:-1"},"canonical":"https:\/\/araujo.com.br\/blog\/cancer-de-prostata\/","og_locale":"pt_BR","og_type":"article","og_title":"C\u00e2ncer de pr\u00f3stata: o que \u00e9, sintomas e preven\u00e7\u00e3o","og_description":"O c\u00e2ncer de pr\u00f3stata \u00e9 o c\u00e2ncer mais comum entre homens, atr\u00e1s apenas do c\u00e2ncer de pele. Conhe\u00e7a seus principais sintomas e tratamentos aqui.","og_url":"https:\/\/araujo.com.br\/blog\/cancer-de-prostata\/","og_site_name":"Blog da Drogaria Araujo","article_published_time":"2022-11-03T09:43:54+00:00","article_modified_time":"2025-07-30T16:21:56+00:00","og_image":[{"width":2560,"height":1709,"url":"https:\/\/araujo.com.br\/blog\/wp-content\/uploads\/2022\/11\/AdobeStock_469091746-scaled.jpeg","type":"image\/jpeg"}],"author":"Drogaria Araujo","twitter_card":"summary_large_image","twitter_misc":{"Escrito por":"Drogaria Araujo","Est. tempo de leitura":"5 minutos"},"schema":{"@context":"https:\/\/schema.org","@graph":[{"@type":"WebPage","@id":"https:\/\/araujo.com.br\/blog\/cancer-de-prostata\/","url":"https:\/\/araujo.com.br\/blog\/cancer-de-prostata\/","name":"C\u00e2ncer de pr\u00f3stata: o que \u00e9, sintomas e preven\u00e7\u00e3o","isPartOf":{"@id":"https:\/\/araujo.com.br\/blog\/#website"},"primaryImageOfPage":{"@id":"https:\/\/araujo.com.br\/blog\/cancer-de-prostata\/#primaryimage"},"image":{"@id":"https:\/\/araujo.com.br\/blog\/cancer-de-prostata\/#primaryimage"},"thumbnailUrl":"https:\/\/araujo.com.br\/blog\/wp-content\/uploads\/2022\/11\/AdobeStock_469091746-scaled.jpeg","datePublished":"2022-11-03T09:43:54+00:00","dateModified":"2025-07-30T16:21:56+00:00","author":{"@id":"https:\/\/araujo.com.br\/blog\/#\/schema\/person\/4e2eac75cf0e2c6b079ef9a0df2ece83"},"description":"O c\u00e2ncer de pr\u00f3stata \u00e9 o c\u00e2ncer mais comum entre homens, atr\u00e1s apenas do c\u00e2ncer de pele. Conhe\u00e7a seus principais sintomas e tratamentos aqui.","breadcrumb":{"@id":"https:\/\/araujo.com.br\/blog\/cancer-de-prostata\/#breadcrumb"},"inLanguage":"pt-BR","potentialAction":[{"@type":"ReadAction","target":["https:\/\/araujo.com.br\/blog\/cancer-de-prostata\/"]}]},{"@type":"ImageObject","inLanguage":"pt-BR","@id":"https:\/\/araujo.com.br\/blog\/cancer-de-prostata\/#primaryimage","url":"https:\/\/araujo.com.br\/blog\/wp-content\/uploads\/2022\/11\/AdobeStock_469091746-scaled.jpeg","contentUrl":"https:\/\/araujo.com.br\/blog\/wp-content\/uploads\/2022\/11\/AdobeStock_469091746-scaled.jpeg","width":2560,"height":1709,"caption":"First person top view photo of male hand holding blue silk ribbon in palm symbol of prostate cancer awareness on isolated pastel blue background with blank space"},{"@type":"BreadcrumbList","@id":"https:\/\/araujo.com.br\/blog\/cancer-de-prostata\/#breadcrumb","itemListElement":[{"@type":"ListItem","position":1,"name":"In\u00edcio","item":"https:\/\/araujo.com.br\/blog\/"},{"@type":"ListItem","position":2,"name":"C\u00e2ncer de pr\u00f3stata: o que \u00e9, sintomas e preven\u00e7\u00e3o"}]},{"@type":"WebSite","@id":"https:\/\/araujo.com.br\/blog\/#website","url":"https:\/\/araujo.com.br\/blog\/","name":"Blog da Drogaria Araujo","description":"Conte\u00fado que faz bem? A Araujo tem!","potentialAction":[{"@type":"SearchAction","target":{"@type":"EntryPoint","urlTemplate":"https:\/\/araujo.com.br\/blog\/?s={search_term_string}"},"query-input":{"@type":"PropertyValueSpecification","valueRequired":true,"valueName":"search_term_string"}}],"inLanguage":"pt-BR"},{"@type":"Person","@id":"https:\/\/araujo.com.br\/blog\/#\/schema\/person\/4e2eac75cf0e2c6b079ef9a0df2ece83","name":"Drogaria Araujo","image":{"@type":"ImageObject","inLanguage":"pt-BR","@id":"https:\/\/araujo.com.br\/blog\/#\/schema\/person\/image\/","url":"https:\/\/secure.gravatar.com\/avatar\/33e54dec0cd79fc4b5e911c15f836c46ec8d0e452ecd3ca5f707bce0a3540a3b?s=96&d=mm&r=g","contentUrl":"https:\/\/secure.gravatar.com\/avatar\/33e54dec0cd79fc4b5e911c15f836c46ec8d0e452ecd3ca5f707bce0a3540a3b?s=96&d=mm&r=g","caption":"Drogaria Araujo"},"description":"Especialista em Sa\u00fade da Fam\u00edlia. M\u00e9dico e nutricionista.","sameAs":["https:\/\/araujo.com.br\/blog"],"url":"https:\/\/araujo.com.br\/blog\/author\/admin\/"}]}},"_links":{"self":[{"href":"https:\/\/araujo.com.br\/blog\/wp-json\/wp\/v2\/posts\/3444","targetHints":{"allow":["GET"]}}],"collection":[{"href":"https:\/\/araujo.com.br\/blog\/wp-json\/wp\/v2\/posts"}],"about":[{"href":"https:\/\/araujo.com.br\/blog\/wp-json\/wp\/v2\/types\/post"}],"author":[{"embeddable":true,"href":"https:\/\/araujo.com.br\/blog\/wp-json\/wp\/v2\/users\/1"}],"replies":[{"embeddable":true,"href":"https:\/\/araujo.com.br\/blog\/wp-json\/wp\/v2\/comments?post=3444"}],"version-history":[{"count":11,"href":"https:\/\/araujo.com.br\/blog\/wp-json\/wp\/v2\/posts\/3444\/revisions"}],"predecessor-version":[{"id":5636,"href":"https:\/\/araujo.com.br\/blog\/wp-json\/wp\/v2\/posts\/3444\/revisions\/5636"}],"wp:featuredmedia":[{"embeddable":true,"href":"https:\/\/araujo.com.br\/blog\/wp-json\/wp\/v2\/media\/5634"}],"wp:attachment":[{"href":"https:\/\/araujo.com.br\/blog\/wp-json\/wp\/v2\/media?parent=3444"}],"wp:term":[{"taxonomy":"category","embeddable":true,"href":"https:\/\/araujo.com.br\/blog\/wp-json\/wp\/v2\/categories?post=3444"},{"taxonomy":"post_tag","embeddable":true,"href":"https:\/\/araujo.com.br\/blog\/wp-json\/wp\/v2\/tags?post=3444"}],"curies":[{"name":"wp","href":"https:\/\/api.w.org\/{rel}","templated":true}]}}