{"id":3447,"date":"2022-11-08T19:52:58","date_gmt":"2022-11-08T16:52:58","guid":{"rendered":"http:\/\/blog-qas.araujo.com.br\/protetor-solar-para-pele-oleosa\/"},"modified":"2025-02-03T20:44:24","modified_gmt":"2025-02-03T17:44:24","slug":"protetor-solar-para-pele-oleosa","status":"publish","type":"post","link":"https:\/\/araujo.com.br\/blog\/protetor-solar-para-pele-oleosa\/","title":{"rendered":"Protetor solar para pele oleosa:\u00a0 5 op\u00e7\u00f5es para conhecer!"},"content":{"rendered":"<p><span style=\"font-weight: 400;\">A escolha do protetor solar adequado para o seu tipo de pele faz toda a diferen\u00e7a na rotina de cuidados. Investir nos produtos ideais \u00e9 primordial para que ela fique mais bonita e saud\u00e1vel. <\/span><span style=\"font-weight: 400;\">E quando se trata especificamente da pele oleosa, o cuidado deve ser redobrado. <\/span><\/p>\n<p><span style=\"font-weight: 400;\">Se houver um uso incorreto do protetor solar, ele poder\u00e1 ter efeito reverso, estimulando a produ\u00e7\u00e3o de \u00f3leo e causando a acne.\u00a0<\/span><span style=\"font-weight: 400;\">Portanto, se voc\u00ea ainda n\u00e3o sabe como escolher o protetor solar adequado para a pele oleosa, continue a leitura!<\/span><\/p>\n<h2>Caracter\u00edsticas da pele oleosa<\/h2>\n<p><span style=\"font-weight: 400;\">Quando falamos sobre a <\/span><a href=\"https:\/\/araujo.com.br\/blog\/pele-oleosa\/\" target=\"_blank\" rel=\"noopener noreferrer\"><span style=\"font-weight: 400;\">pele oleosa<\/span><\/a><span style=\"font-weight: 400;\">, devemos lembrar que a sua principal caracter\u00edstica \u00e9 a alta produ\u00e7\u00e3o de sebo, o que leva a:<\/span><\/p>\n<ul>\n<li style=\"font-weight: 400;\" aria-level=\"1\"><span style=\"font-weight: 400;\">Brilho intenso da pele;<\/span><\/li>\n<li style=\"font-weight: 400;\" aria-level=\"1\"><span style=\"font-weight: 400;\">Sensa\u00e7\u00e3o pesada da pele;<\/span><\/li>\n<li style=\"font-weight: 400;\" aria-level=\"1\"><span style=\"font-weight: 400;\">Tend\u00eancia ao aparecimento de acne, cravos e espinhas;<\/span><\/li>\n<li style=\"font-weight: 400;\" aria-level=\"1\"><span style=\"font-weight: 400;\">\u00a0Poros dilatados e irregulares.<\/span><\/li>\n<\/ul>\n<p><span style=\"font-weight: 400;\">Se a sua pele apresenta essas caracter\u00edsticas, provavelmente ela \u00e9 oleosa.\u00a0<\/span><\/p>\n<h2>A import\u00e2ncia do protetor solar para a pele oleosa<\/h2>\n<p><span style=\"font-weight: 400;\">O uso do protetor solar \u00e9 fundamental para proteger a pele do ressecamento, envelhecimento precoce e at\u00e9 mesmo do c\u00e2ncer de pele.\u00a0<\/span><\/p>\n<p><span style=\"font-weight: 400;\">Cada pele tem caracter\u00edsticas distintas e, portanto, \u00e9 necess\u00e1rio apostar em ativos que ir\u00e3o se adaptar \u00e0 necessidade de cada uma. Por exemplo, a pele oleosa demanda um uso de dermocosm\u00e9ticos que:<\/span><\/p>\n<ul>\n<li style=\"font-weight: 400;\" aria-level=\"1\"><span style=\"font-weight: 400;\">Ajudem a controlar o brilho e a oleosidade excessiva;<\/span><\/li>\n<li style=\"font-weight: 400;\" aria-level=\"1\"><span style=\"font-weight: 400;\">Proporcionem um efeito matte, ou seja, que tenha um acabamento mais opaco e seco;<\/span><\/li>\n<li style=\"font-weight: 400;\" aria-level=\"1\"><span style=\"font-weight: 400;\">Tenham s\u00edlicas antibrilho.\u00a0<\/span><\/li>\n<\/ul>\n<h2>Escolhendo o FPS correto:<\/h2>\n<p><span style=\"font-weight: 400;\">Se a escolha do protetor solar para a pele oleosa for inadequada, h\u00e1 chances de agravar a oleosidade, entupindo os poros e estimulando a acne.\u00a0<\/span><\/p>\n<p><span style=\"font-weight: 400;\">Al\u00e9m da escolha de textura,\u00a0 \u00e9 importante tamb\u00e9m atentar-se para o Fator de Prote\u00e7\u00e3o Solar (FPS) ideal, que deve ser igual ou acima de 30.\u00a0<\/span><\/p>\n<p><span style=\"font-weight: 400;\">Fatores de prote\u00e7\u00e3o menores que este n\u00e3o s\u00e3o capazes de proteger a pele o suficiente, e dessa maneira os raios solares poder\u00e3o deixar a pele ressecada. E, se a pele estiver ressecada, ela poder\u00e1 fazer o efeito rebote, em que a pele poder\u00e1 produzir mais \u00f3leo como forma de prote\u00e7\u00e3o.\u00a0<\/span><\/p>\n<p><span style=\"font-weight: 400;\">Outro ponto a se destacar \u00e9 que se voc\u00ea estiver usando algum \u00e1cido, por exemplo, a pele poder\u00e1 estar mais sensibilizada que o normal, e o protetor solar inadequado poder\u00e1 causar descama\u00e7\u00f5es, manchas, vermelhid\u00e3o ou n\u00e3o proteger a pele como deveria.<\/span><\/p>\n<p><span style=\"font-weight: 400;\">Assim, \u00e9 importante usar um protetor solar com alto fator de prote\u00e7\u00e3o solar, e retocar sempre que necess\u00e1rio. Entenda mais sobre no conte\u00fado: <\/span><a href=\"https:\/\/araujo.com.br\/blog\/melhor-protetor-solar\/\" target=\"_blank\" rel=\"noopener noreferrer\"><span style=\"font-weight: 400;\">Melhor Protetor Solar<\/span><\/a><span style=\"font-weight: 400;\">!<\/span><\/p>\n<h2>Qual o melhor protetor solar para a pele oleosa?<\/h2>\n<p><span style=\"font-weight: 400;\">Para escolher o melhor protetor solar para a pele oleosa \u00e9 necess\u00e1rio ficar atento \u00e0s embalagens dos produtos, que devem conter essas informa\u00e7\u00f5es:<\/span><\/p>\n<h3>Toque seco ou oil free<\/h3>\n<p><span style=\"font-weight: 400;\">Os protetores solares que n\u00e3o tem \u00f3leo nem silicone em sua composi\u00e7\u00e3o s\u00e3o os ideais, pois assim, eles n\u00e3o pesam o rosto e nem pioram o aspecto da pele.\u00a0<\/span><\/p>\n<p><span style=\"font-weight: 400;\">Portanto, a dica \u00e9 procurar pelas frases \u201coil free\u201d, \u201ctoque seco\u201d, \u201cn\u00e3o comedog\u00eanico\u201d e \u201cefeito matte\u201d na embalagem, j\u00e1 que produtos com essas caracter\u00edsticas s\u00e3o capazes de se adequarem melhor \u00e0s peles oleosas.\u00a0<\/span><\/p>\n<p><span style=\"font-weight: 400;\">Al\u00e9m disso, s\u00e3o grandes aliados no controle de produ\u00e7\u00e3o de \u00f3leo nas gl\u00e2ndulas, j\u00e1 que costumam ter subst\u00e2ncias controladoras de sebo na composi\u00e7\u00e3o. Isso mant\u00e9m a pele seca por horas ap\u00f3s a aplica\u00e7\u00e3o.\u00a0<\/span><\/p>\n<h3>F\u00f3rmulas em gel-creme<\/h3>\n<p><span style=\"font-weight: 400;\">A textura em gel-creme \u00e9 capaz de ajudar a controlar o brilho e a hidratar a pele sem pesar. Portanto, \u00e9 f\u00e1cil de aplicar, al\u00e9m de ser confort\u00e1vel para a pele e equilibra a produ\u00e7\u00e3o de sebo ao longo do dia.\u00a0<\/span><\/p>\n<h3>Filtro solar com cor<\/h3>\n<p><span style=\"font-weight: 400;\">O protetor solar com cor otimiza a rotina de cuidados com a pele, j\u00e1 que \u00e9 capaz de disfar\u00e7ar as imperfei\u00e7\u00f5es e bloquear a a\u00e7\u00e3o do sol no rosto de uma s\u00f3 vez.\u00a0<\/span><\/p>\n<p><span style=\"font-weight: 400;\">Por\u00e9m, \u00e9 importante se atentar \u00e0s caracter\u00edsticas do protetor solar com cor, que tamb\u00e9m deve ser de prefer\u00eancia \u201coil free\u201d e ter a textura de gel-creme.\u00a0<\/span><\/p>\n<h2>5 op\u00e7\u00f5es de protetor solar para pele oleosa:<\/h2>\n<ul>\n<li aria-level=\"1\"><a href=\"https:\/\/www.araujo.com.br\/eucerin-sun-oil-control-fps-60-protetor-solar-facial-50ml\/81403.html\" target=\"_blank\" rel=\"noopener noreferrer\"><b>Eucerin Protetor Solar<\/b><\/a><\/li>\n<\/ul>\n<p><span style=\"font-weight: 400;\">O Eucerin Sun Oil Control FPS 60 \u00e9 um protetor solar <\/span><span style=\"font-weight: 400;\">com toque seco<\/span><span style=\"font-weight: 400;\"> espec\u00edfico para a pele oleosa com tend\u00eancia \u00e0 acne. Sua f\u00f3rmula possui a inovadora ADVANCED SPECTRAL TECHNOLOGY, um sistema de filtros UVA\/UVB foto est\u00e1veis e prote\u00e7\u00e3o biol\u00f3gica de c\u00e9lulas.\u00a0<\/span><\/p>\n<p><span style=\"font-weight: 400;\">Ele tamb\u00e9m conta com o antioxidante Licochalcona A, que \u00e9 capaz de proteger as c\u00e9lulas das camadas mais profundas da epiderme e combate os radicais livres causados pela exposi\u00e7\u00e3o \u00e0 luz vis\u00edvel.<\/span><\/p>\n<ul>\n<li aria-level=\"1\"><a href=\"https:\/\/www.araujo.com.br\/protetor-solar-anthelios-airlicium-antioleosidade-fps-80-gel-creme-sem-cor-40g\/31057.html\" target=\"_blank\" rel=\"noopener noreferrer\"><b>Protetor Solar Anthelios<\/b><\/a><\/li>\n<\/ul>\n<p><span style=\"font-weight: 400;\">O Protetor Solar Anthelios Airlicium FPS70 tamb\u00e9m \u00e9 um filtro solar ideal para peles oleosas, pois conta com um controle inteligente da oleosidade e da umidade.\u00a0<\/span><\/p>\n<p><span style=\"font-weight: 400;\">Esse controle inteligente \u00e9 ativado dinamicamente toda vez que a pele produz oleosidade ou umidade, ajudando a manter a pele protegida e controlada. Assim, o produto promove uma sensa\u00e7\u00e3o de pele limpa e fresca durante o dia.\u00a0<\/span><\/p>\n<p><span style=\"font-weight: 400;\">Al\u00e9m de oferecer uma prote\u00e7\u00e3o solar refor\u00e7ada, o\u00a0 Anthelios Airlicium FPS70 possui uma textura gel-creme, toque limpo, leve e de r\u00e1pida absor\u00e7\u00e3o.\u00a0<\/span><\/p>\n<ul>\n<li aria-level=\"1\"><a href=\"https:\/\/www.araujo.com.br\/protetor-solar-isdin-fusion-water-5-stars-oil-control-fps-60-50ml\/p\" target=\"_blank\" rel=\"noopener noreferrer\"><b>Protetor Solar Isdin\u00a0<\/b><\/a><\/li>\n<\/ul>\n<p><span style=\"font-weight: 400;\">O <\/span><span style=\"font-weight: 400;\">Protetor Solar Isdin Fusion Water 5 Stars Oil Control FPS 60 50ml \u00e9 uma outra boa op\u00e7\u00e3o para a pele oleosa, pois possui uma textura ultraleve de absor\u00e7\u00e3o imediata, que controla a oleosidade da pele e n\u00e3o deixa res\u00edduos.\u00a0<\/span><\/p>\n<p><span style=\"font-weight: 400;\">Seu diferencial \u00e9 que ele possui uma f\u00f3rmula composta por ingredientes biodegrad\u00e1veis e\/ou inorg\u00e2nicos, e pode ser aplicado sobre a pele molhada.\u00a0<\/span><\/p>\n<ul>\n<li aria-level=\"1\"><a href=\"https:\/\/www.araujo.com.br\/protetor-solar-facial-neostrata-minesol-oil-control-fps-70-40g\/p\" target=\"_blank\" rel=\"noopener noreferrer\"><b>Minesol Oil Control<\/b><\/a><\/li>\n<\/ul>\n<p><span style=\"font-weight: 400;\">O Minesol Oil Control possui uma potente combina\u00e7\u00e3o de ativos, que permite uma a\u00e7\u00e3o antioleosidade e anti-idade na pele. Al\u00e9m disso, funciona como um s\u00e9rum invis\u00edvel e conta com uma f\u00f3rmula exclusiva, que combina part\u00edculas que absorvem a oleosidade da pele.<\/span><\/p>\n<p><span style=\"font-weight: 400;\">O agente feverfew tamb\u00e9m est\u00e1 presente no protetor, sendo ele um antioxidante que promove a\u00e7\u00e3o global de prote\u00e7\u00e3o e de redu\u00e7\u00e3o de danos causados pelas agress\u00f5es externas.\u00a0<\/span><\/p>\n<ul>\n<li aria-level=\"1\"><a href=\"https:\/\/www.araujo.com.br\/protetor-solar-episol-sec-oc-fps-60-60g\/p\" target=\"_blank\" rel=\"noopener noreferrer\"><b>Protetor Solar Episol Sec OC FPS 60 60g<\/b><\/a><\/li>\n<\/ul>\n<p><span style=\"font-weight: 400;\">O Protetor Solar Episol Sec OC FPS 60 Pele Oleosa \u00e9 um filtro solar capaz de controlar a oleosidade da pele por 12 horas. Al\u00e9m disso, o produto reduz os poros e proporciona uma sensa\u00e7\u00e3o de pele limpa com toque seco e efeito matificante.\u00a0<\/span><\/p>\n<p><span style=\"font-weight: 400;\">A Tecnologia Skin Self Control presente em sua f\u00f3rmula oferece fotoprote\u00e7\u00e3o para pele oleosa, al\u00e9m do controle do brilho facial e da oleosidade. Ele est\u00e1 dispon\u00edvel nos FPS 30, FPS 60 E FPS 99.<\/span><\/p>\n<h2>Aten\u00e7\u00e3o para os retoques do protetor solar<\/h2>\n<p><span style=\"font-weight: 400;\">Para manter a efetividade do protetor solar para todos os tipos de pele, \u00e9 necess\u00e1rio reaplicar sempre durante a exposi\u00e7\u00e3o solar, principalmente ap\u00f3s secar-se com a toalha e banhar-se.\u00a0<\/span><\/p>\n<p><span style=\"font-weight: 400;\">O recomendado \u00e9 aplicar o produto pela manh\u00e3 e reaplicar ao meio dia.\u00a0 Dessa forma, voc\u00ea manter\u00e1 sua pele protegida, bonita e saud\u00e1vel!\u00a0<\/span><\/p>\n<p><span style=\"font-weight: 400;\">Para adquirir o melhor protetor solar para a sua pele, conte com a <a href=\"https:\/\/www.araujo.com.br\/\">Araujo<\/a>. Sempre tem uma pertinho de voc\u00ea!<\/span><\/p>\n","protected":false},"excerpt":{"rendered":"<p>A escolha do protetor solar adequado para o seu tipo de pele faz toda a diferen\u00e7a na rotina de cuidados. Investir nos produtos ideais \u00e9 primordial para que ela fique mais bonita e saud\u00e1vel. E quando se trata especificamente da pele oleosa, o cuidado deve ser redobrado. Se houver um uso incorreto do protetor solar, [&hellip;]<\/p>\n","protected":false},"author":1,"featured_media":3448,"comment_status":"closed","ping_status":"closed","sticky":false,"template":"","format":"standard","meta":{"_acf_changed":false,"footnotes":""},"categories":[36,4],"tags":[],"class_list":["post-3447","post","type-post","status-publish","format-standard","has-post-thumbnail","hentry","category-dermocosmeticos","category-mais-beleza"],"acf":[],"yoast_head":"<!-- This site is optimized with the Yoast SEO plugin v24.3 - https:\/\/yoast.com\/wordpress\/plugins\/seo\/ -->\n<title>Protetor solar para pele oleosa: 5 op\u00e7\u00f5es para conhecer!<\/title>\n<meta name=\"description\" content=\"Muitas pessoas t\u00eam d\u00favidas de qual produto usar para seu tipo de pele. Neste artigo, conhe\u00e7a 5 op\u00e7\u00f5es de protetor solar para pele oleosa!\" \/>\n<meta name=\"robots\" content=\"index, follow, max-snippet:-1, max-image-preview:large, max-video-preview:-1\" \/>\n<link rel=\"canonical\" href=\"https:\/\/araujo.com.br\/blog\/protetor-solar-para-pele-oleosa\/\" \/>\n<meta property=\"og:locale\" content=\"pt_BR\" \/>\n<meta property=\"og:type\" content=\"article\" \/>\n<meta property=\"og:title\" content=\"Protetor solar para pele oleosa: 5 op\u00e7\u00f5es para conhecer!\" \/>\n<meta property=\"og:description\" content=\"Muitas pessoas t\u00eam d\u00favidas de qual produto usar para seu tipo de pele. Neste artigo, conhe\u00e7a 5 op\u00e7\u00f5es de protetor solar para pele oleosa!\" \/>\n<meta property=\"og:url\" content=\"https:\/\/araujo.com.br\/blog\/protetor-solar-para-pele-oleosa\/\" \/>\n<meta property=\"og:site_name\" content=\"Blog da Drogaria Araujo\" \/>\n<meta property=\"article:published_time\" content=\"2022-11-08T16:52:58+00:00\" \/>\n<meta property=\"article:modified_time\" content=\"2025-02-03T17:44:24+00:00\" \/>\n<meta property=\"og:image\" content=\"https:\/\/araujo.com.br\/blog\/wp-content\/uploads\/2022\/11\/vetorPrancheta-1-6.png\" \/>\n\t<meta property=\"og:image:width\" content=\"760\" \/>\n\t<meta property=\"og:image:height\" content=\"340\" \/>\n\t<meta property=\"og:image:type\" content=\"image\/png\" \/>\n<meta name=\"author\" content=\"Drogaria Araujo\" \/>\n<meta name=\"twitter:card\" content=\"summary_large_image\" \/>\n<meta name=\"twitter:label1\" content=\"Escrito por\" \/>\n\t<meta name=\"twitter:data1\" content=\"Drogaria Araujo\" \/>\n\t<meta name=\"twitter:label2\" content=\"Est. tempo de leitura\" \/>\n\t<meta name=\"twitter:data2\" content=\"7 minutos\" \/>\n<script type=\"application\/ld+json\" class=\"yoast-schema-graph\">{\"@context\":\"https:\/\/schema.org\",\"@graph\":[{\"@type\":\"WebPage\",\"@id\":\"https:\/\/araujo.com.br\/blog\/protetor-solar-para-pele-oleosa\/\",\"url\":\"https:\/\/araujo.com.br\/blog\/protetor-solar-para-pele-oleosa\/\",\"name\":\"Protetor solar para pele oleosa: 5 op\u00e7\u00f5es para conhecer!\",\"isPartOf\":{\"@id\":\"https:\/\/araujo.com.br\/blog\/#website\"},\"primaryImageOfPage\":{\"@id\":\"https:\/\/araujo.com.br\/blog\/protetor-solar-para-pele-oleosa\/#primaryimage\"},\"image\":{\"@id\":\"https:\/\/araujo.com.br\/blog\/protetor-solar-para-pele-oleosa\/#primaryimage\"},\"thumbnailUrl\":\"https:\/\/araujo.com.br\/blog\/wp-content\/uploads\/2022\/11\/vetorPrancheta-1-6.png\",\"datePublished\":\"2022-11-08T16:52:58+00:00\",\"dateModified\":\"2025-02-03T17:44:24+00:00\",\"author\":{\"@id\":\"https:\/\/araujo.com.br\/blog\/#\/schema\/person\/4e2eac75cf0e2c6b079ef9a0df2ece83\"},\"description\":\"Muitas pessoas t\u00eam d\u00favidas de qual produto usar para seu tipo de pele. Neste artigo, conhe\u00e7a 5 op\u00e7\u00f5es de protetor solar para pele oleosa!\",\"breadcrumb\":{\"@id\":\"https:\/\/araujo.com.br\/blog\/protetor-solar-para-pele-oleosa\/#breadcrumb\"},\"inLanguage\":\"pt-BR\",\"potentialAction\":[{\"@type\":\"ReadAction\",\"target\":[\"https:\/\/araujo.com.br\/blog\/protetor-solar-para-pele-oleosa\/\"]}]},{\"@type\":\"ImageObject\",\"inLanguage\":\"pt-BR\",\"@id\":\"https:\/\/araujo.com.br\/blog\/protetor-solar-para-pele-oleosa\/#primaryimage\",\"url\":\"https:\/\/araujo.com.br\/blog\/wp-content\/uploads\/2022\/11\/vetorPrancheta-1-6.png\",\"contentUrl\":\"https:\/\/araujo.com.br\/blog\/wp-content\/uploads\/2022\/11\/vetorPrancheta-1-6.png\",\"width\":760,\"height\":340},{\"@type\":\"BreadcrumbList\",\"@id\":\"https:\/\/araujo.com.br\/blog\/protetor-solar-para-pele-oleosa\/#breadcrumb\",\"itemListElement\":[{\"@type\":\"ListItem\",\"position\":1,\"name\":\"In\u00edcio\",\"item\":\"https:\/\/araujo.com.br\/blog\/\"},{\"@type\":\"ListItem\",\"position\":2,\"name\":\"Protetor solar para pele oleosa:\u00a0 5 op\u00e7\u00f5es para conhecer!\"}]},{\"@type\":\"WebSite\",\"@id\":\"https:\/\/araujo.com.br\/blog\/#website\",\"url\":\"https:\/\/araujo.com.br\/blog\/\",\"name\":\"Blog da Drogaria Araujo\",\"description\":\"Conte\u00fado que faz bem? A Araujo tem!\",\"potentialAction\":[{\"@type\":\"SearchAction\",\"target\":{\"@type\":\"EntryPoint\",\"urlTemplate\":\"https:\/\/araujo.com.br\/blog\/?s={search_term_string}\"},\"query-input\":{\"@type\":\"PropertyValueSpecification\",\"valueRequired\":true,\"valueName\":\"search_term_string\"}}],\"inLanguage\":\"pt-BR\"},{\"@type\":\"Person\",\"@id\":\"https:\/\/araujo.com.br\/blog\/#\/schema\/person\/4e2eac75cf0e2c6b079ef9a0df2ece83\",\"name\":\"Drogaria Araujo\",\"image\":{\"@type\":\"ImageObject\",\"inLanguage\":\"pt-BR\",\"@id\":\"https:\/\/araujo.com.br\/blog\/#\/schema\/person\/image\/\",\"url\":\"https:\/\/secure.gravatar.com\/avatar\/33e54dec0cd79fc4b5e911c15f836c46ec8d0e452ecd3ca5f707bce0a3540a3b?s=96&d=mm&r=g\",\"contentUrl\":\"https:\/\/secure.gravatar.com\/avatar\/33e54dec0cd79fc4b5e911c15f836c46ec8d0e452ecd3ca5f707bce0a3540a3b?s=96&d=mm&r=g\",\"caption\":\"Drogaria Araujo\"},\"description\":\"Especialista em Sa\u00fade da Fam\u00edlia. M\u00e9dico e nutricionista.\",\"sameAs\":[\"https:\/\/araujo.com.br\/blog\"],\"url\":\"https:\/\/araujo.com.br\/blog\/author\/admin\/\"}]}<\/script>\n<!-- \/ Yoast SEO plugin. -->","yoast_head_json":{"title":"Protetor solar para pele oleosa: 5 op\u00e7\u00f5es para conhecer!","description":"Muitas pessoas t\u00eam d\u00favidas de qual produto usar para seu tipo de pele. Neste artigo, conhe\u00e7a 5 op\u00e7\u00f5es de protetor solar para pele oleosa!","robots":{"index":"index","follow":"follow","max-snippet":"max-snippet:-1","max-image-preview":"max-image-preview:large","max-video-preview":"max-video-preview:-1"},"canonical":"https:\/\/araujo.com.br\/blog\/protetor-solar-para-pele-oleosa\/","og_locale":"pt_BR","og_type":"article","og_title":"Protetor solar para pele oleosa: 5 op\u00e7\u00f5es para conhecer!","og_description":"Muitas pessoas t\u00eam d\u00favidas de qual produto usar para seu tipo de pele. Neste artigo, conhe\u00e7a 5 op\u00e7\u00f5es de protetor solar para pele oleosa!","og_url":"https:\/\/araujo.com.br\/blog\/protetor-solar-para-pele-oleosa\/","og_site_name":"Blog da Drogaria Araujo","article_published_time":"2022-11-08T16:52:58+00:00","article_modified_time":"2025-02-03T17:44:24+00:00","og_image":[{"width":760,"height":340,"url":"https:\/\/araujo.com.br\/blog\/wp-content\/uploads\/2022\/11\/vetorPrancheta-1-6.png","type":"image\/png"}],"author":"Drogaria Araujo","twitter_card":"summary_large_image","twitter_misc":{"Escrito por":"Drogaria Araujo","Est. tempo de leitura":"7 minutos"},"schema":{"@context":"https:\/\/schema.org","@graph":[{"@type":"WebPage","@id":"https:\/\/araujo.com.br\/blog\/protetor-solar-para-pele-oleosa\/","url":"https:\/\/araujo.com.br\/blog\/protetor-solar-para-pele-oleosa\/","name":"Protetor solar para pele oleosa: 5 op\u00e7\u00f5es para conhecer!","isPartOf":{"@id":"https:\/\/araujo.com.br\/blog\/#website"},"primaryImageOfPage":{"@id":"https:\/\/araujo.com.br\/blog\/protetor-solar-para-pele-oleosa\/#primaryimage"},"image":{"@id":"https:\/\/araujo.com.br\/blog\/protetor-solar-para-pele-oleosa\/#primaryimage"},"thumbnailUrl":"https:\/\/araujo.com.br\/blog\/wp-content\/uploads\/2022\/11\/vetorPrancheta-1-6.png","datePublished":"2022-11-08T16:52:58+00:00","dateModified":"2025-02-03T17:44:24+00:00","author":{"@id":"https:\/\/araujo.com.br\/blog\/#\/schema\/person\/4e2eac75cf0e2c6b079ef9a0df2ece83"},"description":"Muitas pessoas t\u00eam d\u00favidas de qual produto usar para seu tipo de pele. Neste artigo, conhe\u00e7a 5 op\u00e7\u00f5es de protetor solar para pele oleosa!","breadcrumb":{"@id":"https:\/\/araujo.com.br\/blog\/protetor-solar-para-pele-oleosa\/#breadcrumb"},"inLanguage":"pt-BR","potentialAction":[{"@type":"ReadAction","target":["https:\/\/araujo.com.br\/blog\/protetor-solar-para-pele-oleosa\/"]}]},{"@type":"ImageObject","inLanguage":"pt-BR","@id":"https:\/\/araujo.com.br\/blog\/protetor-solar-para-pele-oleosa\/#primaryimage","url":"https:\/\/araujo.com.br\/blog\/wp-content\/uploads\/2022\/11\/vetorPrancheta-1-6.png","contentUrl":"https:\/\/araujo.com.br\/blog\/wp-content\/uploads\/2022\/11\/vetorPrancheta-1-6.png","width":760,"height":340},{"@type":"BreadcrumbList","@id":"https:\/\/araujo.com.br\/blog\/protetor-solar-para-pele-oleosa\/#breadcrumb","itemListElement":[{"@type":"ListItem","position":1,"name":"In\u00edcio","item":"https:\/\/araujo.com.br\/blog\/"},{"@type":"ListItem","position":2,"name":"Protetor solar para pele oleosa:\u00a0 5 op\u00e7\u00f5es para conhecer!"}]},{"@type":"WebSite","@id":"https:\/\/araujo.com.br\/blog\/#website","url":"https:\/\/araujo.com.br\/blog\/","name":"Blog da Drogaria Araujo","description":"Conte\u00fado que faz bem? A Araujo tem!","potentialAction":[{"@type":"SearchAction","target":{"@type":"EntryPoint","urlTemplate":"https:\/\/araujo.com.br\/blog\/?s={search_term_string}"},"query-input":{"@type":"PropertyValueSpecification","valueRequired":true,"valueName":"search_term_string"}}],"inLanguage":"pt-BR"},{"@type":"Person","@id":"https:\/\/araujo.com.br\/blog\/#\/schema\/person\/4e2eac75cf0e2c6b079ef9a0df2ece83","name":"Drogaria Araujo","image":{"@type":"ImageObject","inLanguage":"pt-BR","@id":"https:\/\/araujo.com.br\/blog\/#\/schema\/person\/image\/","url":"https:\/\/secure.gravatar.com\/avatar\/33e54dec0cd79fc4b5e911c15f836c46ec8d0e452ecd3ca5f707bce0a3540a3b?s=96&d=mm&r=g","contentUrl":"https:\/\/secure.gravatar.com\/avatar\/33e54dec0cd79fc4b5e911c15f836c46ec8d0e452ecd3ca5f707bce0a3540a3b?s=96&d=mm&r=g","caption":"Drogaria Araujo"},"description":"Especialista em Sa\u00fade da Fam\u00edlia. M\u00e9dico e nutricionista.","sameAs":["https:\/\/araujo.com.br\/blog"],"url":"https:\/\/araujo.com.br\/blog\/author\/admin\/"}]}},"_links":{"self":[{"href":"https:\/\/araujo.com.br\/blog\/wp-json\/wp\/v2\/posts\/3447","targetHints":{"allow":["GET"]}}],"collection":[{"href":"https:\/\/araujo.com.br\/blog\/wp-json\/wp\/v2\/posts"}],"about":[{"href":"https:\/\/araujo.com.br\/blog\/wp-json\/wp\/v2\/types\/post"}],"author":[{"embeddable":true,"href":"https:\/\/araujo.com.br\/blog\/wp-json\/wp\/v2\/users\/1"}],"replies":[{"embeddable":true,"href":"https:\/\/araujo.com.br\/blog\/wp-json\/wp\/v2\/comments?post=3447"}],"version-history":[{"count":3,"href":"https:\/\/araujo.com.br\/blog\/wp-json\/wp\/v2\/posts\/3447\/revisions"}],"predecessor-version":[{"id":4674,"href":"https:\/\/araujo.com.br\/blog\/wp-json\/wp\/v2\/posts\/3447\/revisions\/4674"}],"wp:featuredmedia":[{"embeddable":true,"href":"https:\/\/araujo.com.br\/blog\/wp-json\/wp\/v2\/media\/3448"}],"wp:attachment":[{"href":"https:\/\/araujo.com.br\/blog\/wp-json\/wp\/v2\/media?parent=3447"}],"wp:term":[{"taxonomy":"category","embeddable":true,"href":"https:\/\/araujo.com.br\/blog\/wp-json\/wp\/v2\/categories?post=3447"},{"taxonomy":"post_tag","embeddable":true,"href":"https:\/\/araujo.com.br\/blog\/wp-json\/wp\/v2\/tags?post=3447"}],"curies":[{"name":"wp","href":"https:\/\/api.w.org\/{rel}","templated":true}]}}