{"id":3462,"date":"2022-11-24T14:49:18","date_gmt":"2022-11-24T11:49:18","guid":{"rendered":"http:\/\/blog-qas.araujo.com.br\/manchas-de-acne\/"},"modified":"2025-02-03T20:25:18","modified_gmt":"2025-02-03T17:25:18","slug":"manchas-de-acne","status":"publish","type":"post","link":"https:\/\/araujo.com.br\/blog\/manchas-de-acne\/","title":{"rendered":"Manchas de acne: 5 dicas para tratar!"},"content":{"rendered":"<p><span style=\"font-weight: 400;\">V\u00e1rios podem ser os motivos que levam \u00e0 forma\u00e7\u00e3o da <\/span><a href=\"https:\/\/araujo.com.br\/blog\/acne\/\" target=\"_blank\" rel=\"noopener noreferrer\"><span style=\"font-weight: 400;\">acne<\/span><\/a><span style=\"font-weight: 400;\"> na pele, que segundo a <\/span><a href=\"https:\/\/bvsms.saude.gov.br\/acne\/#:~:text=Acne%20%C3%A9%20causada%20por%20infec%C3%A7%C3%A3o,na%20pele%2C%20gerando%20as%20espinhas.\" target=\"_blank\" rel=\"noopener noreferrer\"><span style=\"font-weight: 400;\">Sociedade Brasileira de Dermatologia<\/span><\/a><span style=\"font-weight: 400;\">, \u201c<\/span><span style=\"font-weight: 400;\">ocorre quando as gl\u00e2ndulas secretoras de \u00f3leo (gl\u00e2ndulas seb\u00e1ceas) tornam-se inflamadas ou infectadas, provocando cravos, espinhas, cistos, caro\u00e7os e cicatrizes.<\/span><span style=\"font-weight: 400;\">\u201d.\u00a0<\/span><\/p>\n<p><span style=\"font-weight: 400;\">Mas para muitas pessoas, pior do que a pr\u00f3pria acne (que por vezes, pode gerar dor e desconforto) s\u00e3o as manchas que podem surgir posteriores a ela. Espremer uma espinha e n\u00e3o usar protetor solar da forma correta podem agravar a situa\u00e7\u00e3o das manchas.\u00a0<\/span><\/p>\n<p><span style=\"font-weight: 400;\">Ou seja, o problema da acne, que \u00e9 mais comum na adolesc\u00eancia, principalmente pelas quest\u00f5es hormonais, pode se estender at\u00e9 a vida adulta, podendo afetar a sa\u00fade, imagem e autoestima do indiv\u00edduo.\u00a0<\/span><\/p>\n<p><span style=\"font-weight: 400;\">Por\u00e9m, h\u00e1 solu\u00e7\u00f5es para o tratamento adequado para essas manchas de acne. Ent\u00e3o, se voc\u00ea quiser saber mais sobre o assunto, continue a leitura!<\/span><\/p>\n<h2>Como se formam as manchas de acne?<\/h2>\n<p><span style=\"font-weight: 400;\">Para entender melhor quais as causas das manchas de acne, devemos entender como elas se formam. Quando a pele se sente machucada ou inflamada, naturalmente h\u00e1 aumento na produ\u00e7\u00e3o de melanina, que \u00e9 um pigmento produzido pelo nosso organismo (respons\u00e1vel pela cor do cabelo e da pele, por exemplo).\u00a0<\/span><\/p>\n<p><span style=\"font-weight: 400;\">Isso ocasiona em uma hiperpigmenta\u00e7\u00e3o no processo da cicatriza\u00e7\u00e3o, principalmente quando ocorre a renova\u00e7\u00e3o do tecido celular, e a pele pode acabar escurecendo durante o processo e formando as manchas que podem ser arroxeadas, avermelhadas ou marrons.\u00a0<\/span><\/p>\n<p><span style=\"font-weight: 400;\">Quando manipulamos as espinhas, por exemplo, estamos machucando a pele, o que leva consequentemente a uma inflama\u00e7\u00e3o e produ\u00e7\u00e3o de melanina no local afetado.<\/span><\/p>\n<p><span style=\"font-weight: 400;\">Mas, o efeito causado neste processo varia de pessoa para pessoa, sendo que algumas podem ter maiores propens\u00f5es \u00e0s manchas, enquanto outras n\u00e3o.\u00a0<\/span><\/p>\n<h2>Quais as causas das manchas de acne?<\/h2>\n<p><span style=\"font-weight: 400;\">Al\u00e9m de \u201cestourar a espinha\u201d, podemos citar como principais causas:<\/span><\/p>\n<ul>\n<li aria-level=\"1\"><b>Acne do grau 3 ao 5: <\/b><span style=\"font-weight: 400;\">os quadros de acne mais leves ou tratadas adequadamente possuem menos chances de sequelas. Por\u00e9m, as que possuem um maior grau, ou seja, les\u00f5es com pus, com grande sa\u00edda de secre\u00e7\u00e3o e com grande processo inflamat\u00f3rio na pele t\u00eam mais chances de deixar cicatrizes e manchas na pele.<\/span><span style=\"font-weight: 400;\"><br \/>\n<\/span><\/li>\n<\/ul>\n<ul>\n<li aria-level=\"1\"><b>Falta de orienta\u00e7\u00e3o profissional: <\/b><span style=\"font-weight: 400;\">cada pele pode reagir de uma forma diferente aos tratamentos indicados. Portanto, \u00e9 importante seguir \u00e0 risca a orienta\u00e7\u00e3o do dermatologista para cuidar da pele.<\/span><\/li>\n<\/ul>\n<ul>\n<li aria-level=\"1\"><b>N\u00e3o usar corretamente o protetor solar: <\/b><span style=\"font-weight: 400;\">quando o filtro solar n\u00e3o \u00e9 espalhado uniformemente pelo corpo e rosto, h\u00e1 uma produ\u00e7\u00e3o desigual de melanina. A radia\u00e7\u00e3o provocada pelo sol poder\u00e1 queimar a pele, principalmente na regi\u00e3o da acne, o que pode provocar o surgimento das manchas.\u00a0<\/span><\/li>\n<\/ul>\n<h2>5 dicas para tratar manchas de acne<\/h2>\n<p><span style=\"font-weight: 400;\">Para remover e tratar as manchas de acne na pele, \u00e9 importante cuidar de alguns h\u00e1bitos di\u00e1rios relacionados ao cuidado com a sa\u00fade, como por exemplo:\u00a0<\/span><\/p>\n<h3>1. Adicione a esfolia\u00e7\u00e3o \u00e0 sua <a href=\"https:\/\/araujo.com.br\/blog\/o-que-e-fazer-skincare-aprenda-com-um-passo-a-passo\/\" target=\"_blank\" rel=\"noopener noreferrer\">skincare<\/a><\/h3>\n<p><span style=\"font-weight: 400;\">A esfolia\u00e7\u00e3o da pele tem como objetivo limp\u00e1-la profundamente, j\u00e1 que remove as camadas mais externas da pele durante o processo. Dessa maneira, ela \u00e9 capaz de reduzir a apar\u00eancia das manchas de espinha, sendo um passo importante na rotina de cuidados com a pele.<\/span><span style=\"font-weight: 400;\"><br \/>\n<\/span><span style=\"font-weight: 400;\">Ela pode ser feita a cada 15 dias ou semanalmente, a depender do tipo de pele e da orienta\u00e7\u00e3o m\u00e9dica.\u00a0<\/span><\/p>\n<h3>2. Use <a href=\"https:\/\/araujo.com.br\/blog\/melhor-protetor-solar\/\" target=\"_blank\" rel=\"noopener noreferrer\">protetor solar<\/a> diariamente<b><br \/>\n<\/b><\/h3>\n<p><span style=\"font-weight: 400;\">Al\u00e9m de ser um aliado para combater o envelhecimento precoce da pele, o protetor solar ameniza o surgimento de rugas e tamb\u00e9m diminui o surgimento de manchas pelas espinhas.<\/span><\/p>\n<h3>3. Invista em peeling<\/h3>\n<p><span style=\"font-weight: 400;\">O peeling \u00e9 um tratamento est\u00e9tico que tem como objetivo provocar a descama\u00e7\u00e3o da pele. Ele pode ser qu\u00edmico, com o uso de \u00e1cidos espec\u00edficos, ou f\u00edsico, que utiliza um processo de lixamento na pele para a renova\u00e7\u00e3o celular.\u00a0 <\/span>Para as manchas de acne, o mais recomendado \u00e9 o peeling qu\u00edmico com \u00e1cido salic\u00edlico. O procedimento deve ser feito por profissionais.<\/p>\n<h3>4. Aposte em tratamentos com laser<\/h3>\n<p><span style=\"font-weight: 400;\">Em alguns casos, a depender do grau das manchas e da recomenda\u00e7\u00e3o do dermatologista, um tratamento comum \u00e9 o laser. Ele serve para eliminar tanto as manchas como as cicatrizes da acne. Dessa forma, \u00e9 necess\u00e1rio no m\u00ednimo 3 sess\u00f5es para surtir efeito.\u00a0<\/span><\/p>\n<ol>\n<li aria-level=\"1\"><b>Microagulhamento: <\/b><span style=\"font-weight: 400;\">esse tratamento consiste em induzir a forma\u00e7\u00e3o de col\u00e1geno e elastina na pele, e dessa maneira, tamb\u00e9m serve para eliminar as cicatrizes da pele.\u00a0<\/span><\/li>\n<\/ol>\n<h2>Clareador de manchas de acne: qual escolher?<\/h2>\n<ul>\n<li aria-level=\"1\"><b>Produtos com LHA, \u00c1cido Salic\u00edlico, \u00c1cido Glic\u00f3lico:<\/b><span style=\"font-weight: 400;\"> a associa\u00e7\u00e3o do \u00e1cido salic\u00edlico e o seu derivado LHA conseguem promover uma microesfolia\u00e7\u00e3o na pele, o que resulta em uma renova\u00e7\u00e3o celular que \u00e9 capaz de deixar a pele mais fina. <\/span><span style=\"font-weight: 400;\"><br \/>\n<\/span><span style=\"font-weight: 400;\">O \u00e1cido glic\u00f3lico \u00e9 um importante clareador, que tamb\u00e9m ajuda a controlar a produ\u00e7\u00e3o de sebo da pele e fecha os poros que est\u00e3o dilatados. Assim, esses ativos conseguem auxiliar no tratamento das manchas de acne.\u00a0<\/span><\/li>\n<\/ul>\n<p><a href=\"https:\/\/www.araujo.com.br\/effaclar-serum-ultra-concentrado-30ml\/p\" target=\"_blank\" rel=\"noopener noreferrer\"><span style=\"font-weight: 400;\">Effaclar S\u00e9rum Ultra Concentrado<\/span><\/a><\/p>\n<ul>\n<li aria-level=\"1\"><b>Protetor solar com cor:<\/b><span style=\"font-weight: 400;\"> De maneira geral, os protetores solares ajudam a prevenir o aparecimento de manchas na pele. Os filtros com cor e com a\u00e7\u00e3o clareadoras podem ser ideais para as pessoas que desejam amenizar o aspecto da pele com mais rapidez, pois o pigmento do produto consegue agir como uma barreira f\u00edsica contra os raios solares. Mas, para isso, \u00e9 importante us\u00e1-lo todos os dias, reaplicando sempre que necess\u00e1rio.\u00a0<\/span><\/li>\n<\/ul>\n<p><a href=\"https:\/\/www.araujo.com.br\/protetor-solar-avene-mat-perfect-fluido-com-cor-fps-60-40ml\/8257.html\" target=\"_blank\" rel=\"noopener noreferrer\"><span style=\"font-weight: 400;\">Avene Protetor Solar\u00a0<\/span><\/a><\/p>\n<ul>\n<li aria-level=\"1\"><b>\u00a0Produtos com vitamina C: <\/b><span style=\"font-weight: 400;\">a vitamina C possui uma a\u00e7\u00e3o clareadora capaz de inibir a produ\u00e7\u00e3o da melanina, e por consequ\u00eancia, ela acaba por amenizar e prevenir a forma\u00e7\u00e3o das manchas da acne. Por isso, o seu uso tamb\u00e9m \u00e9 indicado para o tratamento das manchas.\u00a0<\/span><\/li>\n<\/ul>\n<p><a href=\"https:\/\/www.araujo.com.br\/serum-booster-garnier-uniform--matte-vitamina-c-antimarcas-30ml\/p\" target=\"_blank\" rel=\"noopener noreferrer\"><span style=\"font-weight: 400;\">S\u00e9rum Garnier Vitamina C\u00a0<\/span><\/a><\/p>\n<ul>\n<li aria-level=\"1\"><b>S\u00e9rum hidratante com \u00e1cido salic\u00edlico natural: <\/b><span style=\"font-weight: 400;\">por fim, o uso de s\u00e9rum que hidrata e controla a oleosidade, al\u00e9m de amenizar as marcas do rosto \u00e9 importante para o tratamento. Produtos que contem com o \u00e1cido salic\u00edlico em sua f\u00f3rmula ajudar\u00e3o a prevenir e tratar as les\u00f5es que inflamam a pele.\u00a0<\/span><\/li>\n<\/ul>\n<p><a href=\"https:\/\/www.araujo.com.br\/normaderm-phytosolution-vichy-serum-50ml\/p\" target=\"_blank\" rel=\"noopener noreferrer\">Vichy Normaderm Phytosolution\u00a0<\/a><\/p>\n","protected":false},"excerpt":{"rendered":"<p>V\u00e1rios podem ser os motivos que levam \u00e0 forma\u00e7\u00e3o da acne na pele, que segundo a Sociedade Brasileira de Dermatologia, \u201cocorre quando as gl\u00e2ndulas secretoras de \u00f3leo (gl\u00e2ndulas seb\u00e1ceas) tornam-se inflamadas ou infectadas, provocando cravos, espinhas, cistos, caro\u00e7os e cicatrizes.\u201d.\u00a0 Mas para muitas pessoas, pior do que a pr\u00f3pria acne (que por vezes, pode gerar [&hellip;]<\/p>\n","protected":false},"author":1,"featured_media":3463,"comment_status":"closed","ping_status":"closed","sticky":false,"template":"","format":"standard","meta":{"_acf_changed":false,"footnotes":""},"categories":[37,4],"tags":[],"class_list":["post-3462","post","type-post","status-publish","format-standard","has-post-thumbnail","hentry","category-cuidados-pele","category-mais-beleza"],"acf":[],"yoast_head":"<!-- This site is optimized with the Yoast SEO plugin v24.3 - https:\/\/yoast.com\/wordpress\/plugins\/seo\/ -->\n<title>Manchas de acne: 5 dicas para tratar!<\/title>\n<meta name=\"description\" content=\"A acne e suas consequ\u00eancias \u00e9 uma quest\u00e3o que afeta diversos brasileiros. Neste texto, saiba como tratar as manchas de acne.\" \/>\n<meta name=\"robots\" content=\"index, follow, max-snippet:-1, max-image-preview:large, max-video-preview:-1\" \/>\n<link rel=\"canonical\" href=\"https:\/\/araujo.com.br\/blog\/manchas-de-acne\/\" \/>\n<meta property=\"og:locale\" content=\"pt_BR\" \/>\n<meta property=\"og:type\" content=\"article\" \/>\n<meta property=\"og:title\" content=\"Manchas de acne: 5 dicas para tratar!\" \/>\n<meta property=\"og:description\" content=\"A acne e suas consequ\u00eancias \u00e9 uma quest\u00e3o que afeta diversos brasileiros. Neste texto, saiba como tratar as manchas de acne.\" \/>\n<meta property=\"og:url\" content=\"https:\/\/araujo.com.br\/blog\/manchas-de-acne\/\" \/>\n<meta property=\"og:site_name\" content=\"Blog da Drogaria Araujo\" \/>\n<meta property=\"article:published_time\" content=\"2022-11-24T11:49:18+00:00\" \/>\n<meta property=\"article:modified_time\" content=\"2025-02-03T17:25:18+00:00\" \/>\n<meta property=\"og:image\" content=\"https:\/\/araujo.com.br\/blog\/wp-content\/uploads\/2022\/11\/vetorPrancheta-1-10.png\" \/>\n\t<meta property=\"og:image:width\" content=\"760\" \/>\n\t<meta property=\"og:image:height\" content=\"340\" \/>\n\t<meta property=\"og:image:type\" content=\"image\/png\" \/>\n<meta name=\"author\" content=\"Drogaria Araujo\" \/>\n<meta name=\"twitter:card\" content=\"summary_large_image\" \/>\n<meta name=\"twitter:label1\" content=\"Escrito por\" \/>\n\t<meta name=\"twitter:data1\" content=\"Drogaria Araujo\" \/>\n\t<meta name=\"twitter:label2\" content=\"Est. tempo de leitura\" \/>\n\t<meta name=\"twitter:data2\" content=\"6 minutos\" \/>\n<script type=\"application\/ld+json\" class=\"yoast-schema-graph\">{\"@context\":\"https:\/\/schema.org\",\"@graph\":[{\"@type\":\"WebPage\",\"@id\":\"https:\/\/araujo.com.br\/blog\/manchas-de-acne\/\",\"url\":\"https:\/\/araujo.com.br\/blog\/manchas-de-acne\/\",\"name\":\"Manchas de acne: 5 dicas para tratar!\",\"isPartOf\":{\"@id\":\"https:\/\/araujo.com.br\/blog\/#website\"},\"primaryImageOfPage\":{\"@id\":\"https:\/\/araujo.com.br\/blog\/manchas-de-acne\/#primaryimage\"},\"image\":{\"@id\":\"https:\/\/araujo.com.br\/blog\/manchas-de-acne\/#primaryimage\"},\"thumbnailUrl\":\"https:\/\/araujo.com.br\/blog\/wp-content\/uploads\/2022\/11\/vetorPrancheta-1-10.png\",\"datePublished\":\"2022-11-24T11:49:18+00:00\",\"dateModified\":\"2025-02-03T17:25:18+00:00\",\"author\":{\"@id\":\"https:\/\/araujo.com.br\/blog\/#\/schema\/person\/4e2eac75cf0e2c6b079ef9a0df2ece83\"},\"description\":\"A acne e suas consequ\u00eancias \u00e9 uma quest\u00e3o que afeta diversos brasileiros. Neste texto, saiba como tratar as manchas de acne.\",\"breadcrumb\":{\"@id\":\"https:\/\/araujo.com.br\/blog\/manchas-de-acne\/#breadcrumb\"},\"inLanguage\":\"pt-BR\",\"potentialAction\":[{\"@type\":\"ReadAction\",\"target\":[\"https:\/\/araujo.com.br\/blog\/manchas-de-acne\/\"]}]},{\"@type\":\"ImageObject\",\"inLanguage\":\"pt-BR\",\"@id\":\"https:\/\/araujo.com.br\/blog\/manchas-de-acne\/#primaryimage\",\"url\":\"https:\/\/araujo.com.br\/blog\/wp-content\/uploads\/2022\/11\/vetorPrancheta-1-10.png\",\"contentUrl\":\"https:\/\/araujo.com.br\/blog\/wp-content\/uploads\/2022\/11\/vetorPrancheta-1-10.png\",\"width\":760,\"height\":340},{\"@type\":\"BreadcrumbList\",\"@id\":\"https:\/\/araujo.com.br\/blog\/manchas-de-acne\/#breadcrumb\",\"itemListElement\":[{\"@type\":\"ListItem\",\"position\":1,\"name\":\"In\u00edcio\",\"item\":\"https:\/\/araujo.com.br\/blog\/\"},{\"@type\":\"ListItem\",\"position\":2,\"name\":\"Manchas de acne: 5 dicas para tratar!\"}]},{\"@type\":\"WebSite\",\"@id\":\"https:\/\/araujo.com.br\/blog\/#website\",\"url\":\"https:\/\/araujo.com.br\/blog\/\",\"name\":\"Blog da Drogaria Araujo\",\"description\":\"Conte\u00fado que faz bem? A Araujo tem!\",\"potentialAction\":[{\"@type\":\"SearchAction\",\"target\":{\"@type\":\"EntryPoint\",\"urlTemplate\":\"https:\/\/araujo.com.br\/blog\/?s={search_term_string}\"},\"query-input\":{\"@type\":\"PropertyValueSpecification\",\"valueRequired\":true,\"valueName\":\"search_term_string\"}}],\"inLanguage\":\"pt-BR\"},{\"@type\":\"Person\",\"@id\":\"https:\/\/araujo.com.br\/blog\/#\/schema\/person\/4e2eac75cf0e2c6b079ef9a0df2ece83\",\"name\":\"Drogaria Araujo\",\"image\":{\"@type\":\"ImageObject\",\"inLanguage\":\"pt-BR\",\"@id\":\"https:\/\/araujo.com.br\/blog\/#\/schema\/person\/image\/\",\"url\":\"https:\/\/secure.gravatar.com\/avatar\/33e54dec0cd79fc4b5e911c15f836c46ec8d0e452ecd3ca5f707bce0a3540a3b?s=96&d=mm&r=g\",\"contentUrl\":\"https:\/\/secure.gravatar.com\/avatar\/33e54dec0cd79fc4b5e911c15f836c46ec8d0e452ecd3ca5f707bce0a3540a3b?s=96&d=mm&r=g\",\"caption\":\"Drogaria Araujo\"},\"description\":\"Especialista em Sa\u00fade da Fam\u00edlia. M\u00e9dico e nutricionista.\",\"sameAs\":[\"https:\/\/araujo.com.br\/blog\"],\"url\":\"https:\/\/araujo.com.br\/blog\/author\/admin\/\"}]}<\/script>\n<!-- \/ Yoast SEO plugin. -->","yoast_head_json":{"title":"Manchas de acne: 5 dicas para tratar!","description":"A acne e suas consequ\u00eancias \u00e9 uma quest\u00e3o que afeta diversos brasileiros. Neste texto, saiba como tratar as manchas de acne.","robots":{"index":"index","follow":"follow","max-snippet":"max-snippet:-1","max-image-preview":"max-image-preview:large","max-video-preview":"max-video-preview:-1"},"canonical":"https:\/\/araujo.com.br\/blog\/manchas-de-acne\/","og_locale":"pt_BR","og_type":"article","og_title":"Manchas de acne: 5 dicas para tratar!","og_description":"A acne e suas consequ\u00eancias \u00e9 uma quest\u00e3o que afeta diversos brasileiros. Neste texto, saiba como tratar as manchas de acne.","og_url":"https:\/\/araujo.com.br\/blog\/manchas-de-acne\/","og_site_name":"Blog da Drogaria Araujo","article_published_time":"2022-11-24T11:49:18+00:00","article_modified_time":"2025-02-03T17:25:18+00:00","og_image":[{"width":760,"height":340,"url":"https:\/\/araujo.com.br\/blog\/wp-content\/uploads\/2022\/11\/vetorPrancheta-1-10.png","type":"image\/png"}],"author":"Drogaria Araujo","twitter_card":"summary_large_image","twitter_misc":{"Escrito por":"Drogaria Araujo","Est. tempo de leitura":"6 minutos"},"schema":{"@context":"https:\/\/schema.org","@graph":[{"@type":"WebPage","@id":"https:\/\/araujo.com.br\/blog\/manchas-de-acne\/","url":"https:\/\/araujo.com.br\/blog\/manchas-de-acne\/","name":"Manchas de acne: 5 dicas para tratar!","isPartOf":{"@id":"https:\/\/araujo.com.br\/blog\/#website"},"primaryImageOfPage":{"@id":"https:\/\/araujo.com.br\/blog\/manchas-de-acne\/#primaryimage"},"image":{"@id":"https:\/\/araujo.com.br\/blog\/manchas-de-acne\/#primaryimage"},"thumbnailUrl":"https:\/\/araujo.com.br\/blog\/wp-content\/uploads\/2022\/11\/vetorPrancheta-1-10.png","datePublished":"2022-11-24T11:49:18+00:00","dateModified":"2025-02-03T17:25:18+00:00","author":{"@id":"https:\/\/araujo.com.br\/blog\/#\/schema\/person\/4e2eac75cf0e2c6b079ef9a0df2ece83"},"description":"A acne e suas consequ\u00eancias \u00e9 uma quest\u00e3o que afeta diversos brasileiros. Neste texto, saiba como tratar as manchas de acne.","breadcrumb":{"@id":"https:\/\/araujo.com.br\/blog\/manchas-de-acne\/#breadcrumb"},"inLanguage":"pt-BR","potentialAction":[{"@type":"ReadAction","target":["https:\/\/araujo.com.br\/blog\/manchas-de-acne\/"]}]},{"@type":"ImageObject","inLanguage":"pt-BR","@id":"https:\/\/araujo.com.br\/blog\/manchas-de-acne\/#primaryimage","url":"https:\/\/araujo.com.br\/blog\/wp-content\/uploads\/2022\/11\/vetorPrancheta-1-10.png","contentUrl":"https:\/\/araujo.com.br\/blog\/wp-content\/uploads\/2022\/11\/vetorPrancheta-1-10.png","width":760,"height":340},{"@type":"BreadcrumbList","@id":"https:\/\/araujo.com.br\/blog\/manchas-de-acne\/#breadcrumb","itemListElement":[{"@type":"ListItem","position":1,"name":"In\u00edcio","item":"https:\/\/araujo.com.br\/blog\/"},{"@type":"ListItem","position":2,"name":"Manchas de acne: 5 dicas para tratar!"}]},{"@type":"WebSite","@id":"https:\/\/araujo.com.br\/blog\/#website","url":"https:\/\/araujo.com.br\/blog\/","name":"Blog da Drogaria Araujo","description":"Conte\u00fado que faz bem? A Araujo tem!","potentialAction":[{"@type":"SearchAction","target":{"@type":"EntryPoint","urlTemplate":"https:\/\/araujo.com.br\/blog\/?s={search_term_string}"},"query-input":{"@type":"PropertyValueSpecification","valueRequired":true,"valueName":"search_term_string"}}],"inLanguage":"pt-BR"},{"@type":"Person","@id":"https:\/\/araujo.com.br\/blog\/#\/schema\/person\/4e2eac75cf0e2c6b079ef9a0df2ece83","name":"Drogaria Araujo","image":{"@type":"ImageObject","inLanguage":"pt-BR","@id":"https:\/\/araujo.com.br\/blog\/#\/schema\/person\/image\/","url":"https:\/\/secure.gravatar.com\/avatar\/33e54dec0cd79fc4b5e911c15f836c46ec8d0e452ecd3ca5f707bce0a3540a3b?s=96&d=mm&r=g","contentUrl":"https:\/\/secure.gravatar.com\/avatar\/33e54dec0cd79fc4b5e911c15f836c46ec8d0e452ecd3ca5f707bce0a3540a3b?s=96&d=mm&r=g","caption":"Drogaria Araujo"},"description":"Especialista em Sa\u00fade da Fam\u00edlia. M\u00e9dico e nutricionista.","sameAs":["https:\/\/araujo.com.br\/blog"],"url":"https:\/\/araujo.com.br\/blog\/author\/admin\/"}]}},"_links":{"self":[{"href":"https:\/\/araujo.com.br\/blog\/wp-json\/wp\/v2\/posts\/3462","targetHints":{"allow":["GET"]}}],"collection":[{"href":"https:\/\/araujo.com.br\/blog\/wp-json\/wp\/v2\/posts"}],"about":[{"href":"https:\/\/araujo.com.br\/blog\/wp-json\/wp\/v2\/types\/post"}],"author":[{"embeddable":true,"href":"https:\/\/araujo.com.br\/blog\/wp-json\/wp\/v2\/users\/1"}],"replies":[{"embeddable":true,"href":"https:\/\/araujo.com.br\/blog\/wp-json\/wp\/v2\/comments?post=3462"}],"version-history":[{"count":2,"href":"https:\/\/araujo.com.br\/blog\/wp-json\/wp\/v2\/posts\/3462\/revisions"}],"predecessor-version":[{"id":4528,"href":"https:\/\/araujo.com.br\/blog\/wp-json\/wp\/v2\/posts\/3462\/revisions\/4528"}],"wp:featuredmedia":[{"embeddable":true,"href":"https:\/\/araujo.com.br\/blog\/wp-json\/wp\/v2\/media\/3463"}],"wp:attachment":[{"href":"https:\/\/araujo.com.br\/blog\/wp-json\/wp\/v2\/media?parent=3462"}],"wp:term":[{"taxonomy":"category","embeddable":true,"href":"https:\/\/araujo.com.br\/blog\/wp-json\/wp\/v2\/categories?post=3462"},{"taxonomy":"post_tag","embeddable":true,"href":"https:\/\/araujo.com.br\/blog\/wp-json\/wp\/v2\/tags?post=3462"}],"curies":[{"name":"wp","href":"https:\/\/api.w.org\/{rel}","templated":true}]}}