{"id":3468,"date":"2022-12-06T13:02:23","date_gmt":"2022-12-06T10:02:23","guid":{"rendered":"http:\/\/blog-qas.araujo.com.br\/protetor-solar-para-pele-seca\/"},"modified":"2025-02-03T16:52:31","modified_gmt":"2025-02-03T13:52:31","slug":"protetor-solar-para-pele-seca","status":"publish","type":"post","link":"https:\/\/araujo.com.br\/blog\/protetor-solar-para-pele-seca\/","title":{"rendered":"Protetor solar para pele seca: melhores op\u00e7\u00f5es"},"content":{"rendered":"<p>Quando se trata da <a href=\"https:\/\/araujo.com.br\/blog\/pele-seca\/\" target=\"_blank\" rel=\"noopener noreferrer\">pele seca<\/a>, sabemos que uma das principais caracter\u00edsticas \u00e9 a sensa\u00e7\u00e3o de repuxamento da pele. Portanto, \u00e9 importante usar produtos que ir\u00e3o apresentar uma a\u00e7\u00e3o hidratante e uma textura mais cremosa, e o protetor solar n\u00e3o foge dessa regra.<\/p>\n<p>Mas se voc\u00ea ainda tem d\u00favidas sobre como escolher o protetor solar ideal para a pele seca, continue a leitura!<\/p>\n<h2>Caracter\u00edsticas da pele seca<\/h2>\n<p>Quando h\u00e1 um desequil\u00edbrio das gl\u00e2ndulas seb\u00e1ceas e elas n\u00e3o s\u00e3o capazes de produzir uma quantidade necess\u00e1ria e ideal para lubrificar certas \u00e1reas do corpo, a pele dessa regi\u00e3o afetada fica seca.<\/p>\n<p>Fatores internos ou externos tamb\u00e9m podem ocasionar a pele seca, como a gen\u00e9tica, clima e at\u00e9 mesmo fatores de ordem hormonal. Esse tipo de pele pode afetar \u00e1reas do rosto e do corpo.<\/p>\n<p>Podemos citar como as principais caracter\u00edsticas da pele seca:<\/p>\n<ul>\n<li>Pele com uma apar\u00eancia sem luminosidade;<\/li>\n<li>Aspecto da pele esbranqui\u00e7ado, sem vi\u00e7o;<\/li>\n<li>Descama\u00e7\u00e3o em determinadas regi\u00f5es do corpo;<\/li>\n<li>Manchas vermelhas pelo corpo ou rosto;<\/li>\n<li>Em casos mais avan\u00e7ados, o ressecamento pode ocasionar rachaduras e feridas.<\/li>\n<\/ul>\n<h2>A import\u00e2ncia do protetor solar para a pele seca<\/h2>\n<p>A pele seca \u00e9 caracterizada principalmente pela falta de hidrata\u00e7\u00e3o correta e, por isso, \u00e9 muito importante investir em produtos que contam com hidratantes em suas formula\u00e7\u00f5es.<\/p>\n<p>O protetor solar adequado \u00e9 indispens\u00e1vel para manter o equil\u00edbrio da pele e vai ajudar a:<\/p>\n<ul>\n<li>Manter o equil\u00edbrio da pele seca;<\/li>\n<li>Devolver e equilibrar o PH da pele;<\/li>\n<li>Potencializar a produ\u00e7\u00e3o das gl\u00e2ndulas seb\u00e1ceas;<\/li>\n<li>Ajudar na lubrifica\u00e7\u00e3o da pele;<\/li>\n<li>Evitar a descama\u00e7\u00e3o;<\/li>\n<li>Dar mais luminosidade para a pele, diminuindo o aspecto opaco.<\/li>\n<\/ul>\n<h2>Qual o melhor protetor solar para a pele seca?<\/h2>\n<p>Os protetores solares que contam com uma a\u00e7\u00e3o hidratante e textura cremosa s\u00e3o os mais recomendados para a pele seca.<\/p>\n<p>Quando os sintomas da pele ressecada tamb\u00e9m est\u00e3o associados a outros fatores, como o desequil\u00edbrio hormonal e o envelhecimento da pele, \u00e9 interessante investir em produtos que contenham ativos, como por exemplo o \u00e1cido hialur\u00f4nico, que tamb\u00e9m \u00e9 capaz de potencializar a hidrata\u00e7\u00e3o da pele.<\/p>\n<p><a href=\"https:\/\/www.araujo.com.br\/protetor-solar-anthelios-hydraox-anti-idade-fps-60-sem-cor-50g\/p\" target=\"_blank\" rel=\"noopener noreferrer\">Anthelios Hydraox<\/a><\/p>\n<p>O Anthelios Hydraox conta com uma textura fluida e ultra leve, al\u00e9m de prevenir o envelhecimento, pois conta com o FPS 60. Assim, oferece uma efic\u00e1cia antioxidante capaz de preservar o col\u00e1geno da pele.<\/p>\n<p>Ele tamb\u00e9m possui:<\/p>\n<ul>\n<li>Concentra\u00e7\u00e3o de \u00e1gua termal de La Roche Posay<\/li>\n<li>Vitamina<\/li>\n<li>Tecnologia Inovadora de pol\u00edmeros semi-cristalinos + glicerina: ela \u00e9 capaz de hidratar a pele com leveza, toque seco e um acabamento invis\u00edvel.<\/li>\n<\/ul>\n<p><a href=\"https:\/\/www.araujo.com.br\/protetor-solar-ideal-soleil-hidratacao-fps-70-locao-200ml\/p\" target=\"_blank\" rel=\"noopener noreferrer\">Protetor Solar Corporal Vichy<\/a><\/p>\n<p>O Protetor Solar Corporal Vichy conta com uma a\u00e7\u00e3o hidratante hidra soft, que hidrata por 8 horas, al\u00e9m de ter uma a\u00e7\u00e3o antioxidante. Sua lo\u00e7\u00e3o ultra leve garante uma pele radiante e aveludada, sem res\u00edduos brancos.<\/p>\n<p>Al\u00e9m disso, conta com uma ampla prote\u00e7\u00e3o anti-UVB, UVA\/UVA longo, prevenindo o envelhecimento precoce das c\u00e9lulas do corpo.\u00a0 Seus ativos criam uma barreira protetora que preserva a hidrata\u00e7\u00e3o e evita o ressecamento provocado pela \u00e1gua do mar ou piscina.<\/p>\n<p><a href=\"https:\/\/www.araujo.com.br\/protetor-solar-episol-antiox-antienvelhecimento-fps-60-com-60g\/p\" target=\"_blank\" rel=\"noopener noreferrer\">Protetor Solar Antienvelhecimento Episol Antiox<\/a><\/p>\n<p>O Protetor Solar Antienvelhecimento Episol Antiox proporciona uma vitalidade e firmeza da pele, aumentando sua hidrata\u00e7\u00e3o. Ele consegue\u00a0 preservar o col\u00e1geno da pele, reduzir as rugas e tamb\u00e9m as linhas de express\u00e3o. Tudo isso a partir de uma tecnologia inovadora capaz de minimizar danos causados pelos raios solares e raios infravermelhos.<\/p>\n<p><a href=\"https:\/\/www.araujo.com.br\/protetor-solar-sunmax-intense-fps-60-pele-normal-a-seca-60g\/p\" target=\"_blank\" rel=\"noopener noreferrer\">Sunmax Protetor Solar 60<\/a><\/p>\n<p>O Sunmax Protetor Solar 60 conta com a tecnologia Solhydra, que \u00e9 capaz de oferecer alta prote\u00e7\u00e3o solar somada \u00e0 hidrata\u00e7\u00e3o.\u00a0 Ele tamb\u00e9m \u00e9 resistente \u00e0 \u00e1gua, hidrata a pele por 8 horas e n\u00e3o tem perfume e nem corantes em sua f\u00f3rmula.<\/p>\n<p><a href=\"https:\/\/www.araujo.com.br\/protetor-solar-minesol-neostrata-corpo-e-rosto-fps-70-200ml\/p\" target=\"_blank\" rel=\"noopener noreferrer\">Protetor Solar Minesol Corpo e Rosto<\/a><\/p>\n<p>O Protetor Solar Minesol Corpo e Rosto promove uma a\u00e7\u00e3o hidratante e antioxidante com textura fluida e r\u00e1pida absor\u00e7\u00e3o. Ele \u00e9 ideal para o rosto e para o corpo, al\u00e9m de ser muito resistente \u00e0 \u00e1gua e ao suor.<\/p>\n<h2>Como potencializar o skincare da pele seca<\/h2>\n<p>A pele seca requer muitos cuidados no dia a dia. Por isso, \u00e9 importante saber sobre a <a href=\"https:\/\/araujo.com.br\/blog\/skincare-para-pele-seca-um-guia-completo\/\" target=\"_blank\" rel=\"noopener noreferrer\">rotina de skincare para pele seca<\/a>, que deve contar com produtos adequados em todas as etapas: limpeza, hidrata\u00e7\u00e3o e prote\u00e7\u00e3o.<\/p>\n<h2>Como cuidar da pele seca no ver\u00e3o<\/h2>\n<p>Para manter o corpo hidratado durante o ver\u00e3o, \u00e9 importante tomar alguns cuidados, como:<\/p>\n<ol>\n<li>Apostar nos filtros solares em creme com um FPS maior;<\/li>\n<li>Abusar dos cremes hidratantes ap\u00f3s tomar sol;<\/li>\n<li>Evitar banhos quentes;<\/li>\n<li>Usar um p\u00f3s sol ap\u00f3s a exposi\u00e7\u00e3o solar para evitar descama\u00e7\u00e3o;<\/li>\n<li>Apostar em produtos que ir\u00e3o refrescar a pele.<\/li>\n<\/ol>\n","protected":false},"excerpt":{"rendered":"<p>Quando se trata da pele seca, sabemos que uma das principais caracter\u00edsticas \u00e9 a sensa\u00e7\u00e3o de repuxamento da pele. Portanto, \u00e9 importante usar produtos que ir\u00e3o apresentar uma a\u00e7\u00e3o hidratante e uma textura mais cremosa, e o protetor solar n\u00e3o foge dessa regra. Mas se voc\u00ea ainda tem d\u00favidas sobre como escolher o protetor solar [&hellip;]<\/p>\n","protected":false},"author":1,"featured_media":3469,"comment_status":"closed","ping_status":"closed","sticky":false,"template":"","format":"standard","meta":{"_acf_changed":false,"footnotes":""},"categories":[36,4],"tags":[],"class_list":["post-3468","post","type-post","status-publish","format-standard","has-post-thumbnail","hentry","category-dermocosmeticos","category-mais-beleza"],"acf":[],"yoast_head":"<!-- This site is optimized with the Yoast SEO plugin v24.3 - https:\/\/yoast.com\/wordpress\/plugins\/seo\/ -->\n<title>Protetor solar para pele seca: conhe\u00e7a as melhores op\u00e7\u00f5es<\/title>\n<meta name=\"description\" content=\"\u00c9 comum n\u00e3o saber qual produto usar de acordo com o seu tipo de pele. Neste guia, conhe\u00e7a as melhores op\u00e7\u00f5es de protetor solar para pele seca!\" \/>\n<meta name=\"robots\" content=\"index, follow, max-snippet:-1, max-image-preview:large, max-video-preview:-1\" \/>\n<link rel=\"canonical\" href=\"https:\/\/araujo.com.br\/blog\/protetor-solar-para-pele-seca\/\" \/>\n<meta property=\"og:locale\" content=\"pt_BR\" \/>\n<meta property=\"og:type\" content=\"article\" \/>\n<meta property=\"og:title\" content=\"Protetor solar para pele seca: conhe\u00e7a as melhores op\u00e7\u00f5es\" \/>\n<meta property=\"og:description\" content=\"\u00c9 comum n\u00e3o saber qual produto usar de acordo com o seu tipo de pele. Neste guia, conhe\u00e7a as melhores op\u00e7\u00f5es de protetor solar para pele seca!\" \/>\n<meta property=\"og:url\" content=\"https:\/\/araujo.com.br\/blog\/protetor-solar-para-pele-seca\/\" \/>\n<meta property=\"og:site_name\" content=\"Blog da Drogaria Araujo\" \/>\n<meta property=\"article:published_time\" content=\"2022-12-06T10:02:23+00:00\" \/>\n<meta property=\"article:modified_time\" content=\"2025-02-03T13:52:31+00:00\" \/>\n<meta property=\"og:image\" content=\"https:\/\/araujo.com.br\/blog\/wp-content\/uploads\/2022\/12\/760x340px-10.png\" \/>\n\t<meta property=\"og:image:width\" content=\"760\" \/>\n\t<meta property=\"og:image:height\" content=\"340\" \/>\n\t<meta property=\"og:image:type\" content=\"image\/png\" \/>\n<meta name=\"author\" content=\"Drogaria Araujo\" \/>\n<meta name=\"twitter:card\" content=\"summary_large_image\" \/>\n<meta name=\"twitter:label1\" content=\"Escrito por\" \/>\n\t<meta name=\"twitter:data1\" content=\"Drogaria Araujo\" \/>\n\t<meta name=\"twitter:label2\" content=\"Est. tempo de leitura\" \/>\n\t<meta name=\"twitter:data2\" content=\"5 minutos\" \/>\n<script type=\"application\/ld+json\" class=\"yoast-schema-graph\">{\"@context\":\"https:\/\/schema.org\",\"@graph\":[{\"@type\":\"WebPage\",\"@id\":\"https:\/\/araujo.com.br\/blog\/protetor-solar-para-pele-seca\/\",\"url\":\"https:\/\/araujo.com.br\/blog\/protetor-solar-para-pele-seca\/\",\"name\":\"Protetor solar para pele seca: conhe\u00e7a as melhores op\u00e7\u00f5es\",\"isPartOf\":{\"@id\":\"https:\/\/araujo.com.br\/blog\/#website\"},\"primaryImageOfPage\":{\"@id\":\"https:\/\/araujo.com.br\/blog\/protetor-solar-para-pele-seca\/#primaryimage\"},\"image\":{\"@id\":\"https:\/\/araujo.com.br\/blog\/protetor-solar-para-pele-seca\/#primaryimage\"},\"thumbnailUrl\":\"https:\/\/araujo.com.br\/blog\/wp-content\/uploads\/2022\/12\/760x340px-10.png\",\"datePublished\":\"2022-12-06T10:02:23+00:00\",\"dateModified\":\"2025-02-03T13:52:31+00:00\",\"author\":{\"@id\":\"https:\/\/araujo.com.br\/blog\/#\/schema\/person\/4e2eac75cf0e2c6b079ef9a0df2ece83\"},\"description\":\"\u00c9 comum n\u00e3o saber qual produto usar de acordo com o seu tipo de pele. Neste guia, conhe\u00e7a as melhores op\u00e7\u00f5es de protetor solar para pele seca!\",\"breadcrumb\":{\"@id\":\"https:\/\/araujo.com.br\/blog\/protetor-solar-para-pele-seca\/#breadcrumb\"},\"inLanguage\":\"pt-BR\",\"potentialAction\":[{\"@type\":\"ReadAction\",\"target\":[\"https:\/\/araujo.com.br\/blog\/protetor-solar-para-pele-seca\/\"]}]},{\"@type\":\"ImageObject\",\"inLanguage\":\"pt-BR\",\"@id\":\"https:\/\/araujo.com.br\/blog\/protetor-solar-para-pele-seca\/#primaryimage\",\"url\":\"https:\/\/araujo.com.br\/blog\/wp-content\/uploads\/2022\/12\/760x340px-10.png\",\"contentUrl\":\"https:\/\/araujo.com.br\/blog\/wp-content\/uploads\/2022\/12\/760x340px-10.png\",\"width\":760,\"height\":340},{\"@type\":\"BreadcrumbList\",\"@id\":\"https:\/\/araujo.com.br\/blog\/protetor-solar-para-pele-seca\/#breadcrumb\",\"itemListElement\":[{\"@type\":\"ListItem\",\"position\":1,\"name\":\"In\u00edcio\",\"item\":\"https:\/\/araujo.com.br\/blog\/\"},{\"@type\":\"ListItem\",\"position\":2,\"name\":\"Protetor solar para pele seca: melhores op\u00e7\u00f5es\"}]},{\"@type\":\"WebSite\",\"@id\":\"https:\/\/araujo.com.br\/blog\/#website\",\"url\":\"https:\/\/araujo.com.br\/blog\/\",\"name\":\"Blog da Drogaria Araujo\",\"description\":\"Conte\u00fado que faz bem? A Araujo tem!\",\"potentialAction\":[{\"@type\":\"SearchAction\",\"target\":{\"@type\":\"EntryPoint\",\"urlTemplate\":\"https:\/\/araujo.com.br\/blog\/?s={search_term_string}\"},\"query-input\":{\"@type\":\"PropertyValueSpecification\",\"valueRequired\":true,\"valueName\":\"search_term_string\"}}],\"inLanguage\":\"pt-BR\"},{\"@type\":\"Person\",\"@id\":\"https:\/\/araujo.com.br\/blog\/#\/schema\/person\/4e2eac75cf0e2c6b079ef9a0df2ece83\",\"name\":\"Drogaria Araujo\",\"image\":{\"@type\":\"ImageObject\",\"inLanguage\":\"pt-BR\",\"@id\":\"https:\/\/araujo.com.br\/blog\/#\/schema\/person\/image\/\",\"url\":\"https:\/\/secure.gravatar.com\/avatar\/33e54dec0cd79fc4b5e911c15f836c46ec8d0e452ecd3ca5f707bce0a3540a3b?s=96&d=mm&r=g\",\"contentUrl\":\"https:\/\/secure.gravatar.com\/avatar\/33e54dec0cd79fc4b5e911c15f836c46ec8d0e452ecd3ca5f707bce0a3540a3b?s=96&d=mm&r=g\",\"caption\":\"Drogaria Araujo\"},\"description\":\"Especialista em Sa\u00fade da Fam\u00edlia. M\u00e9dico e nutricionista.\",\"sameAs\":[\"https:\/\/araujo.com.br\/blog\"],\"url\":\"https:\/\/araujo.com.br\/blog\/author\/admin\/\"}]}<\/script>\n<!-- \/ Yoast SEO plugin. -->","yoast_head_json":{"title":"Protetor solar para pele seca: conhe\u00e7a as melhores op\u00e7\u00f5es","description":"\u00c9 comum n\u00e3o saber qual produto usar de acordo com o seu tipo de pele. Neste guia, conhe\u00e7a as melhores op\u00e7\u00f5es de protetor solar para pele seca!","robots":{"index":"index","follow":"follow","max-snippet":"max-snippet:-1","max-image-preview":"max-image-preview:large","max-video-preview":"max-video-preview:-1"},"canonical":"https:\/\/araujo.com.br\/blog\/protetor-solar-para-pele-seca\/","og_locale":"pt_BR","og_type":"article","og_title":"Protetor solar para pele seca: conhe\u00e7a as melhores op\u00e7\u00f5es","og_description":"\u00c9 comum n\u00e3o saber qual produto usar de acordo com o seu tipo de pele. Neste guia, conhe\u00e7a as melhores op\u00e7\u00f5es de protetor solar para pele seca!","og_url":"https:\/\/araujo.com.br\/blog\/protetor-solar-para-pele-seca\/","og_site_name":"Blog da Drogaria Araujo","article_published_time":"2022-12-06T10:02:23+00:00","article_modified_time":"2025-02-03T13:52:31+00:00","og_image":[{"width":760,"height":340,"url":"https:\/\/araujo.com.br\/blog\/wp-content\/uploads\/2022\/12\/760x340px-10.png","type":"image\/png"}],"author":"Drogaria Araujo","twitter_card":"summary_large_image","twitter_misc":{"Escrito por":"Drogaria Araujo","Est. tempo de leitura":"5 minutos"},"schema":{"@context":"https:\/\/schema.org","@graph":[{"@type":"WebPage","@id":"https:\/\/araujo.com.br\/blog\/protetor-solar-para-pele-seca\/","url":"https:\/\/araujo.com.br\/blog\/protetor-solar-para-pele-seca\/","name":"Protetor solar para pele seca: conhe\u00e7a as melhores op\u00e7\u00f5es","isPartOf":{"@id":"https:\/\/araujo.com.br\/blog\/#website"},"primaryImageOfPage":{"@id":"https:\/\/araujo.com.br\/blog\/protetor-solar-para-pele-seca\/#primaryimage"},"image":{"@id":"https:\/\/araujo.com.br\/blog\/protetor-solar-para-pele-seca\/#primaryimage"},"thumbnailUrl":"https:\/\/araujo.com.br\/blog\/wp-content\/uploads\/2022\/12\/760x340px-10.png","datePublished":"2022-12-06T10:02:23+00:00","dateModified":"2025-02-03T13:52:31+00:00","author":{"@id":"https:\/\/araujo.com.br\/blog\/#\/schema\/person\/4e2eac75cf0e2c6b079ef9a0df2ece83"},"description":"\u00c9 comum n\u00e3o saber qual produto usar de acordo com o seu tipo de pele. Neste guia, conhe\u00e7a as melhores op\u00e7\u00f5es de protetor solar para pele seca!","breadcrumb":{"@id":"https:\/\/araujo.com.br\/blog\/protetor-solar-para-pele-seca\/#breadcrumb"},"inLanguage":"pt-BR","potentialAction":[{"@type":"ReadAction","target":["https:\/\/araujo.com.br\/blog\/protetor-solar-para-pele-seca\/"]}]},{"@type":"ImageObject","inLanguage":"pt-BR","@id":"https:\/\/araujo.com.br\/blog\/protetor-solar-para-pele-seca\/#primaryimage","url":"https:\/\/araujo.com.br\/blog\/wp-content\/uploads\/2022\/12\/760x340px-10.png","contentUrl":"https:\/\/araujo.com.br\/blog\/wp-content\/uploads\/2022\/12\/760x340px-10.png","width":760,"height":340},{"@type":"BreadcrumbList","@id":"https:\/\/araujo.com.br\/blog\/protetor-solar-para-pele-seca\/#breadcrumb","itemListElement":[{"@type":"ListItem","position":1,"name":"In\u00edcio","item":"https:\/\/araujo.com.br\/blog\/"},{"@type":"ListItem","position":2,"name":"Protetor solar para pele seca: melhores op\u00e7\u00f5es"}]},{"@type":"WebSite","@id":"https:\/\/araujo.com.br\/blog\/#website","url":"https:\/\/araujo.com.br\/blog\/","name":"Blog da Drogaria Araujo","description":"Conte\u00fado que faz bem? A Araujo tem!","potentialAction":[{"@type":"SearchAction","target":{"@type":"EntryPoint","urlTemplate":"https:\/\/araujo.com.br\/blog\/?s={search_term_string}"},"query-input":{"@type":"PropertyValueSpecification","valueRequired":true,"valueName":"search_term_string"}}],"inLanguage":"pt-BR"},{"@type":"Person","@id":"https:\/\/araujo.com.br\/blog\/#\/schema\/person\/4e2eac75cf0e2c6b079ef9a0df2ece83","name":"Drogaria Araujo","image":{"@type":"ImageObject","inLanguage":"pt-BR","@id":"https:\/\/araujo.com.br\/blog\/#\/schema\/person\/image\/","url":"https:\/\/secure.gravatar.com\/avatar\/33e54dec0cd79fc4b5e911c15f836c46ec8d0e452ecd3ca5f707bce0a3540a3b?s=96&d=mm&r=g","contentUrl":"https:\/\/secure.gravatar.com\/avatar\/33e54dec0cd79fc4b5e911c15f836c46ec8d0e452ecd3ca5f707bce0a3540a3b?s=96&d=mm&r=g","caption":"Drogaria Araujo"},"description":"Especialista em Sa\u00fade da Fam\u00edlia. M\u00e9dico e nutricionista.","sameAs":["https:\/\/araujo.com.br\/blog"],"url":"https:\/\/araujo.com.br\/blog\/author\/admin\/"}]}},"_links":{"self":[{"href":"https:\/\/araujo.com.br\/blog\/wp-json\/wp\/v2\/posts\/3468","targetHints":{"allow":["GET"]}}],"collection":[{"href":"https:\/\/araujo.com.br\/blog\/wp-json\/wp\/v2\/posts"}],"about":[{"href":"https:\/\/araujo.com.br\/blog\/wp-json\/wp\/v2\/types\/post"}],"author":[{"embeddable":true,"href":"https:\/\/araujo.com.br\/blog\/wp-json\/wp\/v2\/users\/1"}],"replies":[{"embeddable":true,"href":"https:\/\/araujo.com.br\/blog\/wp-json\/wp\/v2\/comments?post=3468"}],"version-history":[{"count":2,"href":"https:\/\/araujo.com.br\/blog\/wp-json\/wp\/v2\/posts\/3468\/revisions"}],"predecessor-version":[{"id":4525,"href":"https:\/\/araujo.com.br\/blog\/wp-json\/wp\/v2\/posts\/3468\/revisions\/4525"}],"wp:featuredmedia":[{"embeddable":true,"href":"https:\/\/araujo.com.br\/blog\/wp-json\/wp\/v2\/media\/3469"}],"wp:attachment":[{"href":"https:\/\/araujo.com.br\/blog\/wp-json\/wp\/v2\/media?parent=3468"}],"wp:term":[{"taxonomy":"category","embeddable":true,"href":"https:\/\/araujo.com.br\/blog\/wp-json\/wp\/v2\/categories?post=3468"},{"taxonomy":"post_tag","embeddable":true,"href":"https:\/\/araujo.com.br\/blog\/wp-json\/wp\/v2\/tags?post=3468"}],"curies":[{"name":"wp","href":"https:\/\/api.w.org\/{rel}","templated":true}]}}