{"id":3484,"date":"2023-01-19T19:01:57","date_gmt":"2023-01-19T16:01:57","guid":{"rendered":"http:\/\/blog-qas.araujo.com.br\/rugas\/"},"modified":"2025-04-15T23:10:09","modified_gmt":"2025-04-15T20:10:09","slug":"rugas","status":"publish","type":"post","link":"https:\/\/araujo.com.br\/blog\/rugas\/","title":{"rendered":"Rugas: o que s\u00e3o e como tratar?"},"content":{"rendered":"<p><span style=\"font-weight: 400;\">Inc\u00f4modo para uns e nem tanto para outros, em algum momento da vida, todos n\u00f3s iremos nos deparar com as linhas de express\u00e3o e com as rugas.<\/span><\/p>\n<p><span style=\"font-weight: 400;\">Mas \u00e9 poss\u00edvel preveni-las? Quais s\u00e3o os tratamentos? Essas e outras perguntas ser\u00e3o respondidas ao longo desse texto, ent\u00e3o continue a leitura!<\/span><\/p>\n<h2>O que s\u00e3o as rugas?<\/h2>\n<p><span style=\"font-weight: 400;\">Quando vamos envelhecendo, naturalmente diminu\u00edmos a produ\u00e7\u00e3o de col\u00e1geno, uma prote\u00edna produzida pelo corpo para garantir firmeza e elasticidade \u00e0 pele. Al\u00e9m disso, tamb\u00e9m perdemos a elastina, que tamb\u00e9m d\u00e1 elasticidade para a pele, e o <a href=\"https:\/\/araujo.com.br\/blog\/acido-hialuronico\/\" target=\"_blank\" rel=\"noopener noreferrer\">\u00e1cido hialur\u00f4nico<\/a>, que \u00e9 respons\u00e1vel por manter a pele firme, hidratada e lisa.<\/span><\/p>\n<p><span style=\"font-weight: 400;\">Somado a isso, as pr\u00f3prias express\u00f5es faciais, como franzir a testa e cerrar os olhos, fazem com que o rosto adquira as denominadas <\/span><a href=\"https:\/\/araujo.com.br\/blog\/linhas-de-expressao\/\" target=\"_blank\" rel=\"noopener noreferrer\"><span style=\"font-weight: 400;\">linhas de express\u00e3o<\/span><\/a><span style=\"font-weight: 400;\">. Elas v\u00e3o se tornando rugas conforme se aprofundam na pele com o passar do tempo.<\/span><\/p>\n<p><span style=\"font-weight: 400;\">Esses sinais podem aparecer pr\u00f3ximo aos olhos, abaixo da boca, abaixo do nariz e at\u00e9 mesmo em outras regi\u00f5es do corpo, como testa, pesco\u00e7o e nas m\u00e3os.<\/span><\/p>\n<h2>O que causa as rugas?<\/h2>\n<p><span style=\"font-weight: 400;\">Al\u00e9m da diminui\u00e7\u00e3o natural na produ\u00e7\u00e3o de col\u00e1geno, elastina e \u00e1cido hialur\u00f4nico pelo organismo, alguns outros fatores podem intensificar o surgimento de rugas, como por exemplo:\u00a0<\/span><\/p>\n<ul>\n<li aria-level=\"1\"><b>A exposi\u00e7\u00e3o solar: <\/b><span style=\"font-weight: 400;\">a pele que est\u00e1 indevidamente exposta ao sol tem um processo de envelhecimento acelerado, o que intensifica o surgimento das rugas;<\/span><\/li>\n<li aria-level=\"1\"><b>Consumo de \u00e1lcool e cigarro: <\/b><span style=\"font-weight: 400;\">o consumo exagerado de \u00e1lcool e cigarro afetam o col\u00e1geno do corpo, desencadeando assim a flacidez e as rugas, o que provoca uma apar\u00eancia mais velha \u00e0 pessoa;<\/span><\/li>\n<li aria-level=\"1\"><b>Repeti\u00e7\u00e3o dos movimentos faciais:<\/b><span style=\"font-weight: 400;\"> ao repetimos express\u00f5es faciais, como franzir a testa ou espremer os olhos, aumentamos a for\u00e7a do m\u00fasculo na regi\u00e3o, o que marca ainda mais o rosto;<\/span><\/li>\n<li aria-level=\"1\"><b>Estresse: <\/b><span style=\"font-weight: 400;\">quando estamos estressados, as gl\u00e2ndulas suprarrenais acabam por aumentar a produ\u00e7\u00e3o de cortisol, mais conhecido como o \u201chorm\u00f4nio do estresse&#8221;. A longo prazo, esse horm\u00f4nio pode causar uma maior inflama\u00e7\u00e3o da pele, reduzindo a produ\u00e7\u00e3o de col\u00e1geno e ocasionando rugas, manchas e flacidez;<\/span><\/li>\n<li aria-level=\"1\"><b>M\u00e1 alimenta\u00e7\u00e3o:<\/b><span style=\"font-weight: 400;\"> quando se mant\u00e9m uma alimenta\u00e7\u00e3o rica em alimentos industrializados e pobres em fibras e vitaminas, aumenta-se a produ\u00e7\u00e3o de radicais livres. Sem os antioxidantes necess\u00e1rios para combater esses radicais, ocorre o envelhecimento precoce da pele;<\/span><\/li>\n<li aria-level=\"1\"><b>Qualidade de sono: <\/b><span style=\"font-weight: 400;\">a priva\u00e7\u00e3o do sono est\u00e1 associada com o envelhecimento precoce da pele, pois intensifica a apari\u00e7\u00e3o de linhas finas, reduz a elasticidade da pele e promove uma pigmenta\u00e7\u00e3o irregular;<\/span><\/li>\n<li aria-level=\"1\"><b style=\"font-family: inherit; font-style: inherit;\">N\u00e3o remover adequadamente a maquiagem: <\/b><span style=\"font-weight: 400;\">atrapalha o processo de renova\u00e7\u00e3o celular, o que acelera o envelhecimento da pele pelo surgimento de poros dilatados, rugas, vermelhid\u00e3o e perda do vi\u00e7o.\u00a0<\/span><\/li>\n<\/ul>\n<h2>Caracter\u00edsticas e tipos de rugas<\/h2>\n<p><span style=\"font-weight: 400;\">Voc\u00ea sabia que existem tr\u00eas tipos de rugas? Elas podem ser classificadas como:<\/span><\/p>\n<ul>\n<li><b>Rugas est\u00e1ticas:<\/b><span style=\"font-weight: 400;\"> s\u00e3o aquelas que surgem devido \u00e0 perda de col\u00e1geno e principalmente devido \u00e0 fadiga de estruturas da pele, podendo aparecer dos 20 aos 30 anos de idade;<\/span><\/li>\n<li><b>Rugas din\u00e2micas: <\/b><span style=\"font-weight: 400;\">surgem pela intera\u00e7\u00e3o da pele com os movimentos da face, ficando marcadas. Essas linhas podem aparecer dos 40 aos 50 anos de idade;\u00a0<\/span><\/li>\n<li><b>Rugas gravitacionais: <\/b><span style=\"font-weight: 400;\">s\u00e3o aquelas que s\u00e3o acompanhadas pela flacidez dos m\u00fasculos. Elas costumam aparecer entre os 60 e 70 anos, sendo mais vis\u00edveis em regi\u00f5es como pesco\u00e7o, colo e rosto.<\/span><\/li>\n<\/ul>\n<h2>Como tratar as rugas e linhas de express\u00e3o?<\/h2>\n<p><span style=\"font-weight: 400;\">Alguns cremes para rugas e lo\u00e7\u00f5es s\u00e3o formulados especialmente para prevenir e atenuar essas marcas.<\/span><\/p>\n<p><span style=\"font-weight: 400;\">Para a escolha dos melhores dermocosm\u00e9ticos para as rugas, \u00e9 necess\u00e1rio se atentar aos princ\u00edpios ativos de cada produto. Portanto, separamos os principais, confira:\u00a0<\/span><\/p>\n<p><b>Retinol: <\/b><span style=\"font-weight: 400;\">\u00e9 respons\u00e1vel por deixar a pele mais firme e mais el\u00e1stica. \u00c9 capaz de reduzir as linhas de express\u00e3o, rugas e flacidez.<\/span><\/p>\n<ul>\n<li><span style=\"font-weight: 400;\">\u00a0<\/span><a href=\"https:\/\/www.araujo.com.br\/retinol-b3-serum-concentrado-anti-idade-la-roche-posay-15ml\/97090.html\" target=\"_blank\" rel=\"noopener noreferrer\"><b>Retinol B3:<\/b><\/a><span style=\"font-weight: 400;\">\u00a0esse s\u00e9rum serve para o tratamento de rugas acentuadas, deixando a pele mais suave e radiante. Al\u00e9m disso, previne os sinais do envelhecimento, reduzindo as linhas finas.\u00a0<\/span><\/li>\n<\/ul>\n<p><b>Vitamina C: <\/b><span style=\"font-weight: 400;\">age como antioxidante, al\u00e9m de estimular a produ\u00e7\u00e3o de col\u00e1geno e combater os radicais livres.\u00a0 Ela tamb\u00e9m potencializa os efeitos do protetor solar.<\/span><\/p>\n<ul>\n<li><a href=\"https:\/\/www.araujo.com.br\/serum-antioxidante-mio-vitamina-c-e-acido-hialuronico-30g\/104258.html\" target=\"_blank\" rel=\"noopener noreferrer\"><b>S\u00e9rum Antioxidante Mi\u00f3 Vitamina C e \u00c1cido Hialur\u00f4nico:<\/b><\/a><span style=\"font-weight: 400;\"> combina os benef\u00edcios da Vitamina C e do \u00c1cido Hialur\u00f4nico. Desenvolvido para uniformizar o tom da pele, reduzir rugas e linhas de express\u00e3o, este s\u00e9rum dermatologicamente testado oferece hidrata\u00e7\u00e3o intensa e prote\u00e7\u00e3o contra o envelhecimento precoce.<\/span><\/li>\n<\/ul>\n<p><b>Pantenol<\/b><span style=\"font-weight: 400;\">:<\/span> <span style=\"font-weight: 400;\">um ativo capaz de promover uma a\u00e7\u00e3o calmante, renovar as c\u00e9lulas e tamb\u00e9m aumentar a prote\u00e7\u00e3o natural da pele.<\/span><\/p>\n<ul>\n<li><a href=\"https:\/\/www.araujo.com.br\/eucerin-hyaluron-filler-elasticity-noite-creme-facial-anti-idade-50ml\/p\" target=\"_blank\" rel=\"noopener noreferrer\"><b>Eucerin Hyaluron Elasticity:<\/b><\/a><b>\u00a0<\/b><span style=\"font-weight: 400;\">faz com que o volume da pele seja restaurado e as rugas mais profundas sejam preenchidas de dentro para fora, realizando um efeito cont\u00ednuo. \u00c9 indicado para todos os tipos de pele com sinais avan\u00e7ados de envelhecimento.\u00a0<\/span><\/li>\n<\/ul>\n<p><b>\u00c1cido hialur\u00f4nico:<\/b><span style=\"font-weight: 400;\"> \u00e9 capaz de promover uma hidrata\u00e7\u00e3o profunda da pele e estimular a produ\u00e7\u00e3o natural de col\u00e1geno.\u00a0<\/span><\/p>\n<ul>\n<li><b><a href=\"https:\/\/www.araujo.com.br\/hidratante-facial-simple-organic-acido-hialuronico-30ml\/30207.html\">Hidratante Facial Simple Organic \u00c1cido Hialur\u00f4nico<\/a>:<\/b> atua na camada mais profunda da pele, preenche vincos e linhas de express\u00e3o. Composto por 1% de \u00c1cido Hialur\u00f4nico em dois tamanhos diferentes de peso molecular, ele possui textura leve e r\u00e1pida absor\u00e7\u00e3o e pode ser usado por todos os tipos de pele.<\/li>\n<\/ul>\n<p><b>\u00c1cido glic\u00f3lico: <\/b><span style=\"font-weight: 400;\">ajuda a remover as impurezas da pele, promovendo uma esfolia\u00e7\u00e3o natural. Tamb\u00e9m \u00e9 capaz de controlar a produ\u00e7\u00e3o de \u00f3leo, reduzir cicatrizes e clarear manchas da pele.\u00a0<\/span><\/p>\n<ul>\n<li><a href=\"https:\/\/www.araujo.com.br\/neostrata-oil-control-oily-skin-gel-plus-anti-idade-125g\/p\" target=\"_blank\" rel=\"noopener noreferrer\"><b>Neostrata Gel Plus: <\/b><\/a><span style=\"font-weight: 400;\">\u00e9 <\/span><span style=\"font-weight: 400;\">um gel renovador facial sem enx\u00e1gue indicado para a pele oleosa e acneica. Ele consegue reduzir o brilho e a oleosidade da pele, desobstruir e reduzir poros dilatados, estimular a renova\u00e7\u00e3o celular e uniformizar a textura e tonalidade da pele. \u00c9 recomendado o uso noturno.<\/span><\/li>\n<\/ul>\n<p><span style=\"font-weight: 400;\">Uma \u00f3tima escolha custo-benef\u00edcio para o cuidado da sua pele \u00e9 a <a href=\"https:\/\/www.araujo.com.br\/busca?q=creme+facial+nivea&amp;lang=pt_BR\">linha facial da Nivea 5 em 1<\/a>, que possui produtos completos para a sua skincare, promovendo redu\u00e7\u00e3o dos sinais e linhas de express\u00e3o, nutrindo e hidratando a pele. S\u00e3o v\u00e1rias op\u00e7\u00f5es de produtos para cada fase de cuidados com a pele. Conhe\u00e7a alguns:<\/span><\/p>\n<p><a href=\"https:\/\/www.araujo.com.br\/creme-facial-nivea-antissinais-100g\/91436.html\"><strong>Creme Facial Nivea Antissinais<\/strong><\/a>:<\/p>\n<ul>\n<li>Reduz sinais e linhas de express\u00e3o. Sua f\u00f3rmula leve e de r\u00e1pida absor\u00e7\u00e3o<br \/>\nhidrata intensamente, sem deixar a pele oleosa;<\/li>\n<li>Hidrata sem pesar, combate os sinais do tempo com antioxidantes e mant\u00e9m a pele macia e saud\u00e1vel. Ideal para uso di\u00e1rio em todos os tipos de pele;<\/li>\n<li>Reduz rugas, firma a pele e hidrata por 30h. Possui vitamina E, um antioxidante poderoso. Deixa a apar\u00eancia da pele mais jovem e protege contra raios UVA\/UVB.<\/li>\n<\/ul>\n<p><a href=\"https:\/\/www.araujo.com.br\/creme-facial-nivea-nutritivo-100g\/91435.html\"><strong>Creme Facial Nivea Nutritivo<\/strong><\/a>:<\/p>\n<ul>\n<li>Nutre intensamente, hidrata por 30h e prepara a pele para a maquiagem, cuidando sem deixar oleosa. Textura leve de r\u00e1pida absor\u00e7\u00e3o;<\/li>\n<li>Nutre a pele com Manteiga de Karit\u00e9, deixando macia e saud\u00e1vel. Ideal para uso di\u00e1rio em todos os tipos de pele, especialmente as secas.<\/li>\n<\/ul>\n<p><a href=\"https:\/\/www.araujo.com.br\/busca?q=creme+facial+nivea&amp;lang=pt_BR&amp;utm_source=blog&amp;utm_medium=texto&amp;utm_campaign=nivea5em1\"><img loading=\"lazy\" decoding=\"async\" class=\"alignnone\" src=\"https:\/\/mktaraujo.monday.com\/protected_static\/6315355\/resources\/2076499279\/large-728977667-20250409_vnd_on_araujo_blog_banner_horizontal_large_800x232.jpg\" alt=\"linha facial nivea 5 em 1\" width=\"800\" height=\"232\" \/><\/a><\/p>\n<h2>Quais s\u00e3o os procedimentos est\u00e9ticos para tratar as rugas?<\/h2>\n<p><span style=\"font-weight: 400;\">Em casos mais avan\u00e7ados de rugas na pele, existem algumas op\u00e7\u00f5es de procedimentos est\u00e9ticos. As principais s\u00e3o:\u00a0<\/span><\/p>\n<ul>\n<li aria-level=\"1\"><b>Peeling qu\u00edmico ou f\u00edsico<\/b><b>: <\/b><span style=\"font-weight: 400;\">o peeling \u00e9 uma t\u00e9cnica capaz de estimular a produ\u00e7\u00e3o de col\u00e1geno e elastina na pele, dando um aspecto de firmeza e elasticidade, promovendo a renova\u00e7\u00e3o celular e a remo\u00e7\u00e3o de c\u00e9lulas mortas;<\/span><\/li>\n<li aria-level=\"1\"><b>Preenchimento com \u00e1cido hialur\u00f4nico: <\/b><span style=\"font-weight: 400;\">com esse tipo de preenchimento, o \u00e1cido hialur\u00f4nico devolve volume, reestrutura a face e ameniza as rugas;<\/span><\/li>\n<li aria-level=\"1\"><b>Aplica\u00e7\u00e3o de toxina botul\u00ednica: <\/b><span style=\"font-weight: 400;\">a toxina botul\u00ednica \u00e9 capaz de impedir a contra\u00e7\u00e3o do m\u00fasculo, disfar\u00e7ando as linhas de express\u00e3o e as rugas. Ela tamb\u00e9m \u00e9 capaz de prevenir o aparecimento de novas linhas de express\u00e3o;<\/span><\/li>\n<li aria-level=\"1\"><b>Microagulhamento: <\/b><span style=\"font-weight: 400;\">o microagulhamento promove a regenera\u00e7\u00e3o da pele, estimulando o col\u00e1geno e reduzindo os sinais de envelhecimento.<\/span><\/li>\n<\/ul>\n<h2>Como prevenir as rugas?<\/h2>\n<p><span style=\"font-weight: 400;\">Apesar de n\u00e3o ter como prevenir totalmente o surgimento das rugas, pois elas fazem parte do processo natural do corpo, algumas a\u00e7\u00f5es ajudam a ameniz\u00e1-las, como:\u00a0\u00a0<\/span><\/p>\n<ul>\n<li style=\"font-weight: 400;\" aria-level=\"1\"><span style=\"font-weight: 400;\">Usar <\/span><a href=\"https:\/\/araujo.com.br\/blog\/melhor-protetor-solar\/\" target=\"_blank\" rel=\"noopener noreferrer\"><span style=\"font-weight: 400;\">protetor solar<\/span><\/a><span style=\"font-weight: 400;\"> no rosto e no corpo todos os dias;\u00a0<\/span><\/li>\n<li style=\"font-weight: 400;\" aria-level=\"1\"><span style=\"font-weight: 400;\">Manter a pele hidratada;<\/span><\/li>\n<li style=\"font-weight: 400;\" aria-level=\"1\"><span style=\"font-weight: 400;\">Incluir os ativos antioxidantes no dia a dia;<\/span><\/li>\n<li style=\"font-weight: 400;\" aria-level=\"1\"><span style=\"font-weight: 400;\">Investir em um produto antirrugas e inclu\u00ed-lo na sua rotina de cuidados com a pele;<\/span><\/li>\n<li style=\"font-weight: 400;\" aria-level=\"1\"><span style=\"font-weight: 400;\">Manter uma alimenta\u00e7\u00e3o saud\u00e1vel;<\/span><\/li>\n<li style=\"font-weight: 400;\" aria-level=\"1\"><span style=\"font-weight: 400;\">Evitar \u00e1lcool e tabaco.<\/span><\/li>\n<\/ul>\n<p>Cuidar da pele vai muito al\u00e9m de aplicar alguns produtos: \u00e9 um ritual que envolve dedica\u00e7\u00e3o, conhecimento e escuta atenta \u00e0s necessidades do seu corpo. Ao adotar uma rotina adequada, voc\u00ea n\u00e3o apenas melhora a apar\u00eancia externa, mas tamb\u00e9m promove a sa\u00fade e o bem-estar.<\/p>\n<p>Agora \u00e9 hora de colocar em pr\u00e1tica tudo o que voc\u00ea aprendeu e come\u00e7ar a trilhar o caminho para uma pele mais saud\u00e1vel e luminosa.<\/p>\n","protected":false},"excerpt":{"rendered":"<p>Inc\u00f4modo para uns e nem tanto para outros, em algum momento da vida, todos n\u00f3s iremos nos deparar com as linhas de express\u00e3o e com as rugas. Mas \u00e9 poss\u00edvel preveni-las? Quais s\u00e3o os tratamentos? Essas e outras perguntas ser\u00e3o respondidas ao longo desse texto, ent\u00e3o continue a leitura! O que s\u00e3o as rugas? Quando [&hellip;]<\/p>\n","protected":false},"author":1,"featured_media":4879,"comment_status":"closed","ping_status":"closed","sticky":false,"template":"","format":"standard","meta":{"_acf_changed":false,"footnotes":""},"categories":[37,4],"tags":[],"class_list":["post-3484","post","type-post","status-publish","format-standard","has-post-thumbnail","hentry","category-cuidados-pele","category-mais-beleza"],"acf":[],"yoast_head":"<!-- This site is optimized with the Yoast SEO plugin v24.3 - https:\/\/yoast.com\/wordpress\/plugins\/seo\/ -->\n<title>Rugas: o que s\u00e3o e como tratar?<\/title>\n<meta name=\"description\" content=\"Todos lidam com rugas ao longo da vida, e alguns se incomodam. Por isso, reunimos as principais informa\u00e7\u00f5es sobre o assunto. Confira aqui!\" \/>\n<meta name=\"robots\" content=\"index, follow, max-snippet:-1, max-image-preview:large, max-video-preview:-1\" \/>\n<link rel=\"canonical\" href=\"https:\/\/araujo.com.br\/blog\/rugas\/\" \/>\n<meta property=\"og:locale\" content=\"pt_BR\" \/>\n<meta property=\"og:type\" content=\"article\" \/>\n<meta property=\"og:title\" content=\"Rugas: o que s\u00e3o e como tratar?\" \/>\n<meta property=\"og:description\" content=\"Todos lidam com rugas ao longo da vida, e alguns se incomodam. Por isso, reunimos as principais informa\u00e7\u00f5es sobre o assunto. Confira aqui!\" \/>\n<meta property=\"og:url\" content=\"https:\/\/araujo.com.br\/blog\/rugas\/\" \/>\n<meta property=\"og:site_name\" content=\"Blog da Drogaria Araujo\" \/>\n<meta property=\"article:published_time\" content=\"2023-01-19T16:01:57+00:00\" \/>\n<meta property=\"article:modified_time\" content=\"2025-04-15T20:10:09+00:00\" \/>\n<meta property=\"og:image\" content=\"https:\/\/araujo.com.br\/blog\/wp-content\/uploads\/2023\/01\/AdobeStock_1051353711-scaled.jpeg\" \/>\n\t<meta property=\"og:image:width\" content=\"2560\" \/>\n\t<meta property=\"og:image:height\" content=\"1435\" \/>\n\t<meta property=\"og:image:type\" content=\"image\/jpeg\" \/>\n<meta name=\"author\" content=\"Drogaria Araujo\" \/>\n<meta name=\"twitter:card\" content=\"summary_large_image\" \/>\n<meta name=\"twitter:label1\" content=\"Escrito por\" \/>\n\t<meta name=\"twitter:data1\" content=\"Drogaria Araujo\" \/>\n\t<meta name=\"twitter:label2\" content=\"Est. tempo de leitura\" \/>\n\t<meta name=\"twitter:data2\" content=\"8 minutos\" \/>\n<script type=\"application\/ld+json\" class=\"yoast-schema-graph\">{\"@context\":\"https:\/\/schema.org\",\"@graph\":[{\"@type\":\"WebPage\",\"@id\":\"https:\/\/araujo.com.br\/blog\/rugas\/\",\"url\":\"https:\/\/araujo.com.br\/blog\/rugas\/\",\"name\":\"Rugas: o que s\u00e3o e como tratar?\",\"isPartOf\":{\"@id\":\"https:\/\/araujo.com.br\/blog\/#website\"},\"primaryImageOfPage\":{\"@id\":\"https:\/\/araujo.com.br\/blog\/rugas\/#primaryimage\"},\"image\":{\"@id\":\"https:\/\/araujo.com.br\/blog\/rugas\/#primaryimage\"},\"thumbnailUrl\":\"https:\/\/araujo.com.br\/blog\/wp-content\/uploads\/2023\/01\/AdobeStock_1051353711-scaled.jpeg\",\"datePublished\":\"2023-01-19T16:01:57+00:00\",\"dateModified\":\"2025-04-15T20:10:09+00:00\",\"author\":{\"@id\":\"https:\/\/araujo.com.br\/blog\/#\/schema\/person\/4e2eac75cf0e2c6b079ef9a0df2ece83\"},\"description\":\"Todos lidam com rugas ao longo da vida, e alguns se incomodam. Por isso, reunimos as principais informa\u00e7\u00f5es sobre o assunto. Confira aqui!\",\"breadcrumb\":{\"@id\":\"https:\/\/araujo.com.br\/blog\/rugas\/#breadcrumb\"},\"inLanguage\":\"pt-BR\",\"potentialAction\":[{\"@type\":\"ReadAction\",\"target\":[\"https:\/\/araujo.com.br\/blog\/rugas\/\"]}]},{\"@type\":\"ImageObject\",\"inLanguage\":\"pt-BR\",\"@id\":\"https:\/\/araujo.com.br\/blog\/rugas\/#primaryimage\",\"url\":\"https:\/\/araujo.com.br\/blog\/wp-content\/uploads\/2023\/01\/AdobeStock_1051353711-scaled.jpeg\",\"contentUrl\":\"https:\/\/araujo.com.br\/blog\/wp-content\/uploads\/2023\/01\/AdobeStock_1051353711-scaled.jpeg\",\"width\":2560,\"height\":1435,\"caption\":\"Asian woman in her 50s with noticeable skin blemishes and wrinkles , the lady have her hand on her cheek to emphasize her skin\"},{\"@type\":\"BreadcrumbList\",\"@id\":\"https:\/\/araujo.com.br\/blog\/rugas\/#breadcrumb\",\"itemListElement\":[{\"@type\":\"ListItem\",\"position\":1,\"name\":\"In\u00edcio\",\"item\":\"https:\/\/araujo.com.br\/blog\/\"},{\"@type\":\"ListItem\",\"position\":2,\"name\":\"Rugas: o que s\u00e3o e como tratar?\"}]},{\"@type\":\"WebSite\",\"@id\":\"https:\/\/araujo.com.br\/blog\/#website\",\"url\":\"https:\/\/araujo.com.br\/blog\/\",\"name\":\"Blog da Drogaria Araujo\",\"description\":\"Conte\u00fado que faz bem? A Araujo tem!\",\"potentialAction\":[{\"@type\":\"SearchAction\",\"target\":{\"@type\":\"EntryPoint\",\"urlTemplate\":\"https:\/\/araujo.com.br\/blog\/?s={search_term_string}\"},\"query-input\":{\"@type\":\"PropertyValueSpecification\",\"valueRequired\":true,\"valueName\":\"search_term_string\"}}],\"inLanguage\":\"pt-BR\"},{\"@type\":\"Person\",\"@id\":\"https:\/\/araujo.com.br\/blog\/#\/schema\/person\/4e2eac75cf0e2c6b079ef9a0df2ece83\",\"name\":\"Drogaria Araujo\",\"image\":{\"@type\":\"ImageObject\",\"inLanguage\":\"pt-BR\",\"@id\":\"https:\/\/araujo.com.br\/blog\/#\/schema\/person\/image\/\",\"url\":\"https:\/\/secure.gravatar.com\/avatar\/33e54dec0cd79fc4b5e911c15f836c46ec8d0e452ecd3ca5f707bce0a3540a3b?s=96&d=mm&r=g\",\"contentUrl\":\"https:\/\/secure.gravatar.com\/avatar\/33e54dec0cd79fc4b5e911c15f836c46ec8d0e452ecd3ca5f707bce0a3540a3b?s=96&d=mm&r=g\",\"caption\":\"Drogaria Araujo\"},\"description\":\"Especialista em Sa\u00fade da Fam\u00edlia. M\u00e9dico e nutricionista.\",\"sameAs\":[\"https:\/\/araujo.com.br\/blog\"],\"url\":\"https:\/\/araujo.com.br\/blog\/author\/admin\/\"}]}<\/script>\n<!-- \/ Yoast SEO plugin. -->","yoast_head_json":{"title":"Rugas: o que s\u00e3o e como tratar?","description":"Todos lidam com rugas ao longo da vida, e alguns se incomodam. Por isso, reunimos as principais informa\u00e7\u00f5es sobre o assunto. Confira aqui!","robots":{"index":"index","follow":"follow","max-snippet":"max-snippet:-1","max-image-preview":"max-image-preview:large","max-video-preview":"max-video-preview:-1"},"canonical":"https:\/\/araujo.com.br\/blog\/rugas\/","og_locale":"pt_BR","og_type":"article","og_title":"Rugas: o que s\u00e3o e como tratar?","og_description":"Todos lidam com rugas ao longo da vida, e alguns se incomodam. Por isso, reunimos as principais informa\u00e7\u00f5es sobre o assunto. Confira aqui!","og_url":"https:\/\/araujo.com.br\/blog\/rugas\/","og_site_name":"Blog da Drogaria Araujo","article_published_time":"2023-01-19T16:01:57+00:00","article_modified_time":"2025-04-15T20:10:09+00:00","og_image":[{"width":2560,"height":1435,"url":"https:\/\/araujo.com.br\/blog\/wp-content\/uploads\/2023\/01\/AdobeStock_1051353711-scaled.jpeg","type":"image\/jpeg"}],"author":"Drogaria Araujo","twitter_card":"summary_large_image","twitter_misc":{"Escrito por":"Drogaria Araujo","Est. tempo de leitura":"8 minutos"},"schema":{"@context":"https:\/\/schema.org","@graph":[{"@type":"WebPage","@id":"https:\/\/araujo.com.br\/blog\/rugas\/","url":"https:\/\/araujo.com.br\/blog\/rugas\/","name":"Rugas: o que s\u00e3o e como tratar?","isPartOf":{"@id":"https:\/\/araujo.com.br\/blog\/#website"},"primaryImageOfPage":{"@id":"https:\/\/araujo.com.br\/blog\/rugas\/#primaryimage"},"image":{"@id":"https:\/\/araujo.com.br\/blog\/rugas\/#primaryimage"},"thumbnailUrl":"https:\/\/araujo.com.br\/blog\/wp-content\/uploads\/2023\/01\/AdobeStock_1051353711-scaled.jpeg","datePublished":"2023-01-19T16:01:57+00:00","dateModified":"2025-04-15T20:10:09+00:00","author":{"@id":"https:\/\/araujo.com.br\/blog\/#\/schema\/person\/4e2eac75cf0e2c6b079ef9a0df2ece83"},"description":"Todos lidam com rugas ao longo da vida, e alguns se incomodam. Por isso, reunimos as principais informa\u00e7\u00f5es sobre o assunto. Confira aqui!","breadcrumb":{"@id":"https:\/\/araujo.com.br\/blog\/rugas\/#breadcrumb"},"inLanguage":"pt-BR","potentialAction":[{"@type":"ReadAction","target":["https:\/\/araujo.com.br\/blog\/rugas\/"]}]},{"@type":"ImageObject","inLanguage":"pt-BR","@id":"https:\/\/araujo.com.br\/blog\/rugas\/#primaryimage","url":"https:\/\/araujo.com.br\/blog\/wp-content\/uploads\/2023\/01\/AdobeStock_1051353711-scaled.jpeg","contentUrl":"https:\/\/araujo.com.br\/blog\/wp-content\/uploads\/2023\/01\/AdobeStock_1051353711-scaled.jpeg","width":2560,"height":1435,"caption":"Asian woman in her 50s with noticeable skin blemishes and wrinkles , the lady have her hand on her cheek to emphasize her skin"},{"@type":"BreadcrumbList","@id":"https:\/\/araujo.com.br\/blog\/rugas\/#breadcrumb","itemListElement":[{"@type":"ListItem","position":1,"name":"In\u00edcio","item":"https:\/\/araujo.com.br\/blog\/"},{"@type":"ListItem","position":2,"name":"Rugas: o que s\u00e3o e como tratar?"}]},{"@type":"WebSite","@id":"https:\/\/araujo.com.br\/blog\/#website","url":"https:\/\/araujo.com.br\/blog\/","name":"Blog da Drogaria Araujo","description":"Conte\u00fado que faz bem? A Araujo tem!","potentialAction":[{"@type":"SearchAction","target":{"@type":"EntryPoint","urlTemplate":"https:\/\/araujo.com.br\/blog\/?s={search_term_string}"},"query-input":{"@type":"PropertyValueSpecification","valueRequired":true,"valueName":"search_term_string"}}],"inLanguage":"pt-BR"},{"@type":"Person","@id":"https:\/\/araujo.com.br\/blog\/#\/schema\/person\/4e2eac75cf0e2c6b079ef9a0df2ece83","name":"Drogaria Araujo","image":{"@type":"ImageObject","inLanguage":"pt-BR","@id":"https:\/\/araujo.com.br\/blog\/#\/schema\/person\/image\/","url":"https:\/\/secure.gravatar.com\/avatar\/33e54dec0cd79fc4b5e911c15f836c46ec8d0e452ecd3ca5f707bce0a3540a3b?s=96&d=mm&r=g","contentUrl":"https:\/\/secure.gravatar.com\/avatar\/33e54dec0cd79fc4b5e911c15f836c46ec8d0e452ecd3ca5f707bce0a3540a3b?s=96&d=mm&r=g","caption":"Drogaria Araujo"},"description":"Especialista em Sa\u00fade da Fam\u00edlia. M\u00e9dico e nutricionista.","sameAs":["https:\/\/araujo.com.br\/blog"],"url":"https:\/\/araujo.com.br\/blog\/author\/admin\/"}]}},"_links":{"self":[{"href":"https:\/\/araujo.com.br\/blog\/wp-json\/wp\/v2\/posts\/3484","targetHints":{"allow":["GET"]}}],"collection":[{"href":"https:\/\/araujo.com.br\/blog\/wp-json\/wp\/v2\/posts"}],"about":[{"href":"https:\/\/araujo.com.br\/blog\/wp-json\/wp\/v2\/types\/post"}],"author":[{"embeddable":true,"href":"https:\/\/araujo.com.br\/blog\/wp-json\/wp\/v2\/users\/1"}],"replies":[{"embeddable":true,"href":"https:\/\/araujo.com.br\/blog\/wp-json\/wp\/v2\/comments?post=3484"}],"version-history":[{"count":7,"href":"https:\/\/araujo.com.br\/blog\/wp-json\/wp\/v2\/posts\/3484\/revisions"}],"predecessor-version":[{"id":5029,"href":"https:\/\/araujo.com.br\/blog\/wp-json\/wp\/v2\/posts\/3484\/revisions\/5029"}],"wp:featuredmedia":[{"embeddable":true,"href":"https:\/\/araujo.com.br\/blog\/wp-json\/wp\/v2\/media\/4879"}],"wp:attachment":[{"href":"https:\/\/araujo.com.br\/blog\/wp-json\/wp\/v2\/media?parent=3484"}],"wp:term":[{"taxonomy":"category","embeddable":true,"href":"https:\/\/araujo.com.br\/blog\/wp-json\/wp\/v2\/categories?post=3484"},{"taxonomy":"post_tag","embeddable":true,"href":"https:\/\/araujo.com.br\/blog\/wp-json\/wp\/v2\/tags?post=3484"}],"curies":[{"name":"wp","href":"https:\/\/api.w.org\/{rel}","templated":true}]}}