{"id":3487,"date":"2023-01-20T18:46:10","date_gmt":"2023-01-20T15:46:10","guid":{"rendered":"http:\/\/blog-qas.araujo.com.br\/pomada-para-espinha\/"},"modified":"2025-06-03T21:47:32","modified_gmt":"2025-06-03T18:47:32","slug":"pomada-para-espinha","status":"publish","type":"post","link":"https:\/\/araujo.com.br\/blog\/pomada-para-espinha\/","title":{"rendered":"Pomada para espinha: 4 op\u00e7\u00f5es para voc\u00ea!"},"content":{"rendered":"<p><span style=\"font-weight: 400;\">A <\/span><a href=\"https:\/\/araujo.com.br\/blog\/como-acabar-com-as-espinhas\/\"><span style=\"font-weight: 400;\">espinha<\/span><\/a><span style=\"font-weight: 400;\"> (<\/span><span style=\"font-weight: 400;\">nome popular para denominar a acne), <\/span><span style=\"font-weight: 400;\">costuma ser uma quest\u00e3o delicada para muitas pessoas, principalmente pelo inc\u00f4modo e tamb\u00e9m pelas complica\u00e7\u00f5es geradas, como manchas ou cicatrizes.<\/span><\/p>\n<p><span style=\"font-weight: 400;\">O problema costuma atingir principalmente os adolescentes e jovens adultos, mas tamb\u00e9m pode ocorrer por desordens hormonais, bem como por conta da oleosidade da pele ou por fatores gen\u00e9ticos.\u00a0<\/span><\/p>\n<p><span style=\"font-weight: 400;\">Dessa maneira, muitas pessoas que sofrem com a acne procuram diversas solu\u00e7\u00f5es, principalmente pomadas. Mas voc\u00ea sabe quais s\u00e3o as melhores op\u00e7\u00f5es e quais s\u00e3o os melhores tratamentos? Continue a leitura que iremos te contar!<\/span><\/p>\n<h2>O que s\u00e3o espinhas?<\/h2>\n<p><span style=\"font-weight: 400;\">Quando h\u00e1 uma inflama\u00e7\u00e3o das gl\u00e2ndulas seb\u00e1ceas na base dos pelos, os poros ficam cheios do material, e acabam formando os cravos. Quando eles se rompem, liberando o material que estava dentro da pele, acaba por gerar as espinhas.<\/span><\/p>\n<p><span style=\"font-weight: 400;\">Segundo a<\/span> <a href=\"https:\/\/bvsms.saude.gov.br\/acne\/\"><span style=\"font-weight: 400;\">Sociedade Brasileira de Dermatologia<\/span><\/a><span style=\"font-weight: 400;\">, <\/span><span style=\"font-weight: 400;\">a acne \u00e9 uma doen\u00e7a de pele que surge quando as gl\u00e2ndulas secretoras de \u00f3leo (gl\u00e2ndulas seb\u00e1ceas) ficam inflamadas ou infectadas. Com isso, elas ocasionam cravos, espinhas, cistos e outros problemas.<\/span><\/p>\n<p><span style=\"font-weight: 400;\">Algumas pessoas podem desenvolver sintomas at\u00e9 cerca dos 35 anos de idade. A acne pode surgir mais frequentemente no rosto, peito e nas costas, ou seja, lugares onde \u00e9 maior o n\u00famero das gl\u00e2ndulas seb\u00e1ceas.\u00a0<\/span><\/p>\n<p><span style=\"font-weight: 400;\">A acne pode variar em rela\u00e7\u00e3o ao grau e ao n\u00edvel da inflama\u00e7\u00e3o e pode se agravar quando apresenta cistos, caro\u00e7os ou les\u00f5es.\u00a0<\/span><\/p>\n<h2>O que causa a espinha?<\/h2>\n<p><span style=\"font-weight: 400;\">As espinhas podem ser geradas por v\u00e1rios fatores, mas os principais s\u00e3o:<\/span><\/p>\n<ul>\n<li style=\"font-weight: 400;\" aria-level=\"1\"><span style=\"font-weight: 400;\">Fase da puberdade;<\/span><\/li>\n<li style=\"font-weight: 400;\" aria-level=\"1\"><span style=\"font-weight: 400;\">Per\u00edodo menstrual da mulher;\u00a0<\/span><\/li>\n<li style=\"font-weight: 400;\" aria-level=\"1\"><span style=\"font-weight: 400;\">Excesso de oleosidade da pele;\u00a0<\/span><\/li>\n<li style=\"font-weight: 400;\" aria-level=\"1\"><span style=\"font-weight: 400;\">S\u00edndrome dos ov\u00e1rios polic\u00edsticos;<\/span><\/li>\n<li style=\"font-weight: 400;\" aria-level=\"1\"><span style=\"font-weight: 400;\">Predisposi\u00e7\u00e3o gen\u00e9tica;<\/span><\/li>\n<li style=\"font-weight: 400;\" aria-level=\"1\"><span style=\"font-weight: 400;\">Ac\u00famulo de c\u00e9lulas mortas na pele;<\/span><\/li>\n<li style=\"font-weight: 400;\" aria-level=\"1\"><span style=\"font-weight: 400;\">Medicamentos, como os corticoides;<\/span><\/li>\n<li style=\"font-weight: 400;\" aria-level=\"1\"><span style=\"font-weight: 400;\">M\u00e1 alimenta\u00e7\u00e3o;<\/span><\/li>\n<li style=\"font-weight: 400;\" aria-level=\"1\"><span style=\"font-weight: 400;\">Exposi\u00e7\u00e3o exagerada ao sol;<\/span><\/li>\n<li style=\"font-weight: 400;\" aria-level=\"1\"><span style=\"font-weight: 400;\">Uso de cremes faciais inadequados<\/span><\/li>\n<\/ul>\n<h2>Como tratar e evitar as espinhas?<\/h2>\n<p><span style=\"font-weight: 400;\">Para lidar com as espinhas, deve-se manter uma <\/span><a href=\"https:\/\/araujo.com.br\/blog\/skincare-diurno-e-noturno\/\"><span style=\"font-weight: 400;\">rotina de skincare<\/span><\/a><span style=\"font-weight: 400;\">, que envolve:<\/span><b><\/b><\/p>\n<ul>\n<li aria-level=\"1\"><b>Limpeza: <\/b><span style=\"font-weight: 400;\">\u00e9 imprescind\u00edvel manter uma boa limpeza da pele, principalmente antes de dormir.<\/span><span style=\"font-weight: 400;\"><br \/>\n<\/span><b><\/b><\/li>\n<li aria-level=\"1\"><b>Hidrata\u00e7\u00e3o:<\/b><span style=\"font-weight: 400;\"> para evitar o efeito rebote, \u00e9 importante hidratar a pele, utilizando os produtos espec\u00edficos para o seu tipo de pele.<br \/>\n<\/span><b><\/b><b><\/b><\/li>\n<li aria-level=\"1\"><b>Uso de produtos para o tratamento das espinhas: <\/b><span style=\"font-weight: 400;\">\u00e9 importante adicionar produtos adequados na rotina de cuidados com a pele. Existem muitas solu\u00e7\u00f5es, como cremes reparadores, pomadas etc.<\/span><\/li>\n<li aria-level=\"1\"><b>Uso de prote\u00e7\u00e3o solar: <\/b><span style=\"font-weight: 400;\">al\u00e9m de oferecer prote\u00e7\u00e3o, o <\/span><a href=\"https:\/\/araujo.com.br\/blog\/melhor-protetor-solar\/\"><span style=\"font-weight: 400;\">filtro solar<\/span><\/a><span style=\"font-weight: 400;\"> ajuda a diminuir as manchas de acne. Os que possuem efeito matte ou toque seco tamb\u00e9m podem ajudar a controlar a produ\u00e7\u00e3o de sebo;<\/span><\/li>\n<\/ul>\n<h2>Quais s\u00e3o os melhores produtos para espinhas?<\/h2>\n<p><span style=\"font-weight: 400;\">Para escolher as melhores op\u00e7\u00f5es, \u00e9 preciso se atentar principalmente para os ativos da f\u00f3rmula, os benef\u00edcios que ela pode oferecer e a quantidade do produto.\u00a0<\/span><\/p>\n<p><span style=\"font-weight: 400;\">Por isso, separamos algumas op\u00e7\u00f5es com excelente custo-benef\u00edcio:<\/span><\/p>\n<h3>1. <a href=\"https:\/\/www.araujo.com.br\/lapis-retratil-secativo-secatriz-dermage-03g\/p\" target=\"_blank\" rel=\"noopener noreferrer\">L\u00e1pis Secativo Dermage<\/a><\/h3>\n<p><span style=\"font-weight: 400;\">O L\u00e1pis Secativo Dermage possui em sua f\u00f3rmula o \u00e1cido salic\u00edlico e o \u00f3leo de Melaleuca. Com esses ativos, ele \u00e9 capaz de camuflar e tratar a acne ao secar a espinha e regular a oleosidade da pele. Ele <\/span>conta com uma embalagem moderna, que oferece maior precis\u00e3o e praticidade na aplica\u00e7\u00e3o do produto.<\/p>\n<h3>2. <a href=\"https:\/\/www.araujo.com.br\/gel-secativo-tracta-antiacne-15g\/24993.html?utm_source=blog&amp;utm_medium=texto&amp;utm_campaign=gelsecativotracta\" target=\"_blank\" rel=\"noopener noreferrer\">Gel Secativo Tracta<\/a><\/h3>\n<p><span style=\"font-weight: 400;\">O Gel Secativo Tracta consegue reduzir os sinais da acne por at\u00e9 6 horas. Ele tamb\u00e9m \u00e9 capaz de combater a produ\u00e7\u00e3o excessiva de sebo, al\u00e9m de reduzir a vermelhid\u00e3o e normalizar a pele. Al\u00e9m disso, ele possui efic\u00e1cia comprovada e consegue acalmar e normalizar a pele.\u00a0<\/span><\/p>\n<h3>3. <a href=\"https:\/\/www.araujo.com.br\/azelan-gel-com-30g\/69045.html?utm_source=blog&amp;utm_medium=texto&amp;utm_campaign=azelangel\" target=\"_blank\" rel=\"noopener noreferrer\">Azelan<\/a><\/h3>\n<p><span style=\"font-weight: 400;\">O Azelan \u00e9 um medicamento que conta com o \u00e1cido azelaico em sua f\u00f3rmula, que ataca a bact\u00e9ria causadora da acne. O medicamento tamb\u00e9m consegue reduzir o aumento da aspereza e espessamento das c\u00e9lulas que obstruem os poros e causam os cravos pretos e brancos. Mas aten\u00e7\u00e3o, \u00e9 necess\u00e1rio uma consulta com o m\u00e9dico para o uso desse e de qualquer outro medicamento.\u00a0<\/span><\/p>\n<p>4. <a href=\"https:\/\/www.araujo.com.br\/busca?q=curativo+mi%C3%B3+espinha&amp;lang=pt_BR&amp;utm_source=blog&amp;utm_medium=texto&amp;utm_campaign=curativomioespinha\">Curativo Hidrocol\u00f3ide Mi\u00f3 para Acne e Espinha<\/a><\/p>\n<p>O curativo hidrocol\u00f3ide da Mi\u00f3 ajuda a cicatrizar as espinhas, absorve secre\u00e7\u00f5es e \u00e9 discreto e imperme\u00e1vel. Al\u00e9m do \u00f3timo custo-benef\u00edcio, \u00e9 uma op\u00e7\u00e3o r\u00e1pida e f\u00e1cil para aquelas espinhas que surgem repentinamente.<\/p>\n","protected":false},"excerpt":{"rendered":"<p>A espinha (nome popular para denominar a acne), costuma ser uma quest\u00e3o delicada para muitas pessoas, principalmente pelo inc\u00f4modo e tamb\u00e9m pelas complica\u00e7\u00f5es geradas, como manchas ou cicatrizes. O problema costuma atingir principalmente os adolescentes e jovens adultos, mas tamb\u00e9m pode ocorrer por desordens hormonais, bem como por conta da oleosidade da pele ou por [&hellip;]<\/p>\n","protected":false},"author":1,"featured_media":3488,"comment_status":"closed","ping_status":"closed","sticky":false,"template":"","format":"standard","meta":{"_acf_changed":false,"footnotes":""},"categories":[37,36,4],"tags":[],"class_list":["post-3487","post","type-post","status-publish","format-standard","has-post-thumbnail","hentry","category-cuidados-pele","category-dermocosmeticos","category-mais-beleza"],"acf":[],"yoast_head":"<!-- This site is optimized with the Yoast SEO plugin v24.3 - https:\/\/yoast.com\/wordpress\/plugins\/seo\/ -->\n<title>Pomada para espinha: 4 op\u00e7\u00f5es para voc\u00ea!<\/title>\n<meta name=\"description\" content=\"Diversas pessoas procuram solu\u00e7\u00f5es para a acne todos os dias. Clique aqui e confira nossas sugest\u00f5es de pomada para espinha para voc\u00ea!\" \/>\n<meta name=\"robots\" content=\"index, follow, max-snippet:-1, max-image-preview:large, max-video-preview:-1\" \/>\n<link rel=\"canonical\" href=\"https:\/\/araujo.com.br\/blog\/pomada-para-espinha\/\" \/>\n<meta property=\"og:locale\" content=\"pt_BR\" \/>\n<meta property=\"og:type\" content=\"article\" \/>\n<meta property=\"og:title\" content=\"Pomada para espinha: 4 op\u00e7\u00f5es para voc\u00ea!\" \/>\n<meta property=\"og:description\" content=\"Diversas pessoas procuram solu\u00e7\u00f5es para a acne todos os dias. Clique aqui e confira nossas sugest\u00f5es de pomada para espinha para voc\u00ea!\" \/>\n<meta property=\"og:url\" content=\"https:\/\/araujo.com.br\/blog\/pomada-para-espinha\/\" \/>\n<meta property=\"og:site_name\" content=\"Blog da Drogaria Araujo\" \/>\n<meta property=\"article:published_time\" content=\"2023-01-20T15:46:10+00:00\" \/>\n<meta property=\"article:modified_time\" content=\"2025-06-03T18:47:32+00:00\" \/>\n<meta property=\"og:image\" content=\"https:\/\/araujo.com.br\/blog\/wp-content\/uploads\/2023\/01\/vetorPrancheta-1-17.png\" \/>\n\t<meta property=\"og:image:width\" content=\"760\" \/>\n\t<meta property=\"og:image:height\" content=\"340\" \/>\n\t<meta property=\"og:image:type\" content=\"image\/png\" \/>\n<meta name=\"author\" content=\"Drogaria Araujo\" \/>\n<meta name=\"twitter:card\" content=\"summary_large_image\" \/>\n<meta name=\"twitter:label1\" content=\"Escrito por\" \/>\n\t<meta name=\"twitter:data1\" content=\"Drogaria Araujo\" \/>\n\t<meta name=\"twitter:label2\" content=\"Est. tempo de leitura\" \/>\n\t<meta name=\"twitter:data2\" content=\"4 minutos\" \/>\n<script type=\"application\/ld+json\" class=\"yoast-schema-graph\">{\"@context\":\"https:\/\/schema.org\",\"@graph\":[{\"@type\":\"WebPage\",\"@id\":\"https:\/\/araujo.com.br\/blog\/pomada-para-espinha\/\",\"url\":\"https:\/\/araujo.com.br\/blog\/pomada-para-espinha\/\",\"name\":\"Pomada para espinha: 4 op\u00e7\u00f5es para voc\u00ea!\",\"isPartOf\":{\"@id\":\"https:\/\/araujo.com.br\/blog\/#website\"},\"primaryImageOfPage\":{\"@id\":\"https:\/\/araujo.com.br\/blog\/pomada-para-espinha\/#primaryimage\"},\"image\":{\"@id\":\"https:\/\/araujo.com.br\/blog\/pomada-para-espinha\/#primaryimage\"},\"thumbnailUrl\":\"https:\/\/araujo.com.br\/blog\/wp-content\/uploads\/2023\/01\/vetorPrancheta-1-17.png\",\"datePublished\":\"2023-01-20T15:46:10+00:00\",\"dateModified\":\"2025-06-03T18:47:32+00:00\",\"author\":{\"@id\":\"https:\/\/araujo.com.br\/blog\/#\/schema\/person\/4e2eac75cf0e2c6b079ef9a0df2ece83\"},\"description\":\"Diversas pessoas procuram solu\u00e7\u00f5es para a acne todos os dias. Clique aqui e confira nossas sugest\u00f5es de pomada para espinha para voc\u00ea!\",\"breadcrumb\":{\"@id\":\"https:\/\/araujo.com.br\/blog\/pomada-para-espinha\/#breadcrumb\"},\"inLanguage\":\"pt-BR\",\"potentialAction\":[{\"@type\":\"ReadAction\",\"target\":[\"https:\/\/araujo.com.br\/blog\/pomada-para-espinha\/\"]}]},{\"@type\":\"ImageObject\",\"inLanguage\":\"pt-BR\",\"@id\":\"https:\/\/araujo.com.br\/blog\/pomada-para-espinha\/#primaryimage\",\"url\":\"https:\/\/araujo.com.br\/blog\/wp-content\/uploads\/2023\/01\/vetorPrancheta-1-17.png\",\"contentUrl\":\"https:\/\/araujo.com.br\/blog\/wp-content\/uploads\/2023\/01\/vetorPrancheta-1-17.png\",\"width\":760,\"height\":340},{\"@type\":\"BreadcrumbList\",\"@id\":\"https:\/\/araujo.com.br\/blog\/pomada-para-espinha\/#breadcrumb\",\"itemListElement\":[{\"@type\":\"ListItem\",\"position\":1,\"name\":\"In\u00edcio\",\"item\":\"https:\/\/araujo.com.br\/blog\/\"},{\"@type\":\"ListItem\",\"position\":2,\"name\":\"Pomada para espinha: 4 op\u00e7\u00f5es para voc\u00ea!\"}]},{\"@type\":\"WebSite\",\"@id\":\"https:\/\/araujo.com.br\/blog\/#website\",\"url\":\"https:\/\/araujo.com.br\/blog\/\",\"name\":\"Blog da Drogaria Araujo\",\"description\":\"Conte\u00fado que faz bem? A Araujo tem!\",\"potentialAction\":[{\"@type\":\"SearchAction\",\"target\":{\"@type\":\"EntryPoint\",\"urlTemplate\":\"https:\/\/araujo.com.br\/blog\/?s={search_term_string}\"},\"query-input\":{\"@type\":\"PropertyValueSpecification\",\"valueRequired\":true,\"valueName\":\"search_term_string\"}}],\"inLanguage\":\"pt-BR\"},{\"@type\":\"Person\",\"@id\":\"https:\/\/araujo.com.br\/blog\/#\/schema\/person\/4e2eac75cf0e2c6b079ef9a0df2ece83\",\"name\":\"Drogaria Araujo\",\"image\":{\"@type\":\"ImageObject\",\"inLanguage\":\"pt-BR\",\"@id\":\"https:\/\/araujo.com.br\/blog\/#\/schema\/person\/image\/\",\"url\":\"https:\/\/secure.gravatar.com\/avatar\/33e54dec0cd79fc4b5e911c15f836c46ec8d0e452ecd3ca5f707bce0a3540a3b?s=96&d=mm&r=g\",\"contentUrl\":\"https:\/\/secure.gravatar.com\/avatar\/33e54dec0cd79fc4b5e911c15f836c46ec8d0e452ecd3ca5f707bce0a3540a3b?s=96&d=mm&r=g\",\"caption\":\"Drogaria Araujo\"},\"description\":\"Especialista em Sa\u00fade da Fam\u00edlia. M\u00e9dico e nutricionista.\",\"sameAs\":[\"https:\/\/araujo.com.br\/blog\"],\"url\":\"https:\/\/araujo.com.br\/blog\/author\/admin\/\"}]}<\/script>\n<!-- \/ Yoast SEO plugin. -->","yoast_head_json":{"title":"Pomada para espinha: 4 op\u00e7\u00f5es para voc\u00ea!","description":"Diversas pessoas procuram solu\u00e7\u00f5es para a acne todos os dias. Clique aqui e confira nossas sugest\u00f5es de pomada para espinha para voc\u00ea!","robots":{"index":"index","follow":"follow","max-snippet":"max-snippet:-1","max-image-preview":"max-image-preview:large","max-video-preview":"max-video-preview:-1"},"canonical":"https:\/\/araujo.com.br\/blog\/pomada-para-espinha\/","og_locale":"pt_BR","og_type":"article","og_title":"Pomada para espinha: 4 op\u00e7\u00f5es para voc\u00ea!","og_description":"Diversas pessoas procuram solu\u00e7\u00f5es para a acne todos os dias. Clique aqui e confira nossas sugest\u00f5es de pomada para espinha para voc\u00ea!","og_url":"https:\/\/araujo.com.br\/blog\/pomada-para-espinha\/","og_site_name":"Blog da Drogaria Araujo","article_published_time":"2023-01-20T15:46:10+00:00","article_modified_time":"2025-06-03T18:47:32+00:00","og_image":[{"width":760,"height":340,"url":"https:\/\/araujo.com.br\/blog\/wp-content\/uploads\/2023\/01\/vetorPrancheta-1-17.png","type":"image\/png"}],"author":"Drogaria Araujo","twitter_card":"summary_large_image","twitter_misc":{"Escrito por":"Drogaria Araujo","Est. tempo de leitura":"4 minutos"},"schema":{"@context":"https:\/\/schema.org","@graph":[{"@type":"WebPage","@id":"https:\/\/araujo.com.br\/blog\/pomada-para-espinha\/","url":"https:\/\/araujo.com.br\/blog\/pomada-para-espinha\/","name":"Pomada para espinha: 4 op\u00e7\u00f5es para voc\u00ea!","isPartOf":{"@id":"https:\/\/araujo.com.br\/blog\/#website"},"primaryImageOfPage":{"@id":"https:\/\/araujo.com.br\/blog\/pomada-para-espinha\/#primaryimage"},"image":{"@id":"https:\/\/araujo.com.br\/blog\/pomada-para-espinha\/#primaryimage"},"thumbnailUrl":"https:\/\/araujo.com.br\/blog\/wp-content\/uploads\/2023\/01\/vetorPrancheta-1-17.png","datePublished":"2023-01-20T15:46:10+00:00","dateModified":"2025-06-03T18:47:32+00:00","author":{"@id":"https:\/\/araujo.com.br\/blog\/#\/schema\/person\/4e2eac75cf0e2c6b079ef9a0df2ece83"},"description":"Diversas pessoas procuram solu\u00e7\u00f5es para a acne todos os dias. Clique aqui e confira nossas sugest\u00f5es de pomada para espinha para voc\u00ea!","breadcrumb":{"@id":"https:\/\/araujo.com.br\/blog\/pomada-para-espinha\/#breadcrumb"},"inLanguage":"pt-BR","potentialAction":[{"@type":"ReadAction","target":["https:\/\/araujo.com.br\/blog\/pomada-para-espinha\/"]}]},{"@type":"ImageObject","inLanguage":"pt-BR","@id":"https:\/\/araujo.com.br\/blog\/pomada-para-espinha\/#primaryimage","url":"https:\/\/araujo.com.br\/blog\/wp-content\/uploads\/2023\/01\/vetorPrancheta-1-17.png","contentUrl":"https:\/\/araujo.com.br\/blog\/wp-content\/uploads\/2023\/01\/vetorPrancheta-1-17.png","width":760,"height":340},{"@type":"BreadcrumbList","@id":"https:\/\/araujo.com.br\/blog\/pomada-para-espinha\/#breadcrumb","itemListElement":[{"@type":"ListItem","position":1,"name":"In\u00edcio","item":"https:\/\/araujo.com.br\/blog\/"},{"@type":"ListItem","position":2,"name":"Pomada para espinha: 4 op\u00e7\u00f5es para voc\u00ea!"}]},{"@type":"WebSite","@id":"https:\/\/araujo.com.br\/blog\/#website","url":"https:\/\/araujo.com.br\/blog\/","name":"Blog da Drogaria Araujo","description":"Conte\u00fado que faz bem? A Araujo tem!","potentialAction":[{"@type":"SearchAction","target":{"@type":"EntryPoint","urlTemplate":"https:\/\/araujo.com.br\/blog\/?s={search_term_string}"},"query-input":{"@type":"PropertyValueSpecification","valueRequired":true,"valueName":"search_term_string"}}],"inLanguage":"pt-BR"},{"@type":"Person","@id":"https:\/\/araujo.com.br\/blog\/#\/schema\/person\/4e2eac75cf0e2c6b079ef9a0df2ece83","name":"Drogaria Araujo","image":{"@type":"ImageObject","inLanguage":"pt-BR","@id":"https:\/\/araujo.com.br\/blog\/#\/schema\/person\/image\/","url":"https:\/\/secure.gravatar.com\/avatar\/33e54dec0cd79fc4b5e911c15f836c46ec8d0e452ecd3ca5f707bce0a3540a3b?s=96&d=mm&r=g","contentUrl":"https:\/\/secure.gravatar.com\/avatar\/33e54dec0cd79fc4b5e911c15f836c46ec8d0e452ecd3ca5f707bce0a3540a3b?s=96&d=mm&r=g","caption":"Drogaria Araujo"},"description":"Especialista em Sa\u00fade da Fam\u00edlia. M\u00e9dico e nutricionista.","sameAs":["https:\/\/araujo.com.br\/blog"],"url":"https:\/\/araujo.com.br\/blog\/author\/admin\/"}]}},"_links":{"self":[{"href":"https:\/\/araujo.com.br\/blog\/wp-json\/wp\/v2\/posts\/3487","targetHints":{"allow":["GET"]}}],"collection":[{"href":"https:\/\/araujo.com.br\/blog\/wp-json\/wp\/v2\/posts"}],"about":[{"href":"https:\/\/araujo.com.br\/blog\/wp-json\/wp\/v2\/types\/post"}],"author":[{"embeddable":true,"href":"https:\/\/araujo.com.br\/blog\/wp-json\/wp\/v2\/users\/1"}],"replies":[{"embeddable":true,"href":"https:\/\/araujo.com.br\/blog\/wp-json\/wp\/v2\/comments?post=3487"}],"version-history":[{"count":3,"href":"https:\/\/araujo.com.br\/blog\/wp-json\/wp\/v2\/posts\/3487\/revisions"}],"predecessor-version":[{"id":5149,"href":"https:\/\/araujo.com.br\/blog\/wp-json\/wp\/v2\/posts\/3487\/revisions\/5149"}],"wp:featuredmedia":[{"embeddable":true,"href":"https:\/\/araujo.com.br\/blog\/wp-json\/wp\/v2\/media\/3488"}],"wp:attachment":[{"href":"https:\/\/araujo.com.br\/blog\/wp-json\/wp\/v2\/media?parent=3487"}],"wp:term":[{"taxonomy":"category","embeddable":true,"href":"https:\/\/araujo.com.br\/blog\/wp-json\/wp\/v2\/categories?post=3487"},{"taxonomy":"post_tag","embeddable":true,"href":"https:\/\/araujo.com.br\/blog\/wp-json\/wp\/v2\/tags?post=3487"}],"curies":[{"name":"wp","href":"https:\/\/api.w.org\/{rel}","templated":true}]}}