{"id":4646,"date":"2025-01-29T08:00:00","date_gmt":"2025-01-29T05:00:00","guid":{"rendered":"https:\/\/araujo.com.br\/blog\/?p=4646"},"modified":"2025-12-19T16:33:43","modified_gmt":"2025-12-19T13:33:43","slug":"cardapio-saudavel","status":"publish","type":"post","link":"https:\/\/araujo.com.br\/blog\/cardapio-saudavel\/","title":{"rendered":"Card\u00e1pio saud\u00e1vel: entenda o poder dos alimentos na sua rotina\u00a0"},"content":{"rendered":"\n<p>Decidir adotar uma <a href=\"https:\/\/araujo.com.br\/blog\/guia-nutricao-dietas-alimentacao-saudavel\/\">alimenta\u00e7\u00e3o mais saud\u00e1vel<\/a> \u00e9 como escolher um novo caminho. \u00c9 uma jornada cheia de descobertas e benef\u00edcios para o corpo e mente. E o melhor de tudo: voc\u00ea est\u00e1 no controle!\u00a0<\/p>\n\n\n\n<p>N\u00e3o existe uma f\u00f3rmula m\u00e1gica, mas com um pouco de planejamento e dedica\u00e7\u00e3o, voc\u00ea pode transformar seus h\u00e1bitos alimentares e colher os frutos dessa mudan\u00e7a.&nbsp;<\/p>\n\n\n\n<p>Essa jornada vai muito al\u00e9m de trocar alimentos. Inclui <strong>escolhas conscientes<\/strong> que v\u00e3o garantir que seu corpo tenha a <strong>energia e os nutrientes <\/strong>necess\u00e1rios para <strong>funcionar bem<\/strong>, <strong>prevenir problemas de sa\u00fade<\/strong> e claro, sentir-se melhor.&nbsp;<\/p>\n\n\n\n<p>Vamos juntos nessa jornada?<\/p>\n\n\n\n<h2 class=\"wp-block-heading\">Vida saud\u00e1vel: qual o primeiro passo?&nbsp;<\/h2>\n\n\n\n<p>Para come\u00e7ar, \u00e9 importante decidir se voc\u00ea realmente quer investir em ter mais sa\u00fade e bem-estar. Encare essa mudan\u00e7a como uma maratona, n\u00e3o como uma corrida de 100 metros. A <strong>alimenta\u00e7\u00e3o saud\u00e1vel \u00e9 um estilo de vida<\/strong> e n\u00e3o uma solu\u00e7\u00e3o tempor\u00e1ria.&nbsp;<\/p>\n\n\n\n<h2 class=\"wp-block-heading\">Card\u00e1pio saud\u00e1vel: onde e quando fazer suas compras.<\/h2>\n\n\n\n<p>Assim como em qualquer miss\u00e3o bem-sucedida, montar uma estrat\u00e9gia \u00e9 essencial. Escolha um dia e hor\u00e1rio para fazer suas compras, de prefer\u00eancia quando tiver tempo e n\u00e3o estiver com fome &#8211; isso ajuda a evitar impulsos.&nbsp;<\/p>\n\n\n\n<p>Os mercados e feiras costumam ser abastecidos no in\u00edcio da semana, ent\u00e3o segunda-feira \u00e9 um \u00f3timo dia para encontrar produtos frescos.&nbsp;<\/p>\n\n\n\n<h2 class=\"wp-block-heading\">A lista de compras: planejando sua alimenta\u00e7\u00e3o&nbsp;<\/h2>\n\n\n\n<p>\u00c9 hora de fazer uma lista de compras inteligente! Observe tudo o que voc\u00ea vai precisar e organize os itens por categorias: verduras, frutas, gr\u00e3os, prote\u00ednas, etc. Isso facilita o processo e evita compras desnecess\u00e1rias e desperd\u00edcio de alimentos.&nbsp;<\/p>\n\n\n\n<p>As frutas, al\u00e9m de saborosas, s\u00e3o ricas em vitaminas e antioxidantes que combatem os radicais livres e protegem as c\u00e9lulas.<\/p>\n\n\n\n<p>J\u00e1 legumes, como br\u00f3colis e espinafre, s\u00e3o fontes de minerais essenciais para o bom funcionamento do organismo. E que tal experimentar novos temperos para deixar suas refei\u00e7\u00f5es ainda mais gostosas e nutritivas?<\/p>\n\n\n\n<h2 class=\"wp-block-heading\">Que tal adicionar mais cor e sabor no prato?<\/h2>\n\n\n\n<h3 class=\"wp-block-heading\">Prote\u00ednas: construindo um corpo de campe\u00e3o<\/h3>\n\n\n\n<p>Opte por carnes com menor percentual de gordura como frango e peixe, ovos e tamb\u00e9m leguminosas como feij\u00e3o, lentilha e gr\u00e3o-de-bico, que s\u00e3o \u00f3timas fontes de prote\u00edna vegetal<\/p>\n\n\n\n<h3 class=\"wp-block-heading\">Carboidratos complexos: abastecendo o tanque para um dia cheio de energia.<\/h3>\n\n\n\n<h3 class=\"wp-block-heading\">Arroz integral, massas integrais, batata doce, mandioca e frutas s\u00e3o \u00f3timas fontes de carboidratos complexos, considerados de baixo \u00edndice glic\u00eamico e ricos em nutrientes.<\/h3>\n\n\n\n<h3 class=\"wp-block-heading\">Gorduras boas: ajudam a controlar o colesterol e fazem bem para o cora\u00e7\u00e3o.<\/h3>\n\n\n\n<p>S\u00e3o uma fonte de energia essencial para o funcionamento do nosso corpo e para a produ\u00e7\u00e3o de alguns horm\u00f4nios, geralmente encontradas em alimentos como abacate, azeite de oliva, oleaginosas (castanhas, nozes) e sementes, como linha\u00e7a e girassol.<\/p>\n\n\n\n<h3 class=\"wp-block-heading\">Vitaminas e minerais: super poderes para o dia a dia<\/h3>\n\n\n\n<p>Frutas, legumes e verduras s\u00e3o ricos nesses nutrientes poderosos, como as vitaminas C, A, D, K e E. Uma dieta baixa em vitaminas e nutrientes pode causar diversos problemas de sa\u00fade, como anemia, fraqueza muscular e redu\u00e7\u00e3o da qualidade do sono.&nbsp;<\/p>\n\n\n\n<p>Priorize as frutas e vegetais da safra, elas s\u00e3o mais frescas, nutritivas, saborosas e mais baratas. Alimentos produzidos fora da \u00e9poca, recebem necessariamente grandes quantidades de agrot\u00f3xicos no cultivo.<\/p>\n\n\n\n<p><strong>1, 2, 3 e\u2026 preparando refei\u00e7\u00f5es balanceadas<\/strong><\/p>\n\n\n\n<h2 class=\"wp-block-heading\">Sugest\u00e3o de card\u00e1pio saud\u00e1vel&nbsp;<\/h2>\n\n\n\n<p>Imagine come\u00e7ar o dia com um caf\u00e9 da manh\u00e3 nutritivo e saboroso, como uma vitamina de frutas vermelhas com sementes de chia.&nbsp;<\/p>\n\n\n\n<p>Ao longo do dia, voc\u00ea pode preparar saladas coloridas e repletas de nutrientes, como a salada caprese com tomate cereja, manjeric\u00e3o fresco e mu\u00e7arela de b\u00fafala. E para o jantar, que tal um delicioso peixe grelhado acompanhado de legumes salteados?&nbsp;<\/p>\n\n\n\n<p>Com um pouco de criatividade, suas refei\u00e7\u00f5es podem ser deliciosas e saud\u00e1veis ao mesmo tempo.<\/p>\n\n\n\n<p>Um card\u00e1pio saud\u00e1vel n\u00e3o precisa ser complicado! Abaixo, uma sugest\u00e3o simples que contempla todos os grupos alimentares e traz variedade para sua rotina.&nbsp;<\/p>\n\n\n\n<p>Lembrando que aqui temos apenas uma <strong>sugest\u00e3o e pode ser adaptada<\/strong> conforme as<strong> prefer\u00eancias e necessidades de cada pessoa. <\/strong>Para criar uma dieta personalizada de acordo com sua rotina e necessidades alimentares, procure um nutricionista.<\/p>\n\n\n\n<h3 class=\"wp-block-heading\">Segunda-feira<\/h3>\n\n\n\n<p><strong>Caf\u00e9 da manh\u00e3:<\/strong> Iogurte natural com granola e frutas.<\/p>\n\n\n\n<p><strong>Almo\u00e7o: <\/strong>Salada de folhas verdes com tomate, cenoura ralada, fil\u00e9 de frango grelhado e arroz integral.<\/p>\n\n\n\n<p><strong>Lanche:<\/strong> Uma ma\u00e7\u00e3 com am\u00eandoas.<\/p>\n\n\n\n<p><strong>Jantar:<\/strong> Sopa de ab\u00f3bora com sementes de ab\u00f3bora.<\/p>\n\n\n\n<h3 class=\"wp-block-heading\">Ter\u00e7a-feira<\/h3>\n\n\n\n<p><strong>Caf\u00e9 da manh\u00e3:<\/strong> Smoothie de banana, morango e aveia.<\/p>\n\n\n\n<p><strong>Almo\u00e7o: <\/strong>Peixe grelhado com batata doce e br\u00f3colis cozido.<\/p>\n\n\n\n<p><strong>Lanche:<\/strong> Iogurte com chia.<\/p>\n\n\n\n<p><strong>Jantar: <\/strong>Omelete com espinafre e tomate.<\/p>\n\n\n\n<h3 class=\"wp-block-heading\">Quarta-feira<\/h3>\n\n\n\n<p><strong>Caf\u00e9 da manh\u00e3: <\/strong>P\u00e3o integral com abacate amassado e ovo cozido.<\/p>\n\n\n\n<p><strong>Almo\u00e7o: <\/strong>Quinoa com legumes e carne vermelha magra.<\/p>\n\n\n\n<p><strong>Lanche: <\/strong>Mix de frutas com castanhas.<\/p>\n\n\n\n<p><strong>Jantar: <\/strong>Salada de gr\u00e3o de bico com cenoura, pepino e azeite.<\/p>\n\n\n\n<h3 class=\"wp-block-heading\">Quinta-feira<\/h3>\n\n\n\n<p><strong>Caf\u00e9 da manh\u00e3<\/strong>: Mingau de aveia com banana.<\/p>\n\n\n\n<p><strong>Almo\u00e7o: <\/strong>&nbsp;Arroz integral, feij\u00e3o e tofu com abobrinha refogada.<\/p>\n\n\n\n<p><strong>Lanche<\/strong>: Queijo e frutas secas.<\/p>\n\n\n\n<p><strong>Jantar:<\/strong> Creme de ervilha com croutons integrais.<\/p>\n\n\n\n<h3 class=\"wp-block-heading\">Sexta-feira<\/h3>\n\n\n\n<p><strong>Caf\u00e9 da manh\u00e3: <\/strong>Smoothie de mam\u00e3o, linha\u00e7a e iogurte.<\/p>\n\n\n\n<p><strong>Almo\u00e7o:<\/strong> Frango desfiado com mandioca cozida e salada verde.<\/p>\n\n\n\n<p><strong>Lanche<\/strong>: Uma fruta com sementes.<\/p>\n\n\n\n<p><strong>Jantar:<\/strong> Wrap integral de legumes e queijo.<\/p>\n\n\n\n<h2 class=\"wp-block-heading\">Alimenta\u00e7\u00e3o: um dos pilares da sa\u00fade<\/h2>\n\n\n\n<p>Essa jornada \u00e9 um investimento no seu bem-estar. Adotar uma alimenta\u00e7\u00e3o equilibrada ajuda na preven\u00e7\u00e3o de doen\u00e7as e no<strong> fortalecimento do sistema imunol\u00f3gico.<\/strong>&nbsp;<\/p>\n\n\n\n<p>Mas lembre-se: um estilo de vida saud\u00e1vel \u00e9 muito mais do que uma alimenta\u00e7\u00e3o. Para um corpo realmente equilibrado, adicione a <strong>pr\u00e1tica de atividades f\u00edsicas, noites de sono de qualidade e cuidado com o estresse.<\/strong><\/p>\n\n\n\n<p>Que tal estabelecer pequenas metas de autocuidado semanalmente? Isso ajuda a manter o foco e transformar a sa\u00fade em uma prioridade agrad\u00e1vel!<\/p>\n\n\n\n<p>Compartilhe suas experi\u00eancias e inspire outras pessoas a embarcarem nessa jornada. Inspire-se em cada nova refei\u00e7\u00e3o.&nbsp;<\/p>\n\n\n\n<p><strong>Seu corpo e mente agradecem!<\/strong><\/p>\n","protected":false},"excerpt":{"rendered":"<p>Decidir adotar uma alimenta\u00e7\u00e3o mais saud\u00e1vel \u00e9 como escolher um novo caminho. \u00c9 uma jornada cheia de descobertas e benef\u00edcios para o corpo e mente. E o melhor de tudo: voc\u00ea est\u00e1 no controle!\u00a0 N\u00e3o existe uma f\u00f3rmula m\u00e1gica, mas com um pouco de planejamento e dedica\u00e7\u00e3o, voc\u00ea pode transformar seus h\u00e1bitos alimentares e colher [&hellip;]<\/p>\n","protected":false},"author":9,"featured_media":4647,"comment_status":"open","ping_status":"open","sticky":false,"template":"","format":"standard","meta":{"_acf_changed":false,"footnotes":""},"categories":[46,7],"tags":[],"class_list":["post-4646","post","type-post","status-publish","format-standard","has-post-thumbnail","hentry","category-alimentacao-saudavel","category-nutricao-saudavel"],"acf":[],"yoast_head":"<!-- This site is optimized with the Yoast SEO plugin v24.3 - https:\/\/yoast.com\/wordpress\/plugins\/seo\/ -->\n<title>Card\u00e1pio Saud\u00e1vel: entenda o poder dos alimentos na rotina<\/title>\n<meta name=\"description\" content=\"Quais nutrientes devemos incluir na rotina para melhorar a alimenta\u00e7\u00e3o? Clique aqui e conhe\u00e7a nossas dicas para um card\u00e1pio saud\u00e1vel.\" \/>\n<meta name=\"robots\" content=\"index, follow, max-snippet:-1, max-image-preview:large, max-video-preview:-1\" \/>\n<link rel=\"canonical\" href=\"https:\/\/araujo.com.br\/blog\/cardapio-saudavel\/\" \/>\n<meta property=\"og:locale\" content=\"pt_BR\" \/>\n<meta property=\"og:type\" content=\"article\" \/>\n<meta property=\"og:title\" content=\"Card\u00e1pio Saud\u00e1vel: entenda o poder dos alimentos na rotina\" \/>\n<meta property=\"og:description\" content=\"Quais nutrientes devemos incluir na rotina para melhorar a alimenta\u00e7\u00e3o? Clique aqui e conhe\u00e7a nossas dicas para um card\u00e1pio saud\u00e1vel.\" \/>\n<meta property=\"og:url\" content=\"https:\/\/araujo.com.br\/blog\/cardapio-saudavel\/\" \/>\n<meta property=\"og:site_name\" content=\"Blog da Drogaria Araujo\" \/>\n<meta property=\"article:published_time\" content=\"2025-01-29T05:00:00+00:00\" \/>\n<meta property=\"article:modified_time\" content=\"2025-12-19T13:33:43+00:00\" \/>\n<meta property=\"og:image\" content=\"http:\/\/araujo.com.br\/blog\/wp-content\/uploads\/2025\/01\/cardapio-saudavel-scaled.jpeg\" \/>\n\t<meta property=\"og:image:width\" content=\"2560\" \/>\n\t<meta property=\"og:image:height\" content=\"1535\" \/>\n\t<meta property=\"og:image:type\" content=\"image\/jpeg\" \/>\n<meta name=\"author\" content=\"Maria Fernanda Vieira\" \/>\n<meta name=\"twitter:card\" content=\"summary_large_image\" \/>\n<meta name=\"twitter:label1\" content=\"Escrito por\" \/>\n\t<meta name=\"twitter:data1\" content=\"Maria Fernanda Vieira\" \/>\n\t<meta name=\"twitter:label2\" content=\"Est. tempo de leitura\" \/>\n\t<meta name=\"twitter:data2\" content=\"6 minutos\" \/>\n<script type=\"application\/ld+json\" class=\"yoast-schema-graph\">{\"@context\":\"https:\/\/schema.org\",\"@graph\":[{\"@type\":\"WebPage\",\"@id\":\"https:\/\/araujo.com.br\/blog\/cardapio-saudavel\/\",\"url\":\"https:\/\/araujo.com.br\/blog\/cardapio-saudavel\/\",\"name\":\"Card\u00e1pio Saud\u00e1vel: entenda o poder dos alimentos na rotina\",\"isPartOf\":{\"@id\":\"https:\/\/araujo.com.br\/blog\/#website\"},\"primaryImageOfPage\":{\"@id\":\"https:\/\/araujo.com.br\/blog\/cardapio-saudavel\/#primaryimage\"},\"image\":{\"@id\":\"https:\/\/araujo.com.br\/blog\/cardapio-saudavel\/#primaryimage\"},\"thumbnailUrl\":\"https:\/\/araujo.com.br\/blog\/wp-content\/uploads\/2025\/01\/cardapio-saudavel-scaled.jpeg\",\"datePublished\":\"2025-01-29T05:00:00+00:00\",\"dateModified\":\"2025-12-19T13:33:43+00:00\",\"author\":{\"@id\":\"https:\/\/araujo.com.br\/blog\/#\/schema\/person\/c70cad41015d855e3513b3f2d6d81e24\"},\"description\":\"Quais nutrientes devemos incluir na rotina para melhorar a alimenta\u00e7\u00e3o? Clique aqui e conhe\u00e7a nossas dicas para um card\u00e1pio saud\u00e1vel.\",\"breadcrumb\":{\"@id\":\"https:\/\/araujo.com.br\/blog\/cardapio-saudavel\/#breadcrumb\"},\"inLanguage\":\"pt-BR\",\"potentialAction\":[{\"@type\":\"ReadAction\",\"target\":[\"https:\/\/araujo.com.br\/blog\/cardapio-saudavel\/\"]}]},{\"@type\":\"ImageObject\",\"inLanguage\":\"pt-BR\",\"@id\":\"https:\/\/araujo.com.br\/blog\/cardapio-saudavel\/#primaryimage\",\"url\":\"https:\/\/araujo.com.br\/blog\/wp-content\/uploads\/2025\/01\/cardapio-saudavel-scaled.jpeg\",\"contentUrl\":\"https:\/\/araujo.com.br\/blog\/wp-content\/uploads\/2025\/01\/cardapio-saudavel-scaled.jpeg\",\"width\":2560,\"height\":1535,\"caption\":\"prato de comida rico em nutrientes para um card\u00e1pio saud\u00e1vel\"},{\"@type\":\"BreadcrumbList\",\"@id\":\"https:\/\/araujo.com.br\/blog\/cardapio-saudavel\/#breadcrumb\",\"itemListElement\":[{\"@type\":\"ListItem\",\"position\":1,\"name\":\"In\u00edcio\",\"item\":\"https:\/\/araujo.com.br\/blog\/\"},{\"@type\":\"ListItem\",\"position\":2,\"name\":\"Card\u00e1pio saud\u00e1vel: entenda o poder dos alimentos na sua rotina\u00a0\"}]},{\"@type\":\"WebSite\",\"@id\":\"https:\/\/araujo.com.br\/blog\/#website\",\"url\":\"https:\/\/araujo.com.br\/blog\/\",\"name\":\"Blog da Drogaria Araujo\",\"description\":\"Conte\u00fado que faz bem? A Araujo tem!\",\"potentialAction\":[{\"@type\":\"SearchAction\",\"target\":{\"@type\":\"EntryPoint\",\"urlTemplate\":\"https:\/\/araujo.com.br\/blog\/?s={search_term_string}\"},\"query-input\":{\"@type\":\"PropertyValueSpecification\",\"valueRequired\":true,\"valueName\":\"search_term_string\"}}],\"inLanguage\":\"pt-BR\"},{\"@type\":\"Person\",\"@id\":\"https:\/\/araujo.com.br\/blog\/#\/schema\/person\/c70cad41015d855e3513b3f2d6d81e24\",\"name\":\"Maria Fernanda Vieira\",\"image\":{\"@type\":\"ImageObject\",\"inLanguage\":\"pt-BR\",\"@id\":\"https:\/\/araujo.com.br\/blog\/#\/schema\/person\/image\/\",\"url\":\"https:\/\/secure.gravatar.com\/avatar\/ba6ca0227db2eef229048d0fc990b6191248a4b842a9bf77659df3f982988d8a?s=96&d=mm&r=g\",\"contentUrl\":\"https:\/\/secure.gravatar.com\/avatar\/ba6ca0227db2eef229048d0fc990b6191248a4b842a9bf77659df3f982988d8a?s=96&d=mm&r=g\",\"caption\":\"Maria Fernanda Vieira\"},\"description\":\"Analista de Marketing de Conte\u00fado e graduanda em Letras.\",\"url\":\"https:\/\/araujo.com.br\/blog\/author\/maria-fernanda-vieira\/\"}]}<\/script>\n<!-- \/ Yoast SEO plugin. -->","yoast_head_json":{"title":"Card\u00e1pio Saud\u00e1vel: entenda o poder dos alimentos na rotina","description":"Quais nutrientes devemos incluir na rotina para melhorar a alimenta\u00e7\u00e3o? Clique aqui e conhe\u00e7a nossas dicas para um card\u00e1pio saud\u00e1vel.","robots":{"index":"index","follow":"follow","max-snippet":"max-snippet:-1","max-image-preview":"max-image-preview:large","max-video-preview":"max-video-preview:-1"},"canonical":"https:\/\/araujo.com.br\/blog\/cardapio-saudavel\/","og_locale":"pt_BR","og_type":"article","og_title":"Card\u00e1pio Saud\u00e1vel: entenda o poder dos alimentos na rotina","og_description":"Quais nutrientes devemos incluir na rotina para melhorar a alimenta\u00e7\u00e3o? Clique aqui e conhe\u00e7a nossas dicas para um card\u00e1pio saud\u00e1vel.","og_url":"https:\/\/araujo.com.br\/blog\/cardapio-saudavel\/","og_site_name":"Blog da Drogaria Araujo","article_published_time":"2025-01-29T05:00:00+00:00","article_modified_time":"2025-12-19T13:33:43+00:00","og_image":[{"width":2560,"height":1535,"url":"http:\/\/araujo.com.br\/blog\/wp-content\/uploads\/2025\/01\/cardapio-saudavel-scaled.jpeg","type":"image\/jpeg"}],"author":"Maria Fernanda Vieira","twitter_card":"summary_large_image","twitter_misc":{"Escrito por":"Maria Fernanda Vieira","Est. tempo de leitura":"6 minutos"},"schema":{"@context":"https:\/\/schema.org","@graph":[{"@type":"WebPage","@id":"https:\/\/araujo.com.br\/blog\/cardapio-saudavel\/","url":"https:\/\/araujo.com.br\/blog\/cardapio-saudavel\/","name":"Card\u00e1pio Saud\u00e1vel: entenda o poder dos alimentos na rotina","isPartOf":{"@id":"https:\/\/araujo.com.br\/blog\/#website"},"primaryImageOfPage":{"@id":"https:\/\/araujo.com.br\/blog\/cardapio-saudavel\/#primaryimage"},"image":{"@id":"https:\/\/araujo.com.br\/blog\/cardapio-saudavel\/#primaryimage"},"thumbnailUrl":"https:\/\/araujo.com.br\/blog\/wp-content\/uploads\/2025\/01\/cardapio-saudavel-scaled.jpeg","datePublished":"2025-01-29T05:00:00+00:00","dateModified":"2025-12-19T13:33:43+00:00","author":{"@id":"https:\/\/araujo.com.br\/blog\/#\/schema\/person\/c70cad41015d855e3513b3f2d6d81e24"},"description":"Quais nutrientes devemos incluir na rotina para melhorar a alimenta\u00e7\u00e3o? Clique aqui e conhe\u00e7a nossas dicas para um card\u00e1pio saud\u00e1vel.","breadcrumb":{"@id":"https:\/\/araujo.com.br\/blog\/cardapio-saudavel\/#breadcrumb"},"inLanguage":"pt-BR","potentialAction":[{"@type":"ReadAction","target":["https:\/\/araujo.com.br\/blog\/cardapio-saudavel\/"]}]},{"@type":"ImageObject","inLanguage":"pt-BR","@id":"https:\/\/araujo.com.br\/blog\/cardapio-saudavel\/#primaryimage","url":"https:\/\/araujo.com.br\/blog\/wp-content\/uploads\/2025\/01\/cardapio-saudavel-scaled.jpeg","contentUrl":"https:\/\/araujo.com.br\/blog\/wp-content\/uploads\/2025\/01\/cardapio-saudavel-scaled.jpeg","width":2560,"height":1535,"caption":"prato de comida rico em nutrientes para um card\u00e1pio saud\u00e1vel"},{"@type":"BreadcrumbList","@id":"https:\/\/araujo.com.br\/blog\/cardapio-saudavel\/#breadcrumb","itemListElement":[{"@type":"ListItem","position":1,"name":"In\u00edcio","item":"https:\/\/araujo.com.br\/blog\/"},{"@type":"ListItem","position":2,"name":"Card\u00e1pio saud\u00e1vel: entenda o poder dos alimentos na sua rotina\u00a0"}]},{"@type":"WebSite","@id":"https:\/\/araujo.com.br\/blog\/#website","url":"https:\/\/araujo.com.br\/blog\/","name":"Blog da Drogaria Araujo","description":"Conte\u00fado que faz bem? A Araujo tem!","potentialAction":[{"@type":"SearchAction","target":{"@type":"EntryPoint","urlTemplate":"https:\/\/araujo.com.br\/blog\/?s={search_term_string}"},"query-input":{"@type":"PropertyValueSpecification","valueRequired":true,"valueName":"search_term_string"}}],"inLanguage":"pt-BR"},{"@type":"Person","@id":"https:\/\/araujo.com.br\/blog\/#\/schema\/person\/c70cad41015d855e3513b3f2d6d81e24","name":"Maria Fernanda Vieira","image":{"@type":"ImageObject","inLanguage":"pt-BR","@id":"https:\/\/araujo.com.br\/blog\/#\/schema\/person\/image\/","url":"https:\/\/secure.gravatar.com\/avatar\/ba6ca0227db2eef229048d0fc990b6191248a4b842a9bf77659df3f982988d8a?s=96&d=mm&r=g","contentUrl":"https:\/\/secure.gravatar.com\/avatar\/ba6ca0227db2eef229048d0fc990b6191248a4b842a9bf77659df3f982988d8a?s=96&d=mm&r=g","caption":"Maria Fernanda Vieira"},"description":"Analista de Marketing de Conte\u00fado e graduanda em Letras.","url":"https:\/\/araujo.com.br\/blog\/author\/maria-fernanda-vieira\/"}]}},"_links":{"self":[{"href":"https:\/\/araujo.com.br\/blog\/wp-json\/wp\/v2\/posts\/4646","targetHints":{"allow":["GET"]}}],"collection":[{"href":"https:\/\/araujo.com.br\/blog\/wp-json\/wp\/v2\/posts"}],"about":[{"href":"https:\/\/araujo.com.br\/blog\/wp-json\/wp\/v2\/types\/post"}],"author":[{"embeddable":true,"href":"https:\/\/araujo.com.br\/blog\/wp-json\/wp\/v2\/users\/9"}],"replies":[{"embeddable":true,"href":"https:\/\/araujo.com.br\/blog\/wp-json\/wp\/v2\/comments?post=4646"}],"version-history":[{"count":3,"href":"https:\/\/araujo.com.br\/blog\/wp-json\/wp\/v2\/posts\/4646\/revisions"}],"predecessor-version":[{"id":6621,"href":"https:\/\/araujo.com.br\/blog\/wp-json\/wp\/v2\/posts\/4646\/revisions\/6621"}],"wp:featuredmedia":[{"embeddable":true,"href":"https:\/\/araujo.com.br\/blog\/wp-json\/wp\/v2\/media\/4647"}],"wp:attachment":[{"href":"https:\/\/araujo.com.br\/blog\/wp-json\/wp\/v2\/media?parent=4646"}],"wp:term":[{"taxonomy":"category","embeddable":true,"href":"https:\/\/araujo.com.br\/blog\/wp-json\/wp\/v2\/categories?post=4646"},{"taxonomy":"post_tag","embeddable":true,"href":"https:\/\/araujo.com.br\/blog\/wp-json\/wp\/v2\/tags?post=4646"}],"curies":[{"name":"wp","href":"https:\/\/api.w.org\/{rel}","templated":true}]}}