{"id":4799,"date":"2025-02-06T16:18:44","date_gmt":"2025-02-06T13:18:44","guid":{"rendered":"https:\/\/araujo.com.br\/blog\/?p=4799"},"modified":"2025-07-16T19:39:24","modified_gmt":"2025-07-16T16:39:24","slug":"cuidados-com-a-pele-no-verao","status":"publish","type":"post","link":"https:\/\/araujo.com.br\/blog\/cuidados-com-a-pele-no-verao\/","title":{"rendered":"Ver\u00e3o \u00e0 flor da pele: descubra como cuidar da sua sa\u00fade e beleza sob o sol"},"content":{"rendered":"\n<p>O <a href=\"https:\/\/araujo.com.br\/blog\/protecao-solar\/\">ver\u00e3o<\/a> \u00e9 sin\u00f4nimo de dias longos, f\u00e9rias e atividades ao ar livre. Por\u00e9m, por tr\u00e1s de todo esse clima de divers\u00e3o, h\u00e1 um alerta importante: nossa <a href=\"https:\/\/araujo.com.br\/blog\/cuidados-no-verao\/\">pele<\/a> e sa\u00fade precisam de aten\u00e7\u00e3o redobrada.\u00a0<\/p>\n\n\n\n<p>Com o aumento da temperatura, os raios solares mais intensos e a exposi\u00e7\u00e3o frequente a \u00e1gua do mar ou piscina, \u00e9 essencial adotar h\u00e1bitos que garantam prote\u00e7\u00e3o e bem-estar.&nbsp;<\/p>\n\n\n\n<p>Vamos explorar juntos como aproveitar o ver\u00e3o sem prejudicar sua sa\u00fade?<\/p>\n\n\n\n<h2 class=\"wp-block-heading\">Por que o ver\u00e3o exige cuidados especiais com a pele?&nbsp;&nbsp;&nbsp;&nbsp;&nbsp;&nbsp;&nbsp;&nbsp;&nbsp;&nbsp;&nbsp;&nbsp;&nbsp;&nbsp;&nbsp;&nbsp;&nbsp;&nbsp;&nbsp;&nbsp;&nbsp;&nbsp;&nbsp;&nbsp;&nbsp;&nbsp;&nbsp;&nbsp;&nbsp;&nbsp;&nbsp;&nbsp;&nbsp;&nbsp;&nbsp;&nbsp;&nbsp;&nbsp;&nbsp;&nbsp;&nbsp;&nbsp;&nbsp;&nbsp;&nbsp;&nbsp;&nbsp;&nbsp;&nbsp;&nbsp;&nbsp;&nbsp;&nbsp;&nbsp;&nbsp;&nbsp;&nbsp;&nbsp;&nbsp;<\/h2>\n\n\n\n<p>Voc\u00ea j\u00e1 percebeu como a pele parece diferente no ver\u00e3o? Isso ocorre porque os raios solares, especialmente os UVA e UVB, est\u00e3o mais intensos, penetrando profundamente na pele e causando danos que v\u00e3o al\u00e9m da superf\u00edcie.<\/p>\n\n\n\n<p>E isso traz algumas repercuss\u00f5es, como a perda acelerada de hidrata\u00e7\u00e3o, deixando a pele mais seca ou, paradoxalmente, mais oleosa, dependendo do tipo de pele. <\/p>\n\n\n\n<p>Al\u00e9m disso, o risco de aparecimento ou piora de manchas aumenta e h\u00e1 mais predisposi\u00e7\u00e3o ao envelhecimento precoce, uma vez que os raios solares degradam col\u00e1geno. <\/p>\n\n\n\n<p>E falando em dados solares, de acordo com a Organiza\u00e7\u00e3o Mundial da Sa\u00fade (OMS), a exposi\u00e7\u00e3o excessiva ao sol \u00e9 a principal respons\u00e1vel pelo aumento dos casos de c\u00e2ncer de pele no mundo, o que requer mais aten\u00e7\u00e3o e cuidado ainda.\u00a0<\/p>\n\n\n\n<h2 class=\"wp-block-heading\"><strong>Proteja o rosto do sol: seu escudo contra o calor<\/strong><\/h2>\n\n\n\n<p>O rosto \u00e9 a regi\u00e3o mais exposta ao sol, vento e polui\u00e7\u00e3o e, por isso, exige uma <strong>aten\u00e7\u00e3o especial no ver\u00e3o.<\/strong>&nbsp;<\/p>\n\n\n\n<p>Com o calor intenso, a pele pode sofrer o chamado &#8220;efeito panela de press\u00e3o&#8221;, caracterizado pelo aumento da oleosidade, vermelhid\u00e3o e at\u00e9 irrita\u00e7\u00f5es. Felizmente, existem maneiras simples e eficazes de criar um verdadeiro escudo protetor contra essas agress\u00f5es.<\/p>\n\n\n\n<h3 class=\"wp-block-heading\"><strong>Use protetor solar diariamente<\/strong><\/h3>\n\n\n\n<p>Este \u00e9 o passo mais importante e inegoci\u00e1vel. <a href=\"https:\/\/araujo.com.br\/blog\/melhor-protetor-solar\/\">Escolha um protetor<\/a> com FPS 30 ou mais, que ofere\u00e7a prote\u00e7\u00e3o contra raios UVA, UVB e luz vis\u00edvel (especialmente importante para quem fica em frente a telas, como computadores e celulares).\u00a0<\/p>\n\n\n\n<p>Para <a href=\"https:\/\/araujo.com.br\/blog\/protetor-solar-para-pele-oleosa\/\">peles oleosas<\/a>, opte por vers\u00f5es oil-free ou com efeito mate, que ajudam a controlar o brilho. N\u00e3o esque\u00e7a de reaplicar o produto a cada duas horas, principalmente ap\u00f3s transpira\u00e7\u00e3o ou contato com a \u00e1gua.<\/p>\n\n\n\n<p>Reaplique o produto a cada duas horas ou sempre que suar muito, ou mergulhar. Essa pr\u00e1tica garante que sua pele continue protegida e evita problemas como queimaduras e envelhecimento precoce.<\/p>\n\n\n\n<h3 class=\"wp-block-heading\"><strong>Aposte na \u00e1gua termal como aliada refrescante<\/strong><\/h3>\n\n\n\n<p>Carregar um frasco de <a href=\"https:\/\/araujo.com.br\/blog\/agua-termal\/\">\u00e1gua termal<\/a> na bolsa pode fazer maravilhas pelo seu rosto. Esse spray, enriquecido com minerais, acalma a pele, alivia a sensa\u00e7\u00e3o de calor e ajuda a manter a hidrata\u00e7\u00e3o ao longo do dia.<\/p>\n\n\n\n<p>O ideal \u00e9 aplicar ap\u00f3s o uso do protetor solar ou sempre que sentir a pele sensibilizada.<\/p>\n\n\n\n<h3 class=\"wp-block-heading\"><strong>Invista em barreiras f\u00edsicas<\/strong><\/h3>\n\n\n\n<p>Bon\u00e9s, chap\u00e9us de aba larga e \u00f3culos de sol s\u00e3o acess\u00f3rios indispens\u00e1veis. Eles n\u00e3o apenas protegem a pele e os olhos contra os raios solares, mas tamb\u00e9m ajudam a reduzir a incid\u00eancia de linhas de express\u00e3o causadas pela exposi\u00e7\u00e3o ao sol. Al\u00e9m disso, esses itens adicionam um charme extra ao seu estilo de ver\u00e3o.<\/p>\n\n\n\n<h3 class=\"wp-block-heading\"><strong>Evite o sol nos hor\u00e1rios de pico<\/strong><\/h3>\n\n\n\n<p>Os raios solares s\u00e3o mais intensos entre 10h e 16h, quando a radia\u00e7\u00e3o UV atinge seu \u00e1pice. Se precisar sair nesse per\u00edodo, priorize buscar sombra sempre que poss\u00edvel. Para atividades ao ar livre, escolha os hor\u00e1rios da manh\u00e3 ou final da tarde, que oferecem menor risco de danos \u00e0 pele.<\/p>\n\n\n\n<h3 class=\"wp-block-heading\"><strong>Use roupas leves e adequadas<\/strong><\/h3>\n\n\n\n<p>Prefira pe\u00e7as de algod\u00e3o ou linho, que permitem a transpira\u00e7\u00e3o natural e evitam o abafamento da pele. Tecidos sint\u00e9ticos, al\u00e9m de desconfort\u00e1veis, podem causar irrita\u00e7\u00f5es e assaduras.&nbsp;<\/p>\n\n\n\n<p>Aposte tamb\u00e9m em roupas com prote\u00e7\u00e3o UV, dispon\u00edveis no mercado, que oferecem uma camada extra de seguran\u00e7a.<\/p>\n\n\n\n<h3 class=\"wp-block-heading\"><strong>Adapte sua rotina de cuidados<\/strong><\/h3>\n\n\n\n<p>No ver\u00e3o, menos \u00e9 mais. Prefira produtos leves, como cremes com textura em gel e s\u00e9runs, que n\u00e3o pesam na pele. Limpe o rosto duas vezes ao dia com um sabonete facial adequado ao seu tipo de pele para remover res\u00edduos de protetor solar, suor e polui\u00e7\u00e3o.<\/p>\n\n\n\n<p>Lembre-se:<strong> o rosto \u00e9 como um cart\u00e3o de visitas, <\/strong>refletindo n\u00e3o apenas sua sa\u00fade, mas tamb\u00e9m seus cuidados di\u00e1rios. Proteger e tratar essa regi\u00e3o \u00e9 um investimento que traz resultados imediatos e a longo prazo, garantindo uma <strong>pele saud\u00e1vel, radiante e livre de danos.<\/strong>&nbsp;<\/p>\n\n\n\n<p>Afinal, com o sol n\u00e3o se brinca, mas podemos coexistir com ele de forma harmoniosa!<\/p>\n\n\n\n<h2 class=\"wp-block-heading\"><strong>Hidrate a pele de dentro para fora<\/strong><\/h2>\n\n\n\n<p>A hidrata\u00e7\u00e3o \u00e9 o pilar central dos cuidados com a pele, especialmente no ver\u00e3o, quando nosso corpo perde l\u00edquidos e minerais com maior facilidade pelo excesso de transpira\u00e7\u00e3o. E sem hidrata\u00e7\u00e3o, nossa pele fica desidratada, sem vi\u00e7o e opaca.&nbsp;<\/p>\n\n\n\n<p>Aqui est\u00e3o algumas dicas pr\u00e1ticas para garantir uma hidrata\u00e7\u00e3o poderosa:<\/p>\n\n\n\n<ul class=\"wp-block-list\">\n<li><strong>Beba \u00e1gua regularmente: <\/strong>embora pare\u00e7a \u00f3bvio, muitas pessoas negligenciam esse h\u00e1bito, especialmente em dias corridos. Para tornar o consumo de \u00e1gua mais agrad\u00e1vel, experimente adicionar rodelas de lim\u00e3o, folhas de hortel\u00e3 ou peda\u00e7os de frutas. Al\u00e9m de refrescante, isso torna a hidrata\u00e7\u00e3o mais saborosa.<\/li>\n\n\n\n<li><strong>Aposte em alimentos que hidratam e s\u00e3o ricos em vitaminas:<\/strong> frutas como melancia, mel\u00e3o e laranja s\u00e3o verdadeiros hidratantes naturais, al\u00e9m de fornecerem vitaminas e minerais essenciais para a sa\u00fade da pele. Al\u00e9m disso, frutas e vegetais alaranjados como mam\u00e3o, ab\u00f3bora, cenoura, s\u00e3o ricos em betacarotenos, pigmentos que ajudam a manter o bronzeado e s\u00e3o antioxidantes.\u00a0\u00a0<\/li>\n\n\n\n<li><strong>Use hidratantes corporais diariamente: <\/strong>ap\u00f3s o banho, quando a pele continua levemente \u00famida, aplique um hidratante com ingredientes como aloe vera ou \u00e1cido hialur\u00f4nico. Esses componentes ajudam a reter a umidade e promovem uma sensa\u00e7\u00e3o de frescor prolongada. A aplica\u00e7\u00e3o ap\u00f3s o banho aumenta a absor\u00e7\u00e3o do produto.<\/li>\n\n\n\n<li><strong>Evite banhos quentes e prolongados:<\/strong> embora relaxantes, banhos quentes removem a camada natural de prote\u00e7\u00e3o da pele, aumentando o ressecamento. Prefira a \u00e1gua morna ou fria, que tamb\u00e9m ajuda a aliviar o calor do ver\u00e3o.<\/li>\n<\/ul>\n\n\n\n<p>Com essas pr\u00e1ticas, voc\u00ea mant\u00e9m sua <strong>pele hidratada e radiante durante toda a esta\u00e7\u00e3o<\/strong>. Lembre-se: a hidrata\u00e7\u00e3o n\u00e3o \u00e9 apenas uma quest\u00e3o de est\u00e9tica, mas de sa\u00fade e bem-estar.&nbsp;<\/p>\n\n\n\n<p>Afinal, pele saud\u00e1vel \u00e9 sin\u00f4nimo de corpo bem cuidado!<\/p>\n\n\n\n<h2 class=\"wp-block-heading\"><strong>Ver\u00e3o minimalista: o que n\u00e3o pode faltar na sua necessaire<\/strong><\/h2>\n\n\n\n<p>Na rotina de cuidados com a pele no ver\u00e3o, menos \u00e9 mais. Produtos leves e multifuncionais s\u00e3o os queridinhos da esta\u00e7\u00e3o. Aqui est\u00e1 o kit b\u00e1sico:<\/p>\n\n\n\n<ul class=\"wp-block-list\">\n<li><strong>Protetor solar com cor:<\/strong> protege e uniformiza o tom da pele, dispensando a base;<\/li>\n\n\n\n<li><strong>Gel de limpeza facial:<\/strong> ideal para remover suor e res\u00edduos de protetor;<\/li>\n\n\n\n<li><strong>Hidratante em gel: <\/strong>uma escolha perfeita para peles oleosas, pois hidrata sem pesar; e<\/li>\n\n\n\n<li><strong>Lip balm com FPS: <\/strong>Os l\u00e1bios tamb\u00e9m precisam de prote\u00e7\u00e3o contra o sol.<\/li>\n<\/ul>\n\n\n\n<p>Pense nisso como sua armadura de ver\u00e3o, leve e eficaz!<\/p>\n\n\n\n<p><strong>Um ver\u00e3o saud\u00e1vel e radiante<\/strong><\/p>\n\n\n\n<p>Cuidar da pele no ver\u00e3o \u00e9 mais do que uma quest\u00e3o est\u00e9tica. \u00c9 um ato de amor-pr\u00f3prio e preven\u00e7\u00e3o. Com as dicas certas, voc\u00ea pode aproveitar tudo o que o ver\u00e3o tem a oferecer sem preocupa\u00e7\u00f5es.&nbsp;<\/p>\n\n\n\n<p>Ent\u00e3o, bora aproveitar o sol, mas sempre com responsabilidade. <strong>Afinal, sua pele merece brilhar de forma saud\u00e1vel!<\/strong><\/p>\n","protected":false},"excerpt":{"rendered":"<p>O ver\u00e3o \u00e9 sin\u00f4nimo de dias longos, f\u00e9rias e atividades ao ar livre. Por\u00e9m, por tr\u00e1s de todo esse clima de divers\u00e3o, h\u00e1 um alerta importante: nossa pele e sa\u00fade precisam de aten\u00e7\u00e3o redobrada.\u00a0 Com o aumento da temperatura, os raios solares mais intensos e a exposi\u00e7\u00e3o frequente a \u00e1gua do mar ou piscina, \u00e9 [&hellip;]<\/p>\n","protected":false},"author":3,"featured_media":4802,"comment_status":"open","ping_status":"open","sticky":false,"template":"","format":"standard","meta":{"_acf_changed":false,"footnotes":""},"categories":[37,4,913,3],"tags":[599,167,284,294,282],"class_list":["post-4799","post","type-post","status-publish","format-standard","has-post-thumbnail","hentry","category-cuidados-pele","category-mais-beleza","category-prevencao-e-cuidados","category-saude-e-bem-estar","tag-filtro-solar","tag-prevencao","tag-protetor-solar","tag-saude","tag-verao"],"acf":[],"yoast_head":"<!-- This site is optimized with the Yoast SEO plugin v24.3 - https:\/\/yoast.com\/wordpress\/plugins\/seo\/ -->\n<title>Ver\u00e3o \u00e0 flor da pele: descubra como cuidar da sua pele contra o sol<\/title>\n<meta name=\"description\" content=\"Descubra dicas pr\u00e1ticas para cuidar da sua pele no ver\u00e3o! Proteja-se do sol, mantenha a hidrata\u00e7\u00e3o e aproveite os dias mais quentes.\" \/>\n<meta name=\"robots\" content=\"index, follow, max-snippet:-1, max-image-preview:large, max-video-preview:-1\" \/>\n<link rel=\"canonical\" href=\"https:\/\/araujo.com.br\/blog\/cuidados-com-a-pele-no-verao\/\" \/>\n<meta property=\"og:locale\" content=\"pt_BR\" \/>\n<meta property=\"og:type\" content=\"article\" \/>\n<meta property=\"og:title\" content=\"Ver\u00e3o \u00e0 flor da pele: descubra como cuidar da sua pele contra o sol\" \/>\n<meta property=\"og:description\" content=\"Descubra dicas pr\u00e1ticas para cuidar da sua pele no ver\u00e3o! Proteja-se do sol, mantenha a hidrata\u00e7\u00e3o e aproveite os dias mais quentes.\" \/>\n<meta property=\"og:url\" content=\"https:\/\/araujo.com.br\/blog\/cuidados-com-a-pele-no-verao\/\" \/>\n<meta property=\"og:site_name\" content=\"Blog da Drogaria Araujo\" \/>\n<meta property=\"article:published_time\" content=\"2025-02-06T13:18:44+00:00\" \/>\n<meta property=\"article:modified_time\" content=\"2025-07-16T16:39:24+00:00\" \/>\n<meta property=\"og:image\" content=\"https:\/\/araujo.com.br\/blog\/wp-content\/uploads\/2025\/02\/AdobeStock_458026914.jpg\" \/>\n\t<meta property=\"og:image:width\" content=\"2409\" \/>\n\t<meta property=\"og:image:height\" content=\"1472\" \/>\n\t<meta property=\"og:image:type\" content=\"image\/jpeg\" \/>\n<meta name=\"author\" content=\"Anna Silva\" \/>\n<meta name=\"twitter:card\" content=\"summary_large_image\" \/>\n<meta name=\"twitter:label1\" content=\"Escrito por\" \/>\n\t<meta name=\"twitter:data1\" content=\"Anna Silva\" \/>\n\t<meta name=\"twitter:label2\" content=\"Est. tempo de leitura\" \/>\n\t<meta name=\"twitter:data2\" content=\"7 minutos\" \/>\n<script type=\"application\/ld+json\" class=\"yoast-schema-graph\">{\"@context\":\"https:\/\/schema.org\",\"@graph\":[{\"@type\":\"WebPage\",\"@id\":\"https:\/\/araujo.com.br\/blog\/cuidados-com-a-pele-no-verao\/\",\"url\":\"https:\/\/araujo.com.br\/blog\/cuidados-com-a-pele-no-verao\/\",\"name\":\"Ver\u00e3o \u00e0 flor da pele: descubra como cuidar da sua pele contra o sol\",\"isPartOf\":{\"@id\":\"https:\/\/araujo.com.br\/blog\/#website\"},\"primaryImageOfPage\":{\"@id\":\"https:\/\/araujo.com.br\/blog\/cuidados-com-a-pele-no-verao\/#primaryimage\"},\"image\":{\"@id\":\"https:\/\/araujo.com.br\/blog\/cuidados-com-a-pele-no-verao\/#primaryimage\"},\"thumbnailUrl\":\"https:\/\/araujo.com.br\/blog\/wp-content\/uploads\/2025\/02\/AdobeStock_458026914.jpg\",\"datePublished\":\"2025-02-06T13:18:44+00:00\",\"dateModified\":\"2025-07-16T16:39:24+00:00\",\"author\":{\"@id\":\"https:\/\/araujo.com.br\/blog\/#\/schema\/person\/76f265dc154e995bd4a1d1500d97358d\"},\"description\":\"Descubra dicas pr\u00e1ticas para cuidar da sua pele no ver\u00e3o! Proteja-se do sol, mantenha a hidrata\u00e7\u00e3o e aproveite os dias mais quentes.\",\"breadcrumb\":{\"@id\":\"https:\/\/araujo.com.br\/blog\/cuidados-com-a-pele-no-verao\/#breadcrumb\"},\"inLanguage\":\"pt-BR\",\"potentialAction\":[{\"@type\":\"ReadAction\",\"target\":[\"https:\/\/araujo.com.br\/blog\/cuidados-com-a-pele-no-verao\/\"]}]},{\"@type\":\"ImageObject\",\"inLanguage\":\"pt-BR\",\"@id\":\"https:\/\/araujo.com.br\/blog\/cuidados-com-a-pele-no-verao\/#primaryimage\",\"url\":\"https:\/\/araujo.com.br\/blog\/wp-content\/uploads\/2025\/02\/AdobeStock_458026914.jpg\",\"contentUrl\":\"https:\/\/araujo.com.br\/blog\/wp-content\/uploads\/2025\/02\/AdobeStock_458026914.jpg\",\"width\":2409,\"height\":1472},{\"@type\":\"BreadcrumbList\",\"@id\":\"https:\/\/araujo.com.br\/blog\/cuidados-com-a-pele-no-verao\/#breadcrumb\",\"itemListElement\":[{\"@type\":\"ListItem\",\"position\":1,\"name\":\"In\u00edcio\",\"item\":\"https:\/\/araujo.com.br\/blog\/\"},{\"@type\":\"ListItem\",\"position\":2,\"name\":\"Ver\u00e3o \u00e0 flor da pele: descubra como cuidar da sua sa\u00fade e beleza sob o sol\"}]},{\"@type\":\"WebSite\",\"@id\":\"https:\/\/araujo.com.br\/blog\/#website\",\"url\":\"https:\/\/araujo.com.br\/blog\/\",\"name\":\"Blog da Drogaria Araujo\",\"description\":\"Conte\u00fado que faz bem? A Araujo tem!\",\"potentialAction\":[{\"@type\":\"SearchAction\",\"target\":{\"@type\":\"EntryPoint\",\"urlTemplate\":\"https:\/\/araujo.com.br\/blog\/?s={search_term_string}\"},\"query-input\":{\"@type\":\"PropertyValueSpecification\",\"valueRequired\":true,\"valueName\":\"search_term_string\"}}],\"inLanguage\":\"pt-BR\"},{\"@type\":\"Person\",\"@id\":\"https:\/\/araujo.com.br\/blog\/#\/schema\/person\/76f265dc154e995bd4a1d1500d97358d\",\"name\":\"Anna Silva\",\"image\":{\"@type\":\"ImageObject\",\"inLanguage\":\"pt-BR\",\"@id\":\"https:\/\/araujo.com.br\/blog\/#\/schema\/person\/image\/\",\"url\":\"https:\/\/secure.gravatar.com\/avatar\/8d8a1f8940a6a4b37c8a5507ea23cf8ffc610d4f9452bedc5023830c86454b72?s=96&d=mm&r=g\",\"contentUrl\":\"https:\/\/secure.gravatar.com\/avatar\/8d8a1f8940a6a4b37c8a5507ea23cf8ffc610d4f9452bedc5023830c86454b72?s=96&d=mm&r=g\",\"caption\":\"Anna Silva\"},\"url\":\"https:\/\/araujo.com.br\/blog\/author\/anna-silva\/\"}]}<\/script>\n<!-- \/ Yoast SEO plugin. -->","yoast_head_json":{"title":"Ver\u00e3o \u00e0 flor da pele: descubra como cuidar da sua pele contra o sol","description":"Descubra dicas pr\u00e1ticas para cuidar da sua pele no ver\u00e3o! Proteja-se do sol, mantenha a hidrata\u00e7\u00e3o e aproveite os dias mais quentes.","robots":{"index":"index","follow":"follow","max-snippet":"max-snippet:-1","max-image-preview":"max-image-preview:large","max-video-preview":"max-video-preview:-1"},"canonical":"https:\/\/araujo.com.br\/blog\/cuidados-com-a-pele-no-verao\/","og_locale":"pt_BR","og_type":"article","og_title":"Ver\u00e3o \u00e0 flor da pele: descubra como cuidar da sua pele contra o sol","og_description":"Descubra dicas pr\u00e1ticas para cuidar da sua pele no ver\u00e3o! Proteja-se do sol, mantenha a hidrata\u00e7\u00e3o e aproveite os dias mais quentes.","og_url":"https:\/\/araujo.com.br\/blog\/cuidados-com-a-pele-no-verao\/","og_site_name":"Blog da Drogaria Araujo","article_published_time":"2025-02-06T13:18:44+00:00","article_modified_time":"2025-07-16T16:39:24+00:00","og_image":[{"width":2409,"height":1472,"url":"https:\/\/araujo.com.br\/blog\/wp-content\/uploads\/2025\/02\/AdobeStock_458026914.jpg","type":"image\/jpeg"}],"author":"Anna Silva","twitter_card":"summary_large_image","twitter_misc":{"Escrito por":"Anna Silva","Est. tempo de leitura":"7 minutos"},"schema":{"@context":"https:\/\/schema.org","@graph":[{"@type":"WebPage","@id":"https:\/\/araujo.com.br\/blog\/cuidados-com-a-pele-no-verao\/","url":"https:\/\/araujo.com.br\/blog\/cuidados-com-a-pele-no-verao\/","name":"Ver\u00e3o \u00e0 flor da pele: descubra como cuidar da sua pele contra o sol","isPartOf":{"@id":"https:\/\/araujo.com.br\/blog\/#website"},"primaryImageOfPage":{"@id":"https:\/\/araujo.com.br\/blog\/cuidados-com-a-pele-no-verao\/#primaryimage"},"image":{"@id":"https:\/\/araujo.com.br\/blog\/cuidados-com-a-pele-no-verao\/#primaryimage"},"thumbnailUrl":"https:\/\/araujo.com.br\/blog\/wp-content\/uploads\/2025\/02\/AdobeStock_458026914.jpg","datePublished":"2025-02-06T13:18:44+00:00","dateModified":"2025-07-16T16:39:24+00:00","author":{"@id":"https:\/\/araujo.com.br\/blog\/#\/schema\/person\/76f265dc154e995bd4a1d1500d97358d"},"description":"Descubra dicas pr\u00e1ticas para cuidar da sua pele no ver\u00e3o! Proteja-se do sol, mantenha a hidrata\u00e7\u00e3o e aproveite os dias mais quentes.","breadcrumb":{"@id":"https:\/\/araujo.com.br\/blog\/cuidados-com-a-pele-no-verao\/#breadcrumb"},"inLanguage":"pt-BR","potentialAction":[{"@type":"ReadAction","target":["https:\/\/araujo.com.br\/blog\/cuidados-com-a-pele-no-verao\/"]}]},{"@type":"ImageObject","inLanguage":"pt-BR","@id":"https:\/\/araujo.com.br\/blog\/cuidados-com-a-pele-no-verao\/#primaryimage","url":"https:\/\/araujo.com.br\/blog\/wp-content\/uploads\/2025\/02\/AdobeStock_458026914.jpg","contentUrl":"https:\/\/araujo.com.br\/blog\/wp-content\/uploads\/2025\/02\/AdobeStock_458026914.jpg","width":2409,"height":1472},{"@type":"BreadcrumbList","@id":"https:\/\/araujo.com.br\/blog\/cuidados-com-a-pele-no-verao\/#breadcrumb","itemListElement":[{"@type":"ListItem","position":1,"name":"In\u00edcio","item":"https:\/\/araujo.com.br\/blog\/"},{"@type":"ListItem","position":2,"name":"Ver\u00e3o \u00e0 flor da pele: descubra como cuidar da sua sa\u00fade e beleza sob o sol"}]},{"@type":"WebSite","@id":"https:\/\/araujo.com.br\/blog\/#website","url":"https:\/\/araujo.com.br\/blog\/","name":"Blog da Drogaria Araujo","description":"Conte\u00fado que faz bem? A Araujo tem!","potentialAction":[{"@type":"SearchAction","target":{"@type":"EntryPoint","urlTemplate":"https:\/\/araujo.com.br\/blog\/?s={search_term_string}"},"query-input":{"@type":"PropertyValueSpecification","valueRequired":true,"valueName":"search_term_string"}}],"inLanguage":"pt-BR"},{"@type":"Person","@id":"https:\/\/araujo.com.br\/blog\/#\/schema\/person\/76f265dc154e995bd4a1d1500d97358d","name":"Anna Silva","image":{"@type":"ImageObject","inLanguage":"pt-BR","@id":"https:\/\/araujo.com.br\/blog\/#\/schema\/person\/image\/","url":"https:\/\/secure.gravatar.com\/avatar\/8d8a1f8940a6a4b37c8a5507ea23cf8ffc610d4f9452bedc5023830c86454b72?s=96&d=mm&r=g","contentUrl":"https:\/\/secure.gravatar.com\/avatar\/8d8a1f8940a6a4b37c8a5507ea23cf8ffc610d4f9452bedc5023830c86454b72?s=96&d=mm&r=g","caption":"Anna Silva"},"url":"https:\/\/araujo.com.br\/blog\/author\/anna-silva\/"}]}},"_links":{"self":[{"href":"https:\/\/araujo.com.br\/blog\/wp-json\/wp\/v2\/posts\/4799","targetHints":{"allow":["GET"]}}],"collection":[{"href":"https:\/\/araujo.com.br\/blog\/wp-json\/wp\/v2\/posts"}],"about":[{"href":"https:\/\/araujo.com.br\/blog\/wp-json\/wp\/v2\/types\/post"}],"author":[{"embeddable":true,"href":"https:\/\/araujo.com.br\/blog\/wp-json\/wp\/v2\/users\/3"}],"replies":[{"embeddable":true,"href":"https:\/\/araujo.com.br\/blog\/wp-json\/wp\/v2\/comments?post=4799"}],"version-history":[{"count":3,"href":"https:\/\/araujo.com.br\/blog\/wp-json\/wp\/v2\/posts\/4799\/revisions"}],"predecessor-version":[{"id":4804,"href":"https:\/\/araujo.com.br\/blog\/wp-json\/wp\/v2\/posts\/4799\/revisions\/4804"}],"wp:featuredmedia":[{"embeddable":true,"href":"https:\/\/araujo.com.br\/blog\/wp-json\/wp\/v2\/media\/4802"}],"wp:attachment":[{"href":"https:\/\/araujo.com.br\/blog\/wp-json\/wp\/v2\/media?parent=4799"}],"wp:term":[{"taxonomy":"category","embeddable":true,"href":"https:\/\/araujo.com.br\/blog\/wp-json\/wp\/v2\/categories?post=4799"},{"taxonomy":"post_tag","embeddable":true,"href":"https:\/\/araujo.com.br\/blog\/wp-json\/wp\/v2\/tags?post=4799"}],"curies":[{"name":"wp","href":"https:\/\/api.w.org\/{rel}","templated":true}]}}