{"id":4933,"date":"2025-04-17T22:54:35","date_gmt":"2025-04-17T19:54:35","guid":{"rendered":"https:\/\/araujo.com.br\/blog\/?p=4933"},"modified":"2025-04-17T22:54:37","modified_gmt":"2025-04-17T19:54:37","slug":"obesidade-e-obesidade-severa","status":"publish","type":"post","link":"https:\/\/araujo.com.br\/blog\/obesidade-e-obesidade-severa\/","title":{"rendered":"Obesidade x obesidade severa: o que voc\u00ea precisa saber para proteger sua sa\u00fade!"},"content":{"rendered":"\n<p>A obesidade \u00e9 mais do que apenas um n\u00famero na balan\u00e7a \u2014 \u00e9 uma condi\u00e7\u00e3o que afeta milh\u00f5es de pessoas no mundo inteiro, com impactos significativos na sa\u00fade f\u00edsica, mental e na qualidade de vida.&nbsp;<\/p>\n\n\n\n<p>Neste artigo, explicamos de forma clara tudo o que voc\u00ea precisa saber sobre as causas, diagn\u00f3stico e as consequ\u00eancias dessa condi\u00e7\u00e3o, assim como os poss\u00edveis tratamentos para a doen\u00e7a.<\/p>\n\n\n\n<h2 class=\"wp-block-heading\">O que \u00e9 obesidade?<\/h2>\n\n\n\n<p>A obesidade \u00e9 uma condi\u00e7\u00e3o caracterizada pelo excesso de gordura corporal que coloca em risco a sa\u00fade do portador. O diagn\u00f3stico mais utilizado, de acordo com informa\u00e7\u00f5es da OMS, \u00e9 baseado no \u00cdndice de Massa Corporal (IMC), que calcula a rela\u00e7\u00e3o entre o peso e a altura. Veja as faixas de IMC:<\/p>\n\n\n\n<ul class=\"wp-block-list\">\n<li>IMC 34,9: Obesidade grau 1<\/li>\n\n\n\n<li>IMC 35-39,9: Obesidade grau 2<\/li>\n\n\n\n<li>IMC acima de 40: Obesidade grau 3<\/li>\n<\/ul>\n\n\n\n<p>Por exemplo, uma pessoa com 1,70 m de altura e 120 kg teria um IMC de aproximadamente 41, sendo classificada com obesidade severa. Essa \u00e9 a forma mais grave da condi\u00e7\u00e3o e est\u00e1 associada a riscos elevados de doen\u00e7as como diabetes, hipertens\u00e3o e problemas cardiovasculares.&nbsp;<\/p>\n\n\n\n<p>Atualmente, tamb\u00e9m deve-se considerar, al\u00e9m do IMC, o percentual de gordura corporal e a distribui\u00e7\u00e3o da gordura. Estas avalia\u00e7\u00f5es s\u00e3o realizadas por m\u00e9todos de imagem &#8211; densitometria de corpo total &#8211;&nbsp; e pela medida da circunfer\u00eancia abdominal, respectivamente.<\/p>\n\n\n\n<h2 class=\"wp-block-heading\">Causas da obesidade: por que acontece?<\/h2>\n\n\n\n<p>A obesidade pode ter m\u00faltiplas causas, que variam entre fatores gen\u00e9ticos, comportamentais e ambientais. Vamos detalhar algumas das mais comuns:<\/p>\n\n\n\n<ul class=\"wp-block-list\">\n<li><strong>Gen\u00e9tica<\/strong>: Algumas pessoas possuem uma predisposi\u00e7\u00e3o para acumular gordura. Hist\u00f3ricos familiares de obesidade, por exemplo, aumentam as chances de a pessoa tamb\u00e9m desenvolver a condi\u00e7\u00e3o.<br><\/li>\n\n\n\n<li><strong>H\u00e1bitos alimentares<\/strong>: Dietas ricas em alimentos processados e pobres em nutrientes, como <em>fast-food<\/em> e refrigerantes, s\u00e3o vil\u00f5es no ganho de peso. Uma refei\u00e7\u00e3o com hamb\u00farguer, batata frita e refrigerante, por exemplo, pode ultrapassar 1.000 calorias, o que est\u00e1 muito acima das necessidades di\u00e1rias de energia.<br><\/li>\n\n\n\n<li><strong>Sedentarismo<\/strong>: A falta de atividade f\u00edsica reduz a queima de calorias. Com a rotina moderna de trabalho remoto e tempo prolongado em frente a telas, muitas pessoas se exercitam cada vez menos.<br><\/li>\n\n\n\n<li><strong>Sa\u00fade mental<\/strong>: Fatores como ansiedade, estresse e depress\u00e3o podem levar ao consumo excessivo de alimentos como forma de compensa\u00e7\u00e3o emocional.<br><\/li>\n\n\n\n<li><strong>Doen\u00e7as ou medicamentos<\/strong>: Doen\u00e7as que restringem a mobilidade da pessoa, mesmo que de forma tempor\u00e1ria, ou medicamentos, como corticoides, podem alterar o metabolismo e facilitar o ganho de peso.<\/li>\n<\/ul>\n\n\n\n<h2 class=\"wp-block-heading\">Quais os sintomas a pessoa com obesidade pode sentir?<\/h2>\n\n\n\n<p>Uma pessoa com obesidade pode sentir:<\/p>\n\n\n\n<ul class=\"wp-block-list\">\n<li><strong>Dificuldade para respirar:<\/strong> Atividades simples, como subir escadas ou amarrar sapatos, podem se tornar desafiadoras.<br><\/li>\n\n\n\n<li><strong>Fadiga constante<\/strong>: A obesidade piora a qualidade do sono, gerando cansa\u00e7o e sonol\u00eancia diurna.<br><\/li>\n\n\n\n<li><strong>Dores nas articula\u00e7\u00f5es:<\/strong> O excesso de peso sobrecarrega joelhos, quadris e coluna.<\/li>\n<\/ul>\n\n\n\n<p>No caso da obesidade severa, podem surgir mais complica\u00e7\u00f5es, como apneia do sono e refluxo g\u00e1strico. Por exemplo, uma pessoa pode relatar roncos altos e interrup\u00e7\u00f5es da respira\u00e7\u00e3o durante a noite, sintomas t\u00edpicos da apneia.<\/p>\n\n\n\n<h3 class=\"wp-block-heading\">Consequ\u00eancias da obesidade na sa\u00fade<\/h3>\n\n\n\n<p>Como podemos observar, as consequ\u00eancias da obesidade v\u00e3o al\u00e9m do aumento do peso e da est\u00e9tica. H\u00e1 impactos profundos na sa\u00fade, aumentando os riscos de:<\/p>\n\n\n\n<ul class=\"wp-block-list\">\n<li><strong>Doen\u00e7as cr\u00f4nicas<\/strong>: diabetes, hipertens\u00e3o arterial e doen\u00e7as cardiovasculares. Segundo estudo analisado pelo <a href=\"https:\/\/drauziovarella.uol.com.br\/doencas-cronicas\/diabetes\/risco-de-diabetes-e-obesidade\/#:~:text=Pessoas%20com%20obesidade%20grave%20t%C3%AAm,IMC%20%C3%A9%20abaixo%20de%2030.\">portal Drauzio Varella<\/a>, pessoas com IMC elevado t\u00eam at\u00e9 2,5 vezes mais chances de desenvolver diabetes.<br><\/li>\n\n\n\n<li><strong>Redu\u00e7\u00e3o da mobilidade<\/strong>: A limita\u00e7\u00e3o nos movimentos pode dificultar atividades cotidianas, como andar ou levantar objetos, sem falar no preju\u00edzo \u00e0 pr\u00e1tica de exerc\u00edcio f\u00edsico.<br><\/li>\n\n\n\n<li><strong>Desafios psicol\u00f3gicos<\/strong>: Sentimentos de exclus\u00e3o social e baixa autoestima podem se intensificar e evoluir para um quadro de ansiedade, depress\u00e3o e transtornos alimentares.<\/li>\n<\/ul>\n\n\n\n<h2 class=\"wp-block-heading\">Como \u00e9 feito o diagn\u00f3stico da obesidade?<\/h2>\n\n\n\n<p>O diagn\u00f3stico da obesidade \u00e9 cl\u00ednico e come\u00e7a com uma avalia\u00e7\u00e3o abrangente realizada por profissionais de sa\u00fade. O c\u00e1lculo do<strong> \u00cdndice de Massa Corporal (IMC) <\/strong>\u00e9 frequentemente usado como um ponto de partida, ajudando a identificar casos de excesso de peso e obesidade com base na rela\u00e7\u00e3o entre altura e peso.&nbsp;<\/p>\n\n\n\n<p>Al\u00e9m disso, sobre a <strong>circunfer\u00eancia abdominal<\/strong>, valores acima de 88 cm para mulheres e 102 cm para homens podem sinalizar um risco elevado para doen\u00e7as cardiovasculares.<\/p>\n\n\n\n<p><strong>Exames de sangue<\/strong> tamb\u00e9m s\u00e3o essenciais nessa investiga\u00e7\u00e3o, pois permitem detectar condi\u00e7\u00f5es associadas, como n\u00edveis elevados de colesterol ou diabetes. \u00c9 fundamental tamb\u00e9m uma conversa detalhada com o m\u00e9dico para uma <strong>avalia\u00e7\u00e3o do hist\u00f3rico cl\u00ednico,<\/strong> incluindo h\u00e1bitos alimentares, padr\u00f5es de atividade f\u00edsica e fatores emocionais, o que ajuda a personalizar o plano de tratamento para cada paciente.<\/p>\n\n\n\n<h3 class=\"wp-block-heading\">Tipos de obesidade<\/h3>\n\n\n\n<p>Voc\u00ea sabia que existem diferentes tipos de obesidade? A localiza\u00e7\u00e3o da gordura corporal tamb\u00e9m importa e influencia os riscos associados. Na lista abaixo te explicamos melhor os tipos mais conhecidos:<\/p>\n\n\n\n<ul class=\"wp-block-list\">\n<li><strong>Obesidade Ginoide<\/strong>: Gordura localizada nos quadris e coxas, sendo mais comum em mulheres.<br><\/li>\n\n\n\n<li><strong>Obesidade Androide<\/strong>: Gordura acumulada na regi\u00e3o abdominal, o que a torna mais associada a riscos cardiovasculares.<br><\/li>\n\n\n\n<li><strong>Obesidade Metab\u00f3lica<\/strong>: Relacionada a doen\u00e7as metab\u00f3licas como diabetes e hipertens\u00e3o.<\/li>\n<\/ul>\n\n\n\n<p>Para ficar mais claro, considere um homem com &#8220;barriga de cerveja&#8221;. Esta \u00e9 uma caracter\u00edstica da obesidade androide e o paciente deve redobrar os cuidados com o cora\u00e7\u00e3o.<\/p>\n\n\n\n<p>Lembre-se de manter o acompanhamento m\u00e9dico cont\u00ednuo para receber as melhores orienta\u00e7\u00f5es, pois cada um desses fatores variam de pessoa para pessoa e somente um m\u00e9dico especializado pode fazer a melhor avalia\u00e7\u00e3o.<\/p>\n\n\n\n<h2 class=\"wp-block-heading\">Como tratar a obesidade?<\/h2>\n\n\n\n<p>Se voc\u00ea desconfia que est\u00e1 acima do peso ou possui obesidade, consultar um m\u00e9dico \u00e9 essencial. As principais orienta\u00e7\u00f5es s\u00e3o:<\/p>\n\n\n\n<ul class=\"wp-block-list\">\n<li>Priorize alimentos naturais e evite ultraprocessados, como congelados ou produtos enlatados. Considere iniciar um <a href=\"https:\/\/araujo.com.br\/blog\/emagrecer-com-saude\/\">acompanhamento nutricional<\/a>;<\/li>\n\n\n\n<li>Pratique atividades f\u00edsicas regularmente;<\/li>\n\n\n\n<li>Cuide da sua sa\u00fade mental, buscando apoio psicol\u00f3gico para lidar com gatilhos emocionais relacionados \u00e0 alimenta\u00e7\u00e3o;<\/li>\n\n\n\n<li>Mantenha uma rotina de sono adequada, com 7 a 8 horas de sono por noite, sem distra\u00e7\u00f5es de eletr\u00f4nicos.<\/li>\n<\/ul>\n\n\n\n<p>Al\u00e9m disso, vale considerar que uma pessoa com obesidade pode beneficiar-se de dieta supervisionada ou, a depender da gravidade, at\u00e9 de tratamento cir\u00fargico, desde que orientados pelo m\u00e9dico.<\/p>\n\n\n\n<p>A obesidade \u00e9 uma condi\u00e7\u00e3o complexa que vai al\u00e9m de quest\u00f5es est\u00e9ticas. Ela envolve fatores gen\u00e9ticos, ambientais, psicol\u00f3gicos e comportamentais. A jornada para perder peso de forma saud\u00e1vel come\u00e7a com pequenos passos, e o primeiro deles voc\u00ea j\u00e1 come\u00e7ou: se informar!<\/p>\n\n\n\n<p><em>Este artigo foi revisado pela m\u00e9dica endocrinologista Dra Tha\u00eds Pereira Costa Magalh\u00e3es CRMMG 36771 <\/em><a href=\"http:\/\/drathaismagalhaes.com.br\/\">drathaismagalhaes.com.br<\/a><\/p>\n","protected":false},"excerpt":{"rendered":"<p>A obesidade \u00e9 mais do que apenas um n\u00famero na balan\u00e7a \u2014 \u00e9 uma condi\u00e7\u00e3o que afeta milh\u00f5es de pessoas no mundo inteiro, com impactos significativos na sa\u00fade f\u00edsica, mental e na qualidade de vida.&nbsp; Neste artigo, explicamos de forma clara tudo o que voc\u00ea precisa saber sobre as causas, diagn\u00f3stico e as consequ\u00eancias dessa [&hellip;]<\/p>\n","protected":false},"author":1,"featured_media":4934,"comment_status":"open","ping_status":"open","sticky":false,"template":"","format":"standard","meta":{"_acf_changed":false,"footnotes":""},"categories":[35,913,3],"tags":[167,294],"class_list":["post-4933","post","type-post","status-publish","format-standard","has-post-thumbnail","hentry","category-bem-estar","category-prevencao-e-cuidados","category-saude-e-bem-estar","tag-prevencao","tag-saude"],"acf":[],"yoast_head":"<!-- This site is optimized with the Yoast SEO plugin v24.3 - https:\/\/yoast.com\/wordpress\/plugins\/seo\/ -->\n<title>Obesidade x obesidade severa: o que voc\u00ea precisa saber para proteger sua sa\u00fade! - Blog da Drogaria Araujo<\/title>\n<meta name=\"description\" content=\"Descubra tudo sobre obesidade e obesidade severa: causas, sintomas e como \u00e9 o diagn\u00f3stico.\" \/>\n<meta name=\"robots\" content=\"index, follow, max-snippet:-1, max-image-preview:large, max-video-preview:-1\" \/>\n<link rel=\"canonical\" href=\"https:\/\/araujo.com.br\/blog\/obesidade-e-obesidade-severa\/\" \/>\n<meta property=\"og:locale\" content=\"pt_BR\" \/>\n<meta property=\"og:type\" content=\"article\" \/>\n<meta property=\"og:title\" content=\"Obesidade x obesidade severa: o que voc\u00ea precisa saber para proteger sua sa\u00fade! - Blog da Drogaria Araujo\" \/>\n<meta property=\"og:description\" content=\"Descubra tudo sobre obesidade e obesidade severa: causas, sintomas e como \u00e9 o diagn\u00f3stico.\" \/>\n<meta property=\"og:url\" content=\"https:\/\/araujo.com.br\/blog\/obesidade-e-obesidade-severa\/\" \/>\n<meta property=\"og:site_name\" content=\"Blog da Drogaria Araujo\" \/>\n<meta property=\"article:published_time\" content=\"2025-04-17T19:54:35+00:00\" \/>\n<meta property=\"article:modified_time\" content=\"2025-04-17T19:54:37+00:00\" \/>\n<meta property=\"og:image\" content=\"https:\/\/araujo.com.br\/blog\/wp-content\/uploads\/2025\/04\/AdobeStock_596098282-scaled.jpeg\" \/>\n\t<meta property=\"og:image:width\" content=\"2560\" \/>\n\t<meta property=\"og:image:height\" content=\"1706\" \/>\n\t<meta property=\"og:image:type\" content=\"image\/jpeg\" \/>\n<meta name=\"author\" content=\"Drogaria Araujo\" \/>\n<meta name=\"twitter:card\" content=\"summary_large_image\" \/>\n<meta name=\"twitter:label1\" content=\"Escrito por\" \/>\n\t<meta name=\"twitter:data1\" content=\"Drogaria Araujo\" \/>\n\t<meta name=\"twitter:label2\" content=\"Est. tempo de leitura\" \/>\n\t<meta name=\"twitter:data2\" content=\"6 minutos\" \/>\n<script type=\"application\/ld+json\" class=\"yoast-schema-graph\">{\"@context\":\"https:\/\/schema.org\",\"@graph\":[{\"@type\":\"WebPage\",\"@id\":\"https:\/\/araujo.com.br\/blog\/obesidade-e-obesidade-severa\/\",\"url\":\"https:\/\/araujo.com.br\/blog\/obesidade-e-obesidade-severa\/\",\"name\":\"Obesidade x obesidade severa: o que voc\u00ea precisa saber para proteger sua sa\u00fade! - Blog da Drogaria Araujo\",\"isPartOf\":{\"@id\":\"https:\/\/araujo.com.br\/blog\/#website\"},\"primaryImageOfPage\":{\"@id\":\"https:\/\/araujo.com.br\/blog\/obesidade-e-obesidade-severa\/#primaryimage\"},\"image\":{\"@id\":\"https:\/\/araujo.com.br\/blog\/obesidade-e-obesidade-severa\/#primaryimage\"},\"thumbnailUrl\":\"https:\/\/araujo.com.br\/blog\/wp-content\/uploads\/2025\/04\/AdobeStock_596098282-scaled.jpeg\",\"datePublished\":\"2025-04-17T19:54:35+00:00\",\"dateModified\":\"2025-04-17T19:54:37+00:00\",\"author\":{\"@id\":\"https:\/\/araujo.com.br\/blog\/#\/schema\/person\/4e2eac75cf0e2c6b079ef9a0df2ece83\"},\"description\":\"Descubra tudo sobre obesidade e obesidade severa: causas, sintomas e como \u00e9 o diagn\u00f3stico.\",\"breadcrumb\":{\"@id\":\"https:\/\/araujo.com.br\/blog\/obesidade-e-obesidade-severa\/#breadcrumb\"},\"inLanguage\":\"pt-BR\",\"potentialAction\":[{\"@type\":\"ReadAction\",\"target\":[\"https:\/\/araujo.com.br\/blog\/obesidade-e-obesidade-severa\/\"]}]},{\"@type\":\"ImageObject\",\"inLanguage\":\"pt-BR\",\"@id\":\"https:\/\/araujo.com.br\/blog\/obesidade-e-obesidade-severa\/#primaryimage\",\"url\":\"https:\/\/araujo.com.br\/blog\/wp-content\/uploads\/2025\/04\/AdobeStock_596098282-scaled.jpeg\",\"contentUrl\":\"https:\/\/araujo.com.br\/blog\/wp-content\/uploads\/2025\/04\/AdobeStock_596098282-scaled.jpeg\",\"width\":2560,\"height\":1706,\"caption\":\"Overweight young woman jogging in park at sunny summer. Weight loss concept, created with Generative AI\"},{\"@type\":\"BreadcrumbList\",\"@id\":\"https:\/\/araujo.com.br\/blog\/obesidade-e-obesidade-severa\/#breadcrumb\",\"itemListElement\":[{\"@type\":\"ListItem\",\"position\":1,\"name\":\"In\u00edcio\",\"item\":\"https:\/\/araujo.com.br\/blog\/\"},{\"@type\":\"ListItem\",\"position\":2,\"name\":\"Obesidade x obesidade severa: o que voc\u00ea precisa saber para proteger sua sa\u00fade!\"}]},{\"@type\":\"WebSite\",\"@id\":\"https:\/\/araujo.com.br\/blog\/#website\",\"url\":\"https:\/\/araujo.com.br\/blog\/\",\"name\":\"Blog da Drogaria Araujo\",\"description\":\"Conte\u00fado que faz bem? A Araujo tem!\",\"potentialAction\":[{\"@type\":\"SearchAction\",\"target\":{\"@type\":\"EntryPoint\",\"urlTemplate\":\"https:\/\/araujo.com.br\/blog\/?s={search_term_string}\"},\"query-input\":{\"@type\":\"PropertyValueSpecification\",\"valueRequired\":true,\"valueName\":\"search_term_string\"}}],\"inLanguage\":\"pt-BR\"},{\"@type\":\"Person\",\"@id\":\"https:\/\/araujo.com.br\/blog\/#\/schema\/person\/4e2eac75cf0e2c6b079ef9a0df2ece83\",\"name\":\"Drogaria Araujo\",\"image\":{\"@type\":\"ImageObject\",\"inLanguage\":\"pt-BR\",\"@id\":\"https:\/\/araujo.com.br\/blog\/#\/schema\/person\/image\/\",\"url\":\"https:\/\/secure.gravatar.com\/avatar\/33e54dec0cd79fc4b5e911c15f836c46ec8d0e452ecd3ca5f707bce0a3540a3b?s=96&d=mm&r=g\",\"contentUrl\":\"https:\/\/secure.gravatar.com\/avatar\/33e54dec0cd79fc4b5e911c15f836c46ec8d0e452ecd3ca5f707bce0a3540a3b?s=96&d=mm&r=g\",\"caption\":\"Drogaria Araujo\"},\"description\":\"Especialista em Sa\u00fade da Fam\u00edlia. M\u00e9dico e nutricionista.\",\"sameAs\":[\"https:\/\/araujo.com.br\/blog\"],\"url\":\"https:\/\/araujo.com.br\/blog\/author\/admin\/\"}]}<\/script>\n<!-- \/ Yoast SEO plugin. -->","yoast_head_json":{"title":"Obesidade x obesidade severa: o que voc\u00ea precisa saber para proteger sua sa\u00fade! - Blog da Drogaria Araujo","description":"Descubra tudo sobre obesidade e obesidade severa: causas, sintomas e como \u00e9 o diagn\u00f3stico.","robots":{"index":"index","follow":"follow","max-snippet":"max-snippet:-1","max-image-preview":"max-image-preview:large","max-video-preview":"max-video-preview:-1"},"canonical":"https:\/\/araujo.com.br\/blog\/obesidade-e-obesidade-severa\/","og_locale":"pt_BR","og_type":"article","og_title":"Obesidade x obesidade severa: o que voc\u00ea precisa saber para proteger sua sa\u00fade! - Blog da Drogaria Araujo","og_description":"Descubra tudo sobre obesidade e obesidade severa: causas, sintomas e como \u00e9 o diagn\u00f3stico.","og_url":"https:\/\/araujo.com.br\/blog\/obesidade-e-obesidade-severa\/","og_site_name":"Blog da Drogaria Araujo","article_published_time":"2025-04-17T19:54:35+00:00","article_modified_time":"2025-04-17T19:54:37+00:00","og_image":[{"width":2560,"height":1706,"url":"https:\/\/araujo.com.br\/blog\/wp-content\/uploads\/2025\/04\/AdobeStock_596098282-scaled.jpeg","type":"image\/jpeg"}],"author":"Drogaria Araujo","twitter_card":"summary_large_image","twitter_misc":{"Escrito por":"Drogaria Araujo","Est. tempo de leitura":"6 minutos"},"schema":{"@context":"https:\/\/schema.org","@graph":[{"@type":"WebPage","@id":"https:\/\/araujo.com.br\/blog\/obesidade-e-obesidade-severa\/","url":"https:\/\/araujo.com.br\/blog\/obesidade-e-obesidade-severa\/","name":"Obesidade x obesidade severa: o que voc\u00ea precisa saber para proteger sua sa\u00fade! - Blog da Drogaria Araujo","isPartOf":{"@id":"https:\/\/araujo.com.br\/blog\/#website"},"primaryImageOfPage":{"@id":"https:\/\/araujo.com.br\/blog\/obesidade-e-obesidade-severa\/#primaryimage"},"image":{"@id":"https:\/\/araujo.com.br\/blog\/obesidade-e-obesidade-severa\/#primaryimage"},"thumbnailUrl":"https:\/\/araujo.com.br\/blog\/wp-content\/uploads\/2025\/04\/AdobeStock_596098282-scaled.jpeg","datePublished":"2025-04-17T19:54:35+00:00","dateModified":"2025-04-17T19:54:37+00:00","author":{"@id":"https:\/\/araujo.com.br\/blog\/#\/schema\/person\/4e2eac75cf0e2c6b079ef9a0df2ece83"},"description":"Descubra tudo sobre obesidade e obesidade severa: causas, sintomas e como \u00e9 o diagn\u00f3stico.","breadcrumb":{"@id":"https:\/\/araujo.com.br\/blog\/obesidade-e-obesidade-severa\/#breadcrumb"},"inLanguage":"pt-BR","potentialAction":[{"@type":"ReadAction","target":["https:\/\/araujo.com.br\/blog\/obesidade-e-obesidade-severa\/"]}]},{"@type":"ImageObject","inLanguage":"pt-BR","@id":"https:\/\/araujo.com.br\/blog\/obesidade-e-obesidade-severa\/#primaryimage","url":"https:\/\/araujo.com.br\/blog\/wp-content\/uploads\/2025\/04\/AdobeStock_596098282-scaled.jpeg","contentUrl":"https:\/\/araujo.com.br\/blog\/wp-content\/uploads\/2025\/04\/AdobeStock_596098282-scaled.jpeg","width":2560,"height":1706,"caption":"Overweight young woman jogging in park at sunny summer. Weight loss concept, created with Generative AI"},{"@type":"BreadcrumbList","@id":"https:\/\/araujo.com.br\/blog\/obesidade-e-obesidade-severa\/#breadcrumb","itemListElement":[{"@type":"ListItem","position":1,"name":"In\u00edcio","item":"https:\/\/araujo.com.br\/blog\/"},{"@type":"ListItem","position":2,"name":"Obesidade x obesidade severa: o que voc\u00ea precisa saber para proteger sua sa\u00fade!"}]},{"@type":"WebSite","@id":"https:\/\/araujo.com.br\/blog\/#website","url":"https:\/\/araujo.com.br\/blog\/","name":"Blog da Drogaria Araujo","description":"Conte\u00fado que faz bem? A Araujo tem!","potentialAction":[{"@type":"SearchAction","target":{"@type":"EntryPoint","urlTemplate":"https:\/\/araujo.com.br\/blog\/?s={search_term_string}"},"query-input":{"@type":"PropertyValueSpecification","valueRequired":true,"valueName":"search_term_string"}}],"inLanguage":"pt-BR"},{"@type":"Person","@id":"https:\/\/araujo.com.br\/blog\/#\/schema\/person\/4e2eac75cf0e2c6b079ef9a0df2ece83","name":"Drogaria Araujo","image":{"@type":"ImageObject","inLanguage":"pt-BR","@id":"https:\/\/araujo.com.br\/blog\/#\/schema\/person\/image\/","url":"https:\/\/secure.gravatar.com\/avatar\/33e54dec0cd79fc4b5e911c15f836c46ec8d0e452ecd3ca5f707bce0a3540a3b?s=96&d=mm&r=g","contentUrl":"https:\/\/secure.gravatar.com\/avatar\/33e54dec0cd79fc4b5e911c15f836c46ec8d0e452ecd3ca5f707bce0a3540a3b?s=96&d=mm&r=g","caption":"Drogaria Araujo"},"description":"Especialista em Sa\u00fade da Fam\u00edlia. M\u00e9dico e nutricionista.","sameAs":["https:\/\/araujo.com.br\/blog"],"url":"https:\/\/araujo.com.br\/blog\/author\/admin\/"}]}},"_links":{"self":[{"href":"https:\/\/araujo.com.br\/blog\/wp-json\/wp\/v2\/posts\/4933","targetHints":{"allow":["GET"]}}],"collection":[{"href":"https:\/\/araujo.com.br\/blog\/wp-json\/wp\/v2\/posts"}],"about":[{"href":"https:\/\/araujo.com.br\/blog\/wp-json\/wp\/v2\/types\/post"}],"author":[{"embeddable":true,"href":"https:\/\/araujo.com.br\/blog\/wp-json\/wp\/v2\/users\/1"}],"replies":[{"embeddable":true,"href":"https:\/\/araujo.com.br\/blog\/wp-json\/wp\/v2\/comments?post=4933"}],"version-history":[{"count":1,"href":"https:\/\/araujo.com.br\/blog\/wp-json\/wp\/v2\/posts\/4933\/revisions"}],"predecessor-version":[{"id":4935,"href":"https:\/\/araujo.com.br\/blog\/wp-json\/wp\/v2\/posts\/4933\/revisions\/4935"}],"wp:featuredmedia":[{"embeddable":true,"href":"https:\/\/araujo.com.br\/blog\/wp-json\/wp\/v2\/media\/4934"}],"wp:attachment":[{"href":"https:\/\/araujo.com.br\/blog\/wp-json\/wp\/v2\/media?parent=4933"}],"wp:term":[{"taxonomy":"category","embeddable":true,"href":"https:\/\/araujo.com.br\/blog\/wp-json\/wp\/v2\/categories?post=4933"},{"taxonomy":"post_tag","embeddable":true,"href":"https:\/\/araujo.com.br\/blog\/wp-json\/wp\/v2\/tags?post=4933"}],"curies":[{"name":"wp","href":"https:\/\/api.w.org\/{rel}","templated":true}]}}