{"id":4951,"date":"2025-04-24T22:57:41","date_gmt":"2025-04-24T19:57:41","guid":{"rendered":"https:\/\/araujo.com.br\/blog\/?p=4951"},"modified":"2026-03-23T17:25:06","modified_gmt":"2026-03-23T14:25:06","slug":"vacina-abrysvo","status":"publish","type":"post","link":"https:\/\/araujo.com.br\/blog\/vacina-abrysvo\/","title":{"rendered":"Vacina Abrysvo: como proteger gr\u00e1vidas e idosos contra o VSR"},"content":{"rendered":"\n<p>Imagine poder blindar aqueles que voc\u00ea mais ama contra um v\u00edrus que pode causar complica\u00e7\u00f5es graves e at\u00e9 mesmo levar a interna\u00e7\u00f5es. Essa \u00e9 a proposta da vacina Abrysvo, uma inova\u00e7\u00e3o cient\u00edfica que protege gr\u00e1vidas e idosos contra o V\u00edrus Sincicial Respirat\u00f3rio (VSR), um dos principais vil\u00f5es das infec\u00e7\u00f5es respirat\u00f3rias.<\/p>\n\n\n\n<p>Embora o nome do v\u00edrus n\u00e3o seja t\u00e3o popular quanto outras condi\u00e7\u00f5es e doen\u00e7as, seus impactos s\u00e3o significativos. Isso porque o VSR afeta milh\u00f5es de pessoas todos os anos, especialmente as mais vulner\u00e1veis, como rec\u00e9m-nascidos e idosos com doen\u00e7as cr\u00f4nicas.&nbsp;<\/p>\n\n\n\n<p>De acordo com a Organiza\u00e7\u00e3o Mundial da Sa\u00fade (OMS), o VSR \u00e9 respons\u00e1vel por <strong>33 milh\u00f5es de casos de infec\u00e7\u00e3o respirat\u00f3ria aguda<\/strong> em crian\u00e7as menores de 5 anos anualmente, resultando em <strong>3,6 milh\u00f5es de hospitaliza\u00e7\u00f5es e cerca de 100 mil mortes.&nbsp;<\/strong><\/p>\n\n\n\n<p>Nos idosos, o cen\u00e1rio tamb\u00e9m preocupa: segundo dados dos Centros de Controle e Preven\u00e7\u00e3o de Doen\u00e7as (CDC), o VSR causa <strong>177 mil hospitaliza\u00e7\u00f5es<\/strong> e cerca de <strong>14 mil mortes<\/strong> por ano entre pessoas com 65 anos ou mais, especialmente aquelas com comorbidades.<\/p>\n\n\n\n<p>Mas, felizmente, agora existe uma maneira eficaz de prevenir esse problema, trazendo mais seguran\u00e7a e tranquilidade para as fam\u00edlias: a vacina\u00e7\u00e3o. Se voc\u00ea ainda n\u00e3o conhece a vacina Abrysvo ou tem d\u00favidas sobre sua import\u00e2ncia, n\u00e3o se preocupe!&nbsp;Vamos te guiar por tudo o que voc\u00ea precisa saber para proteger quem mais importa com um simples gesto.<\/p>\n\n\n\n<figure class=\"wp-block-image size-full\"><a href=\"https:\/\/www.araujo.com.br\/gripe?utm_source=blog&amp;utm_medium=banner+vacina+abrysvo&amp;utm_campaign=vacina+da+gripe\"><img loading=\"lazy\" decoding=\"async\" width=\"800\" height=\"232\" src=\"https:\/\/araujo.com.br\/blog\/wp-content\/uploads\/2025\/04\/banner-vacina-da-gripe-araujo.png\" alt=\"banner vacina da gripe araujo\" class=\"wp-image-7640\" srcset=\"https:\/\/araujo.com.br\/blog\/wp-content\/uploads\/2025\/04\/banner-vacina-da-gripe-araujo.png 800w, https:\/\/araujo.com.br\/blog\/wp-content\/uploads\/2025\/04\/banner-vacina-da-gripe-araujo-300x87.png 300w, https:\/\/araujo.com.br\/blog\/wp-content\/uploads\/2025\/04\/banner-vacina-da-gripe-araujo-768x223.png 768w\" sizes=\"auto, (max-width: 800px) 100vw, 800px\" \/><\/a><\/figure>\n\n\n\n<h2 class=\"wp-block-heading\">VSR: uma amea\u00e7a real, uma solu\u00e7\u00e3o eficaz<\/h2>\n\n\n\n<p>Imagine um v\u00edrus que pode causar graves infec\u00e7\u00f5es respirat\u00f3rias, especialmente em beb\u00eas, idosos e pessoas com imunidade baixa. Esse \u00e9 o VSR!<\/p>\n\n\n\n<p>A doen\u00e7a \u00e9 um dos principais causadores de bronquiolite e pneumonia, podendo levar a interna\u00e7\u00f5es e complicar a sa\u00fade de grupos vulner\u00e1veis.<\/p>\n\n\n\n<p>O VSR \u00e9 altamente contagioso e se espalha por got\u00edculas respirat\u00f3rias, em superf\u00edcies contaminadas e por contato direto. Os sintomas variam, mas podem incluir:<\/p>\n\n\n\n<ul class=\"wp-block-list\">\n<li>Tosse persistente;<\/li>\n\n\n\n<li>Febre;<\/li>\n\n\n\n<li>Falta de ar;<\/li>\n\n\n\n<li>Chiado no peito;<\/li>\n\n\n\n<li>Dificuldade para se alimentar (em beb\u00eas).<\/li>\n<\/ul>\n\n\n\n<p>Em casos graves, especialmente em rec\u00e9m-nascidos e idosos, a infec\u00e7\u00e3o pode evoluir rapidamente, demandando interna\u00e7\u00e3o e suporte respirat\u00f3rio. No Brasil, o pico de casos ocorre no outono e inverno, sobrecarregando os hospitais.<\/p>\n\n\n\n<h2 class=\"wp-block-heading\">Abrysvo: a inova\u00e7\u00e3o que protege os mais vulner\u00e1veis do VSR<\/h2>\n\n\n\n<p>Agora, a boa not\u00edcia: a ci\u00eancia nos trouxe a <strong>vacina Abrysvo<\/strong>, especialmente desenvolvida para proteger contra o VSR. Mas como ela funciona?<\/p>\n\n\n\n<p>A vacina cont\u00e9m prote\u00ednas que estimulam o sistema imunol\u00f3gico a produzir anticorpos contra o v\u00edrus, reduzindo significativamente o risco de infec\u00e7\u00f5es graves. Em estudos cl\u00ednicos, a Abrysvo reduziu em <strong>82% o risco de hospitaliza\u00e7\u00e3o<\/strong> por VSR em idosos e em <strong>81,8% os casos graves<\/strong> em beb\u00eas cujas m\u00e3es foram vacinadas durante a gesta\u00e7\u00e3o.<\/p>\n\n\n\n<p>Para gr\u00e1vidas, a Abrysvo \u00e9 uma camada extra de prote\u00e7\u00e3o: os anticorpos produzidos passam pela placenta, protegendo o beb\u00ea nos primeiros seis meses de vida, quando ele ainda n\u00e3o tem um sistema imunol\u00f3gico maduro.<\/p>\n\n\n\n<p>Ou seja: \u00e9 como se voc\u00ea estivesse colocando um <strong>escudo invis\u00edvel contra o VSR<\/strong>, tanto para si mesma quanto para o pequeno que est\u00e1 chegando ao mundo.<\/p>\n\n\n\n<h2 class=\"wp-block-heading\">Quem deve tomar a vacina Abrysvo?<\/h2>\n\n\n\n<p>A Abrysvo \u00e9 recomendada para dois grupos principais:<\/p>\n\n\n\n<ul class=\"wp-block-list\">\n<li><strong>Gr\u00e1vidas:<\/strong> a imuniza\u00e7\u00e3o entre a 32\u00aa e 36\u00aa semana de gesta\u00e7\u00e3o protege o beb\u00ea nos primeiros meses de vida;<\/li>\n\n\n\n<li><strong>Idosos com 60 anos ou mais: <\/strong>especialmente aqueles com doen\u00e7as cr\u00f4nicas ou problemas respirat\u00f3rios, que s\u00e3o mais suscet\u00edveis a complica\u00e7\u00f5es graves do VSR.<\/li>\n<\/ul>\n\n\n\n<p>Al\u00e9m desses grupos, a vacina pode ser indicada para adultos com <strong>imunossupress\u00e3o<\/strong> ou doen\u00e7as pulmonares graves, conforme orienta\u00e7\u00e3o m\u00e9dica.<\/p>\n\n\n\n<h2 class=\"wp-block-heading\">Onde encontrar a vacina Abrysvo? Sua dose de seguran\u00e7a na Araujo.<\/h2>\n\n\n\n<p>Procurando a Abrysvo? Voc\u00ea pode encontr\u00e1-la em cl\u00ednicas especializadas e em drogarias de confian\u00e7a.<br>Aqui na Drogaria Araujo, estamos prontos para te receber com profissionais capacitados e um ambiente acolhedor. <a href=\"https:\/\/www.araujo.com.br\/vacina-vsr-abrysvo-pfizer\/103243.html?srsltid=AfmBOorWJiVqlwg3ceGd9yA5PVparyyauEPkyTZXu-ETTn1tE4BJWgnO\">Na Araujo tem!&nbsp;<\/a><\/p>\n\n\n\n<p>Al\u00e9m disso, nossa equipe pode esclarecer d\u00favidas, agendar a vacina\u00e7\u00e3o e acompanhar voc\u00ea no p\u00f3s-aplica\u00e7\u00e3o para garantir que tudo corra bem.<\/p>\n\n\n\n<h2 class=\"wp-block-heading\">Abrysvo: perguntas e respostas para sua tranquilidade<\/h2>\n\n\n\n<p>Se voc\u00ea ainda tem perguntas, n\u00e3o se preocupe! Vamos esclarecer as d\u00favidas mais comuns:<\/p>\n\n\n\n<h3 class=\"wp-block-heading\"><strong>A vacina tem efeitos colaterais?<\/strong><\/h3>\n\n\n\n<p>Como qualquer vacina, podem ocorrer efeitos leves, como dor no local da aplica\u00e7\u00e3o, fadiga ou febre baixa. Esses sintomas costumam desaparecer em poucos dias.<\/p>\n\n\n\n<h3 class=\"wp-block-heading\"><strong>Quanto tempo dura a prote\u00e7\u00e3o?<\/strong><\/h3>\n\n\n\n<p>A prote\u00e7\u00e3o contra o VSR dura pelo menos uma temporada do v\u00edrus, o que \u00e9 essencial durante os meses mais frios, quando os casos aumentam.<\/p>\n\n\n\n<h3 class=\"wp-block-heading\"><strong>Posso tomar a vacina junto com outras?<\/strong><\/h3>\n\n\n\n<p>Sim, mas \u00e9 sempre bom conversar com o m\u00e9dico para planejar o melhor cronograma de vacina\u00e7\u00e3o.<\/p>\n\n\n\n<h3 class=\"wp-block-heading\"><strong>A vacina \u00e9 gratuita pelo SUS?&nbsp;<\/strong><\/h3>\n\n\n\n<p>No momento, a Abrysvo est\u00e1 dispon\u00edvel na <strong>rede privada<\/strong>, mas h\u00e1 discuss\u00f5es sobre sua incorpora\u00e7\u00e3o ao <strong>Programa Nacional de Imuniza\u00e7\u00f5es (PNI)<\/strong>.<\/p>\n\n\n\n<h2 class=\"wp-block-heading\">Prevenir \u00e9 um ato de amor: proteja quem voc\u00ea ama com Abrysvo<\/h2>\n\n\n\n<p>Cuidar da sa\u00fade de quem amamos \u00e9 um gesto de carinho. A vacina Abrysvo \u00e9 uma ferramenta poderosa para proteger gr\u00e1vidas, beb\u00eas e idosos contra o VSR, evitando complica\u00e7\u00f5es graves e promovendo mais tranquilidade para as fam\u00edlias.<\/p>\n\n\n\n<p>Aqui na Araujo, acreditamos que informa\u00e7\u00e3o e preven\u00e7\u00e3o caminham juntas. Por isso, estamos sempre prontos para te orientar e oferecer solu\u00e7\u00f5es de sa\u00fade com responsabilidade e afeto.<br>Que tal <a href=\"https:\/\/www.araujo.com.br\/busca?q=vacina+abrysvo&amp;lang=pt_BR&amp;utm_source=blog&amp;utm_medium=texto&amp;utm_campaign=abrysvo\">agendar sua vacina\u00e7\u00e3o<\/a> agora mesmo? Entre em contato e proteja quem mais importa!&nbsp;<\/p>\n\n\n\n<figure class=\"wp-block-image size-full\"><a href=\"https:\/\/www.araujo.com.br\/gripe?utm_source=blog&amp;utm_medium=banner+vacina+abrysvo&amp;utm_campaign=vacina+da+gripe\"><img loading=\"lazy\" decoding=\"async\" width=\"800\" height=\"232\" src=\"https:\/\/araujo.com.br\/blog\/wp-content\/uploads\/2025\/04\/banner-vacina-da-gripe-araujo-1.png\" alt=\"banner vacina da gripe araujo\" class=\"wp-image-7641\" srcset=\"https:\/\/araujo.com.br\/blog\/wp-content\/uploads\/2025\/04\/banner-vacina-da-gripe-araujo-1.png 800w, https:\/\/araujo.com.br\/blog\/wp-content\/uploads\/2025\/04\/banner-vacina-da-gripe-araujo-1-300x87.png 300w, https:\/\/araujo.com.br\/blog\/wp-content\/uploads\/2025\/04\/banner-vacina-da-gripe-araujo-1-768x223.png 768w\" sizes=\"auto, (max-width: 800px) 100vw, 800px\" \/><\/a><\/figure>\n","protected":false},"excerpt":{"rendered":"<p>Imagine poder blindar aqueles que voc\u00ea mais ama contra um v\u00edrus que pode causar complica\u00e7\u00f5es graves e at\u00e9 mesmo levar a interna\u00e7\u00f5es. Essa \u00e9 a proposta da vacina Abrysvo, uma inova\u00e7\u00e3o cient\u00edfica que protege gr\u00e1vidas e idosos contra o V\u00edrus Sincicial Respirat\u00f3rio (VSR), um dos principais vil\u00f5es das infec\u00e7\u00f5es respirat\u00f3rias. Embora o nome do v\u00edrus [&hellip;]<\/p>\n","protected":false},"author":1,"featured_media":4952,"comment_status":"open","ping_status":"open","sticky":false,"template":"","format":"standard","meta":{"_acf_changed":false,"footnotes":""},"categories":[913,3,916],"tags":[167,294],"class_list":["post-4951","post","type-post","status-publish","format-standard","has-post-thumbnail","hentry","category-prevencao-e-cuidados","category-saude-e-bem-estar","category-vacinas","tag-prevencao","tag-saude"],"acf":[],"yoast_head":"<!-- This site is optimized with the Yoast SEO plugin v24.3 - https:\/\/yoast.com\/wordpress\/plugins\/seo\/ -->\n<title>Vacina Abrysvo: como proteger gr\u00e1vidas e idosos contra o VSR - Blog da Drogaria Araujo<\/title>\n<meta name=\"description\" content=\"Descubra como a vacina Abrysvo pode ser uma grande aliada na prote\u00e7\u00e3o de gr\u00e1vidas e idosos contra o V\u00edrus Sincicial Respirat\u00f3rio (VSR).\" \/>\n<meta name=\"robots\" content=\"index, follow, max-snippet:-1, max-image-preview:large, max-video-preview:-1\" \/>\n<link rel=\"canonical\" href=\"https:\/\/araujo.com.br\/blog\/vacina-abrysvo\/\" \/>\n<meta property=\"og:locale\" content=\"pt_BR\" \/>\n<meta property=\"og:type\" content=\"article\" \/>\n<meta property=\"og:title\" content=\"Vacina Abrysvo: como proteger gr\u00e1vidas e idosos contra o VSR - Blog da Drogaria Araujo\" \/>\n<meta property=\"og:description\" content=\"Descubra como a vacina Abrysvo pode ser uma grande aliada na prote\u00e7\u00e3o de gr\u00e1vidas e idosos contra o V\u00edrus Sincicial Respirat\u00f3rio (VSR).\" \/>\n<meta property=\"og:url\" content=\"https:\/\/araujo.com.br\/blog\/vacina-abrysvo\/\" \/>\n<meta property=\"og:site_name\" content=\"Blog da Drogaria Araujo\" \/>\n<meta property=\"article:published_time\" content=\"2025-04-24T19:57:41+00:00\" \/>\n<meta property=\"article:modified_time\" content=\"2026-03-23T14:25:06+00:00\" \/>\n<meta property=\"og:image\" content=\"http:\/\/araujo.com.br\/blog\/wp-content\/uploads\/2025\/04\/AdobeStock_1027796603-scaled.jpeg\" \/>\n\t<meta property=\"og:image:width\" content=\"2560\" \/>\n\t<meta property=\"og:image:height\" content=\"1792\" \/>\n\t<meta property=\"og:image:type\" content=\"image\/jpeg\" \/>\n<meta name=\"author\" content=\"Drogaria Araujo\" \/>\n<meta name=\"twitter:card\" content=\"summary_large_image\" \/>\n<meta name=\"twitter:label1\" content=\"Escrito por\" \/>\n\t<meta name=\"twitter:data1\" content=\"Drogaria Araujo\" \/>\n\t<meta name=\"twitter:label2\" content=\"Est. tempo de leitura\" \/>\n\t<meta name=\"twitter:data2\" content=\"6 minutos\" \/>\n<script type=\"application\/ld+json\" class=\"yoast-schema-graph\">{\"@context\":\"https:\/\/schema.org\",\"@graph\":[{\"@type\":\"WebPage\",\"@id\":\"https:\/\/araujo.com.br\/blog\/vacina-abrysvo\/\",\"url\":\"https:\/\/araujo.com.br\/blog\/vacina-abrysvo\/\",\"name\":\"Vacina Abrysvo: como proteger gr\u00e1vidas e idosos contra o VSR - Blog da Drogaria Araujo\",\"isPartOf\":{\"@id\":\"https:\/\/araujo.com.br\/blog\/#website\"},\"primaryImageOfPage\":{\"@id\":\"https:\/\/araujo.com.br\/blog\/vacina-abrysvo\/#primaryimage\"},\"image\":{\"@id\":\"https:\/\/araujo.com.br\/blog\/vacina-abrysvo\/#primaryimage\"},\"thumbnailUrl\":\"https:\/\/araujo.com.br\/blog\/wp-content\/uploads\/2025\/04\/AdobeStock_1027796603-scaled.jpeg\",\"datePublished\":\"2025-04-24T19:57:41+00:00\",\"dateModified\":\"2026-03-23T14:25:06+00:00\",\"author\":{\"@id\":\"https:\/\/araujo.com.br\/blog\/#\/schema\/person\/4e2eac75cf0e2c6b079ef9a0df2ece83\"},\"description\":\"Descubra como a vacina Abrysvo pode ser uma grande aliada na prote\u00e7\u00e3o de gr\u00e1vidas e idosos contra o V\u00edrus Sincicial Respirat\u00f3rio (VSR).\",\"breadcrumb\":{\"@id\":\"https:\/\/araujo.com.br\/blog\/vacina-abrysvo\/#breadcrumb\"},\"inLanguage\":\"pt-BR\",\"potentialAction\":[{\"@type\":\"ReadAction\",\"target\":[\"https:\/\/araujo.com.br\/blog\/vacina-abrysvo\/\"]}]},{\"@type\":\"ImageObject\",\"inLanguage\":\"pt-BR\",\"@id\":\"https:\/\/araujo.com.br\/blog\/vacina-abrysvo\/#primaryimage\",\"url\":\"https:\/\/araujo.com.br\/blog\/wp-content\/uploads\/2025\/04\/AdobeStock_1027796603-scaled.jpeg\",\"contentUrl\":\"https:\/\/araujo.com.br\/blog\/wp-content\/uploads\/2025\/04\/AdobeStock_1027796603-scaled.jpeg\",\"width\":2560,\"height\":1792,\"caption\":\"Senior man getting vaccinated against covid-19 new variant in hospital room\"},{\"@type\":\"BreadcrumbList\",\"@id\":\"https:\/\/araujo.com.br\/blog\/vacina-abrysvo\/#breadcrumb\",\"itemListElement\":[{\"@type\":\"ListItem\",\"position\":1,\"name\":\"In\u00edcio\",\"item\":\"https:\/\/araujo.com.br\/blog\/\"},{\"@type\":\"ListItem\",\"position\":2,\"name\":\"Vacina Abrysvo: como proteger gr\u00e1vidas e idosos contra o VSR\"}]},{\"@type\":\"WebSite\",\"@id\":\"https:\/\/araujo.com.br\/blog\/#website\",\"url\":\"https:\/\/araujo.com.br\/blog\/\",\"name\":\"Blog da Drogaria Araujo\",\"description\":\"Conte\u00fado que faz bem? A Araujo tem!\",\"potentialAction\":[{\"@type\":\"SearchAction\",\"target\":{\"@type\":\"EntryPoint\",\"urlTemplate\":\"https:\/\/araujo.com.br\/blog\/?s={search_term_string}\"},\"query-input\":{\"@type\":\"PropertyValueSpecification\",\"valueRequired\":true,\"valueName\":\"search_term_string\"}}],\"inLanguage\":\"pt-BR\"},{\"@type\":\"Person\",\"@id\":\"https:\/\/araujo.com.br\/blog\/#\/schema\/person\/4e2eac75cf0e2c6b079ef9a0df2ece83\",\"name\":\"Drogaria Araujo\",\"image\":{\"@type\":\"ImageObject\",\"inLanguage\":\"pt-BR\",\"@id\":\"https:\/\/araujo.com.br\/blog\/#\/schema\/person\/image\/\",\"url\":\"https:\/\/secure.gravatar.com\/avatar\/33e54dec0cd79fc4b5e911c15f836c46ec8d0e452ecd3ca5f707bce0a3540a3b?s=96&d=mm&r=g\",\"contentUrl\":\"https:\/\/secure.gravatar.com\/avatar\/33e54dec0cd79fc4b5e911c15f836c46ec8d0e452ecd3ca5f707bce0a3540a3b?s=96&d=mm&r=g\",\"caption\":\"Drogaria Araujo\"},\"description\":\"Especialista em Sa\u00fade da Fam\u00edlia. M\u00e9dico e nutricionista.\",\"sameAs\":[\"https:\/\/araujo.com.br\/blog\"],\"url\":\"https:\/\/araujo.com.br\/blog\/author\/admin\/\"}]}<\/script>\n<!-- \/ Yoast SEO plugin. -->","yoast_head_json":{"title":"Vacina Abrysvo: como proteger gr\u00e1vidas e idosos contra o VSR - Blog da Drogaria Araujo","description":"Descubra como a vacina Abrysvo pode ser uma grande aliada na prote\u00e7\u00e3o de gr\u00e1vidas e idosos contra o V\u00edrus Sincicial Respirat\u00f3rio (VSR).","robots":{"index":"index","follow":"follow","max-snippet":"max-snippet:-1","max-image-preview":"max-image-preview:large","max-video-preview":"max-video-preview:-1"},"canonical":"https:\/\/araujo.com.br\/blog\/vacina-abrysvo\/","og_locale":"pt_BR","og_type":"article","og_title":"Vacina Abrysvo: como proteger gr\u00e1vidas e idosos contra o VSR - Blog da Drogaria Araujo","og_description":"Descubra como a vacina Abrysvo pode ser uma grande aliada na prote\u00e7\u00e3o de gr\u00e1vidas e idosos contra o V\u00edrus Sincicial Respirat\u00f3rio (VSR).","og_url":"https:\/\/araujo.com.br\/blog\/vacina-abrysvo\/","og_site_name":"Blog da Drogaria Araujo","article_published_time":"2025-04-24T19:57:41+00:00","article_modified_time":"2026-03-23T14:25:06+00:00","og_image":[{"width":2560,"height":1792,"url":"http:\/\/araujo.com.br\/blog\/wp-content\/uploads\/2025\/04\/AdobeStock_1027796603-scaled.jpeg","type":"image\/jpeg"}],"author":"Drogaria Araujo","twitter_card":"summary_large_image","twitter_misc":{"Escrito por":"Drogaria Araujo","Est. tempo de leitura":"6 minutos"},"schema":{"@context":"https:\/\/schema.org","@graph":[{"@type":"WebPage","@id":"https:\/\/araujo.com.br\/blog\/vacina-abrysvo\/","url":"https:\/\/araujo.com.br\/blog\/vacina-abrysvo\/","name":"Vacina Abrysvo: como proteger gr\u00e1vidas e idosos contra o VSR - Blog da Drogaria Araujo","isPartOf":{"@id":"https:\/\/araujo.com.br\/blog\/#website"},"primaryImageOfPage":{"@id":"https:\/\/araujo.com.br\/blog\/vacina-abrysvo\/#primaryimage"},"image":{"@id":"https:\/\/araujo.com.br\/blog\/vacina-abrysvo\/#primaryimage"},"thumbnailUrl":"https:\/\/araujo.com.br\/blog\/wp-content\/uploads\/2025\/04\/AdobeStock_1027796603-scaled.jpeg","datePublished":"2025-04-24T19:57:41+00:00","dateModified":"2026-03-23T14:25:06+00:00","author":{"@id":"https:\/\/araujo.com.br\/blog\/#\/schema\/person\/4e2eac75cf0e2c6b079ef9a0df2ece83"},"description":"Descubra como a vacina Abrysvo pode ser uma grande aliada na prote\u00e7\u00e3o de gr\u00e1vidas e idosos contra o V\u00edrus Sincicial Respirat\u00f3rio (VSR).","breadcrumb":{"@id":"https:\/\/araujo.com.br\/blog\/vacina-abrysvo\/#breadcrumb"},"inLanguage":"pt-BR","potentialAction":[{"@type":"ReadAction","target":["https:\/\/araujo.com.br\/blog\/vacina-abrysvo\/"]}]},{"@type":"ImageObject","inLanguage":"pt-BR","@id":"https:\/\/araujo.com.br\/blog\/vacina-abrysvo\/#primaryimage","url":"https:\/\/araujo.com.br\/blog\/wp-content\/uploads\/2025\/04\/AdobeStock_1027796603-scaled.jpeg","contentUrl":"https:\/\/araujo.com.br\/blog\/wp-content\/uploads\/2025\/04\/AdobeStock_1027796603-scaled.jpeg","width":2560,"height":1792,"caption":"Senior man getting vaccinated against covid-19 new variant in hospital room"},{"@type":"BreadcrumbList","@id":"https:\/\/araujo.com.br\/blog\/vacina-abrysvo\/#breadcrumb","itemListElement":[{"@type":"ListItem","position":1,"name":"In\u00edcio","item":"https:\/\/araujo.com.br\/blog\/"},{"@type":"ListItem","position":2,"name":"Vacina Abrysvo: como proteger gr\u00e1vidas e idosos contra o VSR"}]},{"@type":"WebSite","@id":"https:\/\/araujo.com.br\/blog\/#website","url":"https:\/\/araujo.com.br\/blog\/","name":"Blog da Drogaria Araujo","description":"Conte\u00fado que faz bem? A Araujo tem!","potentialAction":[{"@type":"SearchAction","target":{"@type":"EntryPoint","urlTemplate":"https:\/\/araujo.com.br\/blog\/?s={search_term_string}"},"query-input":{"@type":"PropertyValueSpecification","valueRequired":true,"valueName":"search_term_string"}}],"inLanguage":"pt-BR"},{"@type":"Person","@id":"https:\/\/araujo.com.br\/blog\/#\/schema\/person\/4e2eac75cf0e2c6b079ef9a0df2ece83","name":"Drogaria Araujo","image":{"@type":"ImageObject","inLanguage":"pt-BR","@id":"https:\/\/araujo.com.br\/blog\/#\/schema\/person\/image\/","url":"https:\/\/secure.gravatar.com\/avatar\/33e54dec0cd79fc4b5e911c15f836c46ec8d0e452ecd3ca5f707bce0a3540a3b?s=96&d=mm&r=g","contentUrl":"https:\/\/secure.gravatar.com\/avatar\/33e54dec0cd79fc4b5e911c15f836c46ec8d0e452ecd3ca5f707bce0a3540a3b?s=96&d=mm&r=g","caption":"Drogaria Araujo"},"description":"Especialista em Sa\u00fade da Fam\u00edlia. M\u00e9dico e nutricionista.","sameAs":["https:\/\/araujo.com.br\/blog"],"url":"https:\/\/araujo.com.br\/blog\/author\/admin\/"}]}},"_links":{"self":[{"href":"https:\/\/araujo.com.br\/blog\/wp-json\/wp\/v2\/posts\/4951","targetHints":{"allow":["GET"]}}],"collection":[{"href":"https:\/\/araujo.com.br\/blog\/wp-json\/wp\/v2\/posts"}],"about":[{"href":"https:\/\/araujo.com.br\/blog\/wp-json\/wp\/v2\/types\/post"}],"author":[{"embeddable":true,"href":"https:\/\/araujo.com.br\/blog\/wp-json\/wp\/v2\/users\/1"}],"replies":[{"embeddable":true,"href":"https:\/\/araujo.com.br\/blog\/wp-json\/wp\/v2\/comments?post=4951"}],"version-history":[{"count":3,"href":"https:\/\/araujo.com.br\/blog\/wp-json\/wp\/v2\/posts\/4951\/revisions"}],"predecessor-version":[{"id":7643,"href":"https:\/\/araujo.com.br\/blog\/wp-json\/wp\/v2\/posts\/4951\/revisions\/7643"}],"wp:featuredmedia":[{"embeddable":true,"href":"https:\/\/araujo.com.br\/blog\/wp-json\/wp\/v2\/media\/4952"}],"wp:attachment":[{"href":"https:\/\/araujo.com.br\/blog\/wp-json\/wp\/v2\/media?parent=4951"}],"wp:term":[{"taxonomy":"category","embeddable":true,"href":"https:\/\/araujo.com.br\/blog\/wp-json\/wp\/v2\/categories?post=4951"},{"taxonomy":"post_tag","embeddable":true,"href":"https:\/\/araujo.com.br\/blog\/wp-json\/wp\/v2\/tags?post=4951"}],"curies":[{"name":"wp","href":"https:\/\/api.w.org\/{rel}","templated":true}]}}