{"id":4957,"date":"2025-04-28T17:00:43","date_gmt":"2025-04-28T14:00:43","guid":{"rendered":"https:\/\/araujo.com.br\/blog\/?p=4957"},"modified":"2025-11-27T23:11:36","modified_gmt":"2025-11-27T20:11:36","slug":"queda-de-cabelo","status":"publish","type":"post","link":"https:\/\/araujo.com.br\/blog\/queda-de-cabelo\/","title":{"rendered":"Queda de cabelo? Saiba as principais causas e cuidados para fios mais saud\u00e1veis"},"content":{"rendered":"\n<p>Voc\u00ea percebeu fios no travesseiro ou no ralo do banheiro? Calma, isso \u00e9 mais comum do que parece! A queda de cabelo \u00e9 algo que assusta, mas entender as causas e adotar os cuidados certos pode ser o caminho para devolver a vitalidade \u00e0s madeixas.&nbsp;<\/p>\n\n\n\n<p>Vamos descomplicar esse assunto?<\/p>\n\n\n\n<h2 class=\"wp-block-heading\">Por que o cabelo cai? Entenda as causas mais comuns<\/h2>\n\n\n\n<p>Nosso cabelo tem um ciclo natural de crescimento e queda, mas quando a perda de fios aumenta, \u00e9 hora de investigar. Algumas causas frequentes incluem:<\/p>\n\n\n\n<ul class=\"wp-block-list\">\n<li><strong>Fatores hormonais:<\/strong> mudan\u00e7as hormonais (como na gravidez, menopausa ou no ciclo menstrual) podem impactar o ciclo capilar;<\/li>\n\n\n\n<li><strong>Estresse e emo\u00e7\u00f5es: <\/strong>situa\u00e7\u00f5es de alta tens\u00e3o liberam horm\u00f4nios que interferem no ciclo capilar, acelerando a queda;<\/li>\n\n\n\n<li><strong>Defici\u00eancia de nutrientes:<\/strong> a falta de ferro, zinco e vitaminas do complexo B pode enfraquecer os fios;<\/li>\n\n\n\n<li><strong>Doen\u00e7as ou medicamentos: <\/strong>problemas na tireoide, anemias e alguns rem\u00e9dios podem desencadear a queda;<\/li>\n\n\n\n<li><strong>Infec\u00e7\u00f5es:<\/strong> dengue, covid e outras infec\u00e7\u00f5es por v\u00edrus ou bact\u00e9rias s\u00e3o motivo de queda capilar por gerarem um desequil\u00edbrio das nossas fun\u00e7\u00f5es org\u00e2nicas.<\/li>\n\n\n\n<li><strong>Excesso de qu\u00edmica e calor:<\/strong> alisamentos, tinturas e o uso constante de chapinha ou secador enfraquecem a fibra capilar.<\/li>\n<\/ul>\n\n\n\n<p>Voc\u00ea se identificou com algum desses fatores? A boa not\u00edcia \u00e9 que existem solu\u00e7\u00f5es para prevenir e resolver a queda de cabelo!<\/p>\n\n\n\n<h2 class=\"wp-block-heading\">Como cuidar do cabelo que est\u00e1 caindo? Dicas pr\u00e1ticas<\/h2>\n\n\n\n<p>Assim como uma planta precisa de solo rico para crescer, o cabelo precisa de cuidados que fortale\u00e7am a raiz e o comprimento. Veja algumas atitudes que fazem a diferen\u00e7a:<\/p>\n\n\n\n<h3 class=\"wp-block-heading\"><strong>Alimenta\u00e7\u00e3o balanceada<\/strong><\/h3>\n\n\n\n<p>Os cabelos refletem o que comemos. Inclua alimentos ricos em biotina (encontrada em ovos e oleaginosas), ferro (presente em folhas verdes escuras e carnes magras) e \u00f4mega 3 (peixes, sementes de chia e linha\u00e7a).&nbsp;<\/p>\n\n\n\n<p>Esses nutrientes ajudam a fortalecer os fios de dentro para fora e favorecem o crescimento capilar.<\/p>\n\n\n\n<h3 class=\"wp-block-heading\"><strong>Rotina de cuidados<\/strong><\/h3>\n\n\n\n<p>Use shampoos e t\u00f4nicos espec\u00edficos para queda, que estimulem a circula\u00e7\u00e3o no couro cabeludo e ajudem a revitalizar os fol\u00edculos capilares.&nbsp;<\/p>\n\n\n\n<p>Na Drogaria Araujo, voc\u00ea encontra op\u00e7\u00f5es que combinam ingredientes como cafe\u00edna, alecrim e minoxidil, conhecidos por combater a queda e estimular o crescimento.<\/p>\n\n\n\n<h3 class=\"wp-block-heading\"><strong>Massagem capilar<\/strong><\/h3>\n\n\n\n<p>Dedique alguns minutos no banho para massagear o couro cabeludo com as pontas dos dedos. Isso estimula a circula\u00e7\u00e3o sangu\u00ednea, ajudando os nutrientes a chegarem \u00e0 raiz dos fios.&nbsp;<\/p>\n\n\n\n<p><strong>Hidrata\u00e7\u00e3o e reconstru\u00e7\u00e3o\u00a0 \u00a0\u00a0\u00a0\u00a0\u00a0\u00a0\u00a0<\/strong><\/p>\n\n\n\n<p>Hidratar o cabelo \u00e9 essencial para prevenir a quebra &#8211; que muitas vezes \u00e9 confundida com queda. Aposte em m\u00e1scaras nutritivas ricas em queratina, col\u00e1geno e pantenol, que restauram a fibra capilar e devolvem a elasticidade aos fios.<\/p>\n\n\n\n<h3 class=\"wp-block-heading\"><strong>Evite o excesso de calor e qu\u00edmicas agressivas<\/strong><\/h3>\n\n\n\n<p>Sempre que poss\u00edvel, d\u00ea um descanso para a chapinha, secador e procedimentos qu\u00edmicos. Quando usar ferramentas de calor, aplique um protetor t\u00e9rmico para minimizar os danos.&nbsp;<\/p>\n\n\n\n<p>J\u00e1 para quem ama mudar o visual com tinturas, a dica \u00e9 optar por colora\u00e7\u00f5es sem am\u00f4nia e fazer tratamentos reconstrutores regularmente.<\/p>\n\n\n\n<h3 class=\"wp-block-heading\"><strong>Gerencie o estresse<\/strong><\/h3>\n\n\n\n<p>O estresse cr\u00f4nico \u00e9 um dos maiores vil\u00f5es do cabelo. Busque pr\u00e1ticas que promovam relaxamento, como ioga, medita\u00e7\u00e3o e exerc\u00edcios f\u00edsicos, que ajudam a equilibrar os horm\u00f4nios e reduzem o impacto do cortisol (o horm\u00f4nio do estresse) no organismo.<\/p>\n\n\n\n<h3 class=\"wp-block-heading\"><strong>Sono de qualidade\u00a0 \u00a0 \u00a0 \u00a0 \u00a0 \u00a0 \u00a0 \u00a0 \u00a0 \u00a0 \u00a0 \u00a0 \u00a0 \u00a0 \u00a0 \u00a0 \u00a0 \u00a0 \u00a0 \u00a0 \u00a0 \u00a0 \u00a0 \u00a0 \u00a0 \u00a0 \u00a0 \u00a0 \u00a0 \u00a0 \u00a0 \u00a0 \u00a0 \u00a0 \u00a0 \u00a0 \u00a0 \u00a0 \u00a0 \u00a0 \u00a0 \u00a0 \u00a0 \u00a0 \u00a0 \u00a0 \u00a0 \u00a0 \u00a0 \u00a0 \u00a0 \u00a0 \u00a0 \u00a0 \u00a0 \u00a0 \u00a0 \u00a0 \u00a0 \u00a0 \u00a0 \u00a0 \u00a0<\/strong><\/h3>\n\n\n\n<p>Pode parecer simples, mas dormir bem \u00e9 essencial para a sa\u00fade do cabelo! Durante o sono, o corpo se regenera, e isso inclui o crescimento dos fios. Tente manter uma rotina de sono regular, com pelo menos 7 a 8 horas de descanso por noite.<\/p>\n\n\n\n<p>Que tal come\u00e7ar com pequenos ajustes no dia a dia? Cuidar do cabelo \u00e9 um ato de autocuidado, e cada h\u00e1bito saud\u00e1vel conta!<\/p>\n\n\n\n<h2 class=\"wp-block-heading\">E durante o ciclo menstrual? Como proteger os fios?<\/h2>\n\n\n\n<p>Voc\u00ea j\u00e1 reparou que, em certos momentos do ciclo, o cabelo parece mais fr\u00e1gil? A varia\u00e7\u00e3o hormonal influencia diretamente a sa\u00fade capilar.&nbsp;<\/p>\n\n\n\n<p>Durante a menstrua\u00e7\u00e3o, a queda de ferro pode enfraquecer os fios. J\u00e1 na TPM, o aumento da oleosidade pode obstruir os fol\u00edculos.<\/p>\n\n\n\n<p>A solu\u00e7\u00e3o? Capriche na hidrata\u00e7\u00e3o e inclua suplementos capilares (sempre com orienta\u00e7\u00e3o profissional). Na Drogaria Araujo, voc\u00ea encontra op\u00e7\u00f5es completas para cuidar dos fios de dentro para fora.<\/p>\n\n\n\n<h2 class=\"wp-block-heading\">Produtos aliados para combater a queda de cabelo<\/h2>\n\n\n\n<p>Cuidar do cabelo tamb\u00e9m \u00e9 sobre escolher os produtos certos. Invista em:<\/p>\n\n\n\n<ul class=\"wp-block-list\">\n<li><strong>Shampoos antirres\u00edduos:<\/strong> limpam profundamente o couro cabeludo;<\/li>\n\n\n\n<li><strong>T\u00f4nicos fortificantes: <\/strong>estimulam a raiz e favorecem o crescimento;<\/li>\n\n\n\n<li><strong>Vitaminas e suplementos: <\/strong>ajudam a repor nutrientes essenciais;<\/li>\n\n\n\n<li><strong>M\u00e1scaras nutritivas:<\/strong> hidrata\u00e7\u00e3o \u00e9 a chave para fios mais resistentes.<\/li>\n<\/ul>\n\n\n\n<p>E o melhor? Na Araujo, <a href=\"https:\/\/www.araujo.com.br\/cabelo\/shampoos?PS=16\">voc\u00ea encontra tudo em um s\u00f3 lugar!<\/a><\/p>\n\n\n\n<h2 class=\"wp-block-heading\">Quando procurar um especialista?<\/h2>\n\n\n\n<p>Se a queda persistir ou vier acompanhada de outros sintomas (como coceira intensa ou falhas no couro cabeludo), buscar ajuda m\u00e9dica \u00e9 essencial. Dermatologistas s\u00e3o os profissionais indicados para um diagn\u00f3stico preciso e tratamento personalizado.<\/p>\n\n\n\n<p>Eles podem solicitar exames para investigar defici\u00eancias nutricionais, altera\u00e7\u00f5es hormonais ou condi\u00e7\u00f5es espec\u00edficas, como alopecia areata. Al\u00e9m disso, existem tratamentos mais avan\u00e7ados que podem ser recomendados, como:<\/p>\n\n\n\n<ul class=\"wp-block-list\">\n<li><strong>Terapia com laser de baixa intensidade: <\/strong>estimula a circula\u00e7\u00e3o e ativa os fol\u00edculos adormecidos;<\/li>\n\n\n\n<li><strong>Microagulhamento capilar: <\/strong>promove pequenas perfura\u00e7\u00f5es no couro cabeludo para estimular a produ\u00e7\u00e3o de col\u00e1geno e facilitar a absor\u00e7\u00e3o de ativos;<\/li>\n\n\n\n<li><strong>Intralesional ou mesoterapia: <\/strong>aplica\u00e7\u00f5es de medicamentos diretamente no couro cabeludo para tratar a queda de forma localizada.<\/li>\n<\/ul>\n\n\n\n<p>O importante \u00e9 n\u00e3o ignorar os sinais e buscar orienta\u00e7\u00e3o para encontrar o melhor caminho para recuperar a sa\u00fade capilar!<\/p>\n\n\n\n<h2 class=\"wp-block-heading\">Cuide do seu cabelo com carinho (e conte com a Drogaria Araujo!)<\/h2>\n\n\n\n<p>Seu cabelo reflete sua sa\u00fade e bem-estar. Ao entender as causas da queda e adotar uma <a href=\"https:\/\/araujo.com.br\/blog\/cronograma-capilar\/\">rotina de cuidados<\/a>, voc\u00ea fortalece n\u00e3o s\u00f3 os fios, mas tamb\u00e9m a sua autoestima. Cuidar do cabelo \u00e9 tamb\u00e9m um momento de conex\u00e3o com voc\u00ea, um ritual de autocuidado que traz benef\u00edcios para o corpo e para a mente.<\/p>\n\n\n\n<p>E lembre-se: a Drogaria Araujo est\u00e1 aqui para te acompanhar nessa jornada, com <a href=\"https:\/\/www.araujo.com.br\/cabelo\/mascaras\">produtos de qualidade<\/a>, marcas renomadas e tudo o que voc\u00ea precisa para manter seus fios saud\u00e1veis e fortes. Que tal dar o primeiro passo hoje? Acesse nosso site ou visite a loja mais pr\u00f3xima e descubra os produtos perfeitos para o seu tipo de cabelo.&nbsp;<\/p>\n\n\n\n<p>Por isso, seja qual for a fase do seu cabelo, o mais importante \u00e9 cuidar com paci\u00eancia e carinho. Cada fio que nasce \u00e9 um sinal de renova\u00e7\u00e3o &#8211; e com os cuidados certos, voc\u00ea ver\u00e1 que a for\u00e7a e a beleza dos seus cabelos sempre podem florescer!<\/p>\n\n\n\n<p><em>Este artigo foi revisado pela m\u00e9dica dermatologista Raquel Ferreira Queiroz de Melo&nbsp;CRMMG 78356 RQE 57168<\/em><\/p>\n","protected":false},"excerpt":{"rendered":"<p>Voc\u00ea percebeu fios no travesseiro ou no ralo do banheiro? Calma, isso \u00e9 mais comum do que parece! A queda de cabelo \u00e9 algo que assusta, mas entender as causas e adotar os cuidados certos pode ser o caminho para devolver a vitalidade \u00e0s madeixas.&nbsp; Vamos descomplicar esse assunto? Por que o cabelo cai? Entenda [&hellip;]<\/p>\n","protected":false},"author":1,"featured_media":4959,"comment_status":"open","ping_status":"open","sticky":false,"template":"","format":"standard","meta":{"_acf_changed":false,"footnotes":""},"categories":[38,4],"tags":[64,529,294],"class_list":["post-4957","post","type-post","status-publish","format-standard","has-post-thumbnail","hentry","category-cuidados-cabelo","category-mais-beleza","tag-cabelo","tag-queda-de-cabelo","tag-saude"],"acf":[],"yoast_head":"<!-- This site is optimized with the Yoast SEO plugin v24.3 - https:\/\/yoast.com\/wordpress\/plugins\/seo\/ -->\n<title>Queda de cabelo? Saiba as principais causas e cuidados para fios mais saud\u00e1veis - Blog da Drogaria Araujo<\/title>\n<meta name=\"description\" content=\"Sofrendo com a queda de cabelo? Descubra as principais causas e os melhores cuidados para ter fios mais fortes e saud\u00e1veis.\" \/>\n<meta name=\"robots\" content=\"index, follow, max-snippet:-1, max-image-preview:large, max-video-preview:-1\" \/>\n<link rel=\"canonical\" href=\"https:\/\/araujo.com.br\/blog\/queda-de-cabelo\/\" \/>\n<meta property=\"og:locale\" content=\"pt_BR\" \/>\n<meta property=\"og:type\" content=\"article\" \/>\n<meta property=\"og:title\" content=\"Queda de cabelo? Saiba as principais causas e cuidados para fios mais saud\u00e1veis - Blog da Drogaria Araujo\" \/>\n<meta property=\"og:description\" content=\"Sofrendo com a queda de cabelo? Descubra as principais causas e os melhores cuidados para ter fios mais fortes e saud\u00e1veis.\" \/>\n<meta property=\"og:url\" content=\"https:\/\/araujo.com.br\/blog\/queda-de-cabelo\/\" \/>\n<meta property=\"og:site_name\" content=\"Blog da Drogaria Araujo\" \/>\n<meta property=\"article:published_time\" content=\"2025-04-28T14:00:43+00:00\" \/>\n<meta property=\"article:modified_time\" content=\"2025-11-27T20:11:36+00:00\" \/>\n<meta property=\"og:image\" content=\"https:\/\/araujo.com.br\/blog\/wp-content\/uploads\/2025\/04\/AdobeStock_258479272-scaled.jpeg\" \/>\n\t<meta property=\"og:image:width\" content=\"2560\" \/>\n\t<meta property=\"og:image:height\" content=\"1709\" \/>\n\t<meta property=\"og:image:type\" content=\"image\/jpeg\" \/>\n<meta name=\"author\" content=\"Drogaria Araujo\" \/>\n<meta name=\"twitter:card\" content=\"summary_large_image\" \/>\n<meta name=\"twitter:label1\" content=\"Escrito por\" \/>\n\t<meta name=\"twitter:data1\" content=\"Drogaria Araujo\" \/>\n\t<meta name=\"twitter:label2\" content=\"Est. tempo de leitura\" \/>\n\t<meta name=\"twitter:data2\" content=\"7 minutos\" \/>\n<script type=\"application\/ld+json\" class=\"yoast-schema-graph\">{\"@context\":\"https:\/\/schema.org\",\"@graph\":[{\"@type\":\"WebPage\",\"@id\":\"https:\/\/araujo.com.br\/blog\/queda-de-cabelo\/\",\"url\":\"https:\/\/araujo.com.br\/blog\/queda-de-cabelo\/\",\"name\":\"Queda de cabelo? Saiba as principais causas e cuidados para fios mais saud\u00e1veis - Blog da Drogaria Araujo\",\"isPartOf\":{\"@id\":\"https:\/\/araujo.com.br\/blog\/#website\"},\"primaryImageOfPage\":{\"@id\":\"https:\/\/araujo.com.br\/blog\/queda-de-cabelo\/#primaryimage\"},\"image\":{\"@id\":\"https:\/\/araujo.com.br\/blog\/queda-de-cabelo\/#primaryimage\"},\"thumbnailUrl\":\"https:\/\/araujo.com.br\/blog\/wp-content\/uploads\/2025\/04\/AdobeStock_258479272-scaled.jpeg\",\"datePublished\":\"2025-04-28T14:00:43+00:00\",\"dateModified\":\"2025-11-27T20:11:36+00:00\",\"author\":{\"@id\":\"https:\/\/araujo.com.br\/blog\/#\/schema\/person\/4e2eac75cf0e2c6b079ef9a0df2ece83\"},\"description\":\"Sofrendo com a queda de cabelo? Descubra as principais causas e os melhores cuidados para ter fios mais fortes e saud\u00e1veis.\",\"breadcrumb\":{\"@id\":\"https:\/\/araujo.com.br\/blog\/queda-de-cabelo\/#breadcrumb\"},\"inLanguage\":\"pt-BR\",\"potentialAction\":[{\"@type\":\"ReadAction\",\"target\":[\"https:\/\/araujo.com.br\/blog\/queda-de-cabelo\/\"]}]},{\"@type\":\"ImageObject\",\"inLanguage\":\"pt-BR\",\"@id\":\"https:\/\/araujo.com.br\/blog\/queda-de-cabelo\/#primaryimage\",\"url\":\"https:\/\/araujo.com.br\/blog\/wp-content\/uploads\/2025\/04\/AdobeStock_258479272-scaled.jpeg\",\"contentUrl\":\"https:\/\/araujo.com.br\/blog\/wp-content\/uploads\/2025\/04\/AdobeStock_258479272-scaled.jpeg\",\"width\":2560,\"height\":1709,\"caption\":\"Healthy concept. Woman show her brush with long loss hair and looking at her hair.\"},{\"@type\":\"BreadcrumbList\",\"@id\":\"https:\/\/araujo.com.br\/blog\/queda-de-cabelo\/#breadcrumb\",\"itemListElement\":[{\"@type\":\"ListItem\",\"position\":1,\"name\":\"In\u00edcio\",\"item\":\"https:\/\/araujo.com.br\/blog\/\"},{\"@type\":\"ListItem\",\"position\":2,\"name\":\"Queda de cabelo? Saiba as principais causas e cuidados para fios mais saud\u00e1veis\"}]},{\"@type\":\"WebSite\",\"@id\":\"https:\/\/araujo.com.br\/blog\/#website\",\"url\":\"https:\/\/araujo.com.br\/blog\/\",\"name\":\"Blog da Drogaria Araujo\",\"description\":\"Conte\u00fado que faz bem? A Araujo tem!\",\"potentialAction\":[{\"@type\":\"SearchAction\",\"target\":{\"@type\":\"EntryPoint\",\"urlTemplate\":\"https:\/\/araujo.com.br\/blog\/?s={search_term_string}\"},\"query-input\":{\"@type\":\"PropertyValueSpecification\",\"valueRequired\":true,\"valueName\":\"search_term_string\"}}],\"inLanguage\":\"pt-BR\"},{\"@type\":\"Person\",\"@id\":\"https:\/\/araujo.com.br\/blog\/#\/schema\/person\/4e2eac75cf0e2c6b079ef9a0df2ece83\",\"name\":\"Drogaria Araujo\",\"image\":{\"@type\":\"ImageObject\",\"inLanguage\":\"pt-BR\",\"@id\":\"https:\/\/araujo.com.br\/blog\/#\/schema\/person\/image\/\",\"url\":\"https:\/\/secure.gravatar.com\/avatar\/33e54dec0cd79fc4b5e911c15f836c46ec8d0e452ecd3ca5f707bce0a3540a3b?s=96&d=mm&r=g\",\"contentUrl\":\"https:\/\/secure.gravatar.com\/avatar\/33e54dec0cd79fc4b5e911c15f836c46ec8d0e452ecd3ca5f707bce0a3540a3b?s=96&d=mm&r=g\",\"caption\":\"Drogaria Araujo\"},\"description\":\"Especialista em Sa\u00fade da Fam\u00edlia. M\u00e9dico e nutricionista.\",\"sameAs\":[\"https:\/\/araujo.com.br\/blog\"],\"url\":\"https:\/\/araujo.com.br\/blog\/author\/admin\/\"}]}<\/script>\n<!-- \/ Yoast SEO plugin. -->","yoast_head_json":{"title":"Queda de cabelo? Saiba as principais causas e cuidados para fios mais saud\u00e1veis - Blog da Drogaria Araujo","description":"Sofrendo com a queda de cabelo? Descubra as principais causas e os melhores cuidados para ter fios mais fortes e saud\u00e1veis.","robots":{"index":"index","follow":"follow","max-snippet":"max-snippet:-1","max-image-preview":"max-image-preview:large","max-video-preview":"max-video-preview:-1"},"canonical":"https:\/\/araujo.com.br\/blog\/queda-de-cabelo\/","og_locale":"pt_BR","og_type":"article","og_title":"Queda de cabelo? Saiba as principais causas e cuidados para fios mais saud\u00e1veis - Blog da Drogaria Araujo","og_description":"Sofrendo com a queda de cabelo? Descubra as principais causas e os melhores cuidados para ter fios mais fortes e saud\u00e1veis.","og_url":"https:\/\/araujo.com.br\/blog\/queda-de-cabelo\/","og_site_name":"Blog da Drogaria Araujo","article_published_time":"2025-04-28T14:00:43+00:00","article_modified_time":"2025-11-27T20:11:36+00:00","og_image":[{"width":2560,"height":1709,"url":"https:\/\/araujo.com.br\/blog\/wp-content\/uploads\/2025\/04\/AdobeStock_258479272-scaled.jpeg","type":"image\/jpeg"}],"author":"Drogaria Araujo","twitter_card":"summary_large_image","twitter_misc":{"Escrito por":"Drogaria Araujo","Est. tempo de leitura":"7 minutos"},"schema":{"@context":"https:\/\/schema.org","@graph":[{"@type":"WebPage","@id":"https:\/\/araujo.com.br\/blog\/queda-de-cabelo\/","url":"https:\/\/araujo.com.br\/blog\/queda-de-cabelo\/","name":"Queda de cabelo? Saiba as principais causas e cuidados para fios mais saud\u00e1veis - Blog da Drogaria Araujo","isPartOf":{"@id":"https:\/\/araujo.com.br\/blog\/#website"},"primaryImageOfPage":{"@id":"https:\/\/araujo.com.br\/blog\/queda-de-cabelo\/#primaryimage"},"image":{"@id":"https:\/\/araujo.com.br\/blog\/queda-de-cabelo\/#primaryimage"},"thumbnailUrl":"https:\/\/araujo.com.br\/blog\/wp-content\/uploads\/2025\/04\/AdobeStock_258479272-scaled.jpeg","datePublished":"2025-04-28T14:00:43+00:00","dateModified":"2025-11-27T20:11:36+00:00","author":{"@id":"https:\/\/araujo.com.br\/blog\/#\/schema\/person\/4e2eac75cf0e2c6b079ef9a0df2ece83"},"description":"Sofrendo com a queda de cabelo? Descubra as principais causas e os melhores cuidados para ter fios mais fortes e saud\u00e1veis.","breadcrumb":{"@id":"https:\/\/araujo.com.br\/blog\/queda-de-cabelo\/#breadcrumb"},"inLanguage":"pt-BR","potentialAction":[{"@type":"ReadAction","target":["https:\/\/araujo.com.br\/blog\/queda-de-cabelo\/"]}]},{"@type":"ImageObject","inLanguage":"pt-BR","@id":"https:\/\/araujo.com.br\/blog\/queda-de-cabelo\/#primaryimage","url":"https:\/\/araujo.com.br\/blog\/wp-content\/uploads\/2025\/04\/AdobeStock_258479272-scaled.jpeg","contentUrl":"https:\/\/araujo.com.br\/blog\/wp-content\/uploads\/2025\/04\/AdobeStock_258479272-scaled.jpeg","width":2560,"height":1709,"caption":"Healthy concept. Woman show her brush with long loss hair and looking at her hair."},{"@type":"BreadcrumbList","@id":"https:\/\/araujo.com.br\/blog\/queda-de-cabelo\/#breadcrumb","itemListElement":[{"@type":"ListItem","position":1,"name":"In\u00edcio","item":"https:\/\/araujo.com.br\/blog\/"},{"@type":"ListItem","position":2,"name":"Queda de cabelo? Saiba as principais causas e cuidados para fios mais saud\u00e1veis"}]},{"@type":"WebSite","@id":"https:\/\/araujo.com.br\/blog\/#website","url":"https:\/\/araujo.com.br\/blog\/","name":"Blog da Drogaria Araujo","description":"Conte\u00fado que faz bem? A Araujo tem!","potentialAction":[{"@type":"SearchAction","target":{"@type":"EntryPoint","urlTemplate":"https:\/\/araujo.com.br\/blog\/?s={search_term_string}"},"query-input":{"@type":"PropertyValueSpecification","valueRequired":true,"valueName":"search_term_string"}}],"inLanguage":"pt-BR"},{"@type":"Person","@id":"https:\/\/araujo.com.br\/blog\/#\/schema\/person\/4e2eac75cf0e2c6b079ef9a0df2ece83","name":"Drogaria Araujo","image":{"@type":"ImageObject","inLanguage":"pt-BR","@id":"https:\/\/araujo.com.br\/blog\/#\/schema\/person\/image\/","url":"https:\/\/secure.gravatar.com\/avatar\/33e54dec0cd79fc4b5e911c15f836c46ec8d0e452ecd3ca5f707bce0a3540a3b?s=96&d=mm&r=g","contentUrl":"https:\/\/secure.gravatar.com\/avatar\/33e54dec0cd79fc4b5e911c15f836c46ec8d0e452ecd3ca5f707bce0a3540a3b?s=96&d=mm&r=g","caption":"Drogaria Araujo"},"description":"Especialista em Sa\u00fade da Fam\u00edlia. M\u00e9dico e nutricionista.","sameAs":["https:\/\/araujo.com.br\/blog"],"url":"https:\/\/araujo.com.br\/blog\/author\/admin\/"}]}},"_links":{"self":[{"href":"https:\/\/araujo.com.br\/blog\/wp-json\/wp\/v2\/posts\/4957","targetHints":{"allow":["GET"]}}],"collection":[{"href":"https:\/\/araujo.com.br\/blog\/wp-json\/wp\/v2\/posts"}],"about":[{"href":"https:\/\/araujo.com.br\/blog\/wp-json\/wp\/v2\/types\/post"}],"author":[{"embeddable":true,"href":"https:\/\/araujo.com.br\/blog\/wp-json\/wp\/v2\/users\/1"}],"replies":[{"embeddable":true,"href":"https:\/\/araujo.com.br\/blog\/wp-json\/wp\/v2\/comments?post=4957"}],"version-history":[{"count":3,"href":"https:\/\/araujo.com.br\/blog\/wp-json\/wp\/v2\/posts\/4957\/revisions"}],"predecessor-version":[{"id":6469,"href":"https:\/\/araujo.com.br\/blog\/wp-json\/wp\/v2\/posts\/4957\/revisions\/6469"}],"wp:featuredmedia":[{"embeddable":true,"href":"https:\/\/araujo.com.br\/blog\/wp-json\/wp\/v2\/media\/4959"}],"wp:attachment":[{"href":"https:\/\/araujo.com.br\/blog\/wp-json\/wp\/v2\/media?parent=4957"}],"wp:term":[{"taxonomy":"category","embeddable":true,"href":"https:\/\/araujo.com.br\/blog\/wp-json\/wp\/v2\/categories?post=4957"},{"taxonomy":"post_tag","embeddable":true,"href":"https:\/\/araujo.com.br\/blog\/wp-json\/wp\/v2\/tags?post=4957"}],"curies":[{"name":"wp","href":"https:\/\/api.w.org\/{rel}","templated":true}]}}