{"id":5794,"date":"2025-09-04T15:50:48","date_gmt":"2025-09-04T12:50:48","guid":{"rendered":"https:\/\/araujo.com.br\/blog\/?p=5794"},"modified":"2025-09-04T15:50:50","modified_gmt":"2025-09-04T12:50:50","slug":"obesidade-em-idosos","status":"publish","type":"post","link":"https:\/\/araujo.com.br\/blog\/obesidade-em-idosos\/","title":{"rendered":"Obesidade em idosos: descubra os riscos e como prevenir"},"content":{"rendered":"\n<p>A obesidade \u00e9 uma preocupa\u00e7\u00e3o crescente em todas as faixas et\u00e1rias. Mas, na terceira idade, seus efeitos podem ser ainda mais prejudiciais. No Brasil, o n\u00famero de <strong>idosos com sobrepeso e obesidade<\/strong> tem aumentado significativamente nos \u00faltimos anos. Segundo estudo da Universidade Federal de Pelotas (UFPel), a taxa de <strong>excesso de peso<\/strong> entre brasileiros na faixa et\u00e1ria de 45 a 54 anos chega a <strong>68,5%<\/strong>,<strong> <\/strong>indicando uma tend\u00eancia preocupante.<\/p>\n\n\n\n<p>Antes de explorarmos os riscos da obesidade em idosos e suas formas de preven\u00e7\u00e3o, \u00e9 importante entender o que acontece no corpo durante o envelhecimento e como isso impacta no peso.<\/p>\n\n\n\n<h2 class=\"wp-block-heading\"><strong>Entenda o processo de envelhecimento<\/strong><\/h2>\n\n\n\n<p>\u00c0 medida que envelhecemos, o corpo passa por diversas mudan\u00e7as fisiol\u00f3gicas que podem influenciar o ganho de peso. A redu\u00e7\u00e3o da taxa de metabolismo basal, a diminui\u00e7\u00e3o da massa muscular e as altera\u00e7\u00f5es hormonais contribuem para o ac\u00famulo de gordura, especialmente na regi\u00e3o abdominal. Por isso, esses fatores tornam os idosos mais suscet\u00edveis \u00e0 obesidade, mesmo sem altera\u00e7\u00f5es significativas na alimenta\u00e7\u00e3o.<\/p>\n\n\n\n<p>Al\u00e9m disso, o estilo de vida sedent\u00e1rio e a alimenta\u00e7\u00e3o inadequada s\u00e3o comuns nessa fase da vida, agravando ainda mais o problema. A obesidade em idosos pode levar a uma s\u00e9rie de complica\u00e7\u00f5es de sa\u00fade, impactando diretamente na qualidade de vida.<\/p>\n\n\n\n<h2 class=\"wp-block-heading\"><strong>Doen\u00e7as agravadas pela obesidade em idosos<\/strong><\/h2>\n\n\n\n<p>Nesse sentido, o excesso de peso na terceira idade est\u00e1 associado a diversas doen\u00e7as cr\u00f4nicas e condi\u00e7\u00f5es de sa\u00fade debilitantes. Entre as principais est\u00e3o:<\/p>\n\n\n\n<ul class=\"wp-block-list\">\n<li><strong>Doen\u00e7as cardiovasculares<\/strong>: a obesidade aumenta o risco de hipertens\u00e3o, infarto e acidente vascular cerebral (AVC), devido ao ac\u00famulo de gordura nas art\u00e9rias e ao aumento da press\u00e3o arterial.\u00a0<\/li>\n<\/ul>\n\n\n\n<p>Leia mais: <a href=\"https:\/\/araujo.com.br\/blog\/doencas-cardiovasculares-conheca-os-exames-rapidos-de-diagnostico\/\">Doen\u00e7as cardiovasculares: conhe\u00e7a os exames r\u00e1pidos de diagn\u00f3stico<\/a><\/p>\n\n\n\n<ul class=\"wp-block-list\">\n<li><strong><em><a href=\"https:\/\/araujo.com.br\/blog\/diabetes-tipo-2-causas-sintomas\/\">Diabetes tipo 2<\/a><\/em><\/strong>: o excesso de gordura corporal pode levar \u00e0 resist\u00eancia \u00e0 insulina, elevando os n\u00edveis de glicose no sangue e predispondo ao <em>diabetes<\/em>.<br><\/li>\n\n\n\n<li><strong>Apneia do sono<\/strong>: a gordura acumulada na regi\u00e3o do pesco\u00e7o pode obstruir as vias respirat\u00f3rias, assim, causa interrup\u00e7\u00f5es no sono e fadiga diurna.<br><\/li>\n\n\n\n<li><strong>Problemas nas articula\u00e7\u00f5es<\/strong>: o sobrepeso coloca press\u00e3o adicional nas articula\u00e7\u00f5es, especialmente nos joelhos e quadris, aumentando o risco de osteoartrite e dores cr\u00f4nicas.<br><\/li>\n\n\n\n<li><strong>Sarcopenia<\/strong>: a perda de massa muscular associada \u00e0 obesidade pode comprometer a mobilidade e o equil\u00edbrio, aumentando o risco de quedas e fraturas.<\/li>\n<\/ul>\n\n\n\n<p>Mergulhe no tema \u2013 <a href=\"https:\/\/araujo.com.br\/blog\/obesidade-como-prevenir\/\">Obesidade: como prevenir com h\u00e1bitos saud\u00e1veis e escolhas conscientes no dia a dia<\/a><\/p>\n\n\n\n<h2 class=\"wp-block-heading\"><strong>Como prevenir a obesidade em idosos?<\/strong><\/h2>\n\n\n\n<p>Em primeiro lugar, \u00e9 importante ter em mente que a preven\u00e7\u00e3o da obesidade nesta fase da vida requer uma abordagem multifacetada, com mudan\u00e7as no estilo de vida e acompanhamento m\u00e9dico regular. Algumas estrat\u00e9gias eficazes incluem:<\/p>\n\n\n\n<ul class=\"wp-block-list\">\n<li><strong>Alimenta\u00e7\u00e3o balanceada<\/strong>: priorizar alimentos ricos em nutrientes, como frutas, verduras, prote\u00ednas magras e gr\u00e3os integrais. Reduzir o consumo de alimentos processados, ricos em gorduras saturadas e a\u00e7\u00facares.<br><\/li>\n\n\n\n<li><strong>Controle das por\u00e7\u00f5es<\/strong>: comer em por\u00e7\u00f5es adequadas \u00e0s necessidades energ\u00e9ticas do idoso, evitando excessos que possam levar ao ganho de peso.<br><\/li>\n\n\n\n<li><strong>Atividade f\u00edsica regular<\/strong>: a pr\u00e1tica de exerc\u00edcios f\u00edsicos, como caminhada, dan\u00e7a, pilates e hidrogin\u00e1stica, ajuda a manter o peso corporal saud\u00e1vel, fortalece os m\u00fasculos e, ent\u00e3o, melhora o equil\u00edbrio.<br><\/li>\n\n\n\n<li><strong>Acompanhamento profissional<\/strong>: consultar regularmente m\u00e9dicos, nutricionistas e fisioterapeutas para monitorar a sa\u00fade e ajustar o plano de cuidados conforme necess\u00e1rio.<br><\/li>\n\n\n\n<li><strong>Suporte psicol\u00f3gico<\/strong>: o apoio emocional \u00e9 inegavelmente fundamental para lidar com as mudan\u00e7as relacionadas ao envelhecimento e para manter a motiva\u00e7\u00e3o em rela\u00e7\u00e3o a h\u00e1bitos saud\u00e1veis.<\/li>\n<\/ul>\n\n\n\n<figure class=\"wp-block-table\"><table class=\"has-fixed-layout\"><tbody><tr><td><strong>SEXO<\/strong><\/td><td><strong>IMC \u226530<\/strong><\/td><td><strong>IMC \u226535<\/strong><\/td><td><strong>IMC \u226540<\/strong><\/td><\/tr><tr><td><strong>Homens<\/strong><\/td><td>Preval\u00eancia (%)<\/td><td>25,87<\/td><td>6,50<\/td><\/tr><tr><td><\/td><td>N\u00famero total<\/td><td>21.023.968<\/td><td>5.281.970<\/td><\/tr><tr><td><strong>Mulheres<\/strong><\/td><td>Preval\u00eancia (%)<\/td><td>33,25<\/td><td>14,01<\/td><\/tr><tr><td><\/td><td>N\u00famero total<\/td><td>28.977.057<\/td><td>12.213.388<\/td><\/tr><\/tbody><\/table><\/figure>\n\n\n\n<h2 class=\"wp-block-heading\"><strong>Como melhorar a sa\u00fade do idoso?<\/strong><\/h2>\n\n\n\n<p>Al\u00e9m da preven\u00e7\u00e3o da obesidade, \u00e9 essencial adotar h\u00e1bitos que promovam a sa\u00fade geral. Assim, algumas pr\u00e1ticas incluem:<\/p>\n\n\n\n<ul class=\"wp-block-list\">\n<li><strong>Estimula\u00e7\u00e3o cognitiva<\/strong>: participar de atividades que desafiem o c\u00e9rebro, como leitura, jogos de mem\u00f3ria e quebra-cabe\u00e7as, ajuda a manter a mente ativa e pode prevenir doen\u00e7as neurodegenerativas.<br><\/li>\n\n\n\n<li><strong>Socializa\u00e7\u00e3o<\/strong>: manter-se socialmente ativo, participando de grupos comunit\u00e1rios, clubes ou encontros com amigos e familiares, contribui para o bem-estar emocional e psicol\u00f3gico.<br><\/li>\n\n\n\n<li><strong>Higiene do sono<\/strong>: uma rotina de sono regular, com hor\u00e1rios consistentes para dormir e acordar e a cria\u00e7\u00e3o de um ambiente prop\u00edcio para o descanso s\u00e3o fundamentais para a sa\u00fade f\u00edsica e mental.<br><\/li>\n\n\n\n<li><strong>Hidrata\u00e7\u00e3o adequada<\/strong>: beber l\u00edquidos suficientes ao longo do dia, preferencialmente \u00e1gua, para manter o corpo hidratado e auxiliar nas fun\u00e7\u00f5es fisiol\u00f3gicas.<br><\/li>\n\n\n\n<li><strong>Monitoramento da sa\u00fade<\/strong>: realizar exames m\u00e9dicos peri\u00f3dicos, como aferi\u00e7\u00e3o da press\u00e3o arterial, controle dos n\u00edveis de glicose e colesterol e avalia\u00e7\u00e3o da fun\u00e7\u00e3o renal, para detectar precocemente poss\u00edveis problemas de sa\u00fade.<\/li>\n<\/ul>\n\n\n\n<h2 class=\"wp-block-heading\"><strong>Viva melhor na terceira idade<\/strong><\/h2>\n\n\n\n<p>Em resumo, entender o envelhecimento do corpo, adotar h\u00e1bitos saud\u00e1veis e contar com acompanhamento profissional s\u00e3o medidas essenciais para proteger a sa\u00fade e garantir uma vida plena.<\/p>\n\n\n\n<p>Lembre-se: n\u00e3o se trata apenas de emagrecer, mas de viver melhor. Com aten\u00e7\u00e3o \u00e0 alimenta\u00e7\u00e3o, pr\u00e1tica de atividades f\u00edsicas e est\u00edmulos cognitivos \u00e9 poss\u00edvel envelhecer com sa\u00fade, autonomia e bem-estar.\u00a0<\/p>\n\n\n\n<p><strong>*Fontes:&nbsp;<\/strong><\/p>\n\n\n\n<p><a href=\"https:\/\/sbgg.org.br\/obesidade-e-envelhecimento\/\">Sociedade Brasileira de Geriatria e Gerontologia<\/a>,&nbsp;<\/p>\n\n\n\n<p><a href=\"https:\/\/s3-eu-west-1.amazonaws.com\/wof-files\/World_Obesity_Atlas_2022.pdf\">World Obesity Atlas 2022<\/a>,<\/p>\n\n\n\n<p><strong>&nbsp;<\/strong><a href=\"https:\/\/www.intramed.net\/content\/104804\">IntraMed<\/a>,&nbsp;<\/p>\n\n\n\n<p><a href=\"https:\/\/agenciabrasil.ebc.com.br\/saude\/noticia\/2023-06\/mais-da-metade-dos-brasileiros-tem-excesso-de-peso-aponta-estudo\">Ag\u00eancia Brasil<\/a>,&nbsp;<\/p>\n\n\n\n<p><a href=\"https:\/\/academiamedica.com.br\/blog\/prevalencia-de-obesidade-e-excesso-de-peso-aumento-de-90-entre-jovens-de-18-a-24-anos-no-brasil\">Academia M\u00e9dica<\/a>,<a href=\"https:\/\/www1.folha.uol.com.br\/equilibrioesaude\/2022\/05\/obesidade-deve-atingir-30-da-populacao-adulta-no-brasil-em-2030-aponta-projecao.shtml\">&nbsp;<\/a><\/p>\n\n\n\n<p><a href=\"https:\/\/www1.folha.uol.com.br\/equilibrioesaude\/2022\/05\/obesidade-deve-atingir-30-da-populacao-adulta-no-brasil-em-2030-aponta-projecao.shtml\">Folha<\/a>,&nbsp;<\/p>\n\n\n\n<p><a href=\"https:\/\/cienciaesaudecoletiva.com.br\/artigos\/prevalencia-e-fatores-associados-a-obesidade-abdominal-em-amostra-nacionalmente-representativa-de-idosos-elsi-brasil\/19250?id=19250\">Preval\u00eancia e fatores associados \u00e0 obesidade &#8211; Revista da Associa\u00e7\u00e3o Brasileira de Sa\u00fade Coletiva<\/a>.<\/p>\n\n\n\n<p><em>Este artigo foi revisado pela m\u00e9dica endocrinologista Dra Tha\u00eds Pereira Costa Magalh\u00e3es CRMMG 36771\u00a0<\/em><a href=\"http:\/\/drathaismagalhaes.com.br\/\" target=\"_blank\" rel=\"noreferrer noopener\">drathaismagalhaes.com.br<\/a><\/p>\n","protected":false},"excerpt":{"rendered":"<p>A obesidade \u00e9 uma preocupa\u00e7\u00e3o crescente em todas as faixas et\u00e1rias. Mas, na terceira idade, seus efeitos podem ser ainda mais prejudiciais. No Brasil, o n\u00famero de idosos com sobrepeso e obesidade tem aumentado significativamente nos \u00faltimos anos. Segundo estudo da Universidade Federal de Pelotas (UFPel), a taxa de excesso de peso entre brasileiros na [&hellip;]<\/p>\n","protected":false},"author":1,"featured_media":5795,"comment_status":"open","ping_status":"open","sticky":false,"template":"","format":"standard","meta":{"_acf_changed":false,"footnotes":""},"categories":[913,3],"tags":[625,167,294],"class_list":["post-5794","post","type-post","status-publish","format-standard","has-post-thumbnail","hentry","category-prevencao-e-cuidados","category-saude-e-bem-estar","tag-obesidade","tag-prevencao","tag-saude"],"acf":[],"yoast_head":"<!-- This site is optimized with the Yoast SEO plugin v24.3 - https:\/\/yoast.com\/wordpress\/plugins\/seo\/ -->\n<title>Obesidade em idosos: descubra os riscos e como prevenir - Blog da Drogaria Araujo<\/title>\n<meta name=\"description\" content=\"Obesidade em idosos: conhe\u00e7a os riscos, doen\u00e7as associadas e como prevenir com alimenta\u00e7\u00e3o, exerc\u00edcios e cuidados para uma vida saud\u00e1vel.\" \/>\n<meta name=\"robots\" content=\"index, follow, max-snippet:-1, max-image-preview:large, max-video-preview:-1\" \/>\n<link rel=\"canonical\" href=\"https:\/\/araujo.com.br\/blog\/obesidade-em-idosos\/\" \/>\n<meta property=\"og:locale\" content=\"pt_BR\" \/>\n<meta property=\"og:type\" content=\"article\" \/>\n<meta property=\"og:title\" content=\"Obesidade em idosos: descubra os riscos e como prevenir - Blog da Drogaria Araujo\" \/>\n<meta property=\"og:description\" content=\"Obesidade em idosos: conhe\u00e7a os riscos, doen\u00e7as associadas e como prevenir com alimenta\u00e7\u00e3o, exerc\u00edcios e cuidados para uma vida saud\u00e1vel.\" \/>\n<meta property=\"og:url\" content=\"https:\/\/araujo.com.br\/blog\/obesidade-em-idosos\/\" \/>\n<meta property=\"og:site_name\" content=\"Blog da Drogaria Araujo\" \/>\n<meta property=\"article:published_time\" content=\"2025-09-04T12:50:48+00:00\" \/>\n<meta property=\"article:modified_time\" content=\"2025-09-04T12:50:50+00:00\" \/>\n<meta property=\"og:image\" content=\"https:\/\/araujo.com.br\/blog\/wp-content\/uploads\/2025\/09\/obesidade-em-idosos-scaled.jpeg\" \/>\n\t<meta property=\"og:image:width\" content=\"2560\" \/>\n\t<meta property=\"og:image:height\" content=\"1706\" \/>\n\t<meta property=\"og:image:type\" content=\"image\/jpeg\" \/>\n<meta name=\"author\" content=\"Drogaria Araujo\" \/>\n<meta name=\"twitter:card\" content=\"summary_large_image\" \/>\n<meta name=\"twitter:label1\" content=\"Escrito por\" \/>\n\t<meta name=\"twitter:data1\" content=\"Drogaria Araujo\" \/>\n\t<meta name=\"twitter:label2\" content=\"Est. tempo de leitura\" \/>\n\t<meta name=\"twitter:data2\" content=\"5 minutos\" \/>\n<script type=\"application\/ld+json\" class=\"yoast-schema-graph\">{\"@context\":\"https:\/\/schema.org\",\"@graph\":[{\"@type\":\"WebPage\",\"@id\":\"https:\/\/araujo.com.br\/blog\/obesidade-em-idosos\/\",\"url\":\"https:\/\/araujo.com.br\/blog\/obesidade-em-idosos\/\",\"name\":\"Obesidade em idosos: descubra os riscos e como prevenir - Blog da Drogaria Araujo\",\"isPartOf\":{\"@id\":\"https:\/\/araujo.com.br\/blog\/#website\"},\"primaryImageOfPage\":{\"@id\":\"https:\/\/araujo.com.br\/blog\/obesidade-em-idosos\/#primaryimage\"},\"image\":{\"@id\":\"https:\/\/araujo.com.br\/blog\/obesidade-em-idosos\/#primaryimage\"},\"thumbnailUrl\":\"https:\/\/araujo.com.br\/blog\/wp-content\/uploads\/2025\/09\/obesidade-em-idosos-scaled.jpeg\",\"datePublished\":\"2025-09-04T12:50:48+00:00\",\"dateModified\":\"2025-09-04T12:50:50+00:00\",\"author\":{\"@id\":\"https:\/\/araujo.com.br\/blog\/#\/schema\/person\/4e2eac75cf0e2c6b079ef9a0df2ece83\"},\"description\":\"Obesidade em idosos: conhe\u00e7a os riscos, doen\u00e7as associadas e como prevenir com alimenta\u00e7\u00e3o, exerc\u00edcios e cuidados para uma vida saud\u00e1vel.\",\"breadcrumb\":{\"@id\":\"https:\/\/araujo.com.br\/blog\/obesidade-em-idosos\/#breadcrumb\"},\"inLanguage\":\"pt-BR\",\"potentialAction\":[{\"@type\":\"ReadAction\",\"target\":[\"https:\/\/araujo.com.br\/blog\/obesidade-em-idosos\/\"]}]},{\"@type\":\"ImageObject\",\"inLanguage\":\"pt-BR\",\"@id\":\"https:\/\/araujo.com.br\/blog\/obesidade-em-idosos\/#primaryimage\",\"url\":\"https:\/\/araujo.com.br\/blog\/wp-content\/uploads\/2025\/09\/obesidade-em-idosos-scaled.jpeg\",\"contentUrl\":\"https:\/\/araujo.com.br\/blog\/wp-content\/uploads\/2025\/09\/obesidade-em-idosos-scaled.jpeg\",\"width\":2560,\"height\":1706,\"caption\":\"obesidade em idosos\"},{\"@type\":\"BreadcrumbList\",\"@id\":\"https:\/\/araujo.com.br\/blog\/obesidade-em-idosos\/#breadcrumb\",\"itemListElement\":[{\"@type\":\"ListItem\",\"position\":1,\"name\":\"In\u00edcio\",\"item\":\"https:\/\/araujo.com.br\/blog\/\"},{\"@type\":\"ListItem\",\"position\":2,\"name\":\"Obesidade em idosos: descubra os riscos e como prevenir\"}]},{\"@type\":\"WebSite\",\"@id\":\"https:\/\/araujo.com.br\/blog\/#website\",\"url\":\"https:\/\/araujo.com.br\/blog\/\",\"name\":\"Blog da Drogaria Araujo\",\"description\":\"Conte\u00fado que faz bem? A Araujo tem!\",\"potentialAction\":[{\"@type\":\"SearchAction\",\"target\":{\"@type\":\"EntryPoint\",\"urlTemplate\":\"https:\/\/araujo.com.br\/blog\/?s={search_term_string}\"},\"query-input\":{\"@type\":\"PropertyValueSpecification\",\"valueRequired\":true,\"valueName\":\"search_term_string\"}}],\"inLanguage\":\"pt-BR\"},{\"@type\":\"Person\",\"@id\":\"https:\/\/araujo.com.br\/blog\/#\/schema\/person\/4e2eac75cf0e2c6b079ef9a0df2ece83\",\"name\":\"Drogaria Araujo\",\"image\":{\"@type\":\"ImageObject\",\"inLanguage\":\"pt-BR\",\"@id\":\"https:\/\/araujo.com.br\/blog\/#\/schema\/person\/image\/\",\"url\":\"https:\/\/secure.gravatar.com\/avatar\/33e54dec0cd79fc4b5e911c15f836c46ec8d0e452ecd3ca5f707bce0a3540a3b?s=96&d=mm&r=g\",\"contentUrl\":\"https:\/\/secure.gravatar.com\/avatar\/33e54dec0cd79fc4b5e911c15f836c46ec8d0e452ecd3ca5f707bce0a3540a3b?s=96&d=mm&r=g\",\"caption\":\"Drogaria Araujo\"},\"description\":\"Especialista em Sa\u00fade da Fam\u00edlia. M\u00e9dico e nutricionista.\",\"sameAs\":[\"https:\/\/araujo.com.br\/blog\"],\"url\":\"https:\/\/araujo.com.br\/blog\/author\/admin\/\"}]}<\/script>\n<!-- \/ Yoast SEO plugin. -->","yoast_head_json":{"title":"Obesidade em idosos: descubra os riscos e como prevenir - Blog da Drogaria Araujo","description":"Obesidade em idosos: conhe\u00e7a os riscos, doen\u00e7as associadas e como prevenir com alimenta\u00e7\u00e3o, exerc\u00edcios e cuidados para uma vida saud\u00e1vel.","robots":{"index":"index","follow":"follow","max-snippet":"max-snippet:-1","max-image-preview":"max-image-preview:large","max-video-preview":"max-video-preview:-1"},"canonical":"https:\/\/araujo.com.br\/blog\/obesidade-em-idosos\/","og_locale":"pt_BR","og_type":"article","og_title":"Obesidade em idosos: descubra os riscos e como prevenir - Blog da Drogaria Araujo","og_description":"Obesidade em idosos: conhe\u00e7a os riscos, doen\u00e7as associadas e como prevenir com alimenta\u00e7\u00e3o, exerc\u00edcios e cuidados para uma vida saud\u00e1vel.","og_url":"https:\/\/araujo.com.br\/blog\/obesidade-em-idosos\/","og_site_name":"Blog da Drogaria Araujo","article_published_time":"2025-09-04T12:50:48+00:00","article_modified_time":"2025-09-04T12:50:50+00:00","og_image":[{"width":2560,"height":1706,"url":"https:\/\/araujo.com.br\/blog\/wp-content\/uploads\/2025\/09\/obesidade-em-idosos-scaled.jpeg","type":"image\/jpeg"}],"author":"Drogaria Araujo","twitter_card":"summary_large_image","twitter_misc":{"Escrito por":"Drogaria Araujo","Est. tempo de leitura":"5 minutos"},"schema":{"@context":"https:\/\/schema.org","@graph":[{"@type":"WebPage","@id":"https:\/\/araujo.com.br\/blog\/obesidade-em-idosos\/","url":"https:\/\/araujo.com.br\/blog\/obesidade-em-idosos\/","name":"Obesidade em idosos: descubra os riscos e como prevenir - Blog da Drogaria Araujo","isPartOf":{"@id":"https:\/\/araujo.com.br\/blog\/#website"},"primaryImageOfPage":{"@id":"https:\/\/araujo.com.br\/blog\/obesidade-em-idosos\/#primaryimage"},"image":{"@id":"https:\/\/araujo.com.br\/blog\/obesidade-em-idosos\/#primaryimage"},"thumbnailUrl":"https:\/\/araujo.com.br\/blog\/wp-content\/uploads\/2025\/09\/obesidade-em-idosos-scaled.jpeg","datePublished":"2025-09-04T12:50:48+00:00","dateModified":"2025-09-04T12:50:50+00:00","author":{"@id":"https:\/\/araujo.com.br\/blog\/#\/schema\/person\/4e2eac75cf0e2c6b079ef9a0df2ece83"},"description":"Obesidade em idosos: conhe\u00e7a os riscos, doen\u00e7as associadas e como prevenir com alimenta\u00e7\u00e3o, exerc\u00edcios e cuidados para uma vida saud\u00e1vel.","breadcrumb":{"@id":"https:\/\/araujo.com.br\/blog\/obesidade-em-idosos\/#breadcrumb"},"inLanguage":"pt-BR","potentialAction":[{"@type":"ReadAction","target":["https:\/\/araujo.com.br\/blog\/obesidade-em-idosos\/"]}]},{"@type":"ImageObject","inLanguage":"pt-BR","@id":"https:\/\/araujo.com.br\/blog\/obesidade-em-idosos\/#primaryimage","url":"https:\/\/araujo.com.br\/blog\/wp-content\/uploads\/2025\/09\/obesidade-em-idosos-scaled.jpeg","contentUrl":"https:\/\/araujo.com.br\/blog\/wp-content\/uploads\/2025\/09\/obesidade-em-idosos-scaled.jpeg","width":2560,"height":1706,"caption":"obesidade em idosos"},{"@type":"BreadcrumbList","@id":"https:\/\/araujo.com.br\/blog\/obesidade-em-idosos\/#breadcrumb","itemListElement":[{"@type":"ListItem","position":1,"name":"In\u00edcio","item":"https:\/\/araujo.com.br\/blog\/"},{"@type":"ListItem","position":2,"name":"Obesidade em idosos: descubra os riscos e como prevenir"}]},{"@type":"WebSite","@id":"https:\/\/araujo.com.br\/blog\/#website","url":"https:\/\/araujo.com.br\/blog\/","name":"Blog da Drogaria Araujo","description":"Conte\u00fado que faz bem? A Araujo tem!","potentialAction":[{"@type":"SearchAction","target":{"@type":"EntryPoint","urlTemplate":"https:\/\/araujo.com.br\/blog\/?s={search_term_string}"},"query-input":{"@type":"PropertyValueSpecification","valueRequired":true,"valueName":"search_term_string"}}],"inLanguage":"pt-BR"},{"@type":"Person","@id":"https:\/\/araujo.com.br\/blog\/#\/schema\/person\/4e2eac75cf0e2c6b079ef9a0df2ece83","name":"Drogaria Araujo","image":{"@type":"ImageObject","inLanguage":"pt-BR","@id":"https:\/\/araujo.com.br\/blog\/#\/schema\/person\/image\/","url":"https:\/\/secure.gravatar.com\/avatar\/33e54dec0cd79fc4b5e911c15f836c46ec8d0e452ecd3ca5f707bce0a3540a3b?s=96&d=mm&r=g","contentUrl":"https:\/\/secure.gravatar.com\/avatar\/33e54dec0cd79fc4b5e911c15f836c46ec8d0e452ecd3ca5f707bce0a3540a3b?s=96&d=mm&r=g","caption":"Drogaria Araujo"},"description":"Especialista em Sa\u00fade da Fam\u00edlia. M\u00e9dico e nutricionista.","sameAs":["https:\/\/araujo.com.br\/blog"],"url":"https:\/\/araujo.com.br\/blog\/author\/admin\/"}]}},"_links":{"self":[{"href":"https:\/\/araujo.com.br\/blog\/wp-json\/wp\/v2\/posts\/5794","targetHints":{"allow":["GET"]}}],"collection":[{"href":"https:\/\/araujo.com.br\/blog\/wp-json\/wp\/v2\/posts"}],"about":[{"href":"https:\/\/araujo.com.br\/blog\/wp-json\/wp\/v2\/types\/post"}],"author":[{"embeddable":true,"href":"https:\/\/araujo.com.br\/blog\/wp-json\/wp\/v2\/users\/1"}],"replies":[{"embeddable":true,"href":"https:\/\/araujo.com.br\/blog\/wp-json\/wp\/v2\/comments?post=5794"}],"version-history":[{"count":1,"href":"https:\/\/araujo.com.br\/blog\/wp-json\/wp\/v2\/posts\/5794\/revisions"}],"predecessor-version":[{"id":5796,"href":"https:\/\/araujo.com.br\/blog\/wp-json\/wp\/v2\/posts\/5794\/revisions\/5796"}],"wp:featuredmedia":[{"embeddable":true,"href":"https:\/\/araujo.com.br\/blog\/wp-json\/wp\/v2\/media\/5795"}],"wp:attachment":[{"href":"https:\/\/araujo.com.br\/blog\/wp-json\/wp\/v2\/media?parent=5794"}],"wp:term":[{"taxonomy":"category","embeddable":true,"href":"https:\/\/araujo.com.br\/blog\/wp-json\/wp\/v2\/categories?post=5794"},{"taxonomy":"post_tag","embeddable":true,"href":"https:\/\/araujo.com.br\/blog\/wp-json\/wp\/v2\/tags?post=5794"}],"curies":[{"name":"wp","href":"https:\/\/api.w.org\/{rel}","templated":true}]}}