{"id":5820,"date":"2025-09-10T16:42:26","date_gmt":"2025-09-10T13:42:26","guid":{"rendered":"https:\/\/araujo.com.br\/blog\/?p=5820"},"modified":"2025-12-10T23:11:10","modified_gmt":"2025-12-10T20:11:10","slug":"setembro-amarelo","status":"publish","type":"post","link":"https:\/\/araujo.com.br\/blog\/setembro-amarelo\/","title":{"rendered":"Setembro Amarelo: cuidado com a sa\u00fade mental e preven\u00e7\u00e3o ao suic\u00eddio"},"content":{"rendered":"\n<p>Provavelmente voc\u00ea j\u00e1 ouviu falar em Setembro Amarelo. Esse m\u00eas carrega consigo uma miss\u00e3o: estimular o di\u00e1logo sobre <strong>sa\u00fade mental<\/strong> e fortalecer a<strong> preven\u00e7\u00e3o ao suic\u00eddio.<\/strong> Emo\u00e7\u00f5es como medo, tristeza e ang\u00fastia s\u00e3o parte da vida, mas saber como acolh\u00ea-las \u00e9 essencial para viver com equil\u00edbrio.&nbsp;<\/p>\n\n\n\n<p>Neste artigo, vamos mostrar como informa\u00e7\u00e3o, acolhimento e preven\u00e7\u00e3o fazem toda a diferen\u00e7a.<\/p>\n\n\n\n<h2 class=\"wp-block-heading\">O que \u00e9 Setembro Amarelo?&nbsp;<\/h2>\n\n\n\n<p>O Setembro Amarelo \u00e9 a maior campanha brasileira de <strong>preven\u00e7\u00e3o ao suic\u00eddio e promo\u00e7\u00e3o da sa\u00fade mental<\/strong>. Criada em 2014 pela Associa\u00e7\u00e3o Brasileira de Psiquiatria (ABP) em parceria com o Conselho Federal de Medicina (CFM), nasceu da necessidade urgente de quebrar o sil\u00eancio em torno do suic\u00eddio, um problema de sa\u00fade p\u00fablica que cresce a cada ano no Brasil e no mundo.<\/p>\n\n\n\n<p>O s\u00edmbolo da campanha, o la\u00e7o amarelo, carrega hist\u00f3ria e legado. Em 1994, nos Estados Unidos, o jovem Mike Emme de apenas 17 anos morreu por suic\u00eddio. Mike era apaixonado por carros e tinha um Mustang amarelo. Em seu vel\u00f3rio, amigos e familiares distribu\u00edram fitas da mesma cor com a mensagem: <em>\u201cse voc\u00ea estiver passando por algo dif\u00edcil, pe\u00e7a ajuda\u201d<\/em>. Esse gesto simb\u00f3lico se tornou um movimento mundial de conscientiza\u00e7\u00e3o e acolhimento.<\/p>\n\n\n\n<p>No Brasil, a campanha \u00e9 realizada em setembro porque, no dia 10, \u00e9 celebrado o <strong>Dia Mundial de Preven\u00e7\u00e3o ao Suic\u00eddio<\/strong>, institu\u00eddo pela Organiza\u00e7\u00e3o Mundial da Sa\u00fade (OMS) e pela Associa\u00e7\u00e3o Internacional para a Preven\u00e7\u00e3o do Suic\u00eddio (IASP).&nbsp;<\/p>\n\n\n\n<p>Ao longo dos anos, o Setembro Amarelo cresceu, alcan\u00e7ando escolas, empresas, comunidades e redes sociais, levando informa\u00e7\u00e3o confi\u00e1vel e incentivando cada vez mais pessoas a pedirem e oferecerem ajuda.<\/p>\n\n\n\n<h2 class=\"wp-block-heading\">Dados que exigem nossa aten\u00e7\u00e3o<\/h2>\n\n\n\n<p>As estat\u00edsticas revelam o tamanho do desafio que enfrentamos no cuidado com a vida:<\/p>\n\n\n\n<ul class=\"wp-block-list\">\n<li><strong>32 pessoas<\/strong> tiram a pr\u00f3pria vida <strong>todos os dias<\/strong> no Brasil, segundo o Minist\u00e9rio da Sa\u00fade e a OMS;<\/li>\n\n\n\n<li>Em 2021, a taxa de suic\u00eddio no pa\u00eds foi de <strong>7,59 por 100 mil habitantes<\/strong>, um salto de 9,5% frente a 2020 (6,93);<\/li>\n\n\n\n<li>Entre 2011 e 2022, a taxa m\u00e9dia anual subiu de 5,0 para 7,3 por 100 mil habitantes;<\/li>\n\n\n\n<li>Entre <strong>crian\u00e7as e adolescentes<\/strong>, os n\u00fameros s\u00e3o alarmantes:<\/li>\n<\/ul>\n\n\n\n<ul class=\"wp-block-list\">\n<li><strong>10 a 14 anos<\/strong>: crescimento de <strong>45%<\/strong>, chegando a <strong>1,33 por 100 mil<\/strong>.<\/li>\n\n\n\n<li><strong>15 a 19 anos<\/strong>: aumento de <strong>49,3%<\/strong>, alcan\u00e7ando <strong>6,6 por 100 mil<\/strong>.<\/li>\n<\/ul>\n\n\n\n<ul class=\"wp-block-list\">\n<li>Entre 2011 e 2022, o Brasil registrou 147.698 suic\u00eddios, al\u00e9m de 104.458 interna\u00e7\u00f5es e mais de 720 mil notifica\u00e7\u00f5es de autoagress\u00e3o.<br><\/li>\n\n\n\n<li>Globalmente, <strong>703.000 pessoas morrem por suic\u00eddio ao ano<\/strong>, sendo que 77% desses casos acontecem em pa\u00edses de baixa ou m\u00e9dia renda.<\/li>\n<\/ul>\n\n\n\n<p>Esses dados refor\u00e7am que o suic\u00eddio n\u00e3o \u00e9 uma quest\u00e3o individual, mas um problema coletivo que exige di\u00e1logo, pol\u00edticas p\u00fablicas e redes de apoio permanentes.<\/p>\n\n\n\n<p>Leia mais: <a href=\"https:\/\/araujo.com.br\/blog\/depressao-o-que-e\/?srsltid=AfmBOorsAESUnYbpNXphoEfE9ToTqalzuP8XwnaseT0TJ8wqZR5usWp5\">Depress\u00e3o: o que \u00e9, sintomas, tipos e tratamento<\/a><\/p>\n\n\n\n<h2 class=\"wp-block-heading\">Cuide da sua sa\u00fade mental: o que diz a ci\u00eancia e como agir<\/h2>\n\n\n\n<p>Vivemos em uma era definida pela&nbsp; <strong>ansiedade<\/strong>, <strong>inseguran\u00e7a<\/strong> e <strong>solid\u00e3o<\/strong>. Fortalecer nossa sa\u00fade emocional n\u00e3o \u00e9 luxo, \u00e9 uma necessidade.<\/p>\n\n\n\n<h3 class=\"wp-block-heading\"><strong>Boas pr\u00e1ticas:<\/strong><\/h3>\n\n\n\n<ul class=\"wp-block-list\">\n<li><strong>Sono de qualidade<\/strong>: dormir menos que 7-8 horas prejudica a regula\u00e7\u00e3o emocional;<br><\/li>\n\n\n\n<li><strong>Movimentar o corpo<\/strong>: a atividade f\u00edsica eleva a produ\u00e7\u00e3o de serotonina e endorfina;<br><\/li>\n\n\n\n<li><strong><a href=\"https:\/\/araujo.com.br\/blog\/emagrecimento-saudavel-2\/\">Alimenta\u00e7\u00e3o saud\u00e1vel<\/a><\/strong>: mentalmente, funcionamos melhor com nutrientes equilibrados;<br><\/li>\n\n\n\n<li><strong>Momentos de pausa<\/strong>: mesmo 10 minutos de sil\u00eancio ou de conex\u00e3o genu\u00edna fazem a diferen\u00e7a; e<br><\/li>\n\n\n\n<li><strong>Autoconhecimento em a\u00e7\u00e3o<\/strong>: reconhecer suas emo\u00e7\u00f5es d\u00e1 pistas de quando algo precisa de cuidado profissional.<\/li>\n<\/ul>\n\n\n\n<p>Essas a\u00e7\u00f5es s\u00e3o fundamentais para a preven\u00e7\u00e3o e ressoam com o prop\u00f3sito do Setembro Amarelo.<\/p>\n\n\n\n<p>Entenda melhor: <a href=\"Ansiedade: o que \u00e9, sintomas e formas de controle\">Ansiedade: o que \u00e9, sintomas e formas de controle<\/a><\/p>\n\n\n\n<h2 class=\"wp-block-heading\">Entenda a preven\u00e7\u00e3o ao suic\u00eddio<\/h2>\n\n\n\n<p>Os dados da OMS revelam que a grande maioria&nbsp; dos suic\u00eddios est\u00e3o associados a transtornos mentais n\u00e3o diagnosticados ou n\u00e3o tratados.<\/p>\n\n\n\n<p>Isso significa que, muitas vezes, estamos diante de pedidos silenciosos, e atitudes como acolhimento, empatia e encaminhamento para tratamento podem mudar rumos. Como diz a Associa\u00e7\u00e3o Brasileira de Estudos e Preven\u00e7\u00e3o do Suic\u00eddio (ABEPS): o Setembro Amarelo deve ser um <strong>marco de reflex\u00e3o e cuidado cont\u00ednuo<\/strong>, n\u00e3o apenas um momento de campanha.<\/p>\n\n\n\n<h2 class=\"wp-block-heading\">Conhe\u00e7a os sinais de alerta e esteja presente<\/h2>\n\n\n\n<p>O site oficial do Setembro Amarelo apresenta sinais que, mais do que um checklist, s\u00e3o verdadeiros alertas:<\/p>\n\n\n\n<ul class=\"wp-block-list\">\n<li><strong>Declara\u00e7\u00f5es de desesperan\u00e7a<\/strong> ou desejo de desaparecer;<\/li>\n\n\n\n<li><strong>Isolamento social <\/strong>e apatia emocional;<\/li>\n\n\n\n<li>Perda de <strong>autoestima <\/strong>ou autocuidado &#8211; como negligenciar higiene;<\/li>\n\n\n\n<li>Mudan\u00e7as bruscas de <strong>humor<\/strong>;<\/li>\n\n\n\n<li>Altera\u00e7\u00f5es no <strong>sono e apetite<\/strong>;<\/li>\n\n\n\n<li>Desinteresse por <strong>atividades antes prazerosas<\/strong>; e<\/li>\n\n\n\n<li><strong>Desempenho caindo<\/strong> no trabalho ou estudo.<\/li>\n<\/ul>\n\n\n\n<p>Nunca ignore esses sinais. Uma escuta atenta, sem julgamentos, pode direcionar a pessoa para a ajuda de que precisa.<\/p>\n\n\n\n<p>Fique atento: <a href=\"https:\/\/araujo.com.br\/blog\/burnout-o-que-e\/\">S\u00edndrome de Burnout: entenda causas, sintomas e tratamento<\/a><\/p>\n\n\n\n<h2 class=\"wp-block-heading\">Cuidado com a vida para al\u00e9m do Setembro Amarelo<\/h2>\n\n\n\n<p>Cuidar da sa\u00fade mental exige vigil\u00e2ncia di\u00e1ria, aten\u00e7\u00e3o aos sinais e disposi\u00e7\u00e3o para agir, seja ouvindo algu\u00e9m em sofrimento, seja criando ambientes mais acolhedores e livres de preconceito.&nbsp;<\/p>\n\n\n\n<p>A preven\u00e7\u00e3o verdadeira acontece no dia a dia, nos pequenos e grandes gestos. Isso inclui:<\/p>\n\n\n\n<ul class=\"wp-block-list\">\n<li>Cultivar redes seguras de amizade e acolhimento &#8211; onde pedir ajuda n\u00e3o seja visto como fraqueza;<\/li>\n\n\n\n<li>Promover ambientes de trabalho e escola que validem emo\u00e7\u00f5es &#8211; incentivando o di\u00e1logo e reduzindo estigmas;&nbsp;<\/li>\n\n\n\n<li>Dar visibilidade a recursos como o Centro de Valoriza\u00e7\u00e3o da Vida (CVV), com atendimento emocional gratuito, 24h, pelo 188, chat ou e-mail; e<\/li>\n\n\n\n<li>Apoiar iniciativas que fortalecem pol\u00edticas p\u00fablicas e cuidado comunit\u00e1rio, conforme orienta a ABEPS.<\/li>\n<\/ul>\n\n\n\n<h2 class=\"wp-block-heading\">Responsabilizar-se pela vida<\/h2>\n\n\n\n<p>O Setembro Amarelo amplifica um tema que, por muito tempo, foi envolto em sil\u00eancio: a sa\u00fade emocional e a preven\u00e7\u00e3o do suic\u00eddio. Cuidar da sa\u00fade mental n\u00e3o \u00e9 apenas uma escolha individual, \u00e9 um pacto social.&nbsp;<\/p>\n\n\n\n<p>Compartilhe informa\u00e7\u00e3o, transforme n\u00fameros em empatia e seja parte da mudan\u00e7a. Quando escolhemos falar, ouvir e agir, criamos um mundo onde ningu\u00e9m precisa enfrentar a pr\u00f3pria dor sozinho.&nbsp;<\/p>\n\n\n\n<p>Que setembro seja apenas o come\u00e7o e que todos os outros meses sejam dedicados \u00e0 vida.<\/p>\n\n\n\n<p><strong>*Fontes:&nbsp;<\/strong><\/p>\n\n\n\n<p><a href=\"https:\/\/www.sciencedirect.com\/science\/article\/pii\/S2212109925000688\">ScienceDirect<\/a>, <a href=\"https:\/\/www.thelancet.com\/journals\/lanam\/article\/PIIS2667-193X(24)00018-8\/fulltext\">&nbsp;<\/a><\/p>\n\n\n\n<p><a href=\"https:\/\/www.thelancet.com\/journals\/lanam\/article\/PIIS2667-193X(24)00018-8\/fulltext\">The Lancet.<\/a>&nbsp;<\/p>\n\n\n\n<p><a href=\"https:\/\/www.scielosp.org\/article\/ress\/2025.v34\/e20240885\/\">Scielo Sa\u00fade<\/a>,&nbsp;<\/p>\n\n\n\n<p><a href=\"https:\/\/abeps.org.br\/nota-publica-sobre-campanhas-de-prevencao-ao-suicidio-e-o-setembro-amarelo\/\">Associa\u00e7\u00e3o Brasileira de Estudos e Preven\u00e7\u00e3o do Suic\u00eddio (ABEPS),<\/a><\/p>\n\n\n\n<p><a href=\"https:\/\/www.gov.br\/fundacentro\/pt-br\/comunicacao\/noticias\/noticias\/2024\/setembro\/setembro-amarelo-e-a-saude-mental-dos-trabalhadores\">FUNDACENTRO<\/a>,&nbsp;<\/p>\n\n\n\n<p><a href=\"https:\/\/viverbem.unimedbh.com.br\/prevencao-e-controle\/prevencao-ao-suicidio\/\">Viver bem &#8211; Unimed BH<\/a>,&nbsp;<\/p>\n\n\n\n<p><a href=\"https:\/\/www.setembroamarelo.com\/\">Setembro Amarelo<\/a>,&nbsp;<\/p>\n\n\n\n<p><a href=\"https:\/\/www.rsdata.com.br\/setembro-amarelo-psicoterapia-inteligencia-artificial\/\">RS Data<\/a>,&nbsp;<\/p>\n\n\n\n<p><a href=\"https:\/\/www.gov.br\/servidor\/pt-br\/siass\/assuntos\/noticias\/setembro-amarelo-marca-a-prevencao-ao-suicidio\">Minist\u00e9rio da Sa\u00fade<\/a>,&nbsp;<\/p>\n\n\n\n<p><a href=\"https:\/\/www.macrotrends.net\/global-metrics\/countries\/bra\/brazil\/suicide-rate\">Macrotrends<\/a><\/p>\n","protected":false},"excerpt":{"rendered":"<p>Provavelmente voc\u00ea j\u00e1 ouviu falar em Setembro Amarelo. Esse m\u00eas carrega consigo uma miss\u00e3o: estimular o di\u00e1logo sobre sa\u00fade mental e fortalecer a preven\u00e7\u00e3o ao suic\u00eddio. Emo\u00e7\u00f5es como medo, tristeza e ang\u00fastia s\u00e3o parte da vida, mas saber como acolh\u00ea-las \u00e9 essencial para viver com equil\u00edbrio.&nbsp; Neste artigo, vamos mostrar como informa\u00e7\u00e3o, acolhimento e preven\u00e7\u00e3o [&hellip;]<\/p>\n","protected":false},"author":1,"featured_media":5821,"comment_status":"open","ping_status":"open","sticky":false,"template":"","format":"standard","meta":{"_acf_changed":false,"footnotes":""},"categories":[35,3],"tags":[167,294,872],"class_list":["post-5820","post","type-post","status-publish","format-standard","has-post-thumbnail","hentry","category-bem-estar","category-saude-e-bem-estar","tag-prevencao","tag-saude","tag-saude-mental"],"acf":[],"yoast_head":"<!-- This site is optimized with the Yoast SEO plugin v24.3 - https:\/\/yoast.com\/wordpress\/plugins\/seo\/ -->\n<title>Setembro Amarelo: cuidado com a sa\u00fade mental e preven\u00e7\u00e3o ao suic\u00eddio - Blog da Drogaria Araujo<\/title>\n<meta name=\"description\" content=\"Saiba o que \u00e9 o Setembro Amarelo, sua import\u00e2ncia na sa\u00fade mental e como identificar sinais e prevenir o suic\u00eddio.\" \/>\n<meta name=\"robots\" content=\"index, follow, max-snippet:-1, max-image-preview:large, max-video-preview:-1\" \/>\n<link rel=\"canonical\" href=\"https:\/\/araujo.com.br\/blog\/setembro-amarelo\/\" \/>\n<meta property=\"og:locale\" content=\"pt_BR\" \/>\n<meta property=\"og:type\" content=\"article\" \/>\n<meta property=\"og:title\" content=\"Setembro Amarelo: cuidado com a sa\u00fade mental e preven\u00e7\u00e3o ao suic\u00eddio - Blog da Drogaria Araujo\" \/>\n<meta property=\"og:description\" content=\"Saiba o que \u00e9 o Setembro Amarelo, sua import\u00e2ncia na sa\u00fade mental e como identificar sinais e prevenir o suic\u00eddio.\" \/>\n<meta property=\"og:url\" content=\"https:\/\/araujo.com.br\/blog\/setembro-amarelo\/\" \/>\n<meta property=\"og:site_name\" content=\"Blog da Drogaria Araujo\" \/>\n<meta property=\"article:published_time\" content=\"2025-09-10T13:42:26+00:00\" \/>\n<meta property=\"article:modified_time\" content=\"2025-12-10T20:11:10+00:00\" \/>\n<meta property=\"og:image\" content=\"https:\/\/araujo.com.br\/blog\/wp-content\/uploads\/2025\/09\/setembro-amarelo-scaled.jpeg\" \/>\n\t<meta property=\"og:image:width\" content=\"2560\" \/>\n\t<meta property=\"og:image:height\" content=\"1709\" \/>\n\t<meta property=\"og:image:type\" content=\"image\/jpeg\" \/>\n<meta name=\"author\" content=\"Drogaria Araujo\" \/>\n<meta name=\"twitter:card\" content=\"summary_large_image\" \/>\n<meta name=\"twitter:label1\" content=\"Escrito por\" \/>\n\t<meta name=\"twitter:data1\" content=\"Drogaria Araujo\" \/>\n\t<meta name=\"twitter:label2\" content=\"Est. tempo de leitura\" \/>\n\t<meta name=\"twitter:data2\" content=\"6 minutos\" \/>\n<script type=\"application\/ld+json\" class=\"yoast-schema-graph\">{\"@context\":\"https:\/\/schema.org\",\"@graph\":[{\"@type\":\"WebPage\",\"@id\":\"https:\/\/araujo.com.br\/blog\/setembro-amarelo\/\",\"url\":\"https:\/\/araujo.com.br\/blog\/setembro-amarelo\/\",\"name\":\"Setembro Amarelo: cuidado com a sa\u00fade mental e preven\u00e7\u00e3o ao suic\u00eddio - Blog da Drogaria Araujo\",\"isPartOf\":{\"@id\":\"https:\/\/araujo.com.br\/blog\/#website\"},\"primaryImageOfPage\":{\"@id\":\"https:\/\/araujo.com.br\/blog\/setembro-amarelo\/#primaryimage\"},\"image\":{\"@id\":\"https:\/\/araujo.com.br\/blog\/setembro-amarelo\/#primaryimage\"},\"thumbnailUrl\":\"https:\/\/araujo.com.br\/blog\/wp-content\/uploads\/2025\/09\/setembro-amarelo-scaled.jpeg\",\"datePublished\":\"2025-09-10T13:42:26+00:00\",\"dateModified\":\"2025-12-10T20:11:10+00:00\",\"author\":{\"@id\":\"https:\/\/araujo.com.br\/blog\/#\/schema\/person\/4e2eac75cf0e2c6b079ef9a0df2ece83\"},\"description\":\"Saiba o que \u00e9 o Setembro Amarelo, sua import\u00e2ncia na sa\u00fade mental e como identificar sinais e prevenir o suic\u00eddio.\",\"breadcrumb\":{\"@id\":\"https:\/\/araujo.com.br\/blog\/setembro-amarelo\/#breadcrumb\"},\"inLanguage\":\"pt-BR\",\"potentialAction\":[{\"@type\":\"ReadAction\",\"target\":[\"https:\/\/araujo.com.br\/blog\/setembro-amarelo\/\"]}]},{\"@type\":\"ImageObject\",\"inLanguage\":\"pt-BR\",\"@id\":\"https:\/\/araujo.com.br\/blog\/setembro-amarelo\/#primaryimage\",\"url\":\"https:\/\/araujo.com.br\/blog\/wp-content\/uploads\/2025\/09\/setembro-amarelo-scaled.jpeg\",\"contentUrl\":\"https:\/\/araujo.com.br\/blog\/wp-content\/uploads\/2025\/09\/setembro-amarelo-scaled.jpeg\",\"width\":2560,\"height\":1709,\"caption\":\"Cropped shot of two unrecognizable people holding hands while being seated at a table inside during the day.\"},{\"@type\":\"BreadcrumbList\",\"@id\":\"https:\/\/araujo.com.br\/blog\/setembro-amarelo\/#breadcrumb\",\"itemListElement\":[{\"@type\":\"ListItem\",\"position\":1,\"name\":\"In\u00edcio\",\"item\":\"https:\/\/araujo.com.br\/blog\/\"},{\"@type\":\"ListItem\",\"position\":2,\"name\":\"Setembro Amarelo: cuidado com a sa\u00fade mental e preven\u00e7\u00e3o ao suic\u00eddio\"}]},{\"@type\":\"WebSite\",\"@id\":\"https:\/\/araujo.com.br\/blog\/#website\",\"url\":\"https:\/\/araujo.com.br\/blog\/\",\"name\":\"Blog da Drogaria Araujo\",\"description\":\"Conte\u00fado que faz bem? A Araujo tem!\",\"potentialAction\":[{\"@type\":\"SearchAction\",\"target\":{\"@type\":\"EntryPoint\",\"urlTemplate\":\"https:\/\/araujo.com.br\/blog\/?s={search_term_string}\"},\"query-input\":{\"@type\":\"PropertyValueSpecification\",\"valueRequired\":true,\"valueName\":\"search_term_string\"}}],\"inLanguage\":\"pt-BR\"},{\"@type\":\"Person\",\"@id\":\"https:\/\/araujo.com.br\/blog\/#\/schema\/person\/4e2eac75cf0e2c6b079ef9a0df2ece83\",\"name\":\"Drogaria Araujo\",\"image\":{\"@type\":\"ImageObject\",\"inLanguage\":\"pt-BR\",\"@id\":\"https:\/\/araujo.com.br\/blog\/#\/schema\/person\/image\/\",\"url\":\"https:\/\/secure.gravatar.com\/avatar\/33e54dec0cd79fc4b5e911c15f836c46ec8d0e452ecd3ca5f707bce0a3540a3b?s=96&d=mm&r=g\",\"contentUrl\":\"https:\/\/secure.gravatar.com\/avatar\/33e54dec0cd79fc4b5e911c15f836c46ec8d0e452ecd3ca5f707bce0a3540a3b?s=96&d=mm&r=g\",\"caption\":\"Drogaria Araujo\"},\"description\":\"Especialista em Sa\u00fade da Fam\u00edlia. M\u00e9dico e nutricionista.\",\"sameAs\":[\"https:\/\/araujo.com.br\/blog\"],\"url\":\"https:\/\/araujo.com.br\/blog\/author\/admin\/\"}]}<\/script>\n<!-- \/ Yoast SEO plugin. -->","yoast_head_json":{"title":"Setembro Amarelo: cuidado com a sa\u00fade mental e preven\u00e7\u00e3o ao suic\u00eddio - Blog da Drogaria Araujo","description":"Saiba o que \u00e9 o Setembro Amarelo, sua import\u00e2ncia na sa\u00fade mental e como identificar sinais e prevenir o suic\u00eddio.","robots":{"index":"index","follow":"follow","max-snippet":"max-snippet:-1","max-image-preview":"max-image-preview:large","max-video-preview":"max-video-preview:-1"},"canonical":"https:\/\/araujo.com.br\/blog\/setembro-amarelo\/","og_locale":"pt_BR","og_type":"article","og_title":"Setembro Amarelo: cuidado com a sa\u00fade mental e preven\u00e7\u00e3o ao suic\u00eddio - Blog da Drogaria Araujo","og_description":"Saiba o que \u00e9 o Setembro Amarelo, sua import\u00e2ncia na sa\u00fade mental e como identificar sinais e prevenir o suic\u00eddio.","og_url":"https:\/\/araujo.com.br\/blog\/setembro-amarelo\/","og_site_name":"Blog da Drogaria Araujo","article_published_time":"2025-09-10T13:42:26+00:00","article_modified_time":"2025-12-10T20:11:10+00:00","og_image":[{"width":2560,"height":1709,"url":"https:\/\/araujo.com.br\/blog\/wp-content\/uploads\/2025\/09\/setembro-amarelo-scaled.jpeg","type":"image\/jpeg"}],"author":"Drogaria Araujo","twitter_card":"summary_large_image","twitter_misc":{"Escrito por":"Drogaria Araujo","Est. tempo de leitura":"6 minutos"},"schema":{"@context":"https:\/\/schema.org","@graph":[{"@type":"WebPage","@id":"https:\/\/araujo.com.br\/blog\/setembro-amarelo\/","url":"https:\/\/araujo.com.br\/blog\/setembro-amarelo\/","name":"Setembro Amarelo: cuidado com a sa\u00fade mental e preven\u00e7\u00e3o ao suic\u00eddio - Blog da Drogaria Araujo","isPartOf":{"@id":"https:\/\/araujo.com.br\/blog\/#website"},"primaryImageOfPage":{"@id":"https:\/\/araujo.com.br\/blog\/setembro-amarelo\/#primaryimage"},"image":{"@id":"https:\/\/araujo.com.br\/blog\/setembro-amarelo\/#primaryimage"},"thumbnailUrl":"https:\/\/araujo.com.br\/blog\/wp-content\/uploads\/2025\/09\/setembro-amarelo-scaled.jpeg","datePublished":"2025-09-10T13:42:26+00:00","dateModified":"2025-12-10T20:11:10+00:00","author":{"@id":"https:\/\/araujo.com.br\/blog\/#\/schema\/person\/4e2eac75cf0e2c6b079ef9a0df2ece83"},"description":"Saiba o que \u00e9 o Setembro Amarelo, sua import\u00e2ncia na sa\u00fade mental e como identificar sinais e prevenir o suic\u00eddio.","breadcrumb":{"@id":"https:\/\/araujo.com.br\/blog\/setembro-amarelo\/#breadcrumb"},"inLanguage":"pt-BR","potentialAction":[{"@type":"ReadAction","target":["https:\/\/araujo.com.br\/blog\/setembro-amarelo\/"]}]},{"@type":"ImageObject","inLanguage":"pt-BR","@id":"https:\/\/araujo.com.br\/blog\/setembro-amarelo\/#primaryimage","url":"https:\/\/araujo.com.br\/blog\/wp-content\/uploads\/2025\/09\/setembro-amarelo-scaled.jpeg","contentUrl":"https:\/\/araujo.com.br\/blog\/wp-content\/uploads\/2025\/09\/setembro-amarelo-scaled.jpeg","width":2560,"height":1709,"caption":"Cropped shot of two unrecognizable people holding hands while being seated at a table inside during the day."},{"@type":"BreadcrumbList","@id":"https:\/\/araujo.com.br\/blog\/setembro-amarelo\/#breadcrumb","itemListElement":[{"@type":"ListItem","position":1,"name":"In\u00edcio","item":"https:\/\/araujo.com.br\/blog\/"},{"@type":"ListItem","position":2,"name":"Setembro Amarelo: cuidado com a sa\u00fade mental e preven\u00e7\u00e3o ao suic\u00eddio"}]},{"@type":"WebSite","@id":"https:\/\/araujo.com.br\/blog\/#website","url":"https:\/\/araujo.com.br\/blog\/","name":"Blog da Drogaria Araujo","description":"Conte\u00fado que faz bem? A Araujo tem!","potentialAction":[{"@type":"SearchAction","target":{"@type":"EntryPoint","urlTemplate":"https:\/\/araujo.com.br\/blog\/?s={search_term_string}"},"query-input":{"@type":"PropertyValueSpecification","valueRequired":true,"valueName":"search_term_string"}}],"inLanguage":"pt-BR"},{"@type":"Person","@id":"https:\/\/araujo.com.br\/blog\/#\/schema\/person\/4e2eac75cf0e2c6b079ef9a0df2ece83","name":"Drogaria Araujo","image":{"@type":"ImageObject","inLanguage":"pt-BR","@id":"https:\/\/araujo.com.br\/blog\/#\/schema\/person\/image\/","url":"https:\/\/secure.gravatar.com\/avatar\/33e54dec0cd79fc4b5e911c15f836c46ec8d0e452ecd3ca5f707bce0a3540a3b?s=96&d=mm&r=g","contentUrl":"https:\/\/secure.gravatar.com\/avatar\/33e54dec0cd79fc4b5e911c15f836c46ec8d0e452ecd3ca5f707bce0a3540a3b?s=96&d=mm&r=g","caption":"Drogaria Araujo"},"description":"Especialista em Sa\u00fade da Fam\u00edlia. M\u00e9dico e nutricionista.","sameAs":["https:\/\/araujo.com.br\/blog"],"url":"https:\/\/araujo.com.br\/blog\/author\/admin\/"}]}},"_links":{"self":[{"href":"https:\/\/araujo.com.br\/blog\/wp-json\/wp\/v2\/posts\/5820","targetHints":{"allow":["GET"]}}],"collection":[{"href":"https:\/\/araujo.com.br\/blog\/wp-json\/wp\/v2\/posts"}],"about":[{"href":"https:\/\/araujo.com.br\/blog\/wp-json\/wp\/v2\/types\/post"}],"author":[{"embeddable":true,"href":"https:\/\/araujo.com.br\/blog\/wp-json\/wp\/v2\/users\/1"}],"replies":[{"embeddable":true,"href":"https:\/\/araujo.com.br\/blog\/wp-json\/wp\/v2\/comments?post=5820"}],"version-history":[{"count":3,"href":"https:\/\/araujo.com.br\/blog\/wp-json\/wp\/v2\/posts\/5820\/revisions"}],"predecessor-version":[{"id":6538,"href":"https:\/\/araujo.com.br\/blog\/wp-json\/wp\/v2\/posts\/5820\/revisions\/6538"}],"wp:featuredmedia":[{"embeddable":true,"href":"https:\/\/araujo.com.br\/blog\/wp-json\/wp\/v2\/media\/5821"}],"wp:attachment":[{"href":"https:\/\/araujo.com.br\/blog\/wp-json\/wp\/v2\/media?parent=5820"}],"wp:term":[{"taxonomy":"category","embeddable":true,"href":"https:\/\/araujo.com.br\/blog\/wp-json\/wp\/v2\/categories?post=5820"},{"taxonomy":"post_tag","embeddable":true,"href":"https:\/\/araujo.com.br\/blog\/wp-json\/wp\/v2\/tags?post=5820"}],"curies":[{"name":"wp","href":"https:\/\/api.w.org\/{rel}","templated":true}]}}