{"id":5834,"date":"2025-09-11T21:29:10","date_gmt":"2025-09-11T18:29:10","guid":{"rendered":"https:\/\/araujo.com.br\/blog\/?p=5834"},"modified":"2025-09-11T21:29:12","modified_gmt":"2025-09-11T18:29:12","slug":"obesidade-e-saude-mental","status":"publish","type":"post","link":"https:\/\/araujo.com.br\/blog\/obesidade-e-saude-mental\/","title":{"rendered":"Impactos da obesidade na sa\u00fade mental: entenda os efeitos no bem-estar e autoestima\u00a0"},"content":{"rendered":"\n<p>Quando pensamos em obesidade, geralmente lembramos de doen\u00e7as como <a href=\"https:\/\/araujo.com.br\/blog\/diabetes-tipo-2-causas-sintomas\/\"><em>diabetes tipo 2<\/em><\/a>, <a href=\"https:\/\/araujo.com.br\/blog\/hipertensao-arterial\/\">hipertens\u00e3o<\/a> e <a href=\"https:\/\/araujo.com.br\/blog\/doencas-cardiovasculares-conheca-os-exames-rapidos-de-diagnostico\/\">problemas cardiovasculares<\/a>. Mas h\u00e1 um aspecto igualmente importante, e menos comentado, que merece aten\u00e7\u00e3o: <strong>a sa\u00fade mental<\/strong>.&nbsp;<\/p>\n\n\n\n<p>Segundo dados do Minist\u00e9rio da Sa\u00fade (Vigitel 2023), <strong>25,9% dos brasileiros j\u00e1 vivem com obesidade<\/strong> e mais da metade da popula\u00e7\u00e3o adulta est\u00e1 acima do peso. Por tr\u00e1s desses n\u00fameros, existe uma carga emocional significativa. A obesidade pode afetar o humor, a autoestima e at\u00e9 a forma como a pessoa se relaciona com o mundo.<\/p>\n\n\n\n<p>Neste artigo, vamos compreender a rela\u00e7\u00e3o entre <a href=\"https:\/\/araujo.com.br\/blog\/?s=obesidade\">obesidade<\/a> e sa\u00fade mental, os efeitos desse ciclo, os obst\u00e1culos impostos pela sociedade e estrat\u00e9gias para superar preconceitos.&nbsp;<\/p>\n\n\n\n<h2 class=\"wp-block-heading\"><strong>Obesidade e sa\u00fade mental: os dois lados da moeda&nbsp;<\/strong><\/h2>\n\n\n\n<p>De um lado, viver com obesidade pode aumentar o risco de desenvolver depress\u00e3o, ansiedade e isolamento social.&nbsp;<\/p>\n\n\n\n<p>Pesquisas publicadas no <em>JAMA Psychiatry<\/em> mostram que pessoas com obesidade t\u00eam <strong>55% mais risco de desenvolver depress\u00e3o <\/strong>ao longo da vida. Altera\u00e7\u00f5es hormonais, inflama\u00e7\u00e3o cr\u00f4nica e experi\u00eancias de preconceito s\u00e3o alguns fatores que explicam essa conex\u00e3o. Essas altera\u00e7\u00f5es podem desregular subst\u00e2ncias ligadas ao bem-estar, como serotonina e dopamina, favorecendo quadros de ansiedade e depress\u00e3o.&nbsp;<\/p>\n\n\n\n<p>Al\u00e9m disso, uma meta-an\u00e1lise recente (2025) mostrou que pessoas com obesidade t\u00eam cerca de<strong> 30% mais chance de desenvolver transtornos de ansiedade, <\/strong>refor\u00e7ando como esse impacto na mente pode ser profundo<\/p>\n\n\n\n<p>Por outro lado, problemas emocionais e psicol\u00f3gicos podem levar a comportamentos que favorecem o ganho de peso, como alimenta\u00e7\u00e3o compulsiva, sedentarismo e dificuldade de manter h\u00e1bitos saud\u00e1veis, criando um ciclo dif\u00edcil de quebrar.<\/p>\n\n\n\n<p>Explore mais \u2013 <a href=\"https:\/\/araujo.com.br\/blog\/tratamentos-obesidade\/\">Tratamentos para obesidade: conhe\u00e7a as op\u00e7\u00f5es e entenda o cuidado para cada corpo<\/a><\/p>\n\n\n\n<h2 class=\"wp-block-heading\"><strong>Padr\u00f5es de beleza: quando a press\u00e3o se transforma em peso emocional<\/strong><\/h2>\n\n\n\n<p>Al\u00e9m dos impactos f\u00edsicos e biol\u00f3gicos, existe o peso das expectativas sociais. A cultura da magreza e a padroniza\u00e7\u00e3o da beleza colocam press\u00e3o extra sobre quem est\u00e1 fora do ideal est\u00e9tico propagado pela m\u00eddia, redes sociais e ind\u00fastria da moda.<\/p>\n\n\n\n<p>Esse padr\u00e3o n\u00e3o se restringe apenas a imagens e propagandas, mas tamb\u00e9m se manifesta em detalhes do dia a dia, como:<\/p>\n\n\n\n<ul class=\"wp-block-list\">\n<li><strong>Poltronas de cinema e assentos de avi\u00e3o estreitos<\/strong>, que n\u00e3o comportam diferentes tipos de corpos;<br><\/li>\n\n\n\n<li><strong>Cole\u00e7\u00f5es de roupas limitadas a tamanhos menores<\/strong>, restringindo op\u00e7\u00f5es para pessoas com corpos maiores; e<br><\/li>\n\n\n\n<li><strong>Equipamentos de academia e espa\u00e7os p\u00fablicos pouco inclusivos<\/strong>, que podem causar constrangimento.<\/li>\n<\/ul>\n\n\n\n<p>Essas situa\u00e7\u00f5es refor\u00e7am um sentimento de inadequa\u00e7\u00e3o e exclus\u00e3o. Pesquisas da <em>Mental Health Foundation<\/em> indicam que <strong>1 em cada 5 adultos j\u00e1 se sentiu envergonhado com o pr\u00f3prio corpo <\/strong>e esse desconforto pode levar a evitar sair de casa ou participar de eventos sociais.<\/p>\n\n\n\n<h2 class=\"wp-block-heading\"><strong>Impactos da obesidade na mente<\/strong><\/h2>\n\n\n\n<p>A obesidade pode afetar o bem-estar psicol\u00f3gico de v\u00e1rias formas. Entre as mais comuns, est\u00e3o:<\/p>\n\n\n\n<h3 class=\"wp-block-heading\"><strong>1. Depress\u00e3o<\/strong><\/h3>\n\n\n\n<p>Cr\u00edticas, preconceito e tentativas frustradas de emagrecimento podem contribuir para quadros de depress\u00e3o. Al\u00e9m disso, processos inflamat\u00f3rios ligados \u00e0 obesidade tamb\u00e9m est\u00e3o associados a altera\u00e7\u00f5es no humor.<\/p>\n\n\n\n<h3 class=\"wp-block-heading\"><strong>2. Isolamento social<\/strong><\/h3>\n\n\n\n<p>O medo de julgamentos ou constrangimentos pode levar a pessoa a evitar intera\u00e7\u00f5es sociais, diminuindo a rede de apoio.<\/p>\n\n\n\n<h3 class=\"wp-block-heading\"><strong>3. Dist\u00farbios alimentares<\/strong><\/h3>\n\n\n\n<p>A compuls\u00e3o alimentar peri\u00f3dica \u00e9 mais frequente em pessoas com obesidade, porque fatores emocionais, sociais e biol\u00f3gicos se misturam. Altera\u00e7\u00f5es hormonais ligadas \u00e0 fome e \u00e0 saciedade, como resist\u00eancia \u00e0 leptina (horm\u00f4nio da saciedade), podem favorecer epis\u00f3dios de ingest\u00e3o exagerada. Al\u00e9m disso, sentimentos de ansiedade, estresse e baixa autoestima muitas vezes levam a usar a comida como forma de al\u00edvio ou recompensa.<\/p>\n\n\n\n<h3 class=\"wp-block-heading\"><strong>4. Qualidade de vida<\/strong><\/h3>\n\n\n\n<p>A obesidade pode afetar diretamente a rotina. A dificuldade para praticar atividades f\u00edsicas, a m\u00e1 qualidade do sono e a falta de disposi\u00e7\u00e3o s\u00e3o consequ\u00eancias conhecidas do sobrepeso e, muitas vezes, se tornam barreiras adicionais para quem deseja adotar h\u00e1bitos mais saud\u00e1veis. O sono, por exemplo, pode ser prejudicado pelo ronco e pela apneia do sono &#8211; dist\u00farbio mais comum em pessoas com excesso de peso, al\u00e9m do desconforto f\u00edsico que dificulta o descanso. Esses fatores comprometem a energia, o bem-estar emocional e a motiva\u00e7\u00e3o, criando um ciclo que pode agravar sintomas de ansiedade e depress\u00e3o.<\/p>\n\n\n\n<h2 class=\"wp-block-heading\"><strong>Ambiente seguro, mente saud\u00e1vel: dicas para cuidar da sa\u00fade mental<\/strong><\/h2>\n\n\n\n<p>Viver com obesidade e cuidar da sa\u00fade mental envolve construir um ambiente que favore\u00e7a seu bem-estar f\u00edsico e emocional.<\/p>\n\n\n\n<ul class=\"wp-block-list\">\n<li><strong>Converse sobre o que sente<\/strong>: pode ser com um familiar de confian\u00e7a, um amigo pr\u00f3ximo ou, se for dif\u00edcil encontrar esse espa\u00e7o, com um profissional de sa\u00fade. Compartilhar experi\u00eancias ajuda a aliviar a carga emocional e a fortalecer v\u00ednculos.<\/li>\n\n\n\n<li><strong>Estabele\u00e7a pequenos h\u00e1bitos de autocuidado<\/strong>: mantenha hor\u00e1rios regulares de sono e reserve alguns minutos do dia para atividades que voc\u00ea gosta, como ler, ouvir m\u00fasica ou caminhar. Fa\u00e7a pequenas pausas para respirar, alongar-se ou simplesmente relaxar. Inclua tamb\u00e9m atividade f\u00edsica regular, mesmo que leve, como caminhadas ou alongamentos.\u00a0<\/li>\n<\/ul>\n\n\n\n<p>Assim, esses movimentos ajudam a liberar subst\u00e2ncias qu\u00edmicas no c\u00e9rebro, como endorfina e serotonina, que melhoram o humor e reduzem sintomas de ansiedade e depress\u00e3o.<\/p>\n\n\n\n<ul class=\"wp-block-list\">\n<li><strong>Procure ajuda profissional<\/strong>: apoio de um especialista n\u00e3o \u00e9 sinal de fraqueza, mas sim de autoconsci\u00eancia e coragem.<\/li>\n<\/ul>\n\n\n\n<h2 class=\"wp-block-heading\"><strong>Cuidar do corpo \u00e9 tamb\u00e9m cuidar da mente<\/strong><\/h2>\n\n\n\n<p>Portanto, o impacto da obesidade na sa\u00fade mental vai muito al\u00e9m do que mostram os exames f\u00edsicos. Ele se reflete na autoestima, no conv\u00edvio social e na forma como a pessoa se v\u00ea e \u00e9 vista no mundo.<\/p>\n\n\n\n<p>O cuidado integrado, com acompanhamento m\u00e9dico, psicol\u00f3gico e nutricional, ajuda n\u00e3o apenas no controle do peso, mas na constru\u00e7\u00e3o de uma rela\u00e7\u00e3o mais saud\u00e1vel com o pr\u00f3prio corpo.<\/p>\n\n\n\n<p><strong>*Fontes:<\/strong><\/p>\n\n\n\n<p><a href=\"https:\/\/www.gov.br\/saude\/pt-br\/composicao\/svsa\/inqueritos-de-saude\/vigitel\">Minist\u00e9rio da Sa\u00fade (Vigitel 2023)<\/a>,&nbsp;<\/p>\n\n\n\n<p><a href=\"https:\/\/jamanetwork.com\/journals\/jamapsychiatry\/fullarticle\/210608\"><em>Journal of the American Medical Association<\/em> (JAMA Psychiatry)<\/a>,&nbsp;<\/p>\n\n\n\n<p><a href=\"https:\/\/www.mentalhealth.org.uk\/explore-mental-health\/articles\/body-image-report-executive-summary\"><em>Mental Health Foundation<\/em><\/a><\/p>\n\n\n\n<p><a href=\"https:\/\/www.gov.br\/saude\/pt-br\/assuntos\/saude-brasil\/eu-quero-ter-peso-saudavel\/noticias\/2022\/o-impacto-da-obesidade\">Minist\u00e9rio da Sa\u00fade<\/a>,&nbsp;<\/p>\n\n\n\n<p><a href=\"https:\/\/www.researchgate.net\/publication\/331169155_Obesity_and_anxiety_symptoms_a_systematic_review_and_meta-analysis\">Meta-an\u00e1lise ResearchGate<\/a><\/p>\n\n\n\n<p><a href=\"https:\/\/www.psitto.com.br\/blog\/obesidade-e-saude-mental\/\">Psitto<\/a>.<\/p>\n","protected":false},"excerpt":{"rendered":"<p>Quando pensamos em obesidade, geralmente lembramos de doen\u00e7as como diabetes tipo 2, hipertens\u00e3o e problemas cardiovasculares. Mas h\u00e1 um aspecto igualmente importante, e menos comentado, que merece aten\u00e7\u00e3o: a sa\u00fade mental.&nbsp; Segundo dados do Minist\u00e9rio da Sa\u00fade (Vigitel 2023), 25,9% dos brasileiros j\u00e1 vivem com obesidade e mais da metade da popula\u00e7\u00e3o adulta est\u00e1 acima [&hellip;]<\/p>\n","protected":false},"author":1,"featured_media":5835,"comment_status":"open","ping_status":"open","sticky":false,"template":"","format":"standard","meta":{"_acf_changed":false,"footnotes":""},"categories":[35,3],"tags":[625,294,872],"class_list":["post-5834","post","type-post","status-publish","format-standard","has-post-thumbnail","hentry","category-bem-estar","category-saude-e-bem-estar","tag-obesidade","tag-saude","tag-saude-mental"],"acf":[],"yoast_head":"<!-- This site is optimized with the Yoast SEO plugin v24.3 - https:\/\/yoast.com\/wordpress\/plugins\/seo\/ -->\n<title>Impactos da obesidade na sa\u00fade mental: entenda os efeitos no bem-estar e autoestima\u00a0 - Blog da Drogaria Araujo<\/title>\n<meta name=\"description\" content=\"Conhe\u00e7a os impactos da obesidade na sa\u00fade mental e estrat\u00e9gias para fortalecer a autoestima e enfrentar preconceitos.\" \/>\n<meta name=\"robots\" content=\"index, follow, max-snippet:-1, max-image-preview:large, max-video-preview:-1\" \/>\n<link rel=\"canonical\" href=\"https:\/\/araujo.com.br\/blog\/obesidade-e-saude-mental\/\" \/>\n<meta property=\"og:locale\" content=\"pt_BR\" \/>\n<meta property=\"og:type\" content=\"article\" \/>\n<meta property=\"og:title\" content=\"Impactos da obesidade na sa\u00fade mental: entenda os efeitos no bem-estar e autoestima\u00a0 - Blog da Drogaria Araujo\" \/>\n<meta property=\"og:description\" content=\"Conhe\u00e7a os impactos da obesidade na sa\u00fade mental e estrat\u00e9gias para fortalecer a autoestima e enfrentar preconceitos.\" \/>\n<meta property=\"og:url\" content=\"https:\/\/araujo.com.br\/blog\/obesidade-e-saude-mental\/\" \/>\n<meta property=\"og:site_name\" content=\"Blog da Drogaria Araujo\" \/>\n<meta property=\"article:published_time\" content=\"2025-09-11T18:29:10+00:00\" \/>\n<meta property=\"article:modified_time\" content=\"2025-09-11T18:29:12+00:00\" \/>\n<meta property=\"og:image\" content=\"https:\/\/araujo.com.br\/blog\/wp-content\/uploads\/2025\/09\/obesidade-saude-mental-scaled.jpeg\" \/>\n\t<meta property=\"og:image:width\" content=\"2560\" \/>\n\t<meta property=\"og:image:height\" content=\"1440\" \/>\n\t<meta property=\"og:image:type\" content=\"image\/jpeg\" \/>\n<meta name=\"author\" content=\"Drogaria Araujo\" \/>\n<meta name=\"twitter:card\" content=\"summary_large_image\" \/>\n<meta name=\"twitter:label1\" content=\"Escrito por\" \/>\n\t<meta name=\"twitter:data1\" content=\"Drogaria Araujo\" \/>\n\t<meta name=\"twitter:label2\" content=\"Est. tempo de leitura\" \/>\n\t<meta name=\"twitter:data2\" content=\"6 minutos\" \/>\n<script type=\"application\/ld+json\" class=\"yoast-schema-graph\">{\"@context\":\"https:\/\/schema.org\",\"@graph\":[{\"@type\":\"WebPage\",\"@id\":\"https:\/\/araujo.com.br\/blog\/obesidade-e-saude-mental\/\",\"url\":\"https:\/\/araujo.com.br\/blog\/obesidade-e-saude-mental\/\",\"name\":\"Impactos da obesidade na sa\u00fade mental: entenda os efeitos no bem-estar e autoestima\u00a0 - Blog da Drogaria Araujo\",\"isPartOf\":{\"@id\":\"https:\/\/araujo.com.br\/blog\/#website\"},\"primaryImageOfPage\":{\"@id\":\"https:\/\/araujo.com.br\/blog\/obesidade-e-saude-mental\/#primaryimage\"},\"image\":{\"@id\":\"https:\/\/araujo.com.br\/blog\/obesidade-e-saude-mental\/#primaryimage\"},\"thumbnailUrl\":\"https:\/\/araujo.com.br\/blog\/wp-content\/uploads\/2025\/09\/obesidade-saude-mental-scaled.jpeg\",\"datePublished\":\"2025-09-11T18:29:10+00:00\",\"dateModified\":\"2025-09-11T18:29:12+00:00\",\"author\":{\"@id\":\"https:\/\/araujo.com.br\/blog\/#\/schema\/person\/4e2eac75cf0e2c6b079ef9a0df2ece83\"},\"description\":\"Conhe\u00e7a os impactos da obesidade na sa\u00fade mental e estrat\u00e9gias para fortalecer a autoestima e enfrentar preconceitos.\",\"breadcrumb\":{\"@id\":\"https:\/\/araujo.com.br\/blog\/obesidade-e-saude-mental\/#breadcrumb\"},\"inLanguage\":\"pt-BR\",\"potentialAction\":[{\"@type\":\"ReadAction\",\"target\":[\"https:\/\/araujo.com.br\/blog\/obesidade-e-saude-mental\/\"]}]},{\"@type\":\"ImageObject\",\"inLanguage\":\"pt-BR\",\"@id\":\"https:\/\/araujo.com.br\/blog\/obesidade-e-saude-mental\/#primaryimage\",\"url\":\"https:\/\/araujo.com.br\/blog\/wp-content\/uploads\/2025\/09\/obesidade-saude-mental-scaled.jpeg\",\"contentUrl\":\"https:\/\/araujo.com.br\/blog\/wp-content\/uploads\/2025\/09\/obesidade-saude-mental-scaled.jpeg\",\"width\":2560,\"height\":1440,\"caption\":\"Young overweight woman reading book at home on bed. Portrait of cheerful obese female laying on bed and enjoying romantic novel spending evening alone in bedroom at home\"},{\"@type\":\"BreadcrumbList\",\"@id\":\"https:\/\/araujo.com.br\/blog\/obesidade-e-saude-mental\/#breadcrumb\",\"itemListElement\":[{\"@type\":\"ListItem\",\"position\":1,\"name\":\"In\u00edcio\",\"item\":\"https:\/\/araujo.com.br\/blog\/\"},{\"@type\":\"ListItem\",\"position\":2,\"name\":\"Impactos da obesidade na sa\u00fade mental: entenda os efeitos no bem-estar e autoestima\u00a0\"}]},{\"@type\":\"WebSite\",\"@id\":\"https:\/\/araujo.com.br\/blog\/#website\",\"url\":\"https:\/\/araujo.com.br\/blog\/\",\"name\":\"Blog da Drogaria Araujo\",\"description\":\"Conte\u00fado que faz bem? A Araujo tem!\",\"potentialAction\":[{\"@type\":\"SearchAction\",\"target\":{\"@type\":\"EntryPoint\",\"urlTemplate\":\"https:\/\/araujo.com.br\/blog\/?s={search_term_string}\"},\"query-input\":{\"@type\":\"PropertyValueSpecification\",\"valueRequired\":true,\"valueName\":\"search_term_string\"}}],\"inLanguage\":\"pt-BR\"},{\"@type\":\"Person\",\"@id\":\"https:\/\/araujo.com.br\/blog\/#\/schema\/person\/4e2eac75cf0e2c6b079ef9a0df2ece83\",\"name\":\"Drogaria Araujo\",\"image\":{\"@type\":\"ImageObject\",\"inLanguage\":\"pt-BR\",\"@id\":\"https:\/\/araujo.com.br\/blog\/#\/schema\/person\/image\/\",\"url\":\"https:\/\/secure.gravatar.com\/avatar\/33e54dec0cd79fc4b5e911c15f836c46ec8d0e452ecd3ca5f707bce0a3540a3b?s=96&d=mm&r=g\",\"contentUrl\":\"https:\/\/secure.gravatar.com\/avatar\/33e54dec0cd79fc4b5e911c15f836c46ec8d0e452ecd3ca5f707bce0a3540a3b?s=96&d=mm&r=g\",\"caption\":\"Drogaria Araujo\"},\"description\":\"Especialista em Sa\u00fade da Fam\u00edlia. M\u00e9dico e nutricionista.\",\"sameAs\":[\"https:\/\/araujo.com.br\/blog\"],\"url\":\"https:\/\/araujo.com.br\/blog\/author\/admin\/\"}]}<\/script>\n<!-- \/ Yoast SEO plugin. -->","yoast_head_json":{"title":"Impactos da obesidade na sa\u00fade mental: entenda os efeitos no bem-estar e autoestima\u00a0 - Blog da Drogaria Araujo","description":"Conhe\u00e7a os impactos da obesidade na sa\u00fade mental e estrat\u00e9gias para fortalecer a autoestima e enfrentar preconceitos.","robots":{"index":"index","follow":"follow","max-snippet":"max-snippet:-1","max-image-preview":"max-image-preview:large","max-video-preview":"max-video-preview:-1"},"canonical":"https:\/\/araujo.com.br\/blog\/obesidade-e-saude-mental\/","og_locale":"pt_BR","og_type":"article","og_title":"Impactos da obesidade na sa\u00fade mental: entenda os efeitos no bem-estar e autoestima\u00a0 - Blog da Drogaria Araujo","og_description":"Conhe\u00e7a os impactos da obesidade na sa\u00fade mental e estrat\u00e9gias para fortalecer a autoestima e enfrentar preconceitos.","og_url":"https:\/\/araujo.com.br\/blog\/obesidade-e-saude-mental\/","og_site_name":"Blog da Drogaria Araujo","article_published_time":"2025-09-11T18:29:10+00:00","article_modified_time":"2025-09-11T18:29:12+00:00","og_image":[{"width":2560,"height":1440,"url":"https:\/\/araujo.com.br\/blog\/wp-content\/uploads\/2025\/09\/obesidade-saude-mental-scaled.jpeg","type":"image\/jpeg"}],"author":"Drogaria Araujo","twitter_card":"summary_large_image","twitter_misc":{"Escrito por":"Drogaria Araujo","Est. tempo de leitura":"6 minutos"},"schema":{"@context":"https:\/\/schema.org","@graph":[{"@type":"WebPage","@id":"https:\/\/araujo.com.br\/blog\/obesidade-e-saude-mental\/","url":"https:\/\/araujo.com.br\/blog\/obesidade-e-saude-mental\/","name":"Impactos da obesidade na sa\u00fade mental: entenda os efeitos no bem-estar e autoestima\u00a0 - Blog da Drogaria Araujo","isPartOf":{"@id":"https:\/\/araujo.com.br\/blog\/#website"},"primaryImageOfPage":{"@id":"https:\/\/araujo.com.br\/blog\/obesidade-e-saude-mental\/#primaryimage"},"image":{"@id":"https:\/\/araujo.com.br\/blog\/obesidade-e-saude-mental\/#primaryimage"},"thumbnailUrl":"https:\/\/araujo.com.br\/blog\/wp-content\/uploads\/2025\/09\/obesidade-saude-mental-scaled.jpeg","datePublished":"2025-09-11T18:29:10+00:00","dateModified":"2025-09-11T18:29:12+00:00","author":{"@id":"https:\/\/araujo.com.br\/blog\/#\/schema\/person\/4e2eac75cf0e2c6b079ef9a0df2ece83"},"description":"Conhe\u00e7a os impactos da obesidade na sa\u00fade mental e estrat\u00e9gias para fortalecer a autoestima e enfrentar preconceitos.","breadcrumb":{"@id":"https:\/\/araujo.com.br\/blog\/obesidade-e-saude-mental\/#breadcrumb"},"inLanguage":"pt-BR","potentialAction":[{"@type":"ReadAction","target":["https:\/\/araujo.com.br\/blog\/obesidade-e-saude-mental\/"]}]},{"@type":"ImageObject","inLanguage":"pt-BR","@id":"https:\/\/araujo.com.br\/blog\/obesidade-e-saude-mental\/#primaryimage","url":"https:\/\/araujo.com.br\/blog\/wp-content\/uploads\/2025\/09\/obesidade-saude-mental-scaled.jpeg","contentUrl":"https:\/\/araujo.com.br\/blog\/wp-content\/uploads\/2025\/09\/obesidade-saude-mental-scaled.jpeg","width":2560,"height":1440,"caption":"Young overweight woman reading book at home on bed. Portrait of cheerful obese female laying on bed and enjoying romantic novel spending evening alone in bedroom at home"},{"@type":"BreadcrumbList","@id":"https:\/\/araujo.com.br\/blog\/obesidade-e-saude-mental\/#breadcrumb","itemListElement":[{"@type":"ListItem","position":1,"name":"In\u00edcio","item":"https:\/\/araujo.com.br\/blog\/"},{"@type":"ListItem","position":2,"name":"Impactos da obesidade na sa\u00fade mental: entenda os efeitos no bem-estar e autoestima\u00a0"}]},{"@type":"WebSite","@id":"https:\/\/araujo.com.br\/blog\/#website","url":"https:\/\/araujo.com.br\/blog\/","name":"Blog da Drogaria Araujo","description":"Conte\u00fado que faz bem? A Araujo tem!","potentialAction":[{"@type":"SearchAction","target":{"@type":"EntryPoint","urlTemplate":"https:\/\/araujo.com.br\/blog\/?s={search_term_string}"},"query-input":{"@type":"PropertyValueSpecification","valueRequired":true,"valueName":"search_term_string"}}],"inLanguage":"pt-BR"},{"@type":"Person","@id":"https:\/\/araujo.com.br\/blog\/#\/schema\/person\/4e2eac75cf0e2c6b079ef9a0df2ece83","name":"Drogaria Araujo","image":{"@type":"ImageObject","inLanguage":"pt-BR","@id":"https:\/\/araujo.com.br\/blog\/#\/schema\/person\/image\/","url":"https:\/\/secure.gravatar.com\/avatar\/33e54dec0cd79fc4b5e911c15f836c46ec8d0e452ecd3ca5f707bce0a3540a3b?s=96&d=mm&r=g","contentUrl":"https:\/\/secure.gravatar.com\/avatar\/33e54dec0cd79fc4b5e911c15f836c46ec8d0e452ecd3ca5f707bce0a3540a3b?s=96&d=mm&r=g","caption":"Drogaria Araujo"},"description":"Especialista em Sa\u00fade da Fam\u00edlia. M\u00e9dico e nutricionista.","sameAs":["https:\/\/araujo.com.br\/blog"],"url":"https:\/\/araujo.com.br\/blog\/author\/admin\/"}]}},"_links":{"self":[{"href":"https:\/\/araujo.com.br\/blog\/wp-json\/wp\/v2\/posts\/5834","targetHints":{"allow":["GET"]}}],"collection":[{"href":"https:\/\/araujo.com.br\/blog\/wp-json\/wp\/v2\/posts"}],"about":[{"href":"https:\/\/araujo.com.br\/blog\/wp-json\/wp\/v2\/types\/post"}],"author":[{"embeddable":true,"href":"https:\/\/araujo.com.br\/blog\/wp-json\/wp\/v2\/users\/1"}],"replies":[{"embeddable":true,"href":"https:\/\/araujo.com.br\/blog\/wp-json\/wp\/v2\/comments?post=5834"}],"version-history":[{"count":1,"href":"https:\/\/araujo.com.br\/blog\/wp-json\/wp\/v2\/posts\/5834\/revisions"}],"predecessor-version":[{"id":5836,"href":"https:\/\/araujo.com.br\/blog\/wp-json\/wp\/v2\/posts\/5834\/revisions\/5836"}],"wp:featuredmedia":[{"embeddable":true,"href":"https:\/\/araujo.com.br\/blog\/wp-json\/wp\/v2\/media\/5835"}],"wp:attachment":[{"href":"https:\/\/araujo.com.br\/blog\/wp-json\/wp\/v2\/media?parent=5834"}],"wp:term":[{"taxonomy":"category","embeddable":true,"href":"https:\/\/araujo.com.br\/blog\/wp-json\/wp\/v2\/categories?post=5834"},{"taxonomy":"post_tag","embeddable":true,"href":"https:\/\/araujo.com.br\/blog\/wp-json\/wp\/v2\/tags?post=5834"}],"curies":[{"name":"wp","href":"https:\/\/api.w.org\/{rel}","templated":true}]}}