{"id":6534,"date":"2025-12-09T23:26:53","date_gmt":"2025-12-09T20:26:53","guid":{"rendered":"https:\/\/araujo.com.br\/blog\/?p=6534"},"modified":"2025-12-09T23:26:54","modified_gmt":"2025-12-09T20:26:54","slug":"cuidados-cabelo-verao","status":"publish","type":"post","link":"https:\/\/araujo.com.br\/blog\/cuidados-cabelo-verao\/","title":{"rendered":"Cuidados com os cabelos no ver\u00e3o: dicas para ter um cabelo saud\u00e1vel"},"content":{"rendered":"\n<p>O ver\u00e3o est\u00e1 chegando, e com ele, a promessa de dias ensolarados, praia e divers\u00e3o ao ar livre. Mas, enquanto voc\u00ea aproveita tudo o que a esta\u00e7\u00e3o oferece, seus cabelos tamb\u00e9m precisam de aten\u00e7\u00e3o especial para manter sua sa\u00fade e beleza.&nbsp;<\/p>\n\n\n\n<p>O sol forte, a \u00e1gua do mar, o suor, o cloro da piscina e o vento podem danificar os fios se n\u00e3o forem cuidados de maneira adequada. Ent\u00e3o, como manter os cabelos saud\u00e1veis no ver\u00e3o? Aqui est\u00e3o dicas e pr\u00e1ticas para garantir que seus fios fiquem protegidos e hidratados, mesmo nos dias mais quentes.<\/p>\n\n\n\n<h2 class=\"wp-block-heading\">Sol, mar e piscina: como blindar seus cabelos contra os vil\u00f5es do ver\u00e3o<\/h2>\n\n\n\n<p>O ver\u00e3o \u00e9 sin\u00f4nimo de calor, e o <a href=\"https:\/\/araujo.com.br\/blog\/calor-excessivo-como-se-proteger\/\">calor excessivo<\/a> pode ser um vil\u00e3o para a sa\u00fade dos fios. O sol intenso desidrata o cabelo, tornando-o mais propenso \u00e0 quebra, ao frizz e \u00e0 perda de brilho.\u00a0<\/p>\n\n\n\n<p>Al\u00e9m disso, a radia\u00e7\u00e3o UV pode desbotar a cor dos cabelos, principalmente os coloridos. A \u00e1gua salgada do mar, por sua vez, pode ressecar os fios, causar n\u00f3s e deix\u00e1-los opacos.&nbsp;<\/p>\n\n\n\n<p>J\u00e1 o cloro da piscina pode danificar a estrutura capilar, deixando os cabelos quebradi\u00e7os e com aspecto ressecado. Em cabelos loiros ou tingidos, o cloro pode at\u00e9 mesmo causar altera\u00e7\u00e3o na cor, deixando os fios esverdeados.<\/p>\n\n\n\n<p>Mas n\u00e3o se desespere! Com alguns cuidados simples e o uso dos produtos certos, \u00e9 poss\u00edvel proteger o cabelo e mant\u00ea-lo saud\u00e1vel, brilhante e hidratado durante todo o ver\u00e3o. A Drogaria Araujo oferece uma vasta gama de produtos para cabelo no ver\u00e3o, que podem te ajudar a enfrentar os desafios dessa esta\u00e7\u00e3o com confian\u00e7a.<\/p>\n\n\n\n<p>Leia tamb\u00e9m: <a href=\"https:\/\/araujo.com.br\/blog\/vitaminas-para-queda-de-cabelo\/\">6 vitaminas poderosas para combater a queda de cabelo<\/a><\/p>\n\n\n\n<h2 class=\"wp-block-heading\">3 t\u00e1ticas infal\u00edveis para minimizar os danos nos fios<\/h2>\n\n\n\n<ol class=\"wp-block-list\">\n<li><strong>Proteja seus fios do sol:<\/strong> assim como sua pele precisa de prote\u00e7\u00e3o solar, seus cabelos tamb\u00e9m precisam. A exposi\u00e7\u00e3o constante ao sol pode danificar as fibras capilares, deixando o cabelo ressecado e sem vida. O uso de protetores capilares com filtro solar \u00e9 essencial para evitar os danos causados pelos raios UVA e UVB.<\/li>\n\n\n\n<li><strong>Hidrata\u00e7\u00e3o capilar constante:<\/strong> o calor e a \u00e1gua do mar ou da piscina podem retirar a umidade dos fios, deixando-os secos e quebradi\u00e7os. Por isso, a hidrata\u00e7\u00e3o \u00e9 um passo fundamental para manter a sa\u00fade dos cabelos no ver\u00e3o. Aposte em m\u00e1scaras de hidrata\u00e7\u00e3o profunda, como as das <a href=\"https:\/\/www.araujo.com.br\/busca?q=m%C3%A1scara+de+hidrata%C3%A7%C3%A3o&amp;lang=pt_BR&amp;utm_source=blog&amp;utm_medium=texto&amp;utm_campaign=mascara+de+hidratacao\">linhas de cuidados capilares<\/a> dispon\u00edveis na Drogaria Araujo.<\/li>\n\n\n\n<li><strong>Evite o uso excessivo de calor nos fios:<\/strong> evite o uso de fontes de calor, como chapinhas, secadores e modeladores de cachos, pois o calor pode agravar ainda mais o ressecamento dos fios. Se precisar usar esses aparelhos, sempre aplique um protetor t\u00e9rmico antes, garantindo que seus cabelos fiquem protegidos da alta temperatura.<\/li>\n<\/ol>\n\n\n\n<h2 class=\"wp-block-heading\">O que passar no cabelo para proteger do calor?<\/h2>\n\n\n\n<p>Ao expor seus fios ao calor, seja no sol ou ao usar ferramentas t\u00e9rmicas, \u00e9 importante aplicar produtos que ajudem a proteger a estrutura do cabelo.\u00a0<\/p>\n\n\n\n<p>O uso de <strong>sprays protetores t\u00e9rmicos<\/strong> e <strong>\u00f3leos capilares com filtro UV<\/strong> s\u00e3o op\u00e7\u00f5es ideais para evitar danos. Esses produtos formam uma barreira que minimiza os efeitos do calor excessivo e mant\u00e9m o cabelo nutrido.<\/p>\n\n\n\n<p>Al\u00e9m disso, <strong>leave-in<\/strong> com propriedades hidratantes tamb\u00e9m s\u00e3o aliados poderosos. Escolha produtos que tenham em sua composi\u00e7\u00e3o ingredientes como <strong>\u00f3leo de argan<\/strong>, <strong>creme de abacate<\/strong> ou <strong>aloe vera<\/strong>, conhecidos por suas propriedades hidratantes e nutritivas.&nbsp;<\/p>\n\n\n\n<p>A Drogaria Araujo tem uma variedade de produtos que podem te ajudar a proteger seus cabelos do calor, como sprays protetores t\u00e9rmicos, \u00f3leos capilares e leave-ins de diversas marcas e pre\u00e7os.\u00a0<\/p>\n\n\n\n<p>Quer mais dicas? <a href=\"https:\/\/araujo.com.br\/blog\/cronograma-capilar\/\">Araujo tem!<\/a><\/p>\n\n\n\n<h2 class=\"wp-block-heading\"><strong>Preparando o cabelo para o ver\u00e3o: dicas para um ver\u00e3o sem frizz!<\/strong><\/h2>\n\n\n\n<p>Antes de se aventurar no calor do ver\u00e3o, \u00e9 importante preparar seus cabelos para a esta\u00e7\u00e3o. Aqui est\u00e3o algumas dicas de como evitar o frizz e garantir a hidrata\u00e7\u00e3o capilar no ver\u00e3o:<\/p>\n\n\n\n<ol class=\"wp-block-list\">\n<li><strong>Hidrata\u00e7\u00e3o preventiva:<\/strong> antes de come\u00e7ar a temporada de calor, invista em uma hidrata\u00e7\u00e3o capilar profunda para garantir que seus fios estejam preparados para os desafios do ver\u00e3o.<\/li>\n\n\n\n<li><strong>Use chap\u00e9us e bon\u00e9s:<\/strong> uma forma simples e eficaz de proteger os cabelos dos danos do sol \u00e9 utilizando chap\u00e9us ou bon\u00e9s.<\/li>\n\n\n\n<li><strong>Evite lavar o cabelo com \u00e1gua muito quente:<\/strong> a \u00e1gua quente pode retirar a oleosidade natural do cabelo, contribuindo para o ressecamento. Lave os cabelos com \u00e1gua morna ou fria, que ajudam a manter a hidrata\u00e7\u00e3o dos fios.<\/li>\n\n\n\n<li><strong>Use produtos espec\u00edficos para o ver\u00e3o:<\/strong> na Drogaria Araujo, voc\u00ea encontra shampoos e condicionadores com prote\u00e7\u00e3o UV e produtos que ajudam a reter a hidrata\u00e7\u00e3o nos fios. Esses produtos s\u00e3o formulados com ingredientes que protegem os cabelos dos danos causados pelo sol, pelo calor e pela \u00e1gua do mar ou da piscina.<\/li>\n<\/ol>\n\n\n\n<h3 class=\"wp-block-heading\"><strong>Dica extra: beleza de dentro para fora!<\/strong><\/h3>\n\n\n\n<p>N\u00e3o se esque\u00e7a de manter uma <a href=\"https:\/\/araujo.com.br\/blog\/guia-nutricao-dietas-alimentacao-saudavel\/\">alimenta\u00e7\u00e3o equilibrada<\/a>, rica em vitaminas e minerais que contribuem para a sa\u00fade do cabelo. Alimentos ricos em <strong>vitamina E<\/strong>, <strong>biotina<\/strong>, <strong>zinco<\/strong> e <strong>\u00e1cidos graxos essenciais<\/strong>, como peixes, nozes e abacate, ajudam a manter o cabelo forte e saud\u00e1vel.<\/p>\n\n\n\n<p>Beba muita \u00e1gua, pratique exerc\u00edcios f\u00edsicos e tenha uma alimenta\u00e7\u00e3o balanceada. Esses cuidados ajudar\u00e3o a manter o brilho natural dos seus fios e evitar o ressecamento causado pelo calor excessivo.<\/p>\n\n\n\n<h2 class=\"wp-block-heading\">Cabelo no ver\u00e3o: brilhe sem medo!<\/h2>\n\n\n\n<p>O ver\u00e3o pode ser uma esta\u00e7\u00e3o desafiadora para a sa\u00fade dos seus cabelos, mas com os cuidados certos, voc\u00ea pode aproveitar os dias quentes sem preocupa\u00e7\u00f5es.<\/p>\n\n\n\n<p>Na Drogaria Araujo, voc\u00ea encontra uma ampla variedade de produtos para cuidar dos seus cabelos durante o ver\u00e3o, garantindo que seus fios fiquem hidratados, protegidos e saud\u00e1veis.<\/p>\n\n\n\n<p>Agora, que tal visitar a Araujo e conferir os produtos que v\u00e3o deixar seu cabelo radiante durante o ver\u00e3o? N\u00e3o perca tempo e comece agora mesmo a cuidar dos seus fios para aproveitar o ver\u00e3o com beleza e sa\u00fade.<\/p>\n","protected":false},"excerpt":{"rendered":"<p>O ver\u00e3o est\u00e1 chegando, e com ele, a promessa de dias ensolarados, praia e divers\u00e3o ao ar livre. Mas, enquanto voc\u00ea aproveita tudo o que a esta\u00e7\u00e3o oferece, seus cabelos tamb\u00e9m precisam de aten\u00e7\u00e3o especial para manter sua sa\u00fade e beleza.&nbsp; O sol forte, a \u00e1gua do mar, o suor, o cloro da piscina e [&hellip;]<\/p>\n","protected":false},"author":1,"featured_media":6535,"comment_status":"open","ping_status":"open","sticky":false,"template":"","format":"standard","meta":{"_acf_changed":false,"footnotes":""},"categories":[38,4],"tags":[64,294,282],"class_list":["post-6534","post","type-post","status-publish","format-standard","has-post-thumbnail","hentry","category-cuidados-cabelo","category-mais-beleza","tag-cabelo","tag-saude","tag-verao"],"acf":[],"yoast_head":"<!-- This site is optimized with the Yoast SEO plugin v24.3 - https:\/\/yoast.com\/wordpress\/plugins\/seo\/ -->\n<title>Cuidados com os cabelos no ver\u00e3o: dicas para ter um cabelo saud\u00e1vel - Blog da Drogaria Araujo<\/title>\n<meta name=\"description\" content=\"Descubra como proteger seu cabelo dos danos do ver\u00e3o, manter a hidrata\u00e7\u00e3o e brilhar sem medo nesta esta\u00e7\u00e3o.\" \/>\n<meta name=\"robots\" content=\"index, follow, max-snippet:-1, max-image-preview:large, max-video-preview:-1\" \/>\n<link rel=\"canonical\" href=\"https:\/\/araujo.com.br\/blog\/cuidados-cabelo-verao\/\" \/>\n<meta property=\"og:locale\" content=\"pt_BR\" \/>\n<meta property=\"og:type\" content=\"article\" \/>\n<meta property=\"og:title\" content=\"Cuidados com os cabelos no ver\u00e3o: dicas para ter um cabelo saud\u00e1vel - Blog da Drogaria Araujo\" \/>\n<meta property=\"og:description\" content=\"Descubra como proteger seu cabelo dos danos do ver\u00e3o, manter a hidrata\u00e7\u00e3o e brilhar sem medo nesta esta\u00e7\u00e3o.\" \/>\n<meta property=\"og:url\" content=\"https:\/\/araujo.com.br\/blog\/cuidados-cabelo-verao\/\" \/>\n<meta property=\"og:site_name\" content=\"Blog da Drogaria Araujo\" \/>\n<meta property=\"article:published_time\" content=\"2025-12-09T20:26:53+00:00\" \/>\n<meta property=\"article:modified_time\" content=\"2025-12-09T20:26:54+00:00\" \/>\n<meta property=\"og:image\" content=\"https:\/\/araujo.com.br\/blog\/wp-content\/uploads\/2025\/12\/cabelo-scaled.jpeg\" \/>\n\t<meta property=\"og:image:width\" content=\"2560\" \/>\n\t<meta property=\"og:image:height\" content=\"1707\" \/>\n\t<meta property=\"og:image:type\" content=\"image\/jpeg\" \/>\n<meta name=\"author\" content=\"Drogaria Araujo\" \/>\n<meta name=\"twitter:card\" content=\"summary_large_image\" \/>\n<meta name=\"twitter:label1\" content=\"Escrito por\" \/>\n\t<meta name=\"twitter:data1\" content=\"Drogaria Araujo\" \/>\n\t<meta name=\"twitter:label2\" content=\"Est. tempo de leitura\" \/>\n\t<meta name=\"twitter:data2\" content=\"6 minutos\" \/>\n<script type=\"application\/ld+json\" class=\"yoast-schema-graph\">{\"@context\":\"https:\/\/schema.org\",\"@graph\":[{\"@type\":\"WebPage\",\"@id\":\"https:\/\/araujo.com.br\/blog\/cuidados-cabelo-verao\/\",\"url\":\"https:\/\/araujo.com.br\/blog\/cuidados-cabelo-verao\/\",\"name\":\"Cuidados com os cabelos no ver\u00e3o: dicas para ter um cabelo saud\u00e1vel - Blog da Drogaria Araujo\",\"isPartOf\":{\"@id\":\"https:\/\/araujo.com.br\/blog\/#website\"},\"primaryImageOfPage\":{\"@id\":\"https:\/\/araujo.com.br\/blog\/cuidados-cabelo-verao\/#primaryimage\"},\"image\":{\"@id\":\"https:\/\/araujo.com.br\/blog\/cuidados-cabelo-verao\/#primaryimage\"},\"thumbnailUrl\":\"https:\/\/araujo.com.br\/blog\/wp-content\/uploads\/2025\/12\/cabelo-scaled.jpeg\",\"datePublished\":\"2025-12-09T20:26:53+00:00\",\"dateModified\":\"2025-12-09T20:26:54+00:00\",\"author\":{\"@id\":\"https:\/\/araujo.com.br\/blog\/#\/schema\/person\/4e2eac75cf0e2c6b079ef9a0df2ece83\"},\"description\":\"Descubra como proteger seu cabelo dos danos do ver\u00e3o, manter a hidrata\u00e7\u00e3o e brilhar sem medo nesta esta\u00e7\u00e3o.\",\"breadcrumb\":{\"@id\":\"https:\/\/araujo.com.br\/blog\/cuidados-cabelo-verao\/#breadcrumb\"},\"inLanguage\":\"pt-BR\",\"potentialAction\":[{\"@type\":\"ReadAction\",\"target\":[\"https:\/\/araujo.com.br\/blog\/cuidados-cabelo-verao\/\"]}]},{\"@type\":\"ImageObject\",\"inLanguage\":\"pt-BR\",\"@id\":\"https:\/\/araujo.com.br\/blog\/cuidados-cabelo-verao\/#primaryimage\",\"url\":\"https:\/\/araujo.com.br\/blog\/wp-content\/uploads\/2025\/12\/cabelo-scaled.jpeg\",\"contentUrl\":\"https:\/\/araujo.com.br\/blog\/wp-content\/uploads\/2025\/12\/cabelo-scaled.jpeg\",\"width\":2560,\"height\":1707,\"caption\":\"Beautiful girl using a hair dryer and smiling while looking at the mirror. Natural young woman drying curly hair with hair-dry machine. Happy beauty looking at mirror while using hair dryer in the bathroom after shower.\"},{\"@type\":\"BreadcrumbList\",\"@id\":\"https:\/\/araujo.com.br\/blog\/cuidados-cabelo-verao\/#breadcrumb\",\"itemListElement\":[{\"@type\":\"ListItem\",\"position\":1,\"name\":\"In\u00edcio\",\"item\":\"https:\/\/araujo.com.br\/blog\/\"},{\"@type\":\"ListItem\",\"position\":2,\"name\":\"Cuidados com os cabelos no ver\u00e3o: dicas para ter um cabelo saud\u00e1vel\"}]},{\"@type\":\"WebSite\",\"@id\":\"https:\/\/araujo.com.br\/blog\/#website\",\"url\":\"https:\/\/araujo.com.br\/blog\/\",\"name\":\"Blog da Drogaria Araujo\",\"description\":\"Conte\u00fado que faz bem? A Araujo tem!\",\"potentialAction\":[{\"@type\":\"SearchAction\",\"target\":{\"@type\":\"EntryPoint\",\"urlTemplate\":\"https:\/\/araujo.com.br\/blog\/?s={search_term_string}\"},\"query-input\":{\"@type\":\"PropertyValueSpecification\",\"valueRequired\":true,\"valueName\":\"search_term_string\"}}],\"inLanguage\":\"pt-BR\"},{\"@type\":\"Person\",\"@id\":\"https:\/\/araujo.com.br\/blog\/#\/schema\/person\/4e2eac75cf0e2c6b079ef9a0df2ece83\",\"name\":\"Drogaria Araujo\",\"image\":{\"@type\":\"ImageObject\",\"inLanguage\":\"pt-BR\",\"@id\":\"https:\/\/araujo.com.br\/blog\/#\/schema\/person\/image\/\",\"url\":\"https:\/\/secure.gravatar.com\/avatar\/33e54dec0cd79fc4b5e911c15f836c46ec8d0e452ecd3ca5f707bce0a3540a3b?s=96&d=mm&r=g\",\"contentUrl\":\"https:\/\/secure.gravatar.com\/avatar\/33e54dec0cd79fc4b5e911c15f836c46ec8d0e452ecd3ca5f707bce0a3540a3b?s=96&d=mm&r=g\",\"caption\":\"Drogaria Araujo\"},\"description\":\"Especialista em Sa\u00fade da Fam\u00edlia. M\u00e9dico e nutricionista.\",\"sameAs\":[\"https:\/\/araujo.com.br\/blog\"],\"url\":\"https:\/\/araujo.com.br\/blog\/author\/admin\/\"}]}<\/script>\n<!-- \/ Yoast SEO plugin. -->","yoast_head_json":{"title":"Cuidados com os cabelos no ver\u00e3o: dicas para ter um cabelo saud\u00e1vel - Blog da Drogaria Araujo","description":"Descubra como proteger seu cabelo dos danos do ver\u00e3o, manter a hidrata\u00e7\u00e3o e brilhar sem medo nesta esta\u00e7\u00e3o.","robots":{"index":"index","follow":"follow","max-snippet":"max-snippet:-1","max-image-preview":"max-image-preview:large","max-video-preview":"max-video-preview:-1"},"canonical":"https:\/\/araujo.com.br\/blog\/cuidados-cabelo-verao\/","og_locale":"pt_BR","og_type":"article","og_title":"Cuidados com os cabelos no ver\u00e3o: dicas para ter um cabelo saud\u00e1vel - Blog da Drogaria Araujo","og_description":"Descubra como proteger seu cabelo dos danos do ver\u00e3o, manter a hidrata\u00e7\u00e3o e brilhar sem medo nesta esta\u00e7\u00e3o.","og_url":"https:\/\/araujo.com.br\/blog\/cuidados-cabelo-verao\/","og_site_name":"Blog da Drogaria Araujo","article_published_time":"2025-12-09T20:26:53+00:00","article_modified_time":"2025-12-09T20:26:54+00:00","og_image":[{"width":2560,"height":1707,"url":"https:\/\/araujo.com.br\/blog\/wp-content\/uploads\/2025\/12\/cabelo-scaled.jpeg","type":"image\/jpeg"}],"author":"Drogaria Araujo","twitter_card":"summary_large_image","twitter_misc":{"Escrito por":"Drogaria Araujo","Est. tempo de leitura":"6 minutos"},"schema":{"@context":"https:\/\/schema.org","@graph":[{"@type":"WebPage","@id":"https:\/\/araujo.com.br\/blog\/cuidados-cabelo-verao\/","url":"https:\/\/araujo.com.br\/blog\/cuidados-cabelo-verao\/","name":"Cuidados com os cabelos no ver\u00e3o: dicas para ter um cabelo saud\u00e1vel - Blog da Drogaria Araujo","isPartOf":{"@id":"https:\/\/araujo.com.br\/blog\/#website"},"primaryImageOfPage":{"@id":"https:\/\/araujo.com.br\/blog\/cuidados-cabelo-verao\/#primaryimage"},"image":{"@id":"https:\/\/araujo.com.br\/blog\/cuidados-cabelo-verao\/#primaryimage"},"thumbnailUrl":"https:\/\/araujo.com.br\/blog\/wp-content\/uploads\/2025\/12\/cabelo-scaled.jpeg","datePublished":"2025-12-09T20:26:53+00:00","dateModified":"2025-12-09T20:26:54+00:00","author":{"@id":"https:\/\/araujo.com.br\/blog\/#\/schema\/person\/4e2eac75cf0e2c6b079ef9a0df2ece83"},"description":"Descubra como proteger seu cabelo dos danos do ver\u00e3o, manter a hidrata\u00e7\u00e3o e brilhar sem medo nesta esta\u00e7\u00e3o.","breadcrumb":{"@id":"https:\/\/araujo.com.br\/blog\/cuidados-cabelo-verao\/#breadcrumb"},"inLanguage":"pt-BR","potentialAction":[{"@type":"ReadAction","target":["https:\/\/araujo.com.br\/blog\/cuidados-cabelo-verao\/"]}]},{"@type":"ImageObject","inLanguage":"pt-BR","@id":"https:\/\/araujo.com.br\/blog\/cuidados-cabelo-verao\/#primaryimage","url":"https:\/\/araujo.com.br\/blog\/wp-content\/uploads\/2025\/12\/cabelo-scaled.jpeg","contentUrl":"https:\/\/araujo.com.br\/blog\/wp-content\/uploads\/2025\/12\/cabelo-scaled.jpeg","width":2560,"height":1707,"caption":"Beautiful girl using a hair dryer and smiling while looking at the mirror. Natural young woman drying curly hair with hair-dry machine. Happy beauty looking at mirror while using hair dryer in the bathroom after shower."},{"@type":"BreadcrumbList","@id":"https:\/\/araujo.com.br\/blog\/cuidados-cabelo-verao\/#breadcrumb","itemListElement":[{"@type":"ListItem","position":1,"name":"In\u00edcio","item":"https:\/\/araujo.com.br\/blog\/"},{"@type":"ListItem","position":2,"name":"Cuidados com os cabelos no ver\u00e3o: dicas para ter um cabelo saud\u00e1vel"}]},{"@type":"WebSite","@id":"https:\/\/araujo.com.br\/blog\/#website","url":"https:\/\/araujo.com.br\/blog\/","name":"Blog da Drogaria Araujo","description":"Conte\u00fado que faz bem? A Araujo tem!","potentialAction":[{"@type":"SearchAction","target":{"@type":"EntryPoint","urlTemplate":"https:\/\/araujo.com.br\/blog\/?s={search_term_string}"},"query-input":{"@type":"PropertyValueSpecification","valueRequired":true,"valueName":"search_term_string"}}],"inLanguage":"pt-BR"},{"@type":"Person","@id":"https:\/\/araujo.com.br\/blog\/#\/schema\/person\/4e2eac75cf0e2c6b079ef9a0df2ece83","name":"Drogaria Araujo","image":{"@type":"ImageObject","inLanguage":"pt-BR","@id":"https:\/\/araujo.com.br\/blog\/#\/schema\/person\/image\/","url":"https:\/\/secure.gravatar.com\/avatar\/33e54dec0cd79fc4b5e911c15f836c46ec8d0e452ecd3ca5f707bce0a3540a3b?s=96&d=mm&r=g","contentUrl":"https:\/\/secure.gravatar.com\/avatar\/33e54dec0cd79fc4b5e911c15f836c46ec8d0e452ecd3ca5f707bce0a3540a3b?s=96&d=mm&r=g","caption":"Drogaria Araujo"},"description":"Especialista em Sa\u00fade da Fam\u00edlia. M\u00e9dico e nutricionista.","sameAs":["https:\/\/araujo.com.br\/blog"],"url":"https:\/\/araujo.com.br\/blog\/author\/admin\/"}]}},"_links":{"self":[{"href":"https:\/\/araujo.com.br\/blog\/wp-json\/wp\/v2\/posts\/6534","targetHints":{"allow":["GET"]}}],"collection":[{"href":"https:\/\/araujo.com.br\/blog\/wp-json\/wp\/v2\/posts"}],"about":[{"href":"https:\/\/araujo.com.br\/blog\/wp-json\/wp\/v2\/types\/post"}],"author":[{"embeddable":true,"href":"https:\/\/araujo.com.br\/blog\/wp-json\/wp\/v2\/users\/1"}],"replies":[{"embeddable":true,"href":"https:\/\/araujo.com.br\/blog\/wp-json\/wp\/v2\/comments?post=6534"}],"version-history":[{"count":1,"href":"https:\/\/araujo.com.br\/blog\/wp-json\/wp\/v2\/posts\/6534\/revisions"}],"predecessor-version":[{"id":6536,"href":"https:\/\/araujo.com.br\/blog\/wp-json\/wp\/v2\/posts\/6534\/revisions\/6536"}],"wp:featuredmedia":[{"embeddable":true,"href":"https:\/\/araujo.com.br\/blog\/wp-json\/wp\/v2\/media\/6535"}],"wp:attachment":[{"href":"https:\/\/araujo.com.br\/blog\/wp-json\/wp\/v2\/media?parent=6534"}],"wp:term":[{"taxonomy":"category","embeddable":true,"href":"https:\/\/araujo.com.br\/blog\/wp-json\/wp\/v2\/categories?post=6534"},{"taxonomy":"post_tag","embeddable":true,"href":"https:\/\/araujo.com.br\/blog\/wp-json\/wp\/v2\/tags?post=6534"}],"curies":[{"name":"wp","href":"https:\/\/api.w.org\/{rel}","templated":true}]}}