{"id":6542,"date":"2025-12-12T16:03:06","date_gmt":"2025-12-12T13:03:06","guid":{"rendered":"https:\/\/araujo.com.br\/blog\/?p=6542"},"modified":"2025-12-12T16:03:07","modified_gmt":"2025-12-12T13:03:07","slug":"remedio-dor-de-cabeca","status":"publish","type":"post","link":"https:\/\/araujo.com.br\/blog\/remedio-dor-de-cabeca\/","title":{"rendered":"Rem\u00e9dio para dor de cabe\u00e7a: conhe\u00e7a as op\u00e7\u00f5es mais seguras e eficazes"},"content":{"rendered":"\n<p>Rem\u00e9dio para dor de cabe\u00e7a \u00e9 uma das buscas mais feitas no Brasil e n\u00e3o por acaso. Segundo a Organiza\u00e7\u00e3o Mundial da Sa\u00fade (OMS, 2023), cerca de <strong>50% da popula\u00e7\u00e3o adulta teve pelo menos uma dor de cabe\u00e7a no \u00faltimo ano<\/strong>, e a enxaqueca est\u00e1 entre as dez condi\u00e7\u00f5es mais incapacitantes do mundo.<\/p>\n\n\n\n<p>Em um cotidiano acelerado, a dor de cabe\u00e7a surge como um sinal do corpo pedindo pausa, cuidado ou tratamento. Mas qual \u00e9 o melhor caminho? Quando usar medica\u00e7\u00e3o? E qual rem\u00e9dio escolher?<\/p>\n\n\n\n<p>Neste guia, voc\u00ea encontra um panorama completo e confi\u00e1vel sobre <strong>rem\u00e9dio para dor de cabe\u00e7a<\/strong>, com op\u00e7\u00f5es dispon\u00edveis na Araujo, orienta\u00e7\u00f5es pr\u00e1ticas para facilitar sua decis\u00e3o.<\/p>\n\n\n\n<h2 class=\"wp-block-heading\">Afinal, o que \u00e9 a dor de cabe\u00e7a?<\/h2>\n\n\n\n<p>A dor de cabe\u00e7a, ou cefaleia, est\u00e1 entre os sintomas mais frequentes no mundo. Ela pode surgir por diversos motivos: tens\u00e3o acumulada, altera\u00e7\u00f5es hormonais, sinusite, alergias, desidrata\u00e7\u00e3o, <a href=\"https:\/\/araujo.com.br\/blog\/cardapio-saudavel\/\">m\u00e1 alimenta\u00e7\u00e3o<\/a>, estresse, noites mal dormidas e at\u00e9 est\u00edmulos externos, como luz intensa ou longos per\u00edodos diante de telas.<\/p>\n\n\n\n<p>Um estudo nacional publicado no <em>Journal of Headache and Pain<\/em> (2024), mostrou que cerca de <strong>70,6% da popula\u00e7\u00e3o brasileira<\/strong> teve pelo menos um epis\u00f3dio de cefaleia no per\u00edodo de um ano, e <strong>15,8% sofre com enxaqueca<\/strong>, considerada um dos tipos mais incapacitantes.<\/p>\n\n\n\n<p>J\u00e1 dados do Sistema \u00danico de Sa\u00fade (SUS) registraram <strong>50.713 interna\u00e7\u00f5es por cefaleias entre 2018 e 2022<\/strong>, o que refor\u00e7a o impacto desse problema no sistema p\u00fablico de sa\u00fade. Com tantas causas poss\u00edveis, entender a origem da dor \u00e9 o primeiro passo para trat\u00e1-la de forma adequada e evitar a automedica\u00e7\u00e3o incorreta.<\/p>\n\n\n\n<h2 class=\"wp-block-heading\">Conhe\u00e7a os principais tipos de dores de cabe\u00e7a<\/h2>\n\n\n\n<p>Identificar o tipo da dor ajuda a escolher o <strong>rem\u00e9dio para dor de cabe\u00e7a<\/strong> mais adequado e at\u00e9 a prevenir novas crises.<\/p>\n\n\n\n<h3 class=\"wp-block-heading\"><strong>Tensional<\/strong><\/h3>\n\n\n\n<p>\u00c9 a mais comum. Costuma gerar dor \u201cem faixa\u201d na testa, nuca e t\u00eamporas. A causa das cefaleias tensionais n\u00e3o \u00e9 bem compreendida, por\u00e9m desencadeadores como estresse, postura inadequada e tens\u00e3o muscular podem contribuir ou provocar a cefaleia.<\/p>\n\n\n\n<h3 class=\"wp-block-heading\"><strong>Enxaqueca<\/strong><\/h3>\n\n\n\n<p>Mais intensa, pulsante e muitas vezes acompanhada de n\u00e1useas, sensibilidade \u00e0 luz e ao som. Pode durar horas ou dias. Atinge principalmente mulheres devido \u00e0 influ\u00eancia hormonal.<\/p>\n\n\n\n<h3 class=\"wp-block-heading\"><strong>Sinusal<\/strong><\/h3>\n\n\n\n<p>Relacionada \u00e0 sinusite. A dor costuma vir acompanhada de press\u00e3o na testa, ma\u00e7\u00e3s do rosto e regi\u00e3o nasal.<\/p>\n\n\n\n<h3 class=\"wp-block-heading\"><strong>Cefaleia em salvas<\/strong><\/h3>\n\n\n\n<p>\u00c9 um tipo raro de dor de cabe\u00e7a, mas quando aparece, deixa sua marca: a dor \u00e9 extremamente intensa, sempre de um lado s\u00f3 do rosto, e costuma surgir em crises agrupadas. Isso significa que a pessoa pode ter v\u00e1rias crises por dia, durante semanas seguidas, e depois passar longos per\u00edodos sem sentir nada.<\/p>\n\n\n\n<p>Saiba mais: <a href=\"https:\/\/araujo.com.br\/blog\/dor-de-cabeca\/\">Dor de cabe\u00e7a: conhe\u00e7a as principais causas, tipos, tratamentos e cuidados<\/a><\/p>\n\n\n\n<h2 class=\"wp-block-heading\">Quando usar rem\u00e9dio para dor de cabe\u00e7a?<\/h2>\n\n\n\n<p>O rem\u00e9dio \u00e9 indicado quando:<\/p>\n\n\n\n<ul class=\"wp-block-list\">\n<li>A dor \u00e9 persistente e atrapalha atividades do dia;<br><\/li>\n\n\n\n<li>H\u00e1 sintomas associados, como n\u00e1usea, sensibilidade \u00e0 luz ou rigidez na nuca;<br><\/li>\n\n\n\n<li>A dor reaparece com frequ\u00eancia, mesmo ap\u00f3s descanso e hidrata\u00e7\u00e3o; e<br><\/li>\n\n\n\n<li>M\u00e9todos simples (como compressas ou relaxamento) n\u00e3o funcionam.<\/li>\n<\/ul>\n\n\n\n<p>A automedica\u00e7\u00e3o excessiva, por\u00e9m, pode agravar o quadro ou mascarar condi\u00e7\u00f5es importantes. Por isso, o uso consciente \u00e9 fundamental.<\/p>\n\n\n\n<h2 class=\"wp-block-heading\">Rem\u00e9dios seguros e eficazes para dor de cabe\u00e7a<\/h2>\n\n\n\n<p>A Araujo re\u00fane op\u00e7\u00f5es confi\u00e1veis para diferentes tipos de cefaleia. A seguir, um guia pr\u00e1tico para comparar e escolher o melhor <strong>rem\u00e9dio para dor de cabe\u00e7a<\/strong> para o seu caso. Por\u00e9m, \u00e9 fundamental uma avalia\u00e7\u00e3o de um profissional de sa\u00fade.<\/p>\n\n\n\n<h3 class=\"wp-block-heading\"><strong>\u2192 Dipirona<\/strong><\/h3>\n\n\n\n<p><strong>Quando usar:<\/strong> indicada para dores leves a moderadas e epis\u00f3dios de febre acompanhando a cefaleia.<\/p>\n\n\n\n<p><strong>Porque funciona:<\/strong> tem a\u00e7\u00e3o analg\u00e9sica e antit\u00e9rmica, reduzindo o desconforto e a inflama\u00e7\u00e3o. Costuma ser bem tolerada e age r\u00e1pido.<\/p>\n\n\n\n<p><a href=\"https:\/\/www.araujo.com.br\/busca?q=dipirona&amp;lang=pt_BR&amp;utm_source=blog&amp;utm_medium=texto&amp;utm_campaign=remediodordecabeca\">Encontre Dipirona na Araujo<\/a><\/p>\n\n\n\n<h3 class=\"wp-block-heading\"><strong>\u2192 Novalgina<\/strong><\/h3>\n\n\n\n<p><strong>Quando usar:<\/strong> excelente op\u00e7\u00e3o para dores de cabe\u00e7a intensas, febre e mal-estar generalizado.<\/p>\n\n\n\n<p><strong>Diferencial:<\/strong> cont\u00e9m dipirona monoidratada, mas com formula\u00e7\u00e3o que costuma ter boa absor\u00e7\u00e3o e al\u00edvio r\u00e1pido. \u00c9 uma das escolhas mais conhecidas e recomendadas.<\/p>\n\n\n\n<p><a href=\"https:\/\/www.araujo.com.br\/busca?q=novalgina&amp;lang=pt_BR&amp;utm_source=blog&amp;utm_medium=texto&amp;utm_campaign=remediodordecabeca\">Encontre Novalgina na Araujo<\/a><\/p>\n\n\n\n<h3 class=\"wp-block-heading\"><strong>\u2192 Sumax<\/strong><\/h3>\n\n\n\n<p><strong>Quando usar:<\/strong> indicado para crises de enxaqueca, especialmente quando h\u00e1 dor pulsante, n\u00e1usea e sensibilidade \u00e0 luz.<\/p>\n\n\n\n<p><strong>Como age:<\/strong> cont\u00e9m sumatriptana, medicamento da classe dos triptanos, que age diretamente nos receptores cerebrais respons\u00e1veis pelo processo da enxaqueca.<\/p>\n\n\n\n<p><strong>Aten\u00e7\u00e3o<\/strong>: Sumax requer prescri\u00e7\u00e3o m\u00e9dica devido a contraindica\u00e7\u00f5es (problemas card\u00edacos, AVC) e potenciais efeitos colaterais. Por isso, consulte seu m\u00e9dico.<\/p>\n\n\n\n<p>Caso voc\u00ea realize a compra atrav\u00e9s dos canais digitais (site, aplicativo, WhatsApp ou Drogatel) precisar\u00e1 comparecer \u00e0 loja com a receita m\u00e9dica no prazo de at\u00e9 24 horas ap\u00f3s a realiza\u00e7\u00e3o do pedido.<\/p>\n\n\n\n<p><a href=\"https:\/\/www.araujo.com.br\/sumax-6mg-injetavel-com-1-seringa-preenchida-de-05ml\/9698.html?utm_source=blog&amp;utm_medium=texto&amp;utm_campaign=remediodordecabeca\">Encontre Sumax na Araujo<\/a><\/p>\n\n\n\n<h2 class=\"wp-block-heading\">Quando devo me preocupar?<\/h2>\n\n\n\n<p>Alguns sinais exigem aten\u00e7\u00e3o m\u00e9dica imediata. Segundo a OMS (2024) e diretrizes da Sociedade Brasileira de Cefaleia, busque atendimento se:<\/p>\n\n\n\n<ul class=\"wp-block-list\">\n<li>A dor \u00e9 s\u00fabita e muito intensa;<br><\/li>\n\n\n\n<li>H\u00e1 febre persistente, rigidez no pesco\u00e7o ou confus\u00e3o mental;<br><\/li>\n\n\n\n<li>O padr\u00e3o da dor muda repentinamente;<br><\/li>\n\n\n\n<li>A dor aparece ap\u00f3s trauma na cabe\u00e7a;<br><\/li>\n\n\n\n<li>H\u00e1 vis\u00e3o turva, fraqueza ou dificuldade de falar; e<br><\/li>\n\n\n\n<li>As crises s\u00e3o frequentes (mais de 15 dias por m\u00eas).<\/li>\n<\/ul>\n\n\n\n<p>Cefaleias repetidas podem indicar altera\u00e7\u00e3o neurol\u00f3gica, inflama\u00e7\u00e3o, dist\u00farbios hormonais ou at\u00e9 efeitos colaterais de medicamentos.<\/p>\n\n\n\n<h2 class=\"wp-block-heading\">Como aliviar os sintomas no dia a dia<\/h2>\n\n\n\n<p>Al\u00e9m do <strong>rem\u00e9dio para dor de cabe\u00e7a<\/strong>, algumas medidas complementares aceleram o al\u00edvio e reduzem novos epis\u00f3dios.<\/p>\n\n\n\n<h3 class=\"wp-block-heading\"><strong>Sono de qualidade<\/strong><\/h3>\n\n\n\n<p>Dormir pouco ou mal aumenta tens\u00f5es e desequilibra neurotransmissores que regulam a dor.<\/p>\n\n\n\n<h3 class=\"wp-block-heading\"><strong>Hidrata\u00e7\u00e3o<\/strong><\/h3>\n\n\n\n<p>Desidrata\u00e7\u00e3o \u00e9 uma causa comum de cefaleia. Beba bastante \u00e1gua ao longo do dia.<\/p>\n\n\n\n<h3 class=\"wp-block-heading\"><strong>Rotina de alimenta\u00e7\u00e3o equilibrada<\/strong><\/h3>\n\n\n\n<p>Picos de glicemia, jejum prolongado e excesso de cafe\u00edna podem desencadear crises.<\/p>\n\n\n\n<h3 class=\"wp-block-heading\"><strong>Redu\u00e7\u00e3o de tens\u00e3o<\/strong><\/h3>\n\n\n\n<p>Alongamentos, pausas no trabalho e massagens na regi\u00e3o da nuca aliviam dores tensionais.<\/p>\n\n\n\n<h3 class=\"wp-block-heading\"><strong>Ch\u00e1s calmantes<\/strong><\/h3>\n\n\n\n<p>Camomila, hortel\u00e3, erva-cidreira e gengibre ajudam a relaxar e reduzir inflama\u00e7\u00f5es.<\/p>\n\n\n\n<h3 class=\"wp-block-heading\"><strong>Compressas frias<\/strong><\/h3>\n\n\n\n<p>Ajudam a reduzir pulsa\u00e7\u00e3o e desconforto.<\/p>\n\n\n\n<h3 class=\"wp-block-heading\"><strong>Acupuntura e terapias complementares<\/strong><\/h3>\n\n\n\n<p>Revis\u00f5es recentes publicadas na PubMed apontam que a acupuntura pode ajudar a diminuir a frequ\u00eancia, a dura\u00e7\u00e3o e a intensidade das crises de enxaqueca, contribuindo tamb\u00e9m para a melhora da qualidade de vida de quem convive com dores cr\u00f4nicas.<\/p>\n\n\n\n<p>Essas pr\u00e1ticas, associadas ao tratamento correto, criam um ambiente mais favor\u00e1vel para que o corpo se recupere.<\/p>\n\n\n\n<h2 class=\"wp-block-heading\">Informa\u00e7\u00e3o e bem-estar<\/h2>\n\n\n\n<p>Cuidar da dor de cabe\u00e7a \u00e9 cuidar do bem-estar di\u00e1rio e isso come\u00e7a com informa\u00e7\u00e3o, aten\u00e7\u00e3o aos sinais do corpo e escolha consciente do <strong>rem\u00e9dio para dor de cabe\u00e7a<\/strong>.<\/p>\n\n\n\n<p>Na Araujo, voc\u00ea encontra medicamentos confi\u00e1veis como <strong>Dipirona<\/strong>, <strong>Novalgina<\/strong> e <strong>Sumax<\/strong>, al\u00e9m de uma equipe preparada para orientar suas d\u00favidas e apoiar sua jornada de sa\u00fade de forma segura e acolhedora.<\/p>\n\n\n\n<p>Se a dor persistir, procure avalia\u00e7\u00e3o m\u00e9dica. O diagn\u00f3stico correto \u00e9 sempre o melhor caminho para uma vida mais leve e equilibrada.<\/p>\n\n\n\n<p><strong>Fontes:&nbsp;<\/strong><\/p>\n\n\n\n<p><a href=\"https:\/\/www.who.int\/news-room\/fact-sheets\/detail\/headache-disorders\">Organiza\u00e7\u00e3o Mundial da Sa\u00fade (OMS)<\/a><\/p>\n\n\n\n<p><a href=\"https:\/\/pubmed.ncbi.nlm.nih.gov\/25659407\/\">Sistema \u00danico de Sa\u00fade (SUS)<\/a><\/p>\n\n\n\n<p><a href=\"https:\/\/headachemedicine.com.br\/index.php\/hm\/article\/view\/867\"><em>Journal of Headache and Pain<\/em><\/a><\/p>\n\n\n\n<p><a href=\"https:\/\/pubmed.ncbi.nlm.nih.gov\/41219786\/\"><em>PubMed<\/em><\/a><\/p>\n","protected":false},"excerpt":{"rendered":"<p>Rem\u00e9dio para dor de cabe\u00e7a \u00e9 uma das buscas mais feitas no Brasil e n\u00e3o por acaso. Segundo a Organiza\u00e7\u00e3o Mundial da Sa\u00fade (OMS, 2023), cerca de 50% da popula\u00e7\u00e3o adulta teve pelo menos uma dor de cabe\u00e7a no \u00faltimo ano, e a enxaqueca est\u00e1 entre as dez condi\u00e7\u00f5es mais incapacitantes do mundo. Em um [&hellip;]<\/p>\n","protected":false},"author":1,"featured_media":6543,"comment_status":"open","ping_status":"open","sticky":false,"template":"","format":"standard","meta":{"_acf_changed":false,"footnotes":""},"categories":[34,913,3],"tags":[692,167,294],"class_list":["post-6542","post","type-post","status-publish","format-standard","has-post-thumbnail","hentry","category-medicamentos","category-prevencao-e-cuidados","category-saude-e-bem-estar","tag-medicamentos","tag-prevencao","tag-saude"],"acf":[],"yoast_head":"<!-- This site is optimized with the Yoast SEO plugin v24.3 - https:\/\/yoast.com\/wordpress\/plugins\/seo\/ -->\n<title>Rem\u00e9dio para dor de cabe\u00e7a: conhe\u00e7a as op\u00e7\u00f5es mais seguras e eficazes - Blog da Drogaria Araujo<\/title>\n<meta name=\"description\" content=\"Encontre o melhor rem\u00e9dio para dor de cabe\u00e7a. Compare dipirona, Novalgina e Sumax, saiba quando usar e quando buscar ajuda m\u00e9dica.\" \/>\n<meta name=\"robots\" content=\"index, follow, max-snippet:-1, max-image-preview:large, max-video-preview:-1\" \/>\n<link rel=\"canonical\" href=\"https:\/\/araujo.com.br\/blog\/remedio-dor-de-cabeca\/\" \/>\n<meta property=\"og:locale\" content=\"pt_BR\" \/>\n<meta property=\"og:type\" content=\"article\" \/>\n<meta property=\"og:title\" content=\"Rem\u00e9dio para dor de cabe\u00e7a: conhe\u00e7a as op\u00e7\u00f5es mais seguras e eficazes - Blog da Drogaria Araujo\" \/>\n<meta property=\"og:description\" content=\"Encontre o melhor rem\u00e9dio para dor de cabe\u00e7a. Compare dipirona, Novalgina e Sumax, saiba quando usar e quando buscar ajuda m\u00e9dica.\" \/>\n<meta property=\"og:url\" content=\"https:\/\/araujo.com.br\/blog\/remedio-dor-de-cabeca\/\" \/>\n<meta property=\"og:site_name\" content=\"Blog da Drogaria Araujo\" \/>\n<meta property=\"article:published_time\" content=\"2025-12-12T13:03:06+00:00\" \/>\n<meta property=\"article:modified_time\" content=\"2025-12-12T13:03:07+00:00\" \/>\n<meta property=\"og:image\" content=\"https:\/\/araujo.com.br\/blog\/wp-content\/uploads\/2025\/12\/AdobeStock_506218104-scaled.jpeg\" \/>\n\t<meta property=\"og:image:width\" content=\"2560\" \/>\n\t<meta property=\"og:image:height\" content=\"1707\" \/>\n\t<meta property=\"og:image:type\" content=\"image\/jpeg\" \/>\n<meta name=\"author\" content=\"Drogaria Araujo\" \/>\n<meta name=\"twitter:card\" content=\"summary_large_image\" \/>\n<meta name=\"twitter:label1\" content=\"Escrito por\" \/>\n\t<meta name=\"twitter:data1\" content=\"Drogaria Araujo\" \/>\n\t<meta name=\"twitter:label2\" content=\"Est. tempo de leitura\" \/>\n\t<meta name=\"twitter:data2\" content=\"7 minutos\" \/>\n<script type=\"application\/ld+json\" class=\"yoast-schema-graph\">{\"@context\":\"https:\/\/schema.org\",\"@graph\":[{\"@type\":\"WebPage\",\"@id\":\"https:\/\/araujo.com.br\/blog\/remedio-dor-de-cabeca\/\",\"url\":\"https:\/\/araujo.com.br\/blog\/remedio-dor-de-cabeca\/\",\"name\":\"Rem\u00e9dio para dor de cabe\u00e7a: conhe\u00e7a as op\u00e7\u00f5es mais seguras e eficazes - Blog da Drogaria Araujo\",\"isPartOf\":{\"@id\":\"https:\/\/araujo.com.br\/blog\/#website\"},\"primaryImageOfPage\":{\"@id\":\"https:\/\/araujo.com.br\/blog\/remedio-dor-de-cabeca\/#primaryimage\"},\"image\":{\"@id\":\"https:\/\/araujo.com.br\/blog\/remedio-dor-de-cabeca\/#primaryimage\"},\"thumbnailUrl\":\"https:\/\/araujo.com.br\/blog\/wp-content\/uploads\/2025\/12\/AdobeStock_506218104-scaled.jpeg\",\"datePublished\":\"2025-12-12T13:03:06+00:00\",\"dateModified\":\"2025-12-12T13:03:07+00:00\",\"author\":{\"@id\":\"https:\/\/araujo.com.br\/blog\/#\/schema\/person\/4e2eac75cf0e2c6b079ef9a0df2ece83\"},\"description\":\"Encontre o melhor rem\u00e9dio para dor de cabe\u00e7a. Compare dipirona, Novalgina e Sumax, saiba quando usar e quando buscar ajuda m\u00e9dica.\",\"breadcrumb\":{\"@id\":\"https:\/\/araujo.com.br\/blog\/remedio-dor-de-cabeca\/#breadcrumb\"},\"inLanguage\":\"pt-BR\",\"potentialAction\":[{\"@type\":\"ReadAction\",\"target\":[\"https:\/\/araujo.com.br\/blog\/remedio-dor-de-cabeca\/\"]}]},{\"@type\":\"ImageObject\",\"inLanguage\":\"pt-BR\",\"@id\":\"https:\/\/araujo.com.br\/blog\/remedio-dor-de-cabeca\/#primaryimage\",\"url\":\"https:\/\/araujo.com.br\/blog\/wp-content\/uploads\/2025\/12\/AdobeStock_506218104-scaled.jpeg\",\"contentUrl\":\"https:\/\/araujo.com.br\/blog\/wp-content\/uploads\/2025\/12\/AdobeStock_506218104-scaled.jpeg\",\"width\":2560,\"height\":1707,\"caption\":\"Unhealthy man feel stressed suffer from migraine or headache at home. Unwell tired middle-aged male sit on sofa struggle with blurry vision or dizziness, have high blood pressure. Health problem.\"},{\"@type\":\"BreadcrumbList\",\"@id\":\"https:\/\/araujo.com.br\/blog\/remedio-dor-de-cabeca\/#breadcrumb\",\"itemListElement\":[{\"@type\":\"ListItem\",\"position\":1,\"name\":\"In\u00edcio\",\"item\":\"https:\/\/araujo.com.br\/blog\/\"},{\"@type\":\"ListItem\",\"position\":2,\"name\":\"Rem\u00e9dio para dor de cabe\u00e7a: conhe\u00e7a as op\u00e7\u00f5es mais seguras e eficazes\"}]},{\"@type\":\"WebSite\",\"@id\":\"https:\/\/araujo.com.br\/blog\/#website\",\"url\":\"https:\/\/araujo.com.br\/blog\/\",\"name\":\"Blog da Drogaria Araujo\",\"description\":\"Conte\u00fado que faz bem? A Araujo tem!\",\"potentialAction\":[{\"@type\":\"SearchAction\",\"target\":{\"@type\":\"EntryPoint\",\"urlTemplate\":\"https:\/\/araujo.com.br\/blog\/?s={search_term_string}\"},\"query-input\":{\"@type\":\"PropertyValueSpecification\",\"valueRequired\":true,\"valueName\":\"search_term_string\"}}],\"inLanguage\":\"pt-BR\"},{\"@type\":\"Person\",\"@id\":\"https:\/\/araujo.com.br\/blog\/#\/schema\/person\/4e2eac75cf0e2c6b079ef9a0df2ece83\",\"name\":\"Drogaria Araujo\",\"image\":{\"@type\":\"ImageObject\",\"inLanguage\":\"pt-BR\",\"@id\":\"https:\/\/araujo.com.br\/blog\/#\/schema\/person\/image\/\",\"url\":\"https:\/\/secure.gravatar.com\/avatar\/33e54dec0cd79fc4b5e911c15f836c46ec8d0e452ecd3ca5f707bce0a3540a3b?s=96&d=mm&r=g\",\"contentUrl\":\"https:\/\/secure.gravatar.com\/avatar\/33e54dec0cd79fc4b5e911c15f836c46ec8d0e452ecd3ca5f707bce0a3540a3b?s=96&d=mm&r=g\",\"caption\":\"Drogaria Araujo\"},\"description\":\"Especialista em Sa\u00fade da Fam\u00edlia. M\u00e9dico e nutricionista.\",\"sameAs\":[\"https:\/\/araujo.com.br\/blog\"],\"url\":\"https:\/\/araujo.com.br\/blog\/author\/admin\/\"}]}<\/script>\n<!-- \/ Yoast SEO plugin. -->","yoast_head_json":{"title":"Rem\u00e9dio para dor de cabe\u00e7a: conhe\u00e7a as op\u00e7\u00f5es mais seguras e eficazes - Blog da Drogaria Araujo","description":"Encontre o melhor rem\u00e9dio para dor de cabe\u00e7a. Compare dipirona, Novalgina e Sumax, saiba quando usar e quando buscar ajuda m\u00e9dica.","robots":{"index":"index","follow":"follow","max-snippet":"max-snippet:-1","max-image-preview":"max-image-preview:large","max-video-preview":"max-video-preview:-1"},"canonical":"https:\/\/araujo.com.br\/blog\/remedio-dor-de-cabeca\/","og_locale":"pt_BR","og_type":"article","og_title":"Rem\u00e9dio para dor de cabe\u00e7a: conhe\u00e7a as op\u00e7\u00f5es mais seguras e eficazes - Blog da Drogaria Araujo","og_description":"Encontre o melhor rem\u00e9dio para dor de cabe\u00e7a. Compare dipirona, Novalgina e Sumax, saiba quando usar e quando buscar ajuda m\u00e9dica.","og_url":"https:\/\/araujo.com.br\/blog\/remedio-dor-de-cabeca\/","og_site_name":"Blog da Drogaria Araujo","article_published_time":"2025-12-12T13:03:06+00:00","article_modified_time":"2025-12-12T13:03:07+00:00","og_image":[{"width":2560,"height":1707,"url":"https:\/\/araujo.com.br\/blog\/wp-content\/uploads\/2025\/12\/AdobeStock_506218104-scaled.jpeg","type":"image\/jpeg"}],"author":"Drogaria Araujo","twitter_card":"summary_large_image","twitter_misc":{"Escrito por":"Drogaria Araujo","Est. tempo de leitura":"7 minutos"},"schema":{"@context":"https:\/\/schema.org","@graph":[{"@type":"WebPage","@id":"https:\/\/araujo.com.br\/blog\/remedio-dor-de-cabeca\/","url":"https:\/\/araujo.com.br\/blog\/remedio-dor-de-cabeca\/","name":"Rem\u00e9dio para dor de cabe\u00e7a: conhe\u00e7a as op\u00e7\u00f5es mais seguras e eficazes - Blog da Drogaria Araujo","isPartOf":{"@id":"https:\/\/araujo.com.br\/blog\/#website"},"primaryImageOfPage":{"@id":"https:\/\/araujo.com.br\/blog\/remedio-dor-de-cabeca\/#primaryimage"},"image":{"@id":"https:\/\/araujo.com.br\/blog\/remedio-dor-de-cabeca\/#primaryimage"},"thumbnailUrl":"https:\/\/araujo.com.br\/blog\/wp-content\/uploads\/2025\/12\/AdobeStock_506218104-scaled.jpeg","datePublished":"2025-12-12T13:03:06+00:00","dateModified":"2025-12-12T13:03:07+00:00","author":{"@id":"https:\/\/araujo.com.br\/blog\/#\/schema\/person\/4e2eac75cf0e2c6b079ef9a0df2ece83"},"description":"Encontre o melhor rem\u00e9dio para dor de cabe\u00e7a. Compare dipirona, Novalgina e Sumax, saiba quando usar e quando buscar ajuda m\u00e9dica.","breadcrumb":{"@id":"https:\/\/araujo.com.br\/blog\/remedio-dor-de-cabeca\/#breadcrumb"},"inLanguage":"pt-BR","potentialAction":[{"@type":"ReadAction","target":["https:\/\/araujo.com.br\/blog\/remedio-dor-de-cabeca\/"]}]},{"@type":"ImageObject","inLanguage":"pt-BR","@id":"https:\/\/araujo.com.br\/blog\/remedio-dor-de-cabeca\/#primaryimage","url":"https:\/\/araujo.com.br\/blog\/wp-content\/uploads\/2025\/12\/AdobeStock_506218104-scaled.jpeg","contentUrl":"https:\/\/araujo.com.br\/blog\/wp-content\/uploads\/2025\/12\/AdobeStock_506218104-scaled.jpeg","width":2560,"height":1707,"caption":"Unhealthy man feel stressed suffer from migraine or headache at home. Unwell tired middle-aged male sit on sofa struggle with blurry vision or dizziness, have high blood pressure. Health problem."},{"@type":"BreadcrumbList","@id":"https:\/\/araujo.com.br\/blog\/remedio-dor-de-cabeca\/#breadcrumb","itemListElement":[{"@type":"ListItem","position":1,"name":"In\u00edcio","item":"https:\/\/araujo.com.br\/blog\/"},{"@type":"ListItem","position":2,"name":"Rem\u00e9dio para dor de cabe\u00e7a: conhe\u00e7a as op\u00e7\u00f5es mais seguras e eficazes"}]},{"@type":"WebSite","@id":"https:\/\/araujo.com.br\/blog\/#website","url":"https:\/\/araujo.com.br\/blog\/","name":"Blog da Drogaria Araujo","description":"Conte\u00fado que faz bem? A Araujo tem!","potentialAction":[{"@type":"SearchAction","target":{"@type":"EntryPoint","urlTemplate":"https:\/\/araujo.com.br\/blog\/?s={search_term_string}"},"query-input":{"@type":"PropertyValueSpecification","valueRequired":true,"valueName":"search_term_string"}}],"inLanguage":"pt-BR"},{"@type":"Person","@id":"https:\/\/araujo.com.br\/blog\/#\/schema\/person\/4e2eac75cf0e2c6b079ef9a0df2ece83","name":"Drogaria Araujo","image":{"@type":"ImageObject","inLanguage":"pt-BR","@id":"https:\/\/araujo.com.br\/blog\/#\/schema\/person\/image\/","url":"https:\/\/secure.gravatar.com\/avatar\/33e54dec0cd79fc4b5e911c15f836c46ec8d0e452ecd3ca5f707bce0a3540a3b?s=96&d=mm&r=g","contentUrl":"https:\/\/secure.gravatar.com\/avatar\/33e54dec0cd79fc4b5e911c15f836c46ec8d0e452ecd3ca5f707bce0a3540a3b?s=96&d=mm&r=g","caption":"Drogaria Araujo"},"description":"Especialista em Sa\u00fade da Fam\u00edlia. M\u00e9dico e nutricionista.","sameAs":["https:\/\/araujo.com.br\/blog"],"url":"https:\/\/araujo.com.br\/blog\/author\/admin\/"}]}},"_links":{"self":[{"href":"https:\/\/araujo.com.br\/blog\/wp-json\/wp\/v2\/posts\/6542","targetHints":{"allow":["GET"]}}],"collection":[{"href":"https:\/\/araujo.com.br\/blog\/wp-json\/wp\/v2\/posts"}],"about":[{"href":"https:\/\/araujo.com.br\/blog\/wp-json\/wp\/v2\/types\/post"}],"author":[{"embeddable":true,"href":"https:\/\/araujo.com.br\/blog\/wp-json\/wp\/v2\/users\/1"}],"replies":[{"embeddable":true,"href":"https:\/\/araujo.com.br\/blog\/wp-json\/wp\/v2\/comments?post=6542"}],"version-history":[{"count":1,"href":"https:\/\/araujo.com.br\/blog\/wp-json\/wp\/v2\/posts\/6542\/revisions"}],"predecessor-version":[{"id":6544,"href":"https:\/\/araujo.com.br\/blog\/wp-json\/wp\/v2\/posts\/6542\/revisions\/6544"}],"wp:featuredmedia":[{"embeddable":true,"href":"https:\/\/araujo.com.br\/blog\/wp-json\/wp\/v2\/media\/6543"}],"wp:attachment":[{"href":"https:\/\/araujo.com.br\/blog\/wp-json\/wp\/v2\/media?parent=6542"}],"wp:term":[{"taxonomy":"category","embeddable":true,"href":"https:\/\/araujo.com.br\/blog\/wp-json\/wp\/v2\/categories?post=6542"},{"taxonomy":"post_tag","embeddable":true,"href":"https:\/\/araujo.com.br\/blog\/wp-json\/wp\/v2\/tags?post=6542"}],"curies":[{"name":"wp","href":"https:\/\/api.w.org\/{rel}","templated":true}]}}