{"id":7522,"date":"2026-03-09T16:57:32","date_gmt":"2026-03-09T13:57:32","guid":{"rendered":"https:\/\/araujo.com.br\/blog\/?p=7522"},"modified":"2026-03-09T16:57:34","modified_gmt":"2026-03-09T13:57:34","slug":"vacina-da-gripe-2","status":"publish","type":"post","link":"https:\/\/araujo.com.br\/blog\/vacina-da-gripe-2\/","title":{"rendered":"Vacina da gripe: import\u00e2ncia da imuniza\u00e7\u00e3o"},"content":{"rendered":"\n<p>A <strong><a href=\"https:\/\/www.araujo.com.br\/gripe.html?utm_source=blog&amp;utm_medium=texto+vacina+da+gripe&amp;utm_campaign=vacina+da+gripe\">vacina da gripe<\/a><\/strong> \u00e9 uma das formas mais eficazes de proteger sua sa\u00fade e a das pessoas \u00e0 sua volta contra uma doen\u00e7a que, todos os anos, provoca milh\u00f5es de infec\u00e7\u00f5es, interna\u00e7\u00f5es e mortes em todo o mundo. Mas por que uma doen\u00e7a t\u00e3o comum ainda representa riscos t\u00e3o elevados?<\/p>\n\n\n\n<p>Causada pelo <strong>v\u00edrus influenza<\/strong>, a gripe vai muito al\u00e9m de um desconforto passageiro: ela pode evoluir para quadros graves, especialmente em crian\u00e7as pequenas, idosos, gestantes e pessoas com doen\u00e7as cr\u00f4nicas.<\/p>\n\n\n\n<p>Segundo a Organiza\u00e7\u00e3o Mundial da Sa\u00fade (OMS, 2025), a gripe sazonal \u00e9 respons\u00e1vel por at\u00e9 <strong>650 mil mortes por ano no mundo<\/strong>, principalmente por complica\u00e7\u00f5es respirat\u00f3rias e cardiovasculares. No Brasil, conforme dados atualizados do Minist\u00e9rio da Sa\u00fade (2025), a influenza est\u00e1 entre as principais causas de interna\u00e7\u00e3o por doen\u00e7as respirat\u00f3rias durante os meses mais frios.<\/p>\n\n\n\n<p>Diante desse cen\u00e1rio, levar a imuniza\u00e7\u00e3o a s\u00e9rio n\u00e3o \u00e9 apenas uma escolha individual, mas um cuidado coletivo. Ao longo deste artigo, voc\u00ea vai entender como a vacina funciona, quem deve tomar, quais s\u00e3o seus benef\u00edcios e por que a <strong>vacina da gripe dispon\u00edvel na Araujo<\/strong> \u00e9 uma op\u00e7\u00e3o segura e confi\u00e1vel.<\/p>\n\n\n\n<figure class=\"wp-block-image size-full\"><a href=\"https:\/\/www.araujo.com.br\/busca?q=vacina+da+gripe&amp;lang=pt_BR&amp;utm_source=blog&amp;utm_medium=banner+texto+vacina+da+gripe&amp;utm_campaign=vacina+da+gripe\"><img loading=\"lazy\" decoding=\"async\" width=\"800\" height=\"232\" src=\"https:\/\/araujo.com.br\/blog\/wp-content\/uploads\/2026\/03\/banner-vacina-da-gripe-araujo-4.png\" alt=\"banner vacina da gripe araujo\" class=\"wp-image-7523\" srcset=\"https:\/\/araujo.com.br\/blog\/wp-content\/uploads\/2026\/03\/banner-vacina-da-gripe-araujo-4.png 800w, https:\/\/araujo.com.br\/blog\/wp-content\/uploads\/2026\/03\/banner-vacina-da-gripe-araujo-4-300x87.png 300w, https:\/\/araujo.com.br\/blog\/wp-content\/uploads\/2026\/03\/banner-vacina-da-gripe-araujo-4-768x223.png 768w\" sizes=\"auto, (max-width: 800px) 100vw, 800px\" \/><\/a><\/figure>\n\n\n\n<h2 class=\"wp-block-heading\">Quem pode tomar a vacina da gripe?<\/h2>\n\n\n\n<p>A <strong>vacina da gripe<\/strong> \u00e9 indicada para <strong>todas as pessoas a partir dos 6 meses<\/strong>, conforme orienta\u00e7\u00e3o do Minist\u00e9rio da Sa\u00fade e da OMS. No entanto, alguns grupos s\u00e3o considerados priorit\u00e1rios por apresentarem maior risco de complica\u00e7\u00f5es:<\/p>\n\n\n\n<ul class=\"wp-block-list\">\n<li><strong>Crian\u00e7as<\/strong>, especialmente menores de 5 anos;<\/li>\n\n\n\n<li><strong>Gestantes<\/strong>, em qualquer fase da gravidez;<\/li>\n\n\n\n<li><strong>Idosos<\/strong>, principalmente acima de 60 anos;<\/li>\n\n\n\n<li>Pessoas com <strong>doen\u00e7as cr\u00f4nicas<\/strong>, como cardiopatias, doen\u00e7as respirat\u00f3rias, renais e <a href=\"https:\/\/araujo.com.br\/blog\/diabetes-tipo-2-causas-sintomas\/\"><em>diabetes tipo 2<\/em><\/a><em>; e<\/em><\/li>\n\n\n\n<li>Pessoas <strong>imunossuprimidas<\/strong>.<\/li>\n<\/ul>\n\n\n\n<p>Segundo a Funda\u00e7\u00e3o Oswaldo Cruz (Fiocruz, 2025), esses grupos concentram a maioria das hospitaliza\u00e7\u00f5es e \u00f3bitos relacionados ao v\u00edrus influenza, o que refor\u00e7a a import\u00e2ncia da vacina\u00e7\u00e3o anual.<\/p>\n\n\n\n<p>Leia mais: <a href=\"https:\/\/araujo.com.br\/blog\/vacina-da-gripe-para-criancas\/\">Import\u00e2ncia da vacina da gripe para crian\u00e7as<\/a><\/p>\n\n\n\n<h2 class=\"wp-block-heading\">Import\u00e2ncia de se vacinar<\/h2>\n\n\n\n<p>Vacinar-se contra a gripe \u00e9 uma estrat\u00e9gia comprovada de prote\u00e7\u00e3o individual e coletiva, j\u00e1 que atua em diferentes frentes da sa\u00fade p\u00fablica:<\/p>\n\n\n\n<h3 class=\"wp-block-heading\"><strong>Redu\u00e7\u00e3o de casos graves, interna\u00e7\u00f5es e mortes<\/strong><\/h3>\n\n\n\n<p>Conforme dados da OMS (2025), a vacina\u00e7\u00e3o reduz significativamente o risco de formas graves da doen\u00e7a, principalmente em idosos e pessoas com comorbidades.<\/p>\n\n\n\n<h3 class=\"wp-block-heading\"><strong>Prote\u00e7\u00e3o coletiva<\/strong><\/h3>\n\n\n\n<p>Quando mais pessoas se vacinaram, menor \u00e9 a circula\u00e7\u00e3o do v\u00edrus na comunidade. Esse efeito protege inclusive quem n\u00e3o pode se vacinar, como beb\u00eas muito pequenos ou pessoas com contraindica\u00e7\u00f5es espec\u00edficas.<\/p>\n\n\n\n<h3 class=\"wp-block-heading\"><strong>Preven\u00e7\u00e3o de epidemias e sobrecarga do sistema de sa\u00fade<\/strong><\/h3>\n\n\n\n<p>A vacina\u00e7\u00e3o ajuda a evitar surtos sazonais, reduzindo a press\u00e3o sobre hospitais e unidades de sa\u00fade.<\/p>\n\n\n\n<h3 class=\"wp-block-heading\"><strong>Atualiza\u00e7\u00e3o da prote\u00e7\u00e3o<\/strong><\/h3>\n\n\n\n<p>O v\u00edrus influenza sofre muta\u00e7\u00f5es constantes. Por isso, a vacina \u00e9 atualizada todos os anos para acompanhar as cepas em circula\u00e7\u00e3o.<\/p>\n\n\n\n<p>Segundo levantamento publicado pela <em>National Geographic<\/em> Brasil (2025), a vacina\u00e7\u00e3o anual \u00e9 uma das principais ferramentas para conter a evolu\u00e7\u00e3o do v\u00edrus e suas variantes.<\/p>\n\n\n\n<figure class=\"wp-block-image size-large\"><img loading=\"lazy\" decoding=\"async\" width=\"1024\" height=\"680\" src=\"https:\/\/araujo.com.br\/blog\/wp-content\/uploads\/2026\/03\/menino-deitado-febre-1-1024x680.jpeg\" alt=\"m\u00e3e aferindo febre de menino deitado gripado\" class=\"wp-image-7526\" srcset=\"https:\/\/araujo.com.br\/blog\/wp-content\/uploads\/2026\/03\/menino-deitado-febre-1-1024x680.jpeg 1024w, https:\/\/araujo.com.br\/blog\/wp-content\/uploads\/2026\/03\/menino-deitado-febre-1-300x199.jpeg 300w, https:\/\/araujo.com.br\/blog\/wp-content\/uploads\/2026\/03\/menino-deitado-febre-1-768x510.jpeg 768w, https:\/\/araujo.com.br\/blog\/wp-content\/uploads\/2026\/03\/menino-deitado-febre-1-1536x1020.jpeg 1536w, https:\/\/araujo.com.br\/blog\/wp-content\/uploads\/2026\/03\/menino-deitado-febre-1-2048x1360.jpeg 2048w\" sizes=\"auto, (max-width: 1024px) 100vw, 1024px\" \/><\/figure>\n\n\n\n<h2 class=\"wp-block-heading\">Como funciona a imuniza\u00e7\u00e3o?<\/h2>\n\n\n\n<p>A <strong><a href=\"https:\/\/www.araujo.com.br\/busca?q=vacina+da+gripe&amp;lang=pt_BR&amp;utm_source=blog&amp;utm_medium=texto+vacina+da+gripe&amp;utm_campaign=vacina+da+gripe\">vacina da gripe<\/a><\/strong> \u00e9 composta por v\u00edrus inativados, ou seja, incapazes de causar a doen\u00e7a. Ao ser aplicada, ela estimula o sistema imunol\u00f3gico a produzir anticorpos espec\u00edficos contra o <strong>v\u00edrus influenza<\/strong>.<\/p>\n\n\n\n<p>Esses anticorpos ficam guardados pelo organismo. Assim, se a pessoa entrar em contato com o v\u00edrus verdadeiro no futuro, o corpo reconhece rapidamente o invasor e reage de forma mais eficiente, evitando ou reduzindo a gravidade da infec\u00e7\u00e3o.<\/p>\n\n\n\n<h3 class=\"wp-block-heading\"><strong>Posologia<\/strong><\/h3>\n\n\n\n<ul class=\"wp-block-list\">\n<li>A vacina \u00e9 aplicada <strong>uma vez ao ano<\/strong>;<\/li>\n\n\n\n<li>Crian\u00e7as de 6 meses e menores de 9 anos que nunca se vacinaram\u00a0 precisam de <strong>duas doses<\/strong>, conforme orienta\u00e7\u00e3o m\u00e9dica.<\/li>\n<\/ul>\n\n\n\n<p>A prote\u00e7\u00e3o come\u00e7a a se formar cerca de <strong>15 dias ap\u00f3s a aplica\u00e7\u00e3o<\/strong>.<\/p>\n\n\n\n<h2 class=\"wp-block-heading\">Por que voc\u00ea deveria tomar a vacina na Araujo?<\/h2>\n\n\n\n<p>Vacinar-se \u00e9 um gesto de cuidado, e o local onde voc\u00ea escolhe se vacinar faz toda a diferen\u00e7a. A <a href=\"https:\/\/www.araujo.com.br\/gripe.html\"><strong>vacina da gripe da Araujo<\/strong><\/a> oferece:<\/p>\n\n\n\n<ul class=\"wp-block-list\">\n<li>Vacinas com proced\u00eancia, qualidade e seguran\u00e7a comprovadas;<\/li>\n\n\n\n<li>Profissionais capacitados para orientar, esclarecer d\u00favidas e garantir uma aplica\u00e7\u00e3o segura; e<\/li>\n\n\n\n<li>Ambiente preparado para acolher todas as idades.<\/li>\n<\/ul>\n\n\n\n<p>A Araujo disponibiliza duas op\u00e7\u00f5es de vacina:<\/p>\n\n\n\n<h3 class=\"wp-block-heading\"><a href=\"https:\/\/www.araujo.com.br\/vacina-humana-influenza-quadrivalente-inativada-abbot-influvac-2024\/21044.html?utm_source=blog&amp;utm_medium=texto+vacina+da+gripe&amp;utm_campaign=vacina+da+gripe\"><strong>Vacina Influvac Tetravalente<\/strong><\/a><\/h3>\n\n\n\n<p>Indicada para <strong>todas as idades<\/strong>, a Influvac oferece prote\u00e7\u00e3o contra quatro cepas do v\u00edrus influenza e apresenta excelente custo-benef\u00edcio.<\/p>\n\n\n\n<p><a href=\"https:\/\/www.araujo.com.br\/vacina-gripe-efluelda-tetravalente-2024---sanofi\/95289.html?utm_source=blog&amp;utm_medium=texto+vacina+da+gripe&amp;utm_campaign=vacina+da+gripe\"><strong>Vacina Efluelda Tetravalente<\/strong><\/a><\/p>\n\n\n\n<p>Exclusiva para <strong>idosos<\/strong>, essa vacina possui maior concentra\u00e7\u00e3o de ant\u00edgeno, proporcionando uma resposta imunol\u00f3gica mais robusta nessa faixa et\u00e1ria.<\/p>\n\n\n\n<p>Saiba mais: <a href=\"https:\/\/araujo.com.br\/blog\/diferenca-entre-as-vacinas-da-gripe-trivalente-e-tetravalente\/\">Diferen\u00e7a entre as vacinas da gripe trivalente e tetravalente<\/a><\/p>\n\n\n\n<figure class=\"wp-block-image size-large\"><img loading=\"lazy\" decoding=\"async\" width=\"1024\" height=\"706\" src=\"https:\/\/araujo.com.br\/blog\/wp-content\/uploads\/2026\/03\/senhora-recebendo-curativo-de-vacina-1024x706.jpeg\" alt=\"senhora sorrindo ao receber curativo de vacina da gripe\" class=\"wp-image-7527\" srcset=\"https:\/\/araujo.com.br\/blog\/wp-content\/uploads\/2026\/03\/senhora-recebendo-curativo-de-vacina-1024x706.jpeg 1024w, https:\/\/araujo.com.br\/blog\/wp-content\/uploads\/2026\/03\/senhora-recebendo-curativo-de-vacina-300x207.jpeg 300w, https:\/\/araujo.com.br\/blog\/wp-content\/uploads\/2026\/03\/senhora-recebendo-curativo-de-vacina-768x530.jpeg 768w, https:\/\/araujo.com.br\/blog\/wp-content\/uploads\/2026\/03\/senhora-recebendo-curativo-de-vacina-1536x1060.jpeg 1536w\" sizes=\"auto, (max-width: 1024px) 100vw, 1024px\" \/><\/figure>\n\n\n\n<h2 class=\"wp-block-heading\">D\u00favidas frequentes sobre a vacina da gripe<\/h2>\n\n\n\n<h3 class=\"wp-block-heading\"><strong>Quem est\u00e1 gripado pode tomar a vacina da gripe?<\/strong><\/h3>\n\n\n\n<p>Sim.\u00a0Depende da intensidade dos sintomas. Se o paciente apresenta apenas coriza, congest\u00e3o nasal ou tosse leve, <strong>sem febre<\/strong>, a vacina pode ser aplicada normalmente.<\/p>\n\n\n\n<p>\u2192 Sintomas moderados a graves<strong>:<\/strong>&nbsp; apresenta <strong>febre<\/strong> (acima de 37,8\u00b0C), prostra\u00e7\u00e3o ou sintomas intensos, a recomenda\u00e7\u00e3o \u00e9 <strong>adiar a vacina\u00e7\u00e3o<\/strong> at\u00e9 a melhora do quadro.<\/p>\n\n\n\n<h3 class=\"wp-block-heading\"><strong>A vacina pode fazer a pessoa gripar?<\/strong><\/h3>\n\n\n\n<p>N\u00e3o. \u00c9 imposs\u00edvel a vacina causar gripe porque ela \u00e9 feita de <strong>v\u00edrus mortos (inativados)<\/strong> e fragmentados, que n\u00e3o t\u00eam capacidade de se multiplicar no organismo.<\/p>\n\n\n\n<h3 class=\"wp-block-heading\"><strong>Gestantes podem tomar a vacina?<\/strong><\/h3>\n\n\n\n<p>Sim. A <strong>vacina da gripe <\/strong>\u00e9 segura e altamente recomendada para gr\u00e1vidas, protegendo m\u00e3e e beb\u00ea.<\/p>\n\n\n\n<h3 class=\"wp-block-heading\"><strong>\u00c9 verdade que os idosos s\u00e3o mais vulner\u00e1veis?<\/strong><\/h3>\n\n\n\n<p>Sim. Os idosos concentram as maiores taxas de hospitaliza\u00e7\u00e3o e mortalidade associadas \u00e0 gripe, al\u00e9m de maior risco cardiovascular ap\u00f3s infec\u00e7\u00e3o.<\/p>\n\n\n\n<p><strong>Leia mais:<\/strong><a href=\"https:\/\/araujo.com.br\/blog\/vacina-da-gripe-para-idosos\/\"> Import\u00e2ncia da vacina da gripe para idosos e pessoas com imunidade baixa<\/a><\/p>\n\n\n\n<h3 class=\"wp-block-heading\"><strong>A vacina d\u00f3i muito?<\/strong><\/h3>\n\n\n\n<p>Como qualquer inje\u00e7\u00e3o intramuscular, voc\u00ea sentir\u00e1 uma leve picada e, possivelmente, uma sensa\u00e7\u00e3o de peso ou dor local no bra\u00e7o nas 48 horas seguintes.<\/p>\n\n\n\n<h3 class=\"wp-block-heading\"><strong>Qual \u00e9 a diferen\u00e7a entre gripe e resfriado?<\/strong><\/h3>\n\n\n\n<p>A gripe costuma ter in\u00edcio s\u00fabito, febre alta e dores no corpo. O resfriado \u00e9 mais leve e gradual.<\/p>\n\n\n\n<p><strong>Leia mais: <\/strong><a href=\"https:\/\/araujo.com.br\/blog\/gripe-ou-resfriado\/\">Gripe ou resfriado? Saiba a diferen\u00e7a<\/a><\/p>\n\n\n\n<h3 class=\"wp-block-heading\"><strong>Quais tipos de v\u00edrus existem?<\/strong><\/h3>\n\n\n\n<p>Existem quatro tipos de <strong>v\u00edrus influenza<\/strong>:<\/p>\n\n\n\n<ul class=\"wp-block-list\">\n<li><strong>Influenza A<\/strong>: mais agressivo e respons\u00e1vel por pandemias;<\/li>\n\n\n\n<li><strong>Influenza B<\/strong>: comum em surtos sazonais;<\/li>\n\n\n\n<li><strong>Influenza C<\/strong>: causa infec\u00e7\u00f5es leves; e<\/li>\n\n\n\n<li><strong>Influenza D<\/strong>: afeta principalmente os animais.<\/li>\n<\/ul>\n\n\n\n<h2 class=\"wp-block-heading\"><strong>Conhe\u00e7a os efeitos colaterais da vacina da gripe<\/strong><\/h2>\n\n\n\n<p>As <strong>rea\u00e7\u00f5es da vacina da gripe<\/strong> costumam ser leves e tempor\u00e1rias:<\/p>\n\n\n\n<ul class=\"wp-block-list\">\n<li>Dor ou vermelhid\u00e3o no local da aplica\u00e7\u00e3o;<\/li>\n\n\n\n<li>Cansa\u00e7o ou indisposi\u00e7\u00e3o;<\/li>\n\n\n\n<li>Febre baixa; e<\/li>\n\n\n\n<li>Dor de cabe\u00e7a leve.<\/li>\n<\/ul>\n\n\n\n<p>Esses sintomas indicam que o sistema imunol\u00f3gico est\u00e1 respondendo \u00e0 vacina.<\/p>\n\n\n\n<h2 class=\"wp-block-heading\">Vacina da gripe: um cuidado simples que protege voc\u00ea e toda a comunidade<\/h2>\n\n\n\n<p>A <strong>vacina da gripe<\/strong> \u00e9 um cuidado essencial para proteger sua sa\u00fade, reduzir complica\u00e7\u00f5es graves e fortalecer a prote\u00e7\u00e3o comunit\u00e1ria. Ao se vacinar todos os anos, voc\u00ea se protege e ajuda a reduzir a circula\u00e7\u00e3o do <strong>v\u00edrus influenza<\/strong>.<\/p>\n\n\n\n<p>Com op\u00e7\u00f5es seguras e equipe preparada, tomar a <a href=\"https:\/\/www.araujo.com.br\/gripe.html\"><strong>vacina da gripe na Araujo<\/strong><\/a> \u00e9 uma escolha confi\u00e1vel para quem valoriza preven\u00e7\u00e3o e bem-estar. Vacine-se na Araujo e transforme cuidado em h\u00e1bito.<\/p>\n\n\n\n<p><strong>Fontes:<\/strong><\/p>\n\n\n\n<p><a href=\"https:\/\/www.who.int\/news-room\/fact-sheets\/detail\/influenza-(seasonal)\">Organiza\u00e7\u00e3o Mundial da Sa\u00fade<\/a><\/p>\n\n\n\n<p><a href=\"https:\/\/www.gov.br\/saude\/pt-br\/assuntos\/saude-de-a-a-z\/g\/gripe-influenza\">Minist\u00e9rio da Sa\u00fade<\/a><\/p>\n\n\n\n<p><a href=\"https:\/\/www.nationalgeographicbrasil.com\/ciencia\/2025\/06\/influenza-o-virus-da-gripe-os-5-dados-que-mostram-como-ele-e-perigoso-e-possivel-evita-lo\"><em>National Geographic<\/em><\/a><\/p>\n\n\n\n<p><a href=\"https:\/\/www.em.com.br\/saude\/2025\/05\/7160169-fiocruz-725-dos-obitos-por-srag-estao-relacionados-a-influenza-a.html\">Estado de Minas<\/a><\/p>\n\n\n\n<p><a href=\"https:\/\/fiocruz.br\/noticia\/2025\/05\/infogripe-cresce-o-numero-de-hospitalizacoes-por-influenza\">Fiocruz<\/a><\/p>\n\n\n\n<p><a href=\"https:\/\/nav.dasa.com.br\/blog\/vacina-gripe-para-idosos\"><em>Nav Dasa<\/em><\/a><\/p>\n\n\n\n<p><a href=\"https:\/\/www.unimedfortaleza.com.br\/blog\/cuidar-de-voce\/reacao-da-vacina-da-gripe-mais-comuns#:~:text=Como%20mencionamos%2C%20a%20dor%20local,m%C3%A1ximo%2C%2048%20a%2072%20horas\">Blog da Unimed<\/a><\/p>\n\n\n\n<figure class=\"wp-block-image size-full\"><a href=\"https:\/\/www.araujo.com.br\/busca?q=vacina+da+gripe&amp;lang=pt_BR&amp;utm_source=blog&amp;utm_medium=banner+texto+vacina+da+gripe&amp;utm_campaign=vacina+da+gripe\"><img loading=\"lazy\" decoding=\"async\" width=\"800\" height=\"232\" src=\"https:\/\/araujo.com.br\/blog\/wp-content\/uploads\/2026\/03\/banner-vacina-da-gripe-araujo-5.png\" alt=\"banner vacina da gripe araujo\" class=\"wp-image-7524\" srcset=\"https:\/\/araujo.com.br\/blog\/wp-content\/uploads\/2026\/03\/banner-vacina-da-gripe-araujo-5.png 800w, https:\/\/araujo.com.br\/blog\/wp-content\/uploads\/2026\/03\/banner-vacina-da-gripe-araujo-5-300x87.png 300w, https:\/\/araujo.com.br\/blog\/wp-content\/uploads\/2026\/03\/banner-vacina-da-gripe-araujo-5-768x223.png 768w\" sizes=\"auto, (max-width: 800px) 100vw, 800px\" \/><\/a><\/figure>\n","protected":false},"excerpt":{"rendered":"<p>A vacina da gripe \u00e9 uma das formas mais eficazes de proteger sua sa\u00fade e a das pessoas \u00e0 sua volta contra uma doen\u00e7a que, todos os anos, provoca milh\u00f5es de infec\u00e7\u00f5es, interna\u00e7\u00f5es e mortes em todo o mundo. Mas por que uma doen\u00e7a t\u00e3o comum ainda representa riscos t\u00e3o elevados? Causada pelo v\u00edrus influenza, [&hellip;]<\/p>\n","protected":false},"author":1,"featured_media":7525,"comment_status":"open","ping_status":"open","sticky":false,"template":"","format":"standard","meta":{"_acf_changed":false,"footnotes":""},"categories":[3,916],"tags":[650,167,294,740],"class_list":["post-7522","post","type-post","status-publish","format-standard","has-post-thumbnail","hentry","category-saude-e-bem-estar","category-vacinas","tag-gripe","tag-prevencao","tag-saude","tag-vacina-da-gripe"],"acf":[],"yoast_head":"<!-- This site is optimized with the Yoast SEO plugin v24.3 - https:\/\/yoast.com\/wordpress\/plugins\/seo\/ -->\n<title>Vacina da gripe: import\u00e2ncia da imuniza\u00e7\u00e3o | Araujo<\/title>\n<meta name=\"description\" content=\"Vacina da gripe: saiba quem deve tomar, como funciona a imuniza\u00e7\u00e3o, efeitos colaterais e por que se vacinar na Araujo. Proteja sua sa\u00fade hoje.\" \/>\n<meta name=\"robots\" content=\"index, follow, max-snippet:-1, max-image-preview:large, max-video-preview:-1\" \/>\n<link rel=\"canonical\" href=\"https:\/\/araujo.com.br\/blog\/vacina-da-gripe-2\/\" \/>\n<meta property=\"og:locale\" content=\"pt_BR\" \/>\n<meta property=\"og:type\" content=\"article\" \/>\n<meta property=\"og:title\" content=\"Vacina da gripe: import\u00e2ncia da imuniza\u00e7\u00e3o | Araujo\" \/>\n<meta property=\"og:description\" content=\"Vacina da gripe: saiba quem deve tomar, como funciona a imuniza\u00e7\u00e3o, efeitos colaterais e por que se vacinar na Araujo. Proteja sua sa\u00fade hoje.\" \/>\n<meta property=\"og:url\" content=\"https:\/\/araujo.com.br\/blog\/vacina-da-gripe-2\/\" \/>\n<meta property=\"og:site_name\" content=\"Blog da Drogaria Araujo\" \/>\n<meta property=\"article:published_time\" content=\"2026-03-09T13:57:32+00:00\" \/>\n<meta property=\"article:modified_time\" content=\"2026-03-09T13:57:34+00:00\" \/>\n<meta property=\"og:image\" content=\"http:\/\/araujo.com.br\/blog\/wp-content\/uploads\/2026\/03\/mulher-doente-assoando-o-nariz-1024x663.jpeg\" \/>\n\t<meta property=\"og:image:width\" content=\"1024\" \/>\n\t<meta property=\"og:image:height\" content=\"663\" \/>\n\t<meta property=\"og:image:type\" content=\"image\/jpeg\" \/>\n<meta name=\"author\" content=\"Drogaria Araujo\" \/>\n<meta name=\"twitter:card\" content=\"summary_large_image\" \/>\n<meta name=\"twitter:label1\" content=\"Escrito por\" \/>\n\t<meta name=\"twitter:data1\" content=\"Drogaria Araujo\" \/>\n\t<meta name=\"twitter:label2\" content=\"Est. tempo de leitura\" \/>\n\t<meta name=\"twitter:data2\" content=\"8 minutos\" \/>\n<script type=\"application\/ld+json\" class=\"yoast-schema-graph\">{\"@context\":\"https:\/\/schema.org\",\"@graph\":[{\"@type\":\"WebPage\",\"@id\":\"https:\/\/araujo.com.br\/blog\/vacina-da-gripe-2\/\",\"url\":\"https:\/\/araujo.com.br\/blog\/vacina-da-gripe-2\/\",\"name\":\"Vacina da gripe: import\u00e2ncia da imuniza\u00e7\u00e3o | Araujo\",\"isPartOf\":{\"@id\":\"https:\/\/araujo.com.br\/blog\/#website\"},\"primaryImageOfPage\":{\"@id\":\"https:\/\/araujo.com.br\/blog\/vacina-da-gripe-2\/#primaryimage\"},\"image\":{\"@id\":\"https:\/\/araujo.com.br\/blog\/vacina-da-gripe-2\/#primaryimage\"},\"thumbnailUrl\":\"https:\/\/araujo.com.br\/blog\/wp-content\/uploads\/2026\/03\/mulher-doente-assoando-o-nariz.jpeg\",\"datePublished\":\"2026-03-09T13:57:32+00:00\",\"dateModified\":\"2026-03-09T13:57:34+00:00\",\"author\":{\"@id\":\"https:\/\/araujo.com.br\/blog\/#\/schema\/person\/4e2eac75cf0e2c6b079ef9a0df2ece83\"},\"description\":\"Vacina da gripe: saiba quem deve tomar, como funciona a imuniza\u00e7\u00e3o, efeitos colaterais e por que se vacinar na Araujo. Proteja sua sa\u00fade hoje.\",\"breadcrumb\":{\"@id\":\"https:\/\/araujo.com.br\/blog\/vacina-da-gripe-2\/#breadcrumb\"},\"inLanguage\":\"pt-BR\",\"potentialAction\":[{\"@type\":\"ReadAction\",\"target\":[\"https:\/\/araujo.com.br\/blog\/vacina-da-gripe-2\/\"]}]},{\"@type\":\"ImageObject\",\"inLanguage\":\"pt-BR\",\"@id\":\"https:\/\/araujo.com.br\/blog\/vacina-da-gripe-2\/#primaryimage\",\"url\":\"https:\/\/araujo.com.br\/blog\/wp-content\/uploads\/2026\/03\/mulher-doente-assoando-o-nariz.jpeg\",\"contentUrl\":\"https:\/\/araujo.com.br\/blog\/wp-content\/uploads\/2026\/03\/mulher-doente-assoando-o-nariz.jpeg\",\"width\":7793,\"height\":5049,\"caption\":\"Nose, tissue and sick woman sneezing on a sofa with allergy, cold or flu in her home. Hay fever, allergy and female with viral infection, problem or health crisis in a living room with congestion.\"},{\"@type\":\"BreadcrumbList\",\"@id\":\"https:\/\/araujo.com.br\/blog\/vacina-da-gripe-2\/#breadcrumb\",\"itemListElement\":[{\"@type\":\"ListItem\",\"position\":1,\"name\":\"In\u00edcio\",\"item\":\"https:\/\/araujo.com.br\/blog\/\"},{\"@type\":\"ListItem\",\"position\":2,\"name\":\"Vacina da gripe: import\u00e2ncia da imuniza\u00e7\u00e3o\"}]},{\"@type\":\"WebSite\",\"@id\":\"https:\/\/araujo.com.br\/blog\/#website\",\"url\":\"https:\/\/araujo.com.br\/blog\/\",\"name\":\"Blog da Drogaria Araujo\",\"description\":\"Conte\u00fado que faz bem? A Araujo tem!\",\"potentialAction\":[{\"@type\":\"SearchAction\",\"target\":{\"@type\":\"EntryPoint\",\"urlTemplate\":\"https:\/\/araujo.com.br\/blog\/?s={search_term_string}\"},\"query-input\":{\"@type\":\"PropertyValueSpecification\",\"valueRequired\":true,\"valueName\":\"search_term_string\"}}],\"inLanguage\":\"pt-BR\"},{\"@type\":\"Person\",\"@id\":\"https:\/\/araujo.com.br\/blog\/#\/schema\/person\/4e2eac75cf0e2c6b079ef9a0df2ece83\",\"name\":\"Drogaria Araujo\",\"image\":{\"@type\":\"ImageObject\",\"inLanguage\":\"pt-BR\",\"@id\":\"https:\/\/araujo.com.br\/blog\/#\/schema\/person\/image\/\",\"url\":\"https:\/\/secure.gravatar.com\/avatar\/33e54dec0cd79fc4b5e911c15f836c46ec8d0e452ecd3ca5f707bce0a3540a3b?s=96&d=mm&r=g\",\"contentUrl\":\"https:\/\/secure.gravatar.com\/avatar\/33e54dec0cd79fc4b5e911c15f836c46ec8d0e452ecd3ca5f707bce0a3540a3b?s=96&d=mm&r=g\",\"caption\":\"Drogaria Araujo\"},\"description\":\"Especialista em Sa\u00fade da Fam\u00edlia. M\u00e9dico e nutricionista.\",\"sameAs\":[\"https:\/\/araujo.com.br\/blog\"],\"url\":\"https:\/\/araujo.com.br\/blog\/author\/admin\/\"}]}<\/script>\n<!-- \/ Yoast SEO plugin. -->","yoast_head_json":{"title":"Vacina da gripe: import\u00e2ncia da imuniza\u00e7\u00e3o | Araujo","description":"Vacina da gripe: saiba quem deve tomar, como funciona a imuniza\u00e7\u00e3o, efeitos colaterais e por que se vacinar na Araujo. Proteja sua sa\u00fade hoje.","robots":{"index":"index","follow":"follow","max-snippet":"max-snippet:-1","max-image-preview":"max-image-preview:large","max-video-preview":"max-video-preview:-1"},"canonical":"https:\/\/araujo.com.br\/blog\/vacina-da-gripe-2\/","og_locale":"pt_BR","og_type":"article","og_title":"Vacina da gripe: import\u00e2ncia da imuniza\u00e7\u00e3o | Araujo","og_description":"Vacina da gripe: saiba quem deve tomar, como funciona a imuniza\u00e7\u00e3o, efeitos colaterais e por que se vacinar na Araujo. Proteja sua sa\u00fade hoje.","og_url":"https:\/\/araujo.com.br\/blog\/vacina-da-gripe-2\/","og_site_name":"Blog da Drogaria Araujo","article_published_time":"2026-03-09T13:57:32+00:00","article_modified_time":"2026-03-09T13:57:34+00:00","og_image":[{"width":1024,"height":663,"url":"http:\/\/araujo.com.br\/blog\/wp-content\/uploads\/2026\/03\/mulher-doente-assoando-o-nariz-1024x663.jpeg","type":"image\/jpeg"}],"author":"Drogaria Araujo","twitter_card":"summary_large_image","twitter_misc":{"Escrito por":"Drogaria Araujo","Est. tempo de leitura":"8 minutos"},"schema":{"@context":"https:\/\/schema.org","@graph":[{"@type":"WebPage","@id":"https:\/\/araujo.com.br\/blog\/vacina-da-gripe-2\/","url":"https:\/\/araujo.com.br\/blog\/vacina-da-gripe-2\/","name":"Vacina da gripe: import\u00e2ncia da imuniza\u00e7\u00e3o | Araujo","isPartOf":{"@id":"https:\/\/araujo.com.br\/blog\/#website"},"primaryImageOfPage":{"@id":"https:\/\/araujo.com.br\/blog\/vacina-da-gripe-2\/#primaryimage"},"image":{"@id":"https:\/\/araujo.com.br\/blog\/vacina-da-gripe-2\/#primaryimage"},"thumbnailUrl":"https:\/\/araujo.com.br\/blog\/wp-content\/uploads\/2026\/03\/mulher-doente-assoando-o-nariz.jpeg","datePublished":"2026-03-09T13:57:32+00:00","dateModified":"2026-03-09T13:57:34+00:00","author":{"@id":"https:\/\/araujo.com.br\/blog\/#\/schema\/person\/4e2eac75cf0e2c6b079ef9a0df2ece83"},"description":"Vacina da gripe: saiba quem deve tomar, como funciona a imuniza\u00e7\u00e3o, efeitos colaterais e por que se vacinar na Araujo. Proteja sua sa\u00fade hoje.","breadcrumb":{"@id":"https:\/\/araujo.com.br\/blog\/vacina-da-gripe-2\/#breadcrumb"},"inLanguage":"pt-BR","potentialAction":[{"@type":"ReadAction","target":["https:\/\/araujo.com.br\/blog\/vacina-da-gripe-2\/"]}]},{"@type":"ImageObject","inLanguage":"pt-BR","@id":"https:\/\/araujo.com.br\/blog\/vacina-da-gripe-2\/#primaryimage","url":"https:\/\/araujo.com.br\/blog\/wp-content\/uploads\/2026\/03\/mulher-doente-assoando-o-nariz.jpeg","contentUrl":"https:\/\/araujo.com.br\/blog\/wp-content\/uploads\/2026\/03\/mulher-doente-assoando-o-nariz.jpeg","width":7793,"height":5049,"caption":"Nose, tissue and sick woman sneezing on a sofa with allergy, cold or flu in her home. Hay fever, allergy and female with viral infection, problem or health crisis in a living room with congestion."},{"@type":"BreadcrumbList","@id":"https:\/\/araujo.com.br\/blog\/vacina-da-gripe-2\/#breadcrumb","itemListElement":[{"@type":"ListItem","position":1,"name":"In\u00edcio","item":"https:\/\/araujo.com.br\/blog\/"},{"@type":"ListItem","position":2,"name":"Vacina da gripe: import\u00e2ncia da imuniza\u00e7\u00e3o"}]},{"@type":"WebSite","@id":"https:\/\/araujo.com.br\/blog\/#website","url":"https:\/\/araujo.com.br\/blog\/","name":"Blog da Drogaria Araujo","description":"Conte\u00fado que faz bem? A Araujo tem!","potentialAction":[{"@type":"SearchAction","target":{"@type":"EntryPoint","urlTemplate":"https:\/\/araujo.com.br\/blog\/?s={search_term_string}"},"query-input":{"@type":"PropertyValueSpecification","valueRequired":true,"valueName":"search_term_string"}}],"inLanguage":"pt-BR"},{"@type":"Person","@id":"https:\/\/araujo.com.br\/blog\/#\/schema\/person\/4e2eac75cf0e2c6b079ef9a0df2ece83","name":"Drogaria Araujo","image":{"@type":"ImageObject","inLanguage":"pt-BR","@id":"https:\/\/araujo.com.br\/blog\/#\/schema\/person\/image\/","url":"https:\/\/secure.gravatar.com\/avatar\/33e54dec0cd79fc4b5e911c15f836c46ec8d0e452ecd3ca5f707bce0a3540a3b?s=96&d=mm&r=g","contentUrl":"https:\/\/secure.gravatar.com\/avatar\/33e54dec0cd79fc4b5e911c15f836c46ec8d0e452ecd3ca5f707bce0a3540a3b?s=96&d=mm&r=g","caption":"Drogaria Araujo"},"description":"Especialista em Sa\u00fade da Fam\u00edlia. M\u00e9dico e nutricionista.","sameAs":["https:\/\/araujo.com.br\/blog"],"url":"https:\/\/araujo.com.br\/blog\/author\/admin\/"}]}},"_links":{"self":[{"href":"https:\/\/araujo.com.br\/blog\/wp-json\/wp\/v2\/posts\/7522","targetHints":{"allow":["GET"]}}],"collection":[{"href":"https:\/\/araujo.com.br\/blog\/wp-json\/wp\/v2\/posts"}],"about":[{"href":"https:\/\/araujo.com.br\/blog\/wp-json\/wp\/v2\/types\/post"}],"author":[{"embeddable":true,"href":"https:\/\/araujo.com.br\/blog\/wp-json\/wp\/v2\/users\/1"}],"replies":[{"embeddable":true,"href":"https:\/\/araujo.com.br\/blog\/wp-json\/wp\/v2\/comments?post=7522"}],"version-history":[{"count":1,"href":"https:\/\/araujo.com.br\/blog\/wp-json\/wp\/v2\/posts\/7522\/revisions"}],"predecessor-version":[{"id":7528,"href":"https:\/\/araujo.com.br\/blog\/wp-json\/wp\/v2\/posts\/7522\/revisions\/7528"}],"wp:featuredmedia":[{"embeddable":true,"href":"https:\/\/araujo.com.br\/blog\/wp-json\/wp\/v2\/media\/7525"}],"wp:attachment":[{"href":"https:\/\/araujo.com.br\/blog\/wp-json\/wp\/v2\/media?parent=7522"}],"wp:term":[{"taxonomy":"category","embeddable":true,"href":"https:\/\/araujo.com.br\/blog\/wp-json\/wp\/v2\/categories?post=7522"},{"taxonomy":"post_tag","embeddable":true,"href":"https:\/\/araujo.com.br\/blog\/wp-json\/wp\/v2\/tags?post=7522"}],"curies":[{"name":"wp","href":"https:\/\/api.w.org\/{rel}","templated":true}]}}