{"id":7573,"date":"2026-03-12T15:57:52","date_gmt":"2026-03-12T12:57:52","guid":{"rendered":"https:\/\/araujo.com.br\/blog\/?p=7573"},"modified":"2026-03-12T15:57:54","modified_gmt":"2026-03-12T12:57:54","slug":"vacina-pneumo-23","status":"publish","type":"post","link":"https:\/\/araujo.com.br\/blog\/vacina-pneumo-23\/","title":{"rendered":"Vacina Pneumo 23: prote\u00e7\u00e3o contra doen\u00e7as respirat\u00f3rias"},"content":{"rendered":"\n<p>Por que algumas infec\u00e7\u00f5es respirat\u00f3rias evoluem de forma leve enquanto outras levam \u00e0 hospitaliza\u00e7\u00e3o, complica\u00e7\u00f5es graves ou at\u00e9 \u00f3bito? A resposta, muitas vezes, est\u00e1 na combina\u00e7\u00e3o entre idade, condi\u00e7\u00f5es de sa\u00fade pr\u00e9-existentes e preven\u00e7\u00e3o inadequada. Nesse cen\u00e1rio, a <strong>Vacina Pneumo 23<\/strong> surge como uma aliada essencial na prote\u00e7\u00e3o contra doen\u00e7as pneumoc\u00f3cicas graves, especialmente em grupos de risco.<\/p>\n\n\n\n<p>Segundo o Minist\u00e9rio da Sa\u00fade (2022), as doen\u00e7as respirat\u00f3rias seguem entre as principais causas de interna\u00e7\u00e3o no Brasil, com impacto significativo entre idosos, pessoas imunocomprometidas e pacientes com doen\u00e7as cr\u00f4nicas. A preven\u00e7\u00e3o por meio da vacina\u00e7\u00e3o reduz interna\u00e7\u00f5es, complica\u00e7\u00f5es e a sobrecarga do sistema de sa\u00fade, al\u00e9m de preservar a qualidade de vida.<\/p>\n\n\n\n<p>Ao longo deste artigo, voc\u00ea vai entender para quem a <strong>Pneumo 23<\/strong> \u00e9 indicada, quais doen\u00e7as previne, quantas doses s\u00e3o necess\u00e1rias, sua durabilidade, a diferen\u00e7a em rela\u00e7\u00e3o \u00e0 <a href=\"https:\/\/www.araujo.com.br\/vacina-humana-pneumococica-15-msd-vaxneuvance\/98033.html?utm_source=blog&amp;utm_medium=texto+vacina+pneumo+23&amp;utm_campaign=vacina+pneumo+23\">Pneumo 15<\/a> e como agendar a vacina\u00e7\u00e3o na Araujo com seguran\u00e7a e praticidade.<\/p>\n\n\n\n<figure class=\"wp-block-image size-full\"><a href=\"https:\/\/www.araujo.com.br\/busca?q=vacina+da+gripe&amp;lang=pt_BR&amp;utm_source=blog&amp;utm_medium=banner+texto+vacina+pneumo+23&amp;utm_campaign=vacina+pneumo+23\"><img loading=\"lazy\" decoding=\"async\" width=\"800\" height=\"232\" src=\"https:\/\/araujo.com.br\/blog\/wp-content\/uploads\/2026\/03\/banner-vacina-da-gripe-araujo-13.png\" alt=\"banner vacina da gripe araujo\" class=\"wp-image-7574\" srcset=\"https:\/\/araujo.com.br\/blog\/wp-content\/uploads\/2026\/03\/banner-vacina-da-gripe-araujo-13.png 800w, https:\/\/araujo.com.br\/blog\/wp-content\/uploads\/2026\/03\/banner-vacina-da-gripe-araujo-13-300x87.png 300w, https:\/\/araujo.com.br\/blog\/wp-content\/uploads\/2026\/03\/banner-vacina-da-gripe-araujo-13-768x223.png 768w\" sizes=\"auto, (max-width: 800px) 100vw, 800px\" \/><\/a><\/figure>\n\n\n\n<h2 class=\"wp-block-heading\">Para quem a Vacina Pneumo 23 \u00e9 indicada? Entenda os grupos priorit\u00e1rios<\/h2>\n\n\n\n<p>A vacina \u00e9 indicada para <strong>crian\u00e7as a partir de 2 anos, adolescentes, adultos e idosos<\/strong> que apresentam maior risco de desenvolver doen\u00e7as pneumoc\u00f3cicas graves.<\/p>\n\n\n\n<h3 class=\"wp-block-heading\"><strong>Grupos priorit\u00e1rios incluem:<\/strong><\/h3>\n\n\n\n<ul class=\"wp-block-list\">\n<li>Pessoas com <strong>doen\u00e7as cr\u00f4nicas<\/strong>, como cardiopatias, pneumopatias e nefropatias;<\/li>\n\n\n\n<li>Pessoas com <em>diabetes tipo 2;<\/em><\/li>\n\n\n\n<li>Pacientes com doen\u00e7as hep\u00e1ticas cr\u00f4nicas;<\/li>\n\n\n\n<li>Pessoas com doen\u00e7as que afetam o sistema imunol\u00f3gico;<\/li>\n\n\n\n<li>Indiv\u00edduos sem ba\u00e7o ou com asplenia funcional, condi\u00e7\u00e3o que aumenta de forma significativa o risco de infec\u00e7\u00f5es graves; e<\/li>\n\n\n\n<li>Pessoas a partir de <strong>60 anos<\/strong>, mesmo sem doen\u00e7as associadas.<\/li>\n<\/ul>\n\n\n\n<p>Conforme orienta\u00e7\u00f5es do Minist\u00e9rio da Sa\u00fade, a indica\u00e7\u00e3o da Vacina Pneumo 23 leva em considera\u00e7\u00e3o o risco aumentado de infec\u00e7\u00f5es invasivas causadas pela bact\u00e9ria <em>Streptococcus pneumoniae<\/em>, especialmente em popula\u00e7\u00f5es mais vulner\u00e1veis.<\/p>\n\n\n\n<p><strong>Para que serve e de quais doen\u00e7as a Vacina Pneumo 23 protege?<\/strong><\/p>\n\n\n\n<p>A Pneumo 23 protege contra <strong>23 sorotipos do pneumococo<\/strong>, respons\u00e1veis pela maioria das infec\u00e7\u00f5es graves associadas a essa bact\u00e9ria.<\/p>\n\n\n\n<h3 class=\"wp-block-heading\"><strong>Entre as principais doen\u00e7as prevenidas est\u00e3o:<\/strong><\/h3>\n\n\n\n<ul class=\"wp-block-list\">\n<li><strong>Pneumonia pneumoc\u00f3cica:<\/strong> infec\u00e7\u00e3o que atinge os pulm\u00f5es e pode causar febre alta, falta de ar, dor no peito e tosse intensa. Em idosos e pessoas com doen\u00e7as cr\u00f4nicas, a pneumonia pneumoc\u00f3cica pode evoluir rapidamente para quadros graves, exigindo interna\u00e7\u00e3o hospitalar.<\/li>\n\n\n\n<li><strong>Meningite pneumoc\u00f3cica:<\/strong> inflama\u00e7\u00e3o das membranas que envolvem o c\u00e9rebro e a medula espinhal. \u00c9 uma condi\u00e7\u00e3o grave, de progress\u00e3o r\u00e1pida, que pode deixar sequelas neurol\u00f3gicas permanentes ou levar ao \u00f3bito, especialmente quando o diagn\u00f3stico e o tratamento n\u00e3o ocorrem de forma<strong> precoce.<\/strong><\/li>\n\n\n\n<li><strong>Bacteremia<\/strong> (infec\u00e7\u00e3o generalizada no sangue): ocorre quando a bact\u00e9ria pneumococo entra na corrente sangu\u00ednea. Esse quadro pode desencadear sepse, uma resposta inflamat\u00f3ria intensa do organismo, com risco elevado de fal\u00eancia de \u00f3rg\u00e3os e morte, principalmente em pessoas com o sistema imunol\u00f3gico fragilizado.<\/li>\n\n\n\n<li><strong>Infec\u00e7\u00f5es graves do trato respirat\u00f3rio inferior<\/strong>: incluem infec\u00e7\u00f5es que acometem vias a\u00e9reas profundas, como br\u00f4nquios e pulm\u00f5es, e que podem causar complica\u00e7\u00f5es respirat\u00f3rias importantes, especialmente em idosos, crian\u00e7as maiores com comorbidades e adultos com doen\u00e7as cr\u00f4nicas.<\/li>\n<\/ul>\n\n\n\n<p>Segundo a Organiza\u00e7\u00e3o Mundial da Sa\u00fade (OMS, 2025), o pneumococo est\u00e1 entre os principais agentes causadores de pneumonia adquirida na comunidade, com maior letalidade em idosos e pessoas com comorbidades.<\/p>\n\n\n\n<p>A l\u00f3gica \u00e9 simples: quanto maior for a cobertura contra diferentes sorotipos da bact\u00e9ria, menor a chance de infec\u00e7\u00f5es invasivas e complica\u00e7\u00f5es severas.<\/p>\n\n\n\n<h2 class=\"wp-block-heading\">Conhe\u00e7a a Vacina Pneumo 23 e como ela atua no organismo<\/h2>\n\n\n\n<p>A vacina \u00e9 composta por polissacar\u00eddeos capsulares purificados de 23 sorotipos do pneumococo. Ela n\u00e3o cont\u00e9m v\u00edrus vivos e n\u00e3o causa a doen\u00e7a.<\/p>\n\n\n\n<h3 class=\"wp-block-heading\"><strong>Quantas doses de Pneumo 23 devemos tomar ao longo da vida?&nbsp;<\/strong><\/h3>\n\n\n\n<h3 class=\"wp-block-heading\"><strong>&nbsp;<\/strong>Para idosos saud\u00e1veis, a recomenda\u00e7\u00e3o da SBIm segue o esquema &#8220;sequencial&#8221;:<\/h3>\n\n\n\n<ul class=\"wp-block-list\">\n<li><strong>1\u00aa dose:<\/strong> Inicia-se preferencialmente com a <strong>VPC13<\/strong> ou <strong>VPC15<\/strong> (conjugadas).<\/li>\n\n\n\n<li><strong>2\u00aa dose (Pneumo 23):<\/strong> Aplicada de 6 a 12 meses ap\u00f3s a conjugada.<\/li>\n\n\n\n<li><strong>3\u00aa dose (Pneumo 23):<\/strong> Uma dose de refor\u00e7o <strong>5 anos ap\u00f3s<\/strong> a primeira dose de Pneumo 23.<\/li>\n<\/ul>\n\n\n\n<p><strong>Nota:<\/strong> Para quem tem 60 anos ou mais, o esquema se encerra aqui. N\u00e3o s\u00e3o recomendadas doses adicionais de Pneumo 23 ap\u00f3s esse segundo refor\u00e7o.<\/p>\n\n\n\n<p>Para pessoas com doen\u00e7as cr\u00f4nicas (card\u00edacas, pulmonares, diabetes) ou imunossupress\u00e3o (HIV, c\u00e2ncer, transplantados, aus\u00eancia de ba\u00e7o):<\/p>\n\n\n\n<ul class=\"wp-block-list\">\n<li>O intervalo entre a vacina conjugada e a Pneumo 23 pode ser reduzido para <strong>2 meses<\/strong>.<\/li>\n\n\n\n<li>Um refor\u00e7o da Pneumo 23 \u00e9 feito <strong>5 anos<\/strong> ap\u00f3s a primeira.<\/li>\n\n\n\n<li><strong>Se a pessoa tiver menos de 65 anos<\/strong> ao tomar essas doses, ela dever\u00e1 tomar uma <strong>terceira e \u00faltima dose<\/strong> ao completar 65 anos (respeitando o intervalo m\u00ednimo de 5 anos da dose anterior).<\/li>\n<\/ul>\n\n\n\n<p><strong>Efeitos colaterais comuns da Pneumo 23<\/strong><\/p>\n\n\n\n<p>A vacina \u00e9 considerada segura e bem tolerada. Os efeitos adversos, quando ocorrem, costumam ser leves e tempor\u00e1rios.<\/p>\n\n\n\n<p>Os mais comuns incluem:<\/p>\n\n\n\n<ul class=\"wp-block-list\">\n<li>Dor, vermelhid\u00e3o ou incha\u00e7o no local da aplica\u00e7\u00e3o;<\/li>\n\n\n\n<li>Febre baixa; e<\/li>\n\n\n\n<li>Mal-estar leve ou fadiga passageira.<\/li>\n<\/ul>\n\n\n\n<p>Eventos adversos graves s\u00e3o raros e a vacina\u00e7\u00e3o apresenta uma rela\u00e7\u00e3o risco-benef\u00edcio amplamente favor\u00e1vel.<\/p>\n\n\n\n<p><strong>Qual \u00e9 a durabilidade da vacina?<\/strong><\/p>\n\n\n\n<p>A <strong>durabilidade da Vacina Pneumo 23<\/strong> varia conforme o perfil do paciente. Em adultos imunocompetentes, a prote\u00e7\u00e3o pode durar <strong>at\u00e9 5 anos ou mais<\/strong>.<\/p>\n\n\n\n<p>Em pessoas com imunossupress\u00e3o ou doen\u00e7as cr\u00f4nicas espec\u00edficas, a resposta imunol\u00f3gica pode ser menor, justificando a avalia\u00e7\u00e3o para doses de refor\u00e7o.<\/p>\n\n\n\n<p>Conforme estudos publicados pela <strong>OMS (2025)<\/strong>, a imuniza\u00e7\u00e3o adequada reduz significativamente a incid\u00eancia de doen\u00e7as pneumoc\u00f3cicas invasivas ao longo dos anos.<\/p>\n\n\n\n<h2 class=\"wp-block-heading\">Como agendar a vacina\u00e7\u00e3o na Araujo<\/h2>\n\n\n\n<p>Vacinar-se na Araujo \u00e9 um processo simples, seguro e pensado para o seu conforto.<\/p>\n\n\n\n<h3 class=\"wp-block-heading\"><strong>Passo a passo para agendar a Vacina Pneumo 23 na Araujo:<\/strong><\/h3>\n\n\n\n<ol class=\"wp-block-list\">\n<li>Verifique a disponibilidade da vacina na unidade mais pr\u00f3xima;<\/li>\n\n\n\n<li>Realize o agendamento presencialmente ou conforme orienta\u00e7\u00e3o da farm\u00e1cia;<\/li>\n\n\n\n<li>Compare\u00e7a no dia e hor\u00e1rio marcados com documento de identifica\u00e7\u00e3o; e<\/li>\n\n\n\n<li>Receba a vacina com acompanhamento de profissionais qualificados.<\/li>\n<\/ol>\n\n\n\n<p>Al\u00e9m disso, a Araujo oferece:<\/p>\n\n\n\n<ul class=\"wp-block-list\">\n<li>Equipe treinada e especializada;<\/li>\n\n\n\n<li>Ambiente seguro e confort\u00e1vel;<\/li>\n\n\n\n<li>Facilidade nas formas de pagamento; e<\/li>\n\n\n\n<li>Orienta\u00e7\u00e3o completa antes e ap\u00f3s a aplica\u00e7\u00e3o da vacina.<\/li>\n<\/ul>\n\n\n\n<p>Esses diferenciais tornam a <strong>Vacina Pneumo 23 Araujo<\/strong> uma escolha pr\u00e1tica para quem busca preven\u00e7\u00e3o com confian\u00e7a.<\/p>\n\n\n\n<h2 class=\"wp-block-heading\">Qual a diferen\u00e7a entre a Pneumo 23 e a Pneumo 15?<\/h2>\n\n\n\n<p>Embora ambas tenham o mesmo objetivo, proteger contra doen\u00e7as pneumoc\u00f3cicas, existem diferen\u00e7as importantes entre a Pneumo 23 e a <a href=\"https:\/\/www.araujo.com.br\/vacina-humana-pneumococica-15-msd-vaxneuvance\/98033.html?utm_source=blog&amp;utm_medium=texto+vacina+pneumo+23&amp;utm_campaign=vacina+pneumo+23\">Pneumo 15<\/a>.<\/p>\n\n\n\n<h3 class=\"wp-block-heading\"><strong>Pneumo 23<\/strong><\/h3>\n\n\n\n<ul class=\"wp-block-list\">\n<li>Protege contra <strong>23 sorotipos;<\/strong><\/li>\n\n\n\n<li>Indicada principalmente para <strong>adultos, idosos e grupos de risco; e<\/strong><\/li>\n\n\n\n<li>Resposta imunol\u00f3gica baseada em polissacar\u00eddeos, que estimula a produ\u00e7\u00e3o de anticorpos espec\u00edficos. \u00c9 importante enfatizar que essa vacina n\u00e3o estimula os linf\u00f3citos F, ou seja, n\u00e3o ativa resposta imunol\u00f3gica robusta.<\/li>\n<\/ul>\n\n\n\n<h3 class=\"wp-block-heading\"><strong>Pneumo 15<\/strong><\/h3>\n\n\n\n<ul class=\"wp-block-list\">\n<li>Protege contra <strong>15 sorotipos;<\/strong><\/li>\n\n\n\n<li>Indicada principalmente para <strong>crian\u00e7as e alguns esquemas espec\u00edficos em adultos; <\/strong>e<\/li>\n\n\n\n<li>Utiliza tecnologia conjugada, que gera mem\u00f3ria imunol\u00f3gica mais robusta em crian\u00e7as.<\/li>\n<\/ul>\n\n\n\n<p>Segundo o Minist\u00e9rio da Sa\u00fade, em alguns casos, as vacinas podem ser utilizadas de forma complementar, sempre conforme orienta\u00e7\u00e3o m\u00e9dica.<\/p>\n\n\n\n<h2 class=\"wp-block-heading\">Prote\u00e7\u00e3o que reduz riscos e preserva qualidade de vida<\/h2>\n\n\n\n<p>A <strong>Vacina Pneumo 23<\/strong> \u00e9 uma ferramenta fundamental na preven\u00e7\u00e3o de doen\u00e7as respirat\u00f3rias graves, especialmente em idosos e pessoas com condi\u00e7\u00f5es de sa\u00fade que aumentam o risco de complica\u00e7\u00f5es. Ao proteger contra 23 sorotipos do pneumococo, ela reduz interna\u00e7\u00f5es, sequelas e impactos na qualidade de vida.<\/p>\n\n\n\n<p>Se voc\u00ea faz parte de um grupo de risco ou quer se antecipar \u00e0s complica\u00e7\u00f5es das infec\u00e7\u00f5es respirat\u00f3rias, procure orienta\u00e7\u00e3o profissional e considere tomar a <strong>vacina <\/strong>como parte da sua rotina de cuidado e preven\u00e7\u00e3o.&nbsp;<\/p>\n\n\n\n<p><strong>Fontes:&nbsp;<\/strong><\/p>\n\n\n\n<p><a href=\"https:\/\/www.gov.br\/saude\/pt-br\/assuntos\/noticias\/2022\/setembro\/vacina-pneumo-23-protege-contra-doencas-graves-como-pneumonia-e-meningite\">Minist\u00e9rio da Sa\u00fade<\/a><\/p>\n\n\n\n<p><a href=\"https:\/\/www.who.int\/teams\/health-product-policy-and-standards\/standards-and-specifications\/norms-and-standards\/vaccine-standardization\/pneumococcal-disease?\">Organiza\u00e7\u00e3o Mundial da Sa\u00fade<\/a><\/p>\n\n\n\n<p>&nbsp;<a href=\"https:\/\/www.cdc.gov\/vaccines\/hcp\/by-disease\/pneumo.html\">CDC vacinas e imuniza\u00e7\u00f5es<\/a><\/p>\n\n\n\n<p><a href=\"https:\/\/labpasteur.med.br\/vacinas\/pneumo-23\">Lab Pasteur<\/a><\/p>\n\n\n\n<p><a href=\"https:\/\/familia.sbim.org.br\/vacinas\/vacinas-disponiveis\/vacina-pneumococica-polissacaridica-23-valente-vpp23\">SBIM &#8211; Sociedade Brasileira de Imuniza\u00e7\u00f5es<\/a><\/p>\n\n\n\n<figure class=\"wp-block-image size-full\"><a href=\"https:\/\/www.araujo.com.br\/busca?q=vacina+da+gripe&amp;lang=pt_BR&amp;utm_source=blog&amp;utm_medium=banner+texto+vacina+pneumo+23&amp;utm_campaign=vacina+pneumo+23\"><img loading=\"lazy\" decoding=\"async\" width=\"800\" height=\"232\" src=\"https:\/\/araujo.com.br\/blog\/wp-content\/uploads\/2026\/03\/banner-vacina-da-gripe-araujo-14.png\" alt=\"banner vacina da gripe araujo\" class=\"wp-image-7575\" srcset=\"https:\/\/araujo.com.br\/blog\/wp-content\/uploads\/2026\/03\/banner-vacina-da-gripe-araujo-14.png 800w, https:\/\/araujo.com.br\/blog\/wp-content\/uploads\/2026\/03\/banner-vacina-da-gripe-araujo-14-300x87.png 300w, https:\/\/araujo.com.br\/blog\/wp-content\/uploads\/2026\/03\/banner-vacina-da-gripe-araujo-14-768x223.png 768w\" sizes=\"auto, (max-width: 800px) 100vw, 800px\" \/><\/a><\/figure>\n","protected":false},"excerpt":{"rendered":"<p>Por que algumas infec\u00e7\u00f5es respirat\u00f3rias evoluem de forma leve enquanto outras levam \u00e0 hospitaliza\u00e7\u00e3o, complica\u00e7\u00f5es graves ou at\u00e9 \u00f3bito? A resposta, muitas vezes, est\u00e1 na combina\u00e7\u00e3o entre idade, condi\u00e7\u00f5es de sa\u00fade pr\u00e9-existentes e preven\u00e7\u00e3o inadequada. Nesse cen\u00e1rio, a Vacina Pneumo 23 surge como uma aliada essencial na prote\u00e7\u00e3o contra doen\u00e7as pneumoc\u00f3cicas graves, especialmente em grupos [&hellip;]<\/p>\n","protected":false},"author":1,"featured_media":7576,"comment_status":"open","ping_status":"open","sticky":false,"template":"","format":"standard","meta":{"_acf_changed":false,"footnotes":""},"categories":[3,916],"tags":[671,294,651],"class_list":["post-7573","post","type-post","status-publish","format-standard","has-post-thumbnail","hentry","category-saude-e-bem-estar","category-vacinas","tag-pneumonia","tag-saude","tag-vacina"],"acf":[],"yoast_head":"<!-- This site is optimized with the Yoast SEO plugin v24.3 - https:\/\/yoast.com\/wordpress\/plugins\/seo\/ -->\n<title>Vacina Pneumo 23: prote\u00e7\u00e3o contra doen\u00e7as respirat\u00f3rias | Araujo<\/title>\n<meta name=\"description\" content=\"Vacina Pneumo 23: para quem \u00e9 indicada, quantas doses tomar, durabilidade e diferen\u00e7as em rela\u00e7\u00e3o \u00e0 Pneumo 15. Entenda a import\u00e2ncia da vacina\u00e7\u00e3o na Araujo.\" \/>\n<meta name=\"robots\" content=\"index, follow, max-snippet:-1, max-image-preview:large, max-video-preview:-1\" \/>\n<link rel=\"canonical\" href=\"https:\/\/araujo.com.br\/blog\/vacina-pneumo-23\/\" \/>\n<meta property=\"og:locale\" content=\"pt_BR\" \/>\n<meta property=\"og:type\" content=\"article\" \/>\n<meta property=\"og:title\" content=\"Vacina Pneumo 23: prote\u00e7\u00e3o contra doen\u00e7as respirat\u00f3rias | Araujo\" \/>\n<meta property=\"og:description\" content=\"Vacina Pneumo 23: para quem \u00e9 indicada, quantas doses tomar, durabilidade e diferen\u00e7as em rela\u00e7\u00e3o \u00e0 Pneumo 15. Entenda a import\u00e2ncia da vacina\u00e7\u00e3o na Araujo.\" \/>\n<meta property=\"og:url\" content=\"https:\/\/araujo.com.br\/blog\/vacina-pneumo-23\/\" \/>\n<meta property=\"og:site_name\" content=\"Blog da Drogaria Araujo\" \/>\n<meta property=\"article:published_time\" content=\"2026-03-12T12:57:52+00:00\" \/>\n<meta property=\"article:modified_time\" content=\"2026-03-12T12:57:54+00:00\" \/>\n<meta property=\"og:image\" content=\"http:\/\/araujo.com.br\/blog\/wp-content\/uploads\/2026\/03\/senhor-sendo-vacinado-1-1024x683.jpeg\" \/>\n\t<meta property=\"og:image:width\" content=\"1024\" \/>\n\t<meta property=\"og:image:height\" content=\"683\" \/>\n\t<meta property=\"og:image:type\" content=\"image\/jpeg\" \/>\n<meta name=\"author\" content=\"Drogaria Araujo\" \/>\n<meta name=\"twitter:card\" content=\"summary_large_image\" \/>\n<meta name=\"twitter:label1\" content=\"Escrito por\" \/>\n\t<meta name=\"twitter:data1\" content=\"Drogaria Araujo\" \/>\n\t<meta name=\"twitter:label2\" content=\"Est. tempo de leitura\" \/>\n\t<meta name=\"twitter:data2\" content=\"8 minutos\" \/>\n<script type=\"application\/ld+json\" class=\"yoast-schema-graph\">{\"@context\":\"https:\/\/schema.org\",\"@graph\":[{\"@type\":\"WebPage\",\"@id\":\"https:\/\/araujo.com.br\/blog\/vacina-pneumo-23\/\",\"url\":\"https:\/\/araujo.com.br\/blog\/vacina-pneumo-23\/\",\"name\":\"Vacina Pneumo 23: prote\u00e7\u00e3o contra doen\u00e7as respirat\u00f3rias | Araujo\",\"isPartOf\":{\"@id\":\"https:\/\/araujo.com.br\/blog\/#website\"},\"primaryImageOfPage\":{\"@id\":\"https:\/\/araujo.com.br\/blog\/vacina-pneumo-23\/#primaryimage\"},\"image\":{\"@id\":\"https:\/\/araujo.com.br\/blog\/vacina-pneumo-23\/#primaryimage\"},\"thumbnailUrl\":\"https:\/\/araujo.com.br\/blog\/wp-content\/uploads\/2026\/03\/senhor-sendo-vacinado-1.jpeg\",\"datePublished\":\"2026-03-12T12:57:52+00:00\",\"dateModified\":\"2026-03-12T12:57:54+00:00\",\"author\":{\"@id\":\"https:\/\/araujo.com.br\/blog\/#\/schema\/person\/4e2eac75cf0e2c6b079ef9a0df2ece83\"},\"description\":\"Vacina Pneumo 23: para quem \u00e9 indicada, quantas doses tomar, durabilidade e diferen\u00e7as em rela\u00e7\u00e3o \u00e0 Pneumo 15. Entenda a import\u00e2ncia da vacina\u00e7\u00e3o na Araujo.\",\"breadcrumb\":{\"@id\":\"https:\/\/araujo.com.br\/blog\/vacina-pneumo-23\/#breadcrumb\"},\"inLanguage\":\"pt-BR\",\"potentialAction\":[{\"@type\":\"ReadAction\",\"target\":[\"https:\/\/araujo.com.br\/blog\/vacina-pneumo-23\/\"]}]},{\"@type\":\"ImageObject\",\"inLanguage\":\"pt-BR\",\"@id\":\"https:\/\/araujo.com.br\/blog\/vacina-pneumo-23\/#primaryimage\",\"url\":\"https:\/\/araujo.com.br\/blog\/wp-content\/uploads\/2026\/03\/senhor-sendo-vacinado-1.jpeg\",\"contentUrl\":\"https:\/\/araujo.com.br\/blog\/wp-content\/uploads\/2026\/03\/senhor-sendo-vacinado-1.jpeg\",\"width\":7952,\"height\":5304,\"caption\":\"Vaccination of senior person in hospital\"},{\"@type\":\"BreadcrumbList\",\"@id\":\"https:\/\/araujo.com.br\/blog\/vacina-pneumo-23\/#breadcrumb\",\"itemListElement\":[{\"@type\":\"ListItem\",\"position\":1,\"name\":\"In\u00edcio\",\"item\":\"https:\/\/araujo.com.br\/blog\/\"},{\"@type\":\"ListItem\",\"position\":2,\"name\":\"Vacina Pneumo 23: prote\u00e7\u00e3o contra doen\u00e7as respirat\u00f3rias\"}]},{\"@type\":\"WebSite\",\"@id\":\"https:\/\/araujo.com.br\/blog\/#website\",\"url\":\"https:\/\/araujo.com.br\/blog\/\",\"name\":\"Blog da Drogaria Araujo\",\"description\":\"Conte\u00fado que faz bem? A Araujo tem!\",\"potentialAction\":[{\"@type\":\"SearchAction\",\"target\":{\"@type\":\"EntryPoint\",\"urlTemplate\":\"https:\/\/araujo.com.br\/blog\/?s={search_term_string}\"},\"query-input\":{\"@type\":\"PropertyValueSpecification\",\"valueRequired\":true,\"valueName\":\"search_term_string\"}}],\"inLanguage\":\"pt-BR\"},{\"@type\":\"Person\",\"@id\":\"https:\/\/araujo.com.br\/blog\/#\/schema\/person\/4e2eac75cf0e2c6b079ef9a0df2ece83\",\"name\":\"Drogaria Araujo\",\"image\":{\"@type\":\"ImageObject\",\"inLanguage\":\"pt-BR\",\"@id\":\"https:\/\/araujo.com.br\/blog\/#\/schema\/person\/image\/\",\"url\":\"https:\/\/secure.gravatar.com\/avatar\/33e54dec0cd79fc4b5e911c15f836c46ec8d0e452ecd3ca5f707bce0a3540a3b?s=96&d=mm&r=g\",\"contentUrl\":\"https:\/\/secure.gravatar.com\/avatar\/33e54dec0cd79fc4b5e911c15f836c46ec8d0e452ecd3ca5f707bce0a3540a3b?s=96&d=mm&r=g\",\"caption\":\"Drogaria Araujo\"},\"description\":\"Especialista em Sa\u00fade da Fam\u00edlia. M\u00e9dico e nutricionista.\",\"sameAs\":[\"https:\/\/araujo.com.br\/blog\"],\"url\":\"https:\/\/araujo.com.br\/blog\/author\/admin\/\"}]}<\/script>\n<!-- \/ Yoast SEO plugin. -->","yoast_head_json":{"title":"Vacina Pneumo 23: prote\u00e7\u00e3o contra doen\u00e7as respirat\u00f3rias | Araujo","description":"Vacina Pneumo 23: para quem \u00e9 indicada, quantas doses tomar, durabilidade e diferen\u00e7as em rela\u00e7\u00e3o \u00e0 Pneumo 15. Entenda a import\u00e2ncia da vacina\u00e7\u00e3o na Araujo.","robots":{"index":"index","follow":"follow","max-snippet":"max-snippet:-1","max-image-preview":"max-image-preview:large","max-video-preview":"max-video-preview:-1"},"canonical":"https:\/\/araujo.com.br\/blog\/vacina-pneumo-23\/","og_locale":"pt_BR","og_type":"article","og_title":"Vacina Pneumo 23: prote\u00e7\u00e3o contra doen\u00e7as respirat\u00f3rias | Araujo","og_description":"Vacina Pneumo 23: para quem \u00e9 indicada, quantas doses tomar, durabilidade e diferen\u00e7as em rela\u00e7\u00e3o \u00e0 Pneumo 15. Entenda a import\u00e2ncia da vacina\u00e7\u00e3o na Araujo.","og_url":"https:\/\/araujo.com.br\/blog\/vacina-pneumo-23\/","og_site_name":"Blog da Drogaria Araujo","article_published_time":"2026-03-12T12:57:52+00:00","article_modified_time":"2026-03-12T12:57:54+00:00","og_image":[{"width":1024,"height":683,"url":"http:\/\/araujo.com.br\/blog\/wp-content\/uploads\/2026\/03\/senhor-sendo-vacinado-1-1024x683.jpeg","type":"image\/jpeg"}],"author":"Drogaria Araujo","twitter_card":"summary_large_image","twitter_misc":{"Escrito por":"Drogaria Araujo","Est. tempo de leitura":"8 minutos"},"schema":{"@context":"https:\/\/schema.org","@graph":[{"@type":"WebPage","@id":"https:\/\/araujo.com.br\/blog\/vacina-pneumo-23\/","url":"https:\/\/araujo.com.br\/blog\/vacina-pneumo-23\/","name":"Vacina Pneumo 23: prote\u00e7\u00e3o contra doen\u00e7as respirat\u00f3rias | Araujo","isPartOf":{"@id":"https:\/\/araujo.com.br\/blog\/#website"},"primaryImageOfPage":{"@id":"https:\/\/araujo.com.br\/blog\/vacina-pneumo-23\/#primaryimage"},"image":{"@id":"https:\/\/araujo.com.br\/blog\/vacina-pneumo-23\/#primaryimage"},"thumbnailUrl":"https:\/\/araujo.com.br\/blog\/wp-content\/uploads\/2026\/03\/senhor-sendo-vacinado-1.jpeg","datePublished":"2026-03-12T12:57:52+00:00","dateModified":"2026-03-12T12:57:54+00:00","author":{"@id":"https:\/\/araujo.com.br\/blog\/#\/schema\/person\/4e2eac75cf0e2c6b079ef9a0df2ece83"},"description":"Vacina Pneumo 23: para quem \u00e9 indicada, quantas doses tomar, durabilidade e diferen\u00e7as em rela\u00e7\u00e3o \u00e0 Pneumo 15. Entenda a import\u00e2ncia da vacina\u00e7\u00e3o na Araujo.","breadcrumb":{"@id":"https:\/\/araujo.com.br\/blog\/vacina-pneumo-23\/#breadcrumb"},"inLanguage":"pt-BR","potentialAction":[{"@type":"ReadAction","target":["https:\/\/araujo.com.br\/blog\/vacina-pneumo-23\/"]}]},{"@type":"ImageObject","inLanguage":"pt-BR","@id":"https:\/\/araujo.com.br\/blog\/vacina-pneumo-23\/#primaryimage","url":"https:\/\/araujo.com.br\/blog\/wp-content\/uploads\/2026\/03\/senhor-sendo-vacinado-1.jpeg","contentUrl":"https:\/\/araujo.com.br\/blog\/wp-content\/uploads\/2026\/03\/senhor-sendo-vacinado-1.jpeg","width":7952,"height":5304,"caption":"Vaccination of senior person in hospital"},{"@type":"BreadcrumbList","@id":"https:\/\/araujo.com.br\/blog\/vacina-pneumo-23\/#breadcrumb","itemListElement":[{"@type":"ListItem","position":1,"name":"In\u00edcio","item":"https:\/\/araujo.com.br\/blog\/"},{"@type":"ListItem","position":2,"name":"Vacina Pneumo 23: prote\u00e7\u00e3o contra doen\u00e7as respirat\u00f3rias"}]},{"@type":"WebSite","@id":"https:\/\/araujo.com.br\/blog\/#website","url":"https:\/\/araujo.com.br\/blog\/","name":"Blog da Drogaria Araujo","description":"Conte\u00fado que faz bem? A Araujo tem!","potentialAction":[{"@type":"SearchAction","target":{"@type":"EntryPoint","urlTemplate":"https:\/\/araujo.com.br\/blog\/?s={search_term_string}"},"query-input":{"@type":"PropertyValueSpecification","valueRequired":true,"valueName":"search_term_string"}}],"inLanguage":"pt-BR"},{"@type":"Person","@id":"https:\/\/araujo.com.br\/blog\/#\/schema\/person\/4e2eac75cf0e2c6b079ef9a0df2ece83","name":"Drogaria Araujo","image":{"@type":"ImageObject","inLanguage":"pt-BR","@id":"https:\/\/araujo.com.br\/blog\/#\/schema\/person\/image\/","url":"https:\/\/secure.gravatar.com\/avatar\/33e54dec0cd79fc4b5e911c15f836c46ec8d0e452ecd3ca5f707bce0a3540a3b?s=96&d=mm&r=g","contentUrl":"https:\/\/secure.gravatar.com\/avatar\/33e54dec0cd79fc4b5e911c15f836c46ec8d0e452ecd3ca5f707bce0a3540a3b?s=96&d=mm&r=g","caption":"Drogaria Araujo"},"description":"Especialista em Sa\u00fade da Fam\u00edlia. M\u00e9dico e nutricionista.","sameAs":["https:\/\/araujo.com.br\/blog"],"url":"https:\/\/araujo.com.br\/blog\/author\/admin\/"}]}},"_links":{"self":[{"href":"https:\/\/araujo.com.br\/blog\/wp-json\/wp\/v2\/posts\/7573","targetHints":{"allow":["GET"]}}],"collection":[{"href":"https:\/\/araujo.com.br\/blog\/wp-json\/wp\/v2\/posts"}],"about":[{"href":"https:\/\/araujo.com.br\/blog\/wp-json\/wp\/v2\/types\/post"}],"author":[{"embeddable":true,"href":"https:\/\/araujo.com.br\/blog\/wp-json\/wp\/v2\/users\/1"}],"replies":[{"embeddable":true,"href":"https:\/\/araujo.com.br\/blog\/wp-json\/wp\/v2\/comments?post=7573"}],"version-history":[{"count":1,"href":"https:\/\/araujo.com.br\/blog\/wp-json\/wp\/v2\/posts\/7573\/revisions"}],"predecessor-version":[{"id":7577,"href":"https:\/\/araujo.com.br\/blog\/wp-json\/wp\/v2\/posts\/7573\/revisions\/7577"}],"wp:featuredmedia":[{"embeddable":true,"href":"https:\/\/araujo.com.br\/blog\/wp-json\/wp\/v2\/media\/7576"}],"wp:attachment":[{"href":"https:\/\/araujo.com.br\/blog\/wp-json\/wp\/v2\/media?parent=7573"}],"wp:term":[{"taxonomy":"category","embeddable":true,"href":"https:\/\/araujo.com.br\/blog\/wp-json\/wp\/v2\/categories?post=7573"},{"taxonomy":"post_tag","embeddable":true,"href":"https:\/\/araujo.com.br\/blog\/wp-json\/wp\/v2\/tags?post=7573"}],"curies":[{"name":"wp","href":"https:\/\/api.w.org\/{rel}","templated":true}]}}