{"id":7578,"date":"2026-03-12T16:26:47","date_gmt":"2026-03-12T13:26:47","guid":{"rendered":"https:\/\/araujo.com.br\/blog\/?p=7578"},"modified":"2026-03-12T16:28:02","modified_gmt":"2026-03-12T13:28:02","slug":"vacina-meningite-acwy","status":"publish","type":"post","link":"https:\/\/araujo.com.br\/blog\/vacina-meningite-acwy\/","title":{"rendered":"Vacina Meningite ACWY: para que serve, quem deve tomar e poss\u00edveis efeitos colaterais"},"content":{"rendered":"\n<p>O que uma conversa pr\u00f3xima, um ambiente cheio e um sistema imunol\u00f3gico ainda imaturo t\u00eam em comum? Todos fazem parte do <strong>caminho de transmiss\u00e3o da meningite meningoc\u00f3cica<\/strong>. \u00c9 por isso que a <strong><a href=\"https:\/\/www.araujo.com.br\/busca?q=vacina+meningite+acwy&amp;lang=pt_BR&amp;utm_source=blog&amp;utm_medium=texto+vacina+meningite+acwy&amp;utm_campaign=vacina+da+gripe\">Vacina Meningite ACWY<\/a><\/strong> ocupa um papel central na preven\u00e7\u00e3o de uma doen\u00e7a que se espalha pelo contato cotidiano e pode evoluir com rapidez, mesmo em pessoas saud\u00e1veis.<\/p>\n\n\n\n<p>Segundo o <strong>Minist\u00e9rio da Sa\u00fade<\/strong> (2025), a meningite bacteriana continua sendo um problema relevante de sa\u00fade p\u00fablica no Brasil, especialmente entre crian\u00e7as, adolescentes e jovens adultos, com surtos associados a ambientes de maior aglomera\u00e7\u00e3o.<\/p>\n\n\n\n<p>\u00c9 justamente nesse cen\u00e1rio que a vacina\u00e7\u00e3o se destaca como a forma mais eficaz de preven\u00e7\u00e3o. Mais do que proteger quem recebe a dose, ela ajuda a reduzir a circula\u00e7\u00e3o da bact\u00e9ria na comunidade, criando uma camada coletiva de prote\u00e7\u00e3o.<\/p>\n\n\n\n<p>Ao longo deste artigo, voc\u00ea vai entender <strong>para que serve a Vacina Meningite ACWY<\/strong>, quantas doses s\u00e3o indicadas, poss\u00edveis rea\u00e7\u00f5es e por que contar com a Araujo faz diferen\u00e7a nesse cuidado.<\/p>\n\n\n\n<figure class=\"wp-block-image size-full\"><a href=\"https:\/\/www.araujo.com.br\/vacina-humana-influenza-quadrivalente-inativada-abbot-influvac-2024\/21044.html?utm_source=blog&amp;utm_medium=banner+texto+vacina+meningite+acwy&amp;utm_campaign=vacina+da+gripe\"><img loading=\"lazy\" decoding=\"async\" width=\"800\" height=\"232\" src=\"https:\/\/araujo.com.br\/blog\/wp-content\/uploads\/2026\/03\/banner-vacina-da-gripe-araujo-15.png\" alt=\"banner vacina da gripe araujo\" class=\"wp-image-7579\" srcset=\"https:\/\/araujo.com.br\/blog\/wp-content\/uploads\/2026\/03\/banner-vacina-da-gripe-araujo-15.png 800w, https:\/\/araujo.com.br\/blog\/wp-content\/uploads\/2026\/03\/banner-vacina-da-gripe-araujo-15-300x87.png 300w, https:\/\/araujo.com.br\/blog\/wp-content\/uploads\/2026\/03\/banner-vacina-da-gripe-araujo-15-768x223.png 768w\" sizes=\"auto, (max-width: 800px) 100vw, 800px\" \/><\/a><\/figure>\n\n\n\n<h2 class=\"wp-block-heading\"><strong>Como \u00e9 transmitida a meningite?<\/strong><\/h2>\n\n\n\n<p>A meningite pode ter diferentes causas, mas a forma mais grave (e que esta vacina previne) \u00e9 a <strong>meningite meningoc\u00f3cica<\/strong>, causada pela bact\u00e9ria <em>Neisseria meningitidis<\/em>.<\/p>\n\n\n\n<p>A transmiss\u00e3o acontece pelo <strong>contato direto com secre\u00e7\u00f5es respirat\u00f3rias ou saliva<\/strong>, por exemplo:<\/p>\n\n\n\n<ul class=\"wp-block-list\">\n<li>Beijo;<\/li>\n\n\n\n<li>Tosse ou espirro sem prote\u00e7\u00e3o; e<\/li>\n\n\n\n<li>Compartilhamento de copos, talheres ou garrafas.<\/li>\n<\/ul>\n\n\n\n<p>Ambientes com muitas pessoas favorecem a dissemina\u00e7\u00e3o da bact\u00e9ria, como casas com muitos moradores, escolas, creches, universidades, festas, shows e grandes eventos.<\/p>\n\n\n\n<p>Conforme dados da <strong>Organiza\u00e7\u00e3o Mundial da Sa\u00fade (OMS, 2025)<\/strong>, a meningite meningoc\u00f3cica pode evoluir rapidamente e, em casos graves, levar ao \u00f3bito em menos de 24 horas ap\u00f3s o in\u00edcio dos sintomas.<\/p>\n\n\n\n<h2 class=\"wp-block-heading\"><strong>Para que serve a vacina contra a meningite ACWY?<\/strong><\/h2>\n\n\n\n<p>A <strong>Vacina Meningite ACWY<\/strong> serve para proteger contra quatro sorogrupos da bact\u00e9ria meningoc\u00f3cica: <strong>A, C, W e Y<\/strong>. Esses sorogrupos est\u00e3o entre os principais respons\u00e1veis por casos graves da doen\u00e7a em diferentes regi\u00f5es do mundo.<\/p>\n\n\n\n<p>A imuniza\u00e7\u00e3o reduz drasticamente o risco de infec\u00e7\u00e3o, hospitaliza\u00e7\u00e3o e sequelas como:<\/p>\n\n\n\n<ul class=\"wp-block-list\">\n<li>Perda auditiva;<\/li>\n\n\n\n<li>Danos neurol\u00f3gicos;<\/li>\n\n\n\n<li>Amputa\u00e7\u00f5es; e<\/li>\n\n\n\n<li>Dificuldades motoras e cognitivas.<\/li>\n<\/ul>\n\n\n\n<p>A vacina \u00e9 recomendada para:<\/p>\n\n\n\n<ul class=\"wp-block-list\">\n<li><strong>Crian\u00e7as<\/strong>, conforme o calend\u00e1rio vacinal;<\/li>\n\n\n\n<li><strong>Adolescentes<\/strong>, fase de maior risco de transmiss\u00e3o;<\/li>\n\n\n\n<li><strong>Adultos<\/strong> que n\u00e3o foram vacinados;<\/li>\n\n\n\n<li><strong>Viajantes<\/strong> para regi\u00f5es com maior incid\u00eancia da doen\u00e7a; e<\/li>\n\n\n\n<li><strong>Pessoas com condi\u00e7\u00f5es cl\u00ednicas espec\u00edficas<\/strong>, conforme orienta\u00e7\u00e3o m\u00e9dica.<\/li>\n<\/ul>\n\n\n\n<h2 class=\"wp-block-heading\"><strong>Conhe\u00e7a as vacinas contra a meningite ACWY dispon\u00edveis na Araujo<\/strong><\/h2>\n\n\n\n<p>A Araujo oferece diferentes op\u00e7\u00f5es da <strong>Vacina Meningite ACWY<\/strong>, todas aprovadas pela Anvisa e amplamente utilizadas no Brasil e no mundo. A escolha depende da faixa et\u00e1ria, hist\u00f3rico vacinal e orienta\u00e7\u00e3o m\u00e9dica.<\/p>\n\n\n\n<h3 class=\"wp-block-heading\"><a href=\"https:\/\/www.araujo.com.br\/vacina-meningococica-acwy-gsk-menveo\/79756.html?utm_source=blog&amp;utm_medium=texto+vacina+meningite+acwy&amp;utm_campaign=+vacina+meningite+acwy\"><strong>Vacina Meningite ACWY Menveo GSK<\/strong><\/a><\/h3>\n\n\n\n<p>Indicada para crian\u00e7as a partir de 2 meses, adolescentes e adultos.<br>O esquema vacinal varia conforme a idade de in\u00edcio da vacina\u00e7\u00e3o, podendo envolver uma ou mais doses.<\/p>\n\n\n\n<h3 class=\"wp-block-heading\"><a href=\"https:\/\/www.araujo.com.br\/vacina-humana-meningococica-acwy-pfizer-nimenrix-05ml-solucao-uso-injetavel\/79754.html?utm_source=blog&amp;utm_medium=texto+vacina+meningite+acwy&amp;utm_campaign=+vacina+meningite+acwy\"><strong>Vacina Meningite ACWY Nimenrix Pfizer<\/strong><\/a><\/h3>\n\n\n\n<p>Pode ser utilizada a partir de 6 semanas de vida.<br>Apresenta esquema flex\u00edvel, com refor\u00e7os indicados conforme idade e risco individual.<\/p>\n\n\n\n<p><a href=\"https:\/\/www.araujo.com.br\/vacina-meningococica-conjugada-acwy-sanofi-menquadfi\/70157.html?utm_source=blog&amp;utm_medium=texto+vacina+meningite+acwy&amp;utm_campaign=+vacina+meningite+acwy\"><strong>Vacina Meningite ACWY MenQuadfi Sanofi<\/strong><\/a><\/p>\n\n\n\n<p>Indicada para adolescentes e adultos.<br>Utiliza tecnologia conjugada, oferecendo resposta imunol\u00f3gica robusta.<\/p>\n\n\n\n<p>MenQuadfi \u00e9 atualmente uma das vacinas mais modernas dispon\u00edveis no mercado brasileiro para os sorogrupos A, C, W e Y.<\/p>\n\n\n\n<h2 class=\"wp-block-heading\"><strong>Vacina Meningite ACWY: quantas doses s\u00e3o necess\u00e1rias?<\/strong><\/h2>\n\n\n\n<p>N\u00e3o existe uma \u00fanica resposta, porque o n\u00famero de doses da vacina contra a meningite ACWY<strong> varia conforme a idade, vacina utilizada e hist\u00f3rico vacinal.<\/strong><\/p>\n\n\n\n<p>De forma geral, o esquema funciona assim:<\/p>\n\n\n\n<ul class=\"wp-block-list\">\n<li><strong>Beb\u00eas e crian\u00e7as pequenas<\/strong>: podem precisar de mais de uma dose inicial para estimular corretamente o sistema imunol\u00f3gico, al\u00e9m de poss\u00edveis refor\u00e7os ao longo da inf\u00e2ncia.<br><\/li>\n\n\n\n<li><strong>Adolescentes e adultos<\/strong>: geralmente recebem uma dose \u00fanica, com indica\u00e7\u00e3o de refor\u00e7o conforme orienta\u00e7\u00e3o m\u00e9dica, especialmente em situa\u00e7\u00f5es de maior exposi\u00e7\u00e3o.<br><\/li>\n\n\n\n<li><strong>Grupos de risco<\/strong>: pessoas com condi\u00e7\u00f5es cl\u00ednicas espec\u00edficas, imunossupress\u00e3o ou que vivem em ambientes com alta circula\u00e7\u00e3o da bact\u00e9ria podem necessitar de refor\u00e7os peri\u00f3dicos para manter a prote\u00e7\u00e3o.<\/li>\n<\/ul>\n\n\n\n<p>Mais do que seguir um n\u00famero fixo de doses, o mais importante \u00e9 garantir que o esquema esteja <strong>adequado ao perfil de cada pessoa<\/strong>. Por isso, o acompanhamento com profissionais capacitados faz toda a diferen\u00e7a: eles avaliam o momento certo, a vacina mais indicada e a necessidade de refor\u00e7os, assegurando uma prote\u00e7\u00e3o completa e segura contra a meningite meningoc\u00f3cica.<\/p>\n\n\n\n<h2 class=\"wp-block-heading\"><strong>Conhe\u00e7a os efeitos colaterais da vacina<\/strong><\/h2>\n\n\n\n<p>As rea\u00e7\u00f5es mais comuns da <strong>Vacina Meningite ACWY<\/strong> costumam ser leves e tempor\u00e1rias, sendo elas:<\/p>\n\n\n\n<ul class=\"wp-block-list\">\n<li>dor ou incha\u00e7o no local da aplica\u00e7\u00e3o;<\/li>\n\n\n\n<li>vermelhid\u00e3o;<\/li>\n\n\n\n<li>febre baixa;<\/li>\n\n\n\n<li>dor de cabe\u00e7a; e<\/li>\n\n\n\n<li>mal-estar.<\/li>\n<\/ul>\n\n\n\n<p>Eventos adversos graves s\u00e3o raros. Segundo a <strong>OMS<\/strong>, os benef\u00edcios da vacina\u00e7\u00e3o superam amplamente os riscos associados<\/p>\n\n\n\n<h2 class=\"wp-block-heading\"><strong>Vacina ACWY e Meningite B: qual a diferen\u00e7a?<\/strong><\/h2>\n\n\n\n<p>Apesar de semelhantes no nome, s\u00e3o vacinas diferentes. A <strong>Vacina Meningite ACWY<\/strong> protege contra os sorogrupos A, C, W e Y, enquanto a <strong>Meningite B<\/strong> \u00e9 causada por outro sorogrupo e exige uma vacina espec\u00edfica.<\/p>\n\n\n\n<p>Ou seja, tomar a ACWY <strong>n\u00e3o substitui<\/strong> a vacina contra meningite B. Em muitos casos, o esquema completo de prote\u00e7\u00e3o envolve ambas, conforme indica\u00e7\u00e3o m\u00e9dica.<\/p>\n\n\n\n<h2 class=\"wp-block-heading\"><strong>Como agendar a vacina\u00e7\u00e3o na Araujo?<\/strong><\/h2>\n\n\n\n<p><a href=\"https:\/\/www.araujo.com.br\/medicamentos\/vacina-meningite\">Vacinar-se na Araujo<\/a> \u00e9 unir <strong>conveni\u00eancia, seguran\u00e7a e cuidado especializado<\/strong>. Al\u00e9m de contar com vacinas de qualidade, voc\u00ea encontra:<\/p>\n\n\n\n<ul class=\"wp-block-list\">\n<li>equipe preparada para esclarecer d\u00favidas;<\/li>\n\n\n\n<li>orienta\u00e7\u00e3o individualizada sobre esquema vacinal;<\/li>\n\n\n\n<li>boas condi\u00e7\u00f5es de pagamento, facilitando o acesso a vacinas de valor mais elevado; e<\/li>\n\n\n\n<li>agendamento simples e r\u00e1pido.<\/li>\n<\/ul>\n\n\n\n<h2 class=\"wp-block-heading\"><strong>Mais do que uma vacina, uma decis\u00e3o de prote\u00e7\u00e3o<\/strong><\/h2>\n\n\n\n<p>A <strong>Vacina Meningite ACWY<\/strong> \u00e9 uma ferramenta essencial para prevenir uma doen\u00e7a grave, de evolu\u00e7\u00e3o r\u00e1pida e potencialmente fatal. Entender <strong>para que serve<\/strong>, <strong>quantas doses s\u00e3o indicadas<\/strong> e as diferen\u00e7as entre os tipos de meningite \u00e9 o primeiro passo para uma prote\u00e7\u00e3o completa.<\/p>\n\n\n\n<p>Ao escolher a <a href=\"https:\/\/www.araujo.com.br\/medicamentos\/vacina-meningite\">Vacina Meningite ACWY na Araujo<\/a>, voc\u00ea conta com orienta\u00e7\u00e3o especializada, estrutura confi\u00e1vel e condi\u00e7\u00f5es que tornam esse cuidado mais acess\u00edvel.&nbsp;<\/p>\n\n\n\n<p><strong>Fontes:&nbsp;<\/strong><\/p>\n\n\n\n<p><a href=\"https:\/\/www.gov.br\/saude\/pt-br\/assuntos\/saude-de-a-a-z\/m\/meningite\">Minist\u00e9rio da Sa\u00fade<\/a><\/p>\n\n\n\n<p><a href=\"https:\/\/www.who.int\/news-room\/fact-sheets\/detail\/meningitis\">Organiza\u00e7\u00e3o Mundial da Sa\u00fade<\/a><\/p>\n\n\n\n<p><a href=\"https:\/\/altadiagnosticos.com.br\/saude\/vacina-meningococica-acwy\/\">Alta Diagn\u00f3sticos<\/a><\/p>\n\n\n\n<p><a href=\"https:\/\/nav.dasa.com.br\/blog\/vacina-acwy\/?utm_source=google&amp;utm_medium=cpc&amp;gad_source=1&amp;gad_campaignid=22095458373&amp;gbraid=0AAAAACxZnhIx5zev3V6FNK1U67BuFKZHg&amp;gclid=CjwKCAiAqKbMBhBmEiwAZ3UboDJmFeUW4sMFyIIaTGnhturOm-h-G1oKMPxpLsW9BECzH0B0fOZCQRoClxIQAvD_BwE\"><em>Nav Dasa<\/em><\/a><\/p>\n\n\n\n<p><a href=\"https:\/\/familia.sbim.org.br\/vacinas\/vacinas-disponiveis\/vacina-meningococica-conjugada-acwy\">Sociedade Brasileira de Imuniza\u00e7\u00f5es (SBIm)&nbsp;<\/a><\/p>\n\n\n\n<figure class=\"wp-block-image size-full\"><a href=\"https:\/\/www.araujo.com.br\/vacina-humana-influenza-quadrivalente-inativada-abbot-influvac-2024\/21044.html?utm_source=blog&amp;utm_medium=banner+texto+vacina+meningite+acwy&amp;utm_campaign=vacina+da+gripe\"><img loading=\"lazy\" decoding=\"async\" width=\"800\" height=\"232\" src=\"https:\/\/araujo.com.br\/blog\/wp-content\/uploads\/2026\/03\/banner-vacina-da-gripe-araujo-16.png\" alt=\"banner vacina da gripe araujo\" class=\"wp-image-7580\" srcset=\"https:\/\/araujo.com.br\/blog\/wp-content\/uploads\/2026\/03\/banner-vacina-da-gripe-araujo-16.png 800w, https:\/\/araujo.com.br\/blog\/wp-content\/uploads\/2026\/03\/banner-vacina-da-gripe-araujo-16-300x87.png 300w, https:\/\/araujo.com.br\/blog\/wp-content\/uploads\/2026\/03\/banner-vacina-da-gripe-araujo-16-768x223.png 768w\" sizes=\"auto, (max-width: 800px) 100vw, 800px\" \/><\/a><\/figure>\n","protected":false},"excerpt":{"rendered":"<p>O que uma conversa pr\u00f3xima, um ambiente cheio e um sistema imunol\u00f3gico ainda imaturo t\u00eam em comum? Todos fazem parte do caminho de transmiss\u00e3o da meningite meningoc\u00f3cica. \u00c9 por isso que a Vacina Meningite ACWY ocupa um papel central na preven\u00e7\u00e3o de uma doen\u00e7a que se espalha pelo contato cotidiano e pode evoluir com rapidez, [&hellip;]<\/p>\n","protected":false},"author":1,"featured_media":6054,"comment_status":"open","ping_status":"open","sticky":false,"template":"","format":"standard","meta":{"_acf_changed":false,"footnotes":""},"categories":[3,916],"tags":[670,167,294,651],"class_list":["post-7578","post","type-post","status-publish","format-standard","has-post-thumbnail","hentry","category-saude-e-bem-estar","category-vacinas","tag-meningite","tag-prevencao","tag-saude","tag-vacina"],"acf":[],"yoast_head":"<!-- This site is optimized with the Yoast SEO plugin v24.3 - https:\/\/yoast.com\/wordpress\/plugins\/seo\/ -->\n<title>Vacina Meningite ACWY: para que serve, quem deve tomar e poss\u00edveis efeitos colaterais | Araujo<\/title>\n<meta name=\"description\" content=\"Entenda o que \u00e9 a vacina meningite ACWY, para que serve, quantas doses s\u00e3o indicadas, poss\u00edveis rea\u00e7\u00f5es e por que se vacinar na Araujo.\" \/>\n<meta name=\"robots\" content=\"index, follow, max-snippet:-1, max-image-preview:large, max-video-preview:-1\" \/>\n<link rel=\"canonical\" href=\"https:\/\/araujo.com.br\/blog\/vacina-meningite-acwy\/\" \/>\n<meta property=\"og:locale\" content=\"pt_BR\" \/>\n<meta property=\"og:type\" content=\"article\" \/>\n<meta property=\"og:title\" content=\"Vacina Meningite ACWY: para que serve, quem deve tomar e poss\u00edveis efeitos colaterais | Araujo\" \/>\n<meta property=\"og:description\" content=\"Entenda o que \u00e9 a vacina meningite ACWY, para que serve, quantas doses s\u00e3o indicadas, poss\u00edveis rea\u00e7\u00f5es e por que se vacinar na Araujo.\" \/>\n<meta property=\"og:url\" content=\"https:\/\/araujo.com.br\/blog\/vacina-meningite-acwy\/\" \/>\n<meta property=\"og:site_name\" content=\"Blog da Drogaria Araujo\" \/>\n<meta property=\"article:published_time\" content=\"2026-03-12T13:26:47+00:00\" \/>\n<meta property=\"article:modified_time\" content=\"2026-03-12T13:28:02+00:00\" \/>\n<meta property=\"og:image\" content=\"http:\/\/araujo.com.br\/blog\/wp-content\/uploads\/2025\/10\/vacina-hpv-scaled.jpeg\" \/>\n\t<meta property=\"og:image:width\" content=\"2560\" \/>\n\t<meta property=\"og:image:height\" content=\"1706\" \/>\n\t<meta property=\"og:image:type\" content=\"image\/jpeg\" \/>\n<meta name=\"author\" content=\"Drogaria Araujo\" \/>\n<meta name=\"twitter:card\" content=\"summary_large_image\" \/>\n<meta name=\"twitter:label1\" content=\"Escrito por\" \/>\n\t<meta name=\"twitter:data1\" content=\"Drogaria Araujo\" \/>\n\t<meta name=\"twitter:label2\" content=\"Est. tempo de leitura\" \/>\n\t<meta name=\"twitter:data2\" content=\"6 minutos\" \/>\n<script type=\"application\/ld+json\" class=\"yoast-schema-graph\">{\"@context\":\"https:\/\/schema.org\",\"@graph\":[{\"@type\":\"WebPage\",\"@id\":\"https:\/\/araujo.com.br\/blog\/vacina-meningite-acwy\/\",\"url\":\"https:\/\/araujo.com.br\/blog\/vacina-meningite-acwy\/\",\"name\":\"Vacina Meningite ACWY: para que serve, quem deve tomar e poss\u00edveis efeitos colaterais | Araujo\",\"isPartOf\":{\"@id\":\"https:\/\/araujo.com.br\/blog\/#website\"},\"primaryImageOfPage\":{\"@id\":\"https:\/\/araujo.com.br\/blog\/vacina-meningite-acwy\/#primaryimage\"},\"image\":{\"@id\":\"https:\/\/araujo.com.br\/blog\/vacina-meningite-acwy\/#primaryimage\"},\"thumbnailUrl\":\"https:\/\/araujo.com.br\/blog\/wp-content\/uploads\/2025\/10\/vacina-hpv-scaled.jpeg\",\"datePublished\":\"2026-03-12T13:26:47+00:00\",\"dateModified\":\"2026-03-12T13:28:02+00:00\",\"author\":{\"@id\":\"https:\/\/araujo.com.br\/blog\/#\/schema\/person\/4e2eac75cf0e2c6b079ef9a0df2ece83\"},\"description\":\"Entenda o que \u00e9 a vacina meningite ACWY, para que serve, quantas doses s\u00e3o indicadas, poss\u00edveis rea\u00e7\u00f5es e por que se vacinar na Araujo.\",\"breadcrumb\":{\"@id\":\"https:\/\/araujo.com.br\/blog\/vacina-meningite-acwy\/#breadcrumb\"},\"inLanguage\":\"pt-BR\",\"potentialAction\":[{\"@type\":\"ReadAction\",\"target\":[\"https:\/\/araujo.com.br\/blog\/vacina-meningite-acwy\/\"]}]},{\"@type\":\"ImageObject\",\"inLanguage\":\"pt-BR\",\"@id\":\"https:\/\/araujo.com.br\/blog\/vacina-meningite-acwy\/#primaryimage\",\"url\":\"https:\/\/araujo.com.br\/blog\/wp-content\/uploads\/2025\/10\/vacina-hpv-scaled.jpeg\",\"contentUrl\":\"https:\/\/araujo.com.br\/blog\/wp-content\/uploads\/2025\/10\/vacina-hpv-scaled.jpeg\",\"width\":2560,\"height\":1706,\"caption\":\"Doctor, pediatrician injecting vaccine into teenage girl arm. Concept of preventive health care and vaccination for teenagers, immunisation.\"},{\"@type\":\"BreadcrumbList\",\"@id\":\"https:\/\/araujo.com.br\/blog\/vacina-meningite-acwy\/#breadcrumb\",\"itemListElement\":[{\"@type\":\"ListItem\",\"position\":1,\"name\":\"In\u00edcio\",\"item\":\"https:\/\/araujo.com.br\/blog\/\"},{\"@type\":\"ListItem\",\"position\":2,\"name\":\"Vacina Meningite ACWY: para que serve, quem deve tomar e poss\u00edveis efeitos colaterais\"}]},{\"@type\":\"WebSite\",\"@id\":\"https:\/\/araujo.com.br\/blog\/#website\",\"url\":\"https:\/\/araujo.com.br\/blog\/\",\"name\":\"Blog da Drogaria Araujo\",\"description\":\"Conte\u00fado que faz bem? A Araujo tem!\",\"potentialAction\":[{\"@type\":\"SearchAction\",\"target\":{\"@type\":\"EntryPoint\",\"urlTemplate\":\"https:\/\/araujo.com.br\/blog\/?s={search_term_string}\"},\"query-input\":{\"@type\":\"PropertyValueSpecification\",\"valueRequired\":true,\"valueName\":\"search_term_string\"}}],\"inLanguage\":\"pt-BR\"},{\"@type\":\"Person\",\"@id\":\"https:\/\/araujo.com.br\/blog\/#\/schema\/person\/4e2eac75cf0e2c6b079ef9a0df2ece83\",\"name\":\"Drogaria Araujo\",\"image\":{\"@type\":\"ImageObject\",\"inLanguage\":\"pt-BR\",\"@id\":\"https:\/\/araujo.com.br\/blog\/#\/schema\/person\/image\/\",\"url\":\"https:\/\/secure.gravatar.com\/avatar\/33e54dec0cd79fc4b5e911c15f836c46ec8d0e452ecd3ca5f707bce0a3540a3b?s=96&d=mm&r=g\",\"contentUrl\":\"https:\/\/secure.gravatar.com\/avatar\/33e54dec0cd79fc4b5e911c15f836c46ec8d0e452ecd3ca5f707bce0a3540a3b?s=96&d=mm&r=g\",\"caption\":\"Drogaria Araujo\"},\"description\":\"Especialista em Sa\u00fade da Fam\u00edlia. M\u00e9dico e nutricionista.\",\"sameAs\":[\"https:\/\/araujo.com.br\/blog\"],\"url\":\"https:\/\/araujo.com.br\/blog\/author\/admin\/\"}]}<\/script>\n<!-- \/ Yoast SEO plugin. -->","yoast_head_json":{"title":"Vacina Meningite ACWY: para que serve, quem deve tomar e poss\u00edveis efeitos colaterais | Araujo","description":"Entenda o que \u00e9 a vacina meningite ACWY, para que serve, quantas doses s\u00e3o indicadas, poss\u00edveis rea\u00e7\u00f5es e por que se vacinar na Araujo.","robots":{"index":"index","follow":"follow","max-snippet":"max-snippet:-1","max-image-preview":"max-image-preview:large","max-video-preview":"max-video-preview:-1"},"canonical":"https:\/\/araujo.com.br\/blog\/vacina-meningite-acwy\/","og_locale":"pt_BR","og_type":"article","og_title":"Vacina Meningite ACWY: para que serve, quem deve tomar e poss\u00edveis efeitos colaterais | Araujo","og_description":"Entenda o que \u00e9 a vacina meningite ACWY, para que serve, quantas doses s\u00e3o indicadas, poss\u00edveis rea\u00e7\u00f5es e por que se vacinar na Araujo.","og_url":"https:\/\/araujo.com.br\/blog\/vacina-meningite-acwy\/","og_site_name":"Blog da Drogaria Araujo","article_published_time":"2026-03-12T13:26:47+00:00","article_modified_time":"2026-03-12T13:28:02+00:00","og_image":[{"width":2560,"height":1706,"url":"http:\/\/araujo.com.br\/blog\/wp-content\/uploads\/2025\/10\/vacina-hpv-scaled.jpeg","type":"image\/jpeg"}],"author":"Drogaria Araujo","twitter_card":"summary_large_image","twitter_misc":{"Escrito por":"Drogaria Araujo","Est. tempo de leitura":"6 minutos"},"schema":{"@context":"https:\/\/schema.org","@graph":[{"@type":"WebPage","@id":"https:\/\/araujo.com.br\/blog\/vacina-meningite-acwy\/","url":"https:\/\/araujo.com.br\/blog\/vacina-meningite-acwy\/","name":"Vacina Meningite ACWY: para que serve, quem deve tomar e poss\u00edveis efeitos colaterais | Araujo","isPartOf":{"@id":"https:\/\/araujo.com.br\/blog\/#website"},"primaryImageOfPage":{"@id":"https:\/\/araujo.com.br\/blog\/vacina-meningite-acwy\/#primaryimage"},"image":{"@id":"https:\/\/araujo.com.br\/blog\/vacina-meningite-acwy\/#primaryimage"},"thumbnailUrl":"https:\/\/araujo.com.br\/blog\/wp-content\/uploads\/2025\/10\/vacina-hpv-scaled.jpeg","datePublished":"2026-03-12T13:26:47+00:00","dateModified":"2026-03-12T13:28:02+00:00","author":{"@id":"https:\/\/araujo.com.br\/blog\/#\/schema\/person\/4e2eac75cf0e2c6b079ef9a0df2ece83"},"description":"Entenda o que \u00e9 a vacina meningite ACWY, para que serve, quantas doses s\u00e3o indicadas, poss\u00edveis rea\u00e7\u00f5es e por que se vacinar na Araujo.","breadcrumb":{"@id":"https:\/\/araujo.com.br\/blog\/vacina-meningite-acwy\/#breadcrumb"},"inLanguage":"pt-BR","potentialAction":[{"@type":"ReadAction","target":["https:\/\/araujo.com.br\/blog\/vacina-meningite-acwy\/"]}]},{"@type":"ImageObject","inLanguage":"pt-BR","@id":"https:\/\/araujo.com.br\/blog\/vacina-meningite-acwy\/#primaryimage","url":"https:\/\/araujo.com.br\/blog\/wp-content\/uploads\/2025\/10\/vacina-hpv-scaled.jpeg","contentUrl":"https:\/\/araujo.com.br\/blog\/wp-content\/uploads\/2025\/10\/vacina-hpv-scaled.jpeg","width":2560,"height":1706,"caption":"Doctor, pediatrician injecting vaccine into teenage girl arm. Concept of preventive health care and vaccination for teenagers, immunisation."},{"@type":"BreadcrumbList","@id":"https:\/\/araujo.com.br\/blog\/vacina-meningite-acwy\/#breadcrumb","itemListElement":[{"@type":"ListItem","position":1,"name":"In\u00edcio","item":"https:\/\/araujo.com.br\/blog\/"},{"@type":"ListItem","position":2,"name":"Vacina Meningite ACWY: para que serve, quem deve tomar e poss\u00edveis efeitos colaterais"}]},{"@type":"WebSite","@id":"https:\/\/araujo.com.br\/blog\/#website","url":"https:\/\/araujo.com.br\/blog\/","name":"Blog da Drogaria Araujo","description":"Conte\u00fado que faz bem? A Araujo tem!","potentialAction":[{"@type":"SearchAction","target":{"@type":"EntryPoint","urlTemplate":"https:\/\/araujo.com.br\/blog\/?s={search_term_string}"},"query-input":{"@type":"PropertyValueSpecification","valueRequired":true,"valueName":"search_term_string"}}],"inLanguage":"pt-BR"},{"@type":"Person","@id":"https:\/\/araujo.com.br\/blog\/#\/schema\/person\/4e2eac75cf0e2c6b079ef9a0df2ece83","name":"Drogaria Araujo","image":{"@type":"ImageObject","inLanguage":"pt-BR","@id":"https:\/\/araujo.com.br\/blog\/#\/schema\/person\/image\/","url":"https:\/\/secure.gravatar.com\/avatar\/33e54dec0cd79fc4b5e911c15f836c46ec8d0e452ecd3ca5f707bce0a3540a3b?s=96&d=mm&r=g","contentUrl":"https:\/\/secure.gravatar.com\/avatar\/33e54dec0cd79fc4b5e911c15f836c46ec8d0e452ecd3ca5f707bce0a3540a3b?s=96&d=mm&r=g","caption":"Drogaria Araujo"},"description":"Especialista em Sa\u00fade da Fam\u00edlia. M\u00e9dico e nutricionista.","sameAs":["https:\/\/araujo.com.br\/blog"],"url":"https:\/\/araujo.com.br\/blog\/author\/admin\/"}]}},"_links":{"self":[{"href":"https:\/\/araujo.com.br\/blog\/wp-json\/wp\/v2\/posts\/7578","targetHints":{"allow":["GET"]}}],"collection":[{"href":"https:\/\/araujo.com.br\/blog\/wp-json\/wp\/v2\/posts"}],"about":[{"href":"https:\/\/araujo.com.br\/blog\/wp-json\/wp\/v2\/types\/post"}],"author":[{"embeddable":true,"href":"https:\/\/araujo.com.br\/blog\/wp-json\/wp\/v2\/users\/1"}],"replies":[{"embeddable":true,"href":"https:\/\/araujo.com.br\/blog\/wp-json\/wp\/v2\/comments?post=7578"}],"version-history":[{"count":2,"href":"https:\/\/araujo.com.br\/blog\/wp-json\/wp\/v2\/posts\/7578\/revisions"}],"predecessor-version":[{"id":7582,"href":"https:\/\/araujo.com.br\/blog\/wp-json\/wp\/v2\/posts\/7578\/revisions\/7582"}],"wp:featuredmedia":[{"embeddable":true,"href":"https:\/\/araujo.com.br\/blog\/wp-json\/wp\/v2\/media\/6054"}],"wp:attachment":[{"href":"https:\/\/araujo.com.br\/blog\/wp-json\/wp\/v2\/media?parent=7578"}],"wp:term":[{"taxonomy":"category","embeddable":true,"href":"https:\/\/araujo.com.br\/blog\/wp-json\/wp\/v2\/categories?post=7578"},{"taxonomy":"post_tag","embeddable":true,"href":"https:\/\/araujo.com.br\/blog\/wp-json\/wp\/v2\/tags?post=7578"}],"curies":[{"name":"wp","href":"https:\/\/api.w.org\/{rel}","templated":true}]}}