{"id":7585,"date":"2026-03-13T00:24:19","date_gmt":"2026-03-12T21:24:19","guid":{"rendered":"https:\/\/araujo.com.br\/blog\/?p=7585"},"modified":"2026-03-13T00:24:21","modified_gmt":"2026-03-12T21:24:21","slug":"alimentacao-primeira-infancia","status":"publish","type":"post","link":"https:\/\/araujo.com.br\/blog\/alimentacao-primeira-infancia\/","title":{"rendered":"Alimenta\u00e7\u00e3o na primeira inf\u00e2ncia: dicas pr\u00e1ticas para construir h\u00e1bitos saud\u00e1veis desde cedo"},"content":{"rendered":"\n<p>A <strong>alimenta\u00e7\u00e3o na primeira inf\u00e2ncia<\/strong> influencia muito mais do que o card\u00e1pio do dia. Ela molda prefer\u00eancias, cria v\u00ednculos com a comida e ajuda a prevenir doen\u00e7as ao longo da vida. Estamos falando de uma fase decisiva, que vai do nascimento at\u00e9 os 6 anos de idade, quando o corpo cresce r\u00e1pido, o c\u00e9rebro aprende sem pausa e os h\u00e1bitos se instalam quase sem pedir licen\u00e7a.<\/p>\n\n\n\n<p>Segundo o Minist\u00e9rio da Sa\u00fade (2022), os primeiros anos s\u00e3o estrat\u00e9gicos para a forma\u00e7\u00e3o de uma <strong>alimenta\u00e7\u00e3o adequada na primeira inf\u00e2ncia<\/strong>, reduzindo riscos futuros de <a href=\"https:\/\/araujo.com.br\/blog\/guia-obesidade-emagrecimento-saudavel\/\">obesidade<\/a>, defici\u00eancias nutricionais e doen\u00e7as cr\u00f4nicas como <a href=\"https:\/\/araujo.com.br\/blog\/diabetes-tipo-2-causas-sintomas\/\"><em>diabetes tipo 2<\/em><\/a>. N\u00e3o se trata de rigidez, mas de consist\u00eancia, presen\u00e7a e escolhas poss\u00edveis dentro da rotina real das fam\u00edlias.<\/p>\n\n\n\n<p>Confira <strong>dicas pr\u00e1ticas de alimenta\u00e7\u00e3o saud\u00e1vel na inf\u00e2ncia<\/strong>, pensadas para pais, m\u00e3es e cuidadores que buscam equil\u00edbrio, informa\u00e7\u00e3o confi\u00e1vel e solu\u00e7\u00f5es aplic\u00e1veis no dia a dia.<\/p>\n\n\n\n<figure class=\"wp-block-image size-full\"><img loading=\"lazy\" decoding=\"async\" width=\"640\" height=\"416\" src=\"http:\/\/araujo.com.br\/blog\/wp-content\/uploads\/2017\/01\/cuidados-alimentacao-das-criancas.jpg\" alt=\"beb\u00ea introdu\u00e7\u00e3o alimentar\" class=\"wp-image-2595\" srcset=\"https:\/\/araujo.com.br\/blog\/wp-content\/uploads\/2017\/01\/cuidados-alimentacao-das-criancas.jpg 640w, https:\/\/araujo.com.br\/blog\/wp-content\/uploads\/2017\/01\/cuidados-alimentacao-das-criancas-300x195.jpg 300w\" sizes=\"auto, (max-width: 640px) 100vw, 640px\" \/><\/figure>\n\n\n\n<h2 class=\"wp-block-heading\">Dicas para uma alimenta\u00e7\u00e3o saud\u00e1vel na primeira inf\u00e2ncia<\/h2>\n\n\n\n<p>Criar h\u00e1bitos saud\u00e1veis na primeira inf\u00e2ncia \u00e9 um <strong>processo cont\u00ednuo e cotidiano, sustentado por escolhas coerentes <\/strong>ao longo do tempo. N\u00e3o se trata de impor regras r\u00edgidas, mas de criar um <strong>ambiente alimentar previs\u00edvel, acolhedor e educativo<\/strong>, no qual a crian\u00e7a tenha contato frequente com alimentos naturais, refei\u00e7\u00f5es em hor\u00e1rios regulares e exemplos positivos \u00e0 mesa.&nbsp;<\/p>\n\n\n\n<p>A repeti\u00e7\u00e3o desses est\u00edmulos ajuda o organismo a <strong>reconhecer sabores, texturas e sinais de fome e saciedade<\/strong>, formando uma base s\u00f3lida para a <strong>alimenta\u00e7\u00e3o adequada na primeira inf\u00e2ncia<\/strong>.<\/p>\n\n\n\n<p>Segundo o Minist\u00e9rio da Sa\u00fade, a exposi\u00e7\u00e3o repetida a alimentos saud\u00e1veis nos primeiros anos aumenta significativamente a aceita\u00e7\u00e3o ao longo da inf\u00e2ncia e da vida adulta. Isso significa que pequenas decis\u00f5es di\u00e1rias, como oferecer frutas no lanche, manter refei\u00e7\u00f5es em fam\u00edlia e reduzir a presen\u00e7a de <a href=\"https:\/\/araujo.com.br\/blog\/ultraprocessados\/\">ultraprocessados<\/a> no dia a dia, t\u00eam impacto direto na preven\u00e7\u00e3o de problemas como <a href=\"https:\/\/araujo.com.br\/blog\/obesidade-infantil\/\">obesidade infantil<\/a> e <em>diabetes tipo 2<\/em>.&nbsp;<\/p>\n\n\n\n<p>Quando somadas ao longo do tempo, essas escolhas constroem n\u00e3o apenas um <a href=\"https:\/\/araujo.com.br\/blog\/dieta-saudavel\/\">card\u00e1pio mais equilibrado<\/a>, mas uma rela\u00e7\u00e3o mais consciente e positiva com a comida.<\/p>\n\n\n\n<h2 class=\"wp-block-heading\">Explique para a crian\u00e7a os tipos de alimentos<\/h2>\n\n\n\n<p>Desde cedo, a crian\u00e7a pode aprender que os alimentos n\u00e3o s\u00e3o todos iguais. Explicar, de forma simples, a diferen\u00e7a entre alimentos <strong><em>in natura<\/em><\/strong>, <strong>processados<\/strong> e <strong>ultraprocessados<\/strong> ajuda a criar consci\u00eancia alimentar.<\/p>\n\n\n\n<p>O Guia Alimentar para Crian\u00e7as Brasileiras Menores de 2 Anos, do Minist\u00e9rio da Sa\u00fade (2022), recomenda priorizar alimentos naturais como frutas, legumes, arroz, feij\u00e3o, ovos e carnes, evitando produtos ultraprocessados ricos em a\u00e7\u00facar, s\u00f3dio e gorduras ruins.<\/p>\n\n\n\n<p>Quando a crian\u00e7a entende o que est\u00e1 comendo, ela n\u00e3o apenas aceita melhor os alimentos, como desenvolve autonomia e senso cr\u00edtico para a vida.<\/p>\n\n\n\n<h2 class=\"wp-block-heading\">Evite alimentos industrializados no dia a dia<\/h2>\n\n\n\n<p>Refrigerantes, sucos artificiais, biscoitos recheados e salgadinhos n\u00e3o precisam fazer parte da rotina da casa. Evitar o acesso frequente a esses produtos facilita a constru\u00e7\u00e3o de uma <strong>alimenta\u00e7\u00e3o saud\u00e1vel na inf\u00e2ncia<\/strong> na maior parte dos dias.<\/p>\n\n\n\n<p>Isso n\u00e3o significa proibi\u00e7\u00e3o absoluta. A crian\u00e7a vai encontrar esses alimentos em festas e eventos sociais. A diferen\u00e7a est\u00e1 no repert\u00f3rio: <strong>quando ela entende que s\u00e3o exce\u00e7\u00f5es, n\u00e3o regras, a rela\u00e7\u00e3o com a comida tende a ser mais equilibrada.<\/strong><\/p>\n\n\n\n<p>Segundo a Organiza\u00e7\u00e3o Mundial da Sa\u00fade, o consumo excessivo de ultraprocessados na inf\u00e2ncia est\u00e1 diretamente associado ao aumento da obesidade infantil no mundo.<\/p>\n\n\n\n<p>Leia tamb\u00e9m: <a href=\"https:\/\/araujo.com.br\/blog\/alimentacao-saudavel-infantil\/\">Alimenta\u00e7\u00e3o saud\u00e1vel e educa\u00e7\u00e3o infantil: voc\u00ea est\u00e1 sabotando a sa\u00fade do seu filho?<\/a><\/p>\n\n\n\n<figure class=\"wp-block-image size-large\"><img loading=\"lazy\" decoding=\"async\" width=\"1024\" height=\"540\" src=\"https:\/\/araujo.com.br\/blog\/wp-content\/uploads\/2026\/03\/avo-e-neta-cozinhando-1024x540.jpeg\" alt=\"av\u00f3 e neta cozinhando juntas\" class=\"wp-image-7593\" srcset=\"https:\/\/araujo.com.br\/blog\/wp-content\/uploads\/2026\/03\/avo-e-neta-cozinhando-1024x540.jpeg 1024w, https:\/\/araujo.com.br\/blog\/wp-content\/uploads\/2026\/03\/avo-e-neta-cozinhando-300x158.jpeg 300w, https:\/\/araujo.com.br\/blog\/wp-content\/uploads\/2026\/03\/avo-e-neta-cozinhando-768x405.jpeg 768w, https:\/\/araujo.com.br\/blog\/wp-content\/uploads\/2026\/03\/avo-e-neta-cozinhando-1536x810.jpeg 1536w, https:\/\/araujo.com.br\/blog\/wp-content\/uploads\/2026\/03\/avo-e-neta-cozinhando-2048x1080.jpeg 2048w\" sizes=\"auto, (max-width: 1024px) 100vw, 1024px\" \/><\/figure>\n\n\n\n<h2 class=\"wp-block-heading\">Cozinhe com a crian\u00e7a<\/h2>\n\n\n\n<p>Cozinha tamb\u00e9m \u00e9 um espa\u00e7o de aprendizado. Convidar a crian\u00e7a para participar do preparo de bolos, vitaminas, saladas de frutas ou lanches simples cria conex\u00e3o emocional com a comida.<\/p>\n\n\n\n<p>Ela toca, observa, pergunta, experimenta. Tudo isso contribui para uma rela\u00e7\u00e3o mais positiva com os alimentos na primeira inf\u00e2ncia. Al\u00e9m disso, crian\u00e7as que participam do preparo tendem a aceitar melhor novos sabores.<\/p>\n\n\n\n<h2 class=\"wp-block-heading\">Deixe a cozinha divertida<\/h2>\n\n\n\n<p>Pratos, copos e talheres coloridos tornam a refei\u00e7\u00e3o mais convidativa. Empratar os alimentos com criatividade, usando formas simples e combina\u00e7\u00f5es visuais, pode estimular o interesse da crian\u00e7a.<\/p>\n\n\n\n<p>Comer n\u00e3o precisa ser uma tarefa. Pode ser um momento de curiosidade, descoberta e prazer.<\/p>\n\n\n\n<h2 class=\"wp-block-heading\">Deixe os alimentos acess\u00edveis<\/h2>\n\n\n\n<p>Facilitar o acesso \u00e9 uma estrat\u00e9gia poderosa. Frutas lavadas e cortadas na geladeira, lanches saud\u00e1veis prontos e op\u00e7\u00f5es pr\u00e1ticas, como leite e iogurte, ajudam a crian\u00e7a a fazer escolhas melhores quando sente fome.<\/p>\n\n\n\n<p>Quando o ambiente favorece, o h\u00e1bito se constr\u00f3i quase sem esfor\u00e7o.<\/p>\n\n\n\n<h2 class=\"wp-block-heading\">Respeite a saciedade da crian\u00e7a<\/h2>\n\n\n\n<p>For\u00e7ar a crian\u00e7a a comer al\u00e9m do que deseja interfere na percep\u00e7\u00e3o natural de fome e saciedade. Por isso, respeitar os sinais do corpo \u00e9 parte essencial de uma <strong>alimenta\u00e7\u00e3o adequada na primeira inf\u00e2ncia<\/strong>.<\/p>\n\n\n\n<p>Na d\u00favida sobre quantidades, a orienta\u00e7\u00e3o do pediatra \u00e9 sempre o melhor caminho. Cada crian\u00e7a tem seu ritmo, e isso deve ser respeitado.<\/p>\n\n\n\n<h2 class=\"wp-block-heading\">Monte uma lancheira apetitosa<\/h2>\n\n\n\n<p>Uma lancheira equilibrada combina alimentos que a crian\u00e7a gosta com variedade nutricional. Dessa forma, frutas, p\u00e3es, bolos caseiros, iogurtes e prepara\u00e7\u00f5es simples funcionam bem quando s\u00e3o f\u00e1ceis de comer e agrad\u00e1veis visualmente.<\/p>\n\n\n\n<p>Planejar evita improvisos e reduz o consumo de op\u00e7\u00f5es menos saud\u00e1veis.<\/p>\n\n\n\n<h2 class=\"wp-block-heading\">Incentive a hidrata\u00e7\u00e3o<\/h2>\n\n\n\n<p>Criar o h\u00e1bito de beber \u00e1gua desde cedo \u00e9 fundamental. Oferecer \u00e1gua ao longo do dia, usar copos pr\u00f3prios para a idade e ajudar a crian\u00e7a a reconhecer a sensa\u00e7\u00e3o de sede s\u00e3o passos importantes.<\/p>\n\n\n\n<h2 class=\"wp-block-heading\">Dica extra: a palavra convence, mas o exemplo arrasta<\/h2>\n\n\n\n<p>A crian\u00e7a aprende observando. Sentar \u00e0 mesa juntos, consumir alimentos saud\u00e1veis e manter uma rotina alimentar equilibrada em fam\u00edlia \u00e9 uma das estrat\u00e9gias mais eficazes para criar <strong>h\u00e1bitos saud\u00e1veis na primeira inf\u00e2ncia<\/strong>. O exemplo di\u00e1rio fala mais alto do que qualquer explica\u00e7\u00e3o.<\/p>\n\n\n\n<h2 class=\"wp-block-heading\">O papel do aleitamento na primeira inf\u00e2ncia<\/h2>\n\n\n\n<p>At\u00e9 os dois anos de idade, a recomenda\u00e7\u00e3o \u00e9 manter o aleitamento materno, quando poss\u00edvel, aliado \u00e0 introdu\u00e7\u00e3o alimentar adequada. Quando a amamenta\u00e7\u00e3o n\u00e3o acontece ou precisa ser complementada, entram em cena f\u00f3rmulas infantis e compostos l\u00e1cteos, sempre com orienta\u00e7\u00e3o profissional.<\/p>\n\n\n\n<p>Esses produtos fazem parte da rotina alimentar e ajudam a garantir o aporte nutricional necess\u00e1rio para o desenvolvimento infantil.<\/p>\n\n\n\n<p><strong>Leia mais:<\/strong> <a href=\"https:\/\/araujo.com.br\/blog\/formula-infantil\/\">Quando a f\u00f3rmula infantil \u00e9 indicada para o seu beb\u00ea?<\/a><\/p>\n\n\n\n<figure class=\"wp-block-image size-large\"><img loading=\"lazy\" decoding=\"async\" width=\"1024\" height=\"683\" src=\"https:\/\/araujo.com.br\/blog\/wp-content\/uploads\/2026\/03\/mae-mamadeira-filho-1024x683.jpeg\" alt=\"m\u00e3e dando mamadeira para filho beb\u00ea\" class=\"wp-image-7594\" srcset=\"https:\/\/araujo.com.br\/blog\/wp-content\/uploads\/2026\/03\/mae-mamadeira-filho-1024x683.jpeg 1024w, https:\/\/araujo.com.br\/blog\/wp-content\/uploads\/2026\/03\/mae-mamadeira-filho-300x200.jpeg 300w, https:\/\/araujo.com.br\/blog\/wp-content\/uploads\/2026\/03\/mae-mamadeira-filho-768x513.jpeg 768w, https:\/\/araujo.com.br\/blog\/wp-content\/uploads\/2026\/03\/mae-mamadeira-filho-1536x1025.jpeg 1536w, https:\/\/araujo.com.br\/blog\/wp-content\/uploads\/2026\/03\/mae-mamadeira-filho-2048x1367.jpeg 2048w\" sizes=\"auto, (max-width: 1024px) 100vw, 1024px\" \/><\/figure>\n\n\n\n<h2 class=\"wp-block-heading\">Araujo e a alimenta\u00e7\u00e3o na primeira inf\u00e2ncia<\/h2>\n\n\n\n<p>A Araujo oferece uma linha completa de produtos para apoiar a alimenta\u00e7\u00e3o na primeira inf\u00e2ncia, com marcas reconhecidas e solu\u00e7\u00f5es pr\u00e1ticas para a rotina das fam\u00edlias.<\/p>\n\n\n\n<h3 class=\"wp-block-heading\"><a href=\"https:\/\/www.araujo.com.br\/kit-primeira-infancia-aptanutri-premium-3-1-3-anos-2-unidades-800g\/95221.html?utm_source=blog&amp;utm_medium=texto+alimentacao+na+primeira+inf%C3%A2ncia&amp;utm_campaign=alimentacao+na+primeira+inf%C3%A2ncia\"><strong>Kit Primeira Inf\u00e2ncia Aptanutri Premium<\/strong><\/a><\/h3>\n\n\n\n<p>Indicado para crian\u00e7as de 1 a 3 anos, auxilia na complementa\u00e7\u00e3o nutricional.<\/p>\n\n\n\n<h3 class=\"wp-block-heading\"><a href=\"https:\/\/www.araujo.com.br\/milnutri-vitamina-de-frutas-composto-lacteo-760g\/88955.html?utm_source=blog&amp;utm_medium=texto+alimentacao+na+primeira+inf%C3%A2ncia&amp;utm_campaign=alimentacao+na+primeira+inf%C3%A2ncia\"><strong>Milnutri Vitamina de Frutas<\/strong><\/a><\/h3>\n\n\n\n<p>Composto l\u00e1cteo que combina nutrientes importantes para o crescimento infantil.<\/p>\n\n\n\n<p><a href=\"https:\/\/www.araujo.com.br\/aptanutri-premium-3-com-2-unidades-800g-e-ganhe-um-livrinho-de-banho-para-criancas\/107878.html?utm_source=blog&amp;utm_medium=texto+alimentacao+na+primeira+inf%C3%A2ncia&amp;utm_campaign=alimentacao+na+primeira+inf%C3%A2ncia\"><strong>Aptanutri Profutura<\/strong><\/a><\/p>\n\n\n\n<p>F\u00f3rmula desenvolvida para apoiar o desenvolvimento infantil, com benef\u00edcio adicional de brinde educativo.<\/p>\n\n\n\n<p><strong>Saiba mais: <\/strong><a href=\"https:\/\/araujo.com.br\/blog\/formula-infantil-composto-lacteo-diferencas\/\">F\u00f3rmula infantil e composto l\u00e1cteo: entenda as diferen\u00e7as e saiba qual \u00e9 ideal para o seu beb\u00ea<\/a><\/p>\n\n\n\n<h2 class=\"wp-block-heading\">Invista em sa\u00fade, autonomia e qualidade de vida<\/h2>\n\n\n\n<p>Cuidar da <strong>alimenta\u00e7\u00e3o na primeira inf\u00e2ncia<\/strong> \u00e9 investir em sa\u00fade, autonomia e qualidade de vida no presente e no futuro. Pequenas escolhas, quando feitas com const\u00e2ncia, constroem h\u00e1bitos que acompanham a crian\u00e7a por toda a vida.<\/p>\n\n\n\n<p>A Araujo conta com uma equipe preparada para esclarecer d\u00favidas, boas condi\u00e7\u00f5es de pagamento e servi\u00e7o de entrega que facilita a rotina das fam\u00edlias. Informa\u00e7\u00e3o confi\u00e1vel, cuidado pr\u00f3ximo e apoio em cada etapa do crescimento infantil.<\/p>\n\n\n\n<p><strong>Fontes:&nbsp;<\/strong><\/p>\n\n\n\n<p><a href=\"https:\/\/www.who.int\/en\/news-room\/fact-sheets\/detail\/healthy-diet\">Organiza\u00e7\u00e3o Mundial da Sa\u00fade<\/a><\/p>\n\n\n\n<p><a href=\"https:\/\/biblioteca.cofen.gov.br\/wp-content\/uploads\/2024\/06\/guia-alimentar-para-criancas-brasileiras-menores-de-dois-anos.pdf\">Guia Alimentar para crian\u00e7as brasileiras menores de 2 anos &#8211; Minist\u00e9rio da Sa\u00fade<\/a><\/p>\n\n\n\n<p><a href=\"https:\/\/www.unicef.org\/brazil\/media\/17121\/file\/alimentacao-na-primeira-infancia_conhecimentos-atitudes-praticas-de-beneficiarios-do-bolsa-familia.pdf\">Unicef<\/a><\/p>\n\n\n\n<p><a href=\"https:\/\/www.einstein.br\/n\/vida-saudavel\/6-pontos-para-lidar-com-a-introducao-alimentar-e-a-seletividade-em-criancas\">Vida Saud\u00e1vel<\/a><\/p>\n\n\n\n<figure class=\"wp-block-image size-full\"><a href=\"https:\/\/www.araujo.com.br\/busca?q=formula+infantil&amp;lang=pt_BR&amp;utm_source=blog&amp;utm_medium=banner+texto+alimentacao+primeira+infancia&amp;utm_campaign=alimentacao+primeira+infancia\"><img loading=\"lazy\" decoding=\"async\" width=\"800\" height=\"232\" src=\"https:\/\/araujo.com.br\/blog\/wp-content\/uploads\/2026\/03\/Banner-Formula-Infantil-1.png\" alt=\"banner f\u00f3rmula infantil araujo\" class=\"wp-image-7595\" srcset=\"https:\/\/araujo.com.br\/blog\/wp-content\/uploads\/2026\/03\/Banner-Formula-Infantil-1.png 800w, https:\/\/araujo.com.br\/blog\/wp-content\/uploads\/2026\/03\/Banner-Formula-Infantil-1-300x87.png 300w, https:\/\/araujo.com.br\/blog\/wp-content\/uploads\/2026\/03\/Banner-Formula-Infantil-1-768x223.png 768w\" sizes=\"auto, (max-width: 800px) 100vw, 800px\" \/><\/a><\/figure>\n","protected":false},"excerpt":{"rendered":"<p>A alimenta\u00e7\u00e3o na primeira inf\u00e2ncia influencia muito mais do que o card\u00e1pio do dia. Ela molda prefer\u00eancias, cria v\u00ednculos com a comida e ajuda a prevenir doen\u00e7as ao longo da vida. Estamos falando de uma fase decisiva, que vai do nascimento at\u00e9 os 6 anos de idade, quando o corpo cresce r\u00e1pido, o c\u00e9rebro aprende [&hellip;]<\/p>\n","protected":false},"author":1,"featured_media":7590,"comment_status":"open","ping_status":"open","sticky":false,"template":"","format":"standard","meta":{"_acf_changed":false,"footnotes":""},"categories":[42,46,39,5,7],"tags":[430,431,917,294],"class_list":["post-7585","post","type-post","status-publish","format-standard","has-post-thumbnail","hentry","category-alimentacao","category-alimentacao-saudavel","category-dicas-de-cuidados","category-mamae-e-bebe","category-nutricao-saudavel","tag-alimentacao","tag-alimentacao-saudavel","tag-mamae-e-bebe","tag-saude"],"acf":[],"yoast_head":"<!-- This site is optimized with the Yoast SEO plugin v24.3 - https:\/\/yoast.com\/wordpress\/plugins\/seo\/ -->\n<title>Alimenta\u00e7\u00e3o na primeira inf\u00e2ncia: dicas pr\u00e1ticas para construir h\u00e1bitos saud\u00e1veis desde cedo | Araujo<\/title>\n<meta name=\"description\" content=\"Alimenta\u00e7\u00e3o na primeira inf\u00e2ncia \u00e9 essencial para formar h\u00e1bitos saud\u00e1veis, prevenir doen\u00e7as e apoiar o desenvolvimento infantil. Veja dicas e orienta\u00e7\u00f5es.\" \/>\n<meta name=\"robots\" content=\"index, follow, max-snippet:-1, max-image-preview:large, max-video-preview:-1\" \/>\n<link rel=\"canonical\" href=\"https:\/\/araujo.com.br\/blog\/alimentacao-primeira-infancia\/\" \/>\n<meta property=\"og:locale\" content=\"pt_BR\" \/>\n<meta property=\"og:type\" content=\"article\" \/>\n<meta property=\"og:title\" content=\"Alimenta\u00e7\u00e3o na primeira inf\u00e2ncia: dicas pr\u00e1ticas para construir h\u00e1bitos saud\u00e1veis desde cedo | Araujo\" \/>\n<meta property=\"og:description\" content=\"Alimenta\u00e7\u00e3o na primeira inf\u00e2ncia \u00e9 essencial para formar h\u00e1bitos saud\u00e1veis, prevenir doen\u00e7as e apoiar o desenvolvimento infantil. Veja dicas e orienta\u00e7\u00f5es.\" \/>\n<meta property=\"og:url\" content=\"https:\/\/araujo.com.br\/blog\/alimentacao-primeira-infancia\/\" \/>\n<meta property=\"og:site_name\" content=\"Blog da Drogaria Araujo\" \/>\n<meta property=\"article:published_time\" content=\"2026-03-12T21:24:19+00:00\" \/>\n<meta property=\"article:modified_time\" content=\"2026-03-12T21:24:21+00:00\" \/>\n<meta property=\"og:image\" content=\"http:\/\/araujo.com.br\/blog\/wp-content\/uploads\/2026\/03\/bebe-introducao-alimentar-scaled.jpeg\" \/>\n\t<meta property=\"og:image:width\" content=\"2560\" \/>\n\t<meta property=\"og:image:height\" content=\"1707\" \/>\n\t<meta property=\"og:image:type\" content=\"image\/jpeg\" \/>\n<meta name=\"author\" content=\"Drogaria Araujo\" \/>\n<meta name=\"twitter:card\" content=\"summary_large_image\" \/>\n<meta name=\"twitter:label1\" content=\"Escrito por\" \/>\n\t<meta name=\"twitter:data1\" content=\"Drogaria Araujo\" \/>\n\t<meta name=\"twitter:label2\" content=\"Est. tempo de leitura\" \/>\n\t<meta name=\"twitter:data2\" content=\"8 minutos\" \/>\n<script type=\"application\/ld+json\" class=\"yoast-schema-graph\">{\"@context\":\"https:\/\/schema.org\",\"@graph\":[{\"@type\":\"WebPage\",\"@id\":\"https:\/\/araujo.com.br\/blog\/alimentacao-primeira-infancia\/\",\"url\":\"https:\/\/araujo.com.br\/blog\/alimentacao-primeira-infancia\/\",\"name\":\"Alimenta\u00e7\u00e3o na primeira inf\u00e2ncia: dicas pr\u00e1ticas para construir h\u00e1bitos saud\u00e1veis desde cedo | Araujo\",\"isPartOf\":{\"@id\":\"https:\/\/araujo.com.br\/blog\/#website\"},\"primaryImageOfPage\":{\"@id\":\"https:\/\/araujo.com.br\/blog\/alimentacao-primeira-infancia\/#primaryimage\"},\"image\":{\"@id\":\"https:\/\/araujo.com.br\/blog\/alimentacao-primeira-infancia\/#primaryimage\"},\"thumbnailUrl\":\"https:\/\/araujo.com.br\/blog\/wp-content\/uploads\/2026\/03\/bebe-introducao-alimentar-scaled.jpeg\",\"datePublished\":\"2026-03-12T21:24:19+00:00\",\"dateModified\":\"2026-03-12T21:24:21+00:00\",\"author\":{\"@id\":\"https:\/\/araujo.com.br\/blog\/#\/schema\/person\/4e2eac75cf0e2c6b079ef9a0df2ece83\"},\"description\":\"Alimenta\u00e7\u00e3o na primeira inf\u00e2ncia \u00e9 essencial para formar h\u00e1bitos saud\u00e1veis, prevenir doen\u00e7as e apoiar o desenvolvimento infantil. Veja dicas e orienta\u00e7\u00f5es.\",\"breadcrumb\":{\"@id\":\"https:\/\/araujo.com.br\/blog\/alimentacao-primeira-infancia\/#breadcrumb\"},\"inLanguage\":\"pt-BR\",\"potentialAction\":[{\"@type\":\"ReadAction\",\"target\":[\"https:\/\/araujo.com.br\/blog\/alimentacao-primeira-infancia\/\"]}]},{\"@type\":\"ImageObject\",\"inLanguage\":\"pt-BR\",\"@id\":\"https:\/\/araujo.com.br\/blog\/alimentacao-primeira-infancia\/#primaryimage\",\"url\":\"https:\/\/araujo.com.br\/blog\/wp-content\/uploads\/2026\/03\/bebe-introducao-alimentar-scaled.jpeg\",\"contentUrl\":\"https:\/\/araujo.com.br\/blog\/wp-content\/uploads\/2026\/03\/bebe-introducao-alimentar-scaled.jpeg\",\"width\":2560,\"height\":1707,\"caption\":\"beb\u00ea menina sorrindo introdu\u00e7\u00e3o alimentar\"},{\"@type\":\"BreadcrumbList\",\"@id\":\"https:\/\/araujo.com.br\/blog\/alimentacao-primeira-infancia\/#breadcrumb\",\"itemListElement\":[{\"@type\":\"ListItem\",\"position\":1,\"name\":\"In\u00edcio\",\"item\":\"https:\/\/araujo.com.br\/blog\/\"},{\"@type\":\"ListItem\",\"position\":2,\"name\":\"Alimenta\u00e7\u00e3o na primeira inf\u00e2ncia: dicas pr\u00e1ticas para construir h\u00e1bitos saud\u00e1veis desde cedo\"}]},{\"@type\":\"WebSite\",\"@id\":\"https:\/\/araujo.com.br\/blog\/#website\",\"url\":\"https:\/\/araujo.com.br\/blog\/\",\"name\":\"Blog da Drogaria Araujo\",\"description\":\"Conte\u00fado que faz bem? A Araujo tem!\",\"potentialAction\":[{\"@type\":\"SearchAction\",\"target\":{\"@type\":\"EntryPoint\",\"urlTemplate\":\"https:\/\/araujo.com.br\/blog\/?s={search_term_string}\"},\"query-input\":{\"@type\":\"PropertyValueSpecification\",\"valueRequired\":true,\"valueName\":\"search_term_string\"}}],\"inLanguage\":\"pt-BR\"},{\"@type\":\"Person\",\"@id\":\"https:\/\/araujo.com.br\/blog\/#\/schema\/person\/4e2eac75cf0e2c6b079ef9a0df2ece83\",\"name\":\"Drogaria Araujo\",\"image\":{\"@type\":\"ImageObject\",\"inLanguage\":\"pt-BR\",\"@id\":\"https:\/\/araujo.com.br\/blog\/#\/schema\/person\/image\/\",\"url\":\"https:\/\/secure.gravatar.com\/avatar\/33e54dec0cd79fc4b5e911c15f836c46ec8d0e452ecd3ca5f707bce0a3540a3b?s=96&d=mm&r=g\",\"contentUrl\":\"https:\/\/secure.gravatar.com\/avatar\/33e54dec0cd79fc4b5e911c15f836c46ec8d0e452ecd3ca5f707bce0a3540a3b?s=96&d=mm&r=g\",\"caption\":\"Drogaria Araujo\"},\"description\":\"Especialista em Sa\u00fade da Fam\u00edlia. M\u00e9dico e nutricionista.\",\"sameAs\":[\"https:\/\/araujo.com.br\/blog\"],\"url\":\"https:\/\/araujo.com.br\/blog\/author\/admin\/\"}]}<\/script>\n<!-- \/ Yoast SEO plugin. -->","yoast_head_json":{"title":"Alimenta\u00e7\u00e3o na primeira inf\u00e2ncia: dicas pr\u00e1ticas para construir h\u00e1bitos saud\u00e1veis desde cedo | Araujo","description":"Alimenta\u00e7\u00e3o na primeira inf\u00e2ncia \u00e9 essencial para formar h\u00e1bitos saud\u00e1veis, prevenir doen\u00e7as e apoiar o desenvolvimento infantil. Veja dicas e orienta\u00e7\u00f5es.","robots":{"index":"index","follow":"follow","max-snippet":"max-snippet:-1","max-image-preview":"max-image-preview:large","max-video-preview":"max-video-preview:-1"},"canonical":"https:\/\/araujo.com.br\/blog\/alimentacao-primeira-infancia\/","og_locale":"pt_BR","og_type":"article","og_title":"Alimenta\u00e7\u00e3o na primeira inf\u00e2ncia: dicas pr\u00e1ticas para construir h\u00e1bitos saud\u00e1veis desde cedo | Araujo","og_description":"Alimenta\u00e7\u00e3o na primeira inf\u00e2ncia \u00e9 essencial para formar h\u00e1bitos saud\u00e1veis, prevenir doen\u00e7as e apoiar o desenvolvimento infantil. Veja dicas e orienta\u00e7\u00f5es.","og_url":"https:\/\/araujo.com.br\/blog\/alimentacao-primeira-infancia\/","og_site_name":"Blog da Drogaria Araujo","article_published_time":"2026-03-12T21:24:19+00:00","article_modified_time":"2026-03-12T21:24:21+00:00","og_image":[{"width":2560,"height":1707,"url":"http:\/\/araujo.com.br\/blog\/wp-content\/uploads\/2026\/03\/bebe-introducao-alimentar-scaled.jpeg","type":"image\/jpeg"}],"author":"Drogaria Araujo","twitter_card":"summary_large_image","twitter_misc":{"Escrito por":"Drogaria Araujo","Est. tempo de leitura":"8 minutos"},"schema":{"@context":"https:\/\/schema.org","@graph":[{"@type":"WebPage","@id":"https:\/\/araujo.com.br\/blog\/alimentacao-primeira-infancia\/","url":"https:\/\/araujo.com.br\/blog\/alimentacao-primeira-infancia\/","name":"Alimenta\u00e7\u00e3o na primeira inf\u00e2ncia: dicas pr\u00e1ticas para construir h\u00e1bitos saud\u00e1veis desde cedo | Araujo","isPartOf":{"@id":"https:\/\/araujo.com.br\/blog\/#website"},"primaryImageOfPage":{"@id":"https:\/\/araujo.com.br\/blog\/alimentacao-primeira-infancia\/#primaryimage"},"image":{"@id":"https:\/\/araujo.com.br\/blog\/alimentacao-primeira-infancia\/#primaryimage"},"thumbnailUrl":"https:\/\/araujo.com.br\/blog\/wp-content\/uploads\/2026\/03\/bebe-introducao-alimentar-scaled.jpeg","datePublished":"2026-03-12T21:24:19+00:00","dateModified":"2026-03-12T21:24:21+00:00","author":{"@id":"https:\/\/araujo.com.br\/blog\/#\/schema\/person\/4e2eac75cf0e2c6b079ef9a0df2ece83"},"description":"Alimenta\u00e7\u00e3o na primeira inf\u00e2ncia \u00e9 essencial para formar h\u00e1bitos saud\u00e1veis, prevenir doen\u00e7as e apoiar o desenvolvimento infantil. Veja dicas e orienta\u00e7\u00f5es.","breadcrumb":{"@id":"https:\/\/araujo.com.br\/blog\/alimentacao-primeira-infancia\/#breadcrumb"},"inLanguage":"pt-BR","potentialAction":[{"@type":"ReadAction","target":["https:\/\/araujo.com.br\/blog\/alimentacao-primeira-infancia\/"]}]},{"@type":"ImageObject","inLanguage":"pt-BR","@id":"https:\/\/araujo.com.br\/blog\/alimentacao-primeira-infancia\/#primaryimage","url":"https:\/\/araujo.com.br\/blog\/wp-content\/uploads\/2026\/03\/bebe-introducao-alimentar-scaled.jpeg","contentUrl":"https:\/\/araujo.com.br\/blog\/wp-content\/uploads\/2026\/03\/bebe-introducao-alimentar-scaled.jpeg","width":2560,"height":1707,"caption":"beb\u00ea menina sorrindo introdu\u00e7\u00e3o alimentar"},{"@type":"BreadcrumbList","@id":"https:\/\/araujo.com.br\/blog\/alimentacao-primeira-infancia\/#breadcrumb","itemListElement":[{"@type":"ListItem","position":1,"name":"In\u00edcio","item":"https:\/\/araujo.com.br\/blog\/"},{"@type":"ListItem","position":2,"name":"Alimenta\u00e7\u00e3o na primeira inf\u00e2ncia: dicas pr\u00e1ticas para construir h\u00e1bitos saud\u00e1veis desde cedo"}]},{"@type":"WebSite","@id":"https:\/\/araujo.com.br\/blog\/#website","url":"https:\/\/araujo.com.br\/blog\/","name":"Blog da Drogaria Araujo","description":"Conte\u00fado que faz bem? A Araujo tem!","potentialAction":[{"@type":"SearchAction","target":{"@type":"EntryPoint","urlTemplate":"https:\/\/araujo.com.br\/blog\/?s={search_term_string}"},"query-input":{"@type":"PropertyValueSpecification","valueRequired":true,"valueName":"search_term_string"}}],"inLanguage":"pt-BR"},{"@type":"Person","@id":"https:\/\/araujo.com.br\/blog\/#\/schema\/person\/4e2eac75cf0e2c6b079ef9a0df2ece83","name":"Drogaria Araujo","image":{"@type":"ImageObject","inLanguage":"pt-BR","@id":"https:\/\/araujo.com.br\/blog\/#\/schema\/person\/image\/","url":"https:\/\/secure.gravatar.com\/avatar\/33e54dec0cd79fc4b5e911c15f836c46ec8d0e452ecd3ca5f707bce0a3540a3b?s=96&d=mm&r=g","contentUrl":"https:\/\/secure.gravatar.com\/avatar\/33e54dec0cd79fc4b5e911c15f836c46ec8d0e452ecd3ca5f707bce0a3540a3b?s=96&d=mm&r=g","caption":"Drogaria Araujo"},"description":"Especialista em Sa\u00fade da Fam\u00edlia. M\u00e9dico e nutricionista.","sameAs":["https:\/\/araujo.com.br\/blog"],"url":"https:\/\/araujo.com.br\/blog\/author\/admin\/"}]}},"_links":{"self":[{"href":"https:\/\/araujo.com.br\/blog\/wp-json\/wp\/v2\/posts\/7585","targetHints":{"allow":["GET"]}}],"collection":[{"href":"https:\/\/araujo.com.br\/blog\/wp-json\/wp\/v2\/posts"}],"about":[{"href":"https:\/\/araujo.com.br\/blog\/wp-json\/wp\/v2\/types\/post"}],"author":[{"embeddable":true,"href":"https:\/\/araujo.com.br\/blog\/wp-json\/wp\/v2\/users\/1"}],"replies":[{"embeddable":true,"href":"https:\/\/araujo.com.br\/blog\/wp-json\/wp\/v2\/comments?post=7585"}],"version-history":[{"count":3,"href":"https:\/\/araujo.com.br\/blog\/wp-json\/wp\/v2\/posts\/7585\/revisions"}],"predecessor-version":[{"id":7596,"href":"https:\/\/araujo.com.br\/blog\/wp-json\/wp\/v2\/posts\/7585\/revisions\/7596"}],"wp:featuredmedia":[{"embeddable":true,"href":"https:\/\/araujo.com.br\/blog\/wp-json\/wp\/v2\/media\/7590"}],"wp:attachment":[{"href":"https:\/\/araujo.com.br\/blog\/wp-json\/wp\/v2\/media?parent=7585"}],"wp:term":[{"taxonomy":"category","embeddable":true,"href":"https:\/\/araujo.com.br\/blog\/wp-json\/wp\/v2\/categories?post=7585"},{"taxonomy":"post_tag","embeddable":true,"href":"https:\/\/araujo.com.br\/blog\/wp-json\/wp\/v2\/tags?post=7585"}],"curies":[{"name":"wp","href":"https:\/\/api.w.org\/{rel}","templated":true}]}}