{"id":7597,"date":"2026-03-13T22:38:02","date_gmt":"2026-03-13T19:38:02","guid":{"rendered":"https:\/\/araujo.com.br\/blog\/?p=7597"},"modified":"2026-03-17T16:24:14","modified_gmt":"2026-03-17T13:24:14","slug":"introducao-alimentar","status":"publish","type":"post","link":"https:\/\/araujo.com.br\/blog\/introducao-alimentar\/","title":{"rendered":"Introdu\u00e7\u00e3o alimentar: primeiros passos, card\u00e1pio e cuidados"},"content":{"rendered":"\n<p>A <a href=\"https:\/\/araujo.com.br\/blog\/alimentacao-primeira-infancia\/\">introdu\u00e7\u00e3o alimentar<\/a> acontece oficialmente a partir dos 6 meses e se estende at\u00e9 os 2 anos de idade. Esse per\u00edodo \u00e9 uma janela cr\u00edtica para o desenvolvimento do paladar, da mastiga\u00e7\u00e3o, da autonomia e da rela\u00e7\u00e3o da crian\u00e7a com a comida.<\/p>\n\n\n\n<p>Segundo o Minist\u00e9rio da Sa\u00fade, no Guia Alimentar para Crian\u00e7as Brasileiras Menores de 2 Anos (2022), a alimenta\u00e7\u00e3o nessa fase deve ser baseada em alimentos <em>in natura<\/em> e minimamente processados, com manuten\u00e7\u00e3o do aleitamento materno at\u00e9 os 2 anos ou mais.&nbsp;<\/p>\n\n\n\n<p>A Organiza\u00e7\u00e3o Mundial da Sa\u00fade (OMS) tamb\u00e9m refor\u00e7a que a alimenta\u00e7\u00e3o complementar adequada, associada ao leite materno, \u00e9 fundamental para crescimento e desenvolvimento saud\u00e1veis.<\/p>\n\n\n\n<p>Mais do que um card\u00e1pio, a introdu\u00e7\u00e3o alimentar \u00e9 constru\u00e7\u00e3o de v\u00ednculo, preven\u00e7\u00e3o de doen\u00e7as e aprendizado para toda a vida. E entender como come\u00e7ar faz toda a diferen\u00e7a.<\/p>\n\n\n\n<figure class=\"wp-block-image size-large\"><img loading=\"lazy\" decoding=\"async\" width=\"1024\" height=\"540\" src=\"http:\/\/araujo.com.br\/blog\/wp-content\/uploads\/2026\/03\/avo-e-neta-cozinhando-1024x540.jpeg\" alt=\"av\u00f3 e neta crian\u00e7a cozinhando juntas\" class=\"wp-image-7593\" srcset=\"https:\/\/araujo.com.br\/blog\/wp-content\/uploads\/2026\/03\/avo-e-neta-cozinhando-1024x540.jpeg 1024w, https:\/\/araujo.com.br\/blog\/wp-content\/uploads\/2026\/03\/avo-e-neta-cozinhando-300x158.jpeg 300w, https:\/\/araujo.com.br\/blog\/wp-content\/uploads\/2026\/03\/avo-e-neta-cozinhando-768x405.jpeg 768w, https:\/\/araujo.com.br\/blog\/wp-content\/uploads\/2026\/03\/avo-e-neta-cozinhando-1536x810.jpeg 1536w, https:\/\/araujo.com.br\/blog\/wp-content\/uploads\/2026\/03\/avo-e-neta-cozinhando-2048x1080.jpeg 2048w\" sizes=\"auto, (max-width: 1024px) 100vw, 1024px\" \/><\/figure>\n\n\n\n<h2 class=\"wp-block-heading\">Como preparar os alimentos na introdu\u00e7\u00e3o alimentar?<\/h2>\n\n\n\n<p>Se o prato do adulto \u00e9 textura, tempero e t\u00e9cnica, o prato do beb\u00ea \u00e9 descoberta. Cada colherada \u00e9 um laborat\u00f3rio sensorial.<\/p>\n\n\n\n<p>De acordo com a introdu\u00e7\u00e3o alimentar da Organiza\u00e7\u00e3o Mundial de Sa\u00fade (OMS, 2025), os alimentos devem ser oferecidos cozidos at\u00e9 ficarem macios, sem adi\u00e7\u00e3o de a\u00e7\u00facar e com pouco ou nenhum sal. Recomenda-se evitar a\u00e7\u00facar e <a href=\"https:\/\/araujo.com.br\/blog\/ultraprocessados\/\">ultraprocessados<\/a> nos primeiros anos de vida.<\/p>\n\n\n\n<p><strong>Orienta\u00e7\u00f5es espec\u00edficas:<\/strong><\/p>\n\n\n\n<ul class=\"wp-block-list\">\n<li>Cozinhe legumes e verduras at\u00e9 ficarem macios, mas n\u00e3o desmanchando;<\/li>\n\n\n\n<li>Ofere\u00e7a carnes bem cozidas e desfiadas;<\/li>\n\n\n\n<li>Evite frituras;<\/li>\n\n\n\n<li>N\u00e3o adicione a\u00e7\u00facar, mel (contraindicado at\u00e9 1 ano), caf\u00e9 ou alimentos ultraprocessados; e<\/li>\n\n\n\n<li>Varie as cores e texturas ao longo da semana.<\/li>\n<\/ul>\n\n\n\n<p>A textura evolui com o tempo. No primeiro dia da introdu\u00e7\u00e3o alimentar, o mais importante n\u00e3o \u00e9 a quantidade ingerida, mas o contato com o alimento.<\/p>\n\n\n\n<h2 class=\"wp-block-heading\">Como montar o prato ideal do seu beb\u00ea?<\/h2>\n\n\n\n<p>Um prato equilibrado para a introdu\u00e7\u00e3o alimentar de 6 meses pode seguir uma l\u00f3gica simples, inspirada nas recomenda\u00e7\u00f5es do Minist\u00e9rio da Sa\u00fade:<\/p>\n\n\n\n<p><strong>Metade do prato: <\/strong>legumes e verduras<\/p>\n\n\n\n<p><strong>Um quarto do prato: <\/strong>cereais e tub\u00e9rculos (arroz, batata, mandioca)<\/p>\n\n\n\n<p><strong>Um oitavo: <\/strong>feij\u00f5es e leguminosas<\/p>\n\n\n\n<p><strong>Um oitavo: <\/strong>carnes e ovos<\/p>\n\n\n\n<p>Sempre bom lembrar:&nbsp;<\/p>\n\n\n\n<ul class=\"wp-block-list\">\n<li>As frutas entram em lanches intermedi\u00e1rios.<\/li>\n\n\n\n<li>Ajustar a quantidade ao crescimento e \u00e0 fome da crian\u00e7a. Respeitar sinais de saciedade \u00e9 parte essencial do processo.<\/li>\n\n\n\n<li>Um bom card\u00e1pio de introdu\u00e7\u00e3o alimentar \u00e9 simples, colorido e variado.<\/li>\n<\/ul>\n\n\n\n<figure class=\"wp-block-image size-large\"><img loading=\"lazy\" decoding=\"async\" width=\"938\" height=\"1024\" src=\"https:\/\/araujo.com.br\/blog\/wp-content\/uploads\/2026\/03\/Imfografico-Refeicoes-938x1024.jpg\" alt=\"infogr\u00e1fico alimenta\u00e7\u00e3o infantil\" class=\"wp-image-7601\" srcset=\"https:\/\/araujo.com.br\/blog\/wp-content\/uploads\/2026\/03\/Imfografico-Refeicoes-938x1024.jpg 938w, https:\/\/araujo.com.br\/blog\/wp-content\/uploads\/2026\/03\/Imfografico-Refeicoes-275x300.jpg 275w, https:\/\/araujo.com.br\/blog\/wp-content\/uploads\/2026\/03\/Imfografico-Refeicoes-768x839.jpg 768w, https:\/\/araujo.com.br\/blog\/wp-content\/uploads\/2026\/03\/Imfografico-Refeicoes-1407x1536.jpg 1407w, https:\/\/araujo.com.br\/blog\/wp-content\/uploads\/2026\/03\/Imfografico-Refeicoes-1876x2048.jpg 1876w\" sizes=\"auto, (max-width: 938px) 100vw, 938px\" \/><\/figure>\n\n\n\n<p><strong>Leia mais:<\/strong> <a href=\"https:\/\/araujo.com.br\/blog\/alimentacao-saudavel-infantil\/\">Alimenta\u00e7\u00e3o saud\u00e1vel e educa\u00e7\u00e3o infantil: voc\u00ea est\u00e1 sabotando a sa\u00fade do seu filho?<\/a><\/p>\n\n\n\n<h2 class=\"wp-block-heading\">Amamenta\u00e7\u00e3o na introdu\u00e7\u00e3o alimentar<\/h2>\n\n\n\n<p>A introdu\u00e7\u00e3o alimentar aos 6 meses n\u00e3o substitui o leite materno, mas o complementa.<\/p>\n\n\n\n<p>Segundo a Organiza\u00e7\u00e3o Mundial da Sa\u00fade, a recomenda\u00e7\u00e3o \u00e9 manter o aleitamento materno at\u00e9 os 2 anos ou mais, junto \u00e0 alimenta\u00e7\u00e3o complementar adequada.<\/p>\n\n\n\n<p>Nos primeiros meses da introdu\u00e7\u00e3o alimentar, o leite materno ou f\u00f3rmula infantil continua sendo a principal fonte de energia e nutrientes. A comida entra como aprendizado e complemento nutricional.<\/p>\n\n\n\n<p><strong>Saiba mais: <\/strong><a href=\"https:\/\/araujo.com.br\/blog\/mitos-e-verdades-sobre-amamentacao\/\">5 mitos e verdades sobre amamenta\u00e7\u00e3o<\/a><\/p>\n\n\n\n<figure class=\"wp-block-image size-large\"><img loading=\"lazy\" decoding=\"async\" width=\"1024\" height=\"683\" src=\"http:\/\/araujo.com.br\/blog\/wp-content\/uploads\/2025\/12\/mae-amamentando-bebe-1024x683.jpeg\" alt=\"beb\u00ea rec\u00e9m-nascido sendo amamentado\" class=\"wp-image-6782\" srcset=\"https:\/\/araujo.com.br\/blog\/wp-content\/uploads\/2025\/12\/mae-amamentando-bebe-1024x683.jpeg 1024w, https:\/\/araujo.com.br\/blog\/wp-content\/uploads\/2025\/12\/mae-amamentando-bebe-300x200.jpeg 300w, https:\/\/araujo.com.br\/blog\/wp-content\/uploads\/2025\/12\/mae-amamentando-bebe-768x512.jpeg 768w, https:\/\/araujo.com.br\/blog\/wp-content\/uploads\/2025\/12\/mae-amamentando-bebe-1536x1024.jpeg 1536w, https:\/\/araujo.com.br\/blog\/wp-content\/uploads\/2025\/12\/mae-amamentando-bebe-2048x1365.jpeg 2048w\" sizes=\"auto, (max-width: 1024px) 100vw, 1024px\" \/><\/figure>\n\n\n\n<h2 class=\"wp-block-heading\">Conhe\u00e7a as f\u00f3rmulas infantis e compostos l\u00e1cteos dispon\u00edveis na Araujo<\/h2>\n\n\n\n<p>Quando a amamenta\u00e7\u00e3o exclusiva n\u00e3o \u00e9 poss\u00edvel ou deve-se complement\u00e1-la, as f\u00f3rmulas infantis podem ser indicadas com orienta\u00e7\u00e3o m\u00e9dica.<\/p>\n\n\n\n<h3 class=\"wp-block-heading\"><strong>Conhe\u00e7a as f\u00f3rmulas infantis<\/strong><\/h3>\n\n\n\n<p>F\u00f3rmulas infantis s\u00e3o produtos desenvolvidos para atender \u00e0s necessidades nutricionais do beb\u00ea quando o leite materno n\u00e3o est\u00e1 dispon\u00edvel ou precisa de complemento.<\/p>\n\n\n\n<p>Na Araujo, \u00e9 poss\u00edvel encontrar op\u00e7\u00f5es para diferentes necessidades, inclusive para beb\u00eas com intoler\u00e2ncia \u00e0 lactose ou alergia \u00e0 prote\u00edna do leite de vaca.<\/p>\n\n\n\n<p><strong>Leia mais:<\/strong> <a href=\"https:\/\/araujo.com.br\/blog\/escolher-formula-infantil-ideal\/\">Como escolher a f\u00f3rmula infantil ideal para o seu beb\u00ea<\/a><\/p>\n\n\n\n<h3 class=\"wp-block-heading\"><strong>Confira os compostos l\u00e1cteos<\/strong><\/h3>\n\n\n\n<p>Os <a href=\"https:\/\/www.araujo.com.br\/busca?q=compostos+l%C3%A1cteos&amp;lang=pt_BR\">compostos l\u00e1cteos<\/a> s\u00e3o indicados, em geral, a partir de 1 ano de idade, como parte da alimenta\u00e7\u00e3o complementar.<\/p>\n\n\n\n<p>Na Araujo voc\u00ea encontra op\u00e7\u00f5es como:<\/p>\n\n\n\n<ul class=\"wp-block-list\">\n<li><a href=\"https:\/\/www.araujo.com.br\/kit-primeira-infancia-aptanutri-premium-3-1-3-anos-2-unidades-800g\/95221.html?utm_source=blog&amp;utm_medium=texto+introdu%C3%A7%C3%A3o+alimentar&amp;utm_campaign=+introdu%C3%A7%C3%A3o+alimentar\">Aptanutri Premium 3<\/a> (1 a 3 anos):<\/li>\n<\/ul>\n\n\n\n<p>Possui <strong>vitaminas e minerais importantes para o desenvolvimento f\u00edsico e cognitivo<\/strong>, al\u00e9m de nutrientes que auxiliam na imunidade. \u00c9 indicado para complementar a alimenta\u00e7\u00e3o nessa etapa, sempre com orienta\u00e7\u00e3o do pediatra.<\/p>\n\n\n\n<ul class=\"wp-block-list\">\n<li><a href=\"https:\/\/www.araujo.com.br\/formula-infantil-nanlac-comfor-800g\/73810.html?utm_source=blog&amp;utm_medium=texto+introdu%C3%A7%C3%A3o+alimentar&amp;utm_campaign=+introdu%C3%A7%C3%A3o+alimentar\">Nanlac Comfor 800g<\/a><\/li>\n<\/ul>\n\n\n\n<p>F\u00f3rmula infantil pensada para oferecer nutri\u00e7\u00e3o equilibrada e conforto digestivo. Conta com nutrientes essenciais para o desenvolvimento do beb\u00ea e composi\u00e7\u00e3o ajustada para favorecer a boa toler\u00e2ncia gastrointestinal.<\/p>\n\n\n\n<p>\u00c9 uma alternativa quando h\u00e1 necessidade de complemento ou substitui\u00e7\u00e3o do leite materno, conforme recomenda\u00e7\u00e3o m\u00e9dica.<\/p>\n\n\n\n<ul class=\"wp-block-list\">\n<li><a href=\"https:\/\/www.araujo.com.br\/milnutri-premium-composto-lacteo-800g\/73812.html?utm_source=blog&amp;utm_medium=texto+introdu%C3%A7%C3%A3o+alimentar&amp;utm_campaign=+introdu%C3%A7%C3%A3o+alimentar\">Milnutri Premium 800g<\/a><\/li>\n<\/ul>\n\n\n\n<p>Composto l\u00e1cteo indicado para crian\u00e7as a partir de 1 ano, formulado para complementar a alimenta\u00e7\u00e3o di\u00e1ria. Traz <strong>combina\u00e7\u00e3o de vitaminas e minerais que contribuem para o crescimento saud\u00e1vel<\/strong>, al\u00e9m de nutrientes que apoiam o desenvolvimento do sistema imunol\u00f3gico e cognitivo. Ideal para integrar uma rotina alimentar equilibrada.<\/p>\n\n\n\n<h2 class=\"wp-block-heading\">Primeiros passos da introdu\u00e7\u00e3o alimentar<\/h2>\n\n\n\n<h3 class=\"wp-block-heading\"><strong>6 meses<\/strong><\/h3>\n\n\n\n<p>A introdu\u00e7\u00e3o alimentar come\u00e7a aos 6 meses porque o sistema digestivo j\u00e1 est\u00e1 mais maduro e o beb\u00ea demonstra sinais de prontid\u00e3o, como sustentar o pesco\u00e7o e sentar com apoio.<\/p>\n\n\n\n<p>Os alimentos devem ser macios, amassados ou em peda\u00e7os grandes e seguros. O leite materno ou f\u00f3rmula continua sendo a base da alimenta\u00e7\u00e3o.<\/p>\n\n\n\n<h3 class=\"wp-block-heading\"><strong>7 e 8 meses<\/strong><\/h3>\n\n\n\n<p>Aqui, a textura pode evoluir. Alimentos raspados, desfiados ou em peda\u00e7os pequenos ajudam no treino da mastiga\u00e7\u00e3o.<\/p>\n\n\n\n<p>O m\u00e9todo BLW (<em>Baby-Led Weaning <\/em>ou Desmame Guiado pelo Beb\u00ea), em que o beb\u00ea pega os alimentos com as pr\u00f3prias m\u00e3os, pode ser adotado com orienta\u00e7\u00e3o profissional. Mesmo no BLW, a supervis\u00e3o \u00e9 constante e o leite materno ou f\u00f3rmula segue essencial.<\/p>\n\n\n\n<h3 class=\"wp-block-heading\"><strong>9 a 11 meses<\/strong><\/h3>\n\n\n\n<p>Mais variedade, mais combina\u00e7\u00f5es e autonomia.<\/p>\n\n\n\n<p>O beb\u00ea j\u00e1 pode participar das refei\u00e7\u00f5es da fam\u00edlia, com adapta\u00e7\u00f5es no preparo. O leite ainda tem papel central.<\/p>\n\n\n\n<h3 class=\"wp-block-heading\"><strong>Ap\u00f3s um ano de idade<\/strong><\/h3>\n\n\n\n<p>Cinco refei\u00e7\u00f5es por dia, al\u00e9m de \u00e1gua. Leite materno, f\u00f3rmula ou composto l\u00e1cteo podem fazer parte da rotina.<\/p>\n\n\n\n<h3 class=\"wp-block-heading\"><strong>Ap\u00f3s dois anos de idade<\/strong><\/h3>\n\n\n\n<p>A crian\u00e7a pode se alimentar 100% com comida da fam\u00edlia. \u00c9 comum uma leve redu\u00e7\u00e3o de apetite nessa fase. O crescimento desacelera e a fome acompanha esse ritmo.<\/p>\n\n\n\n<figure class=\"wp-block-image size-large\"><img loading=\"lazy\" decoding=\"async\" width=\"1024\" height=\"683\" src=\"http:\/\/araujo.com.br\/blog\/wp-content\/uploads\/2026\/03\/bebe-introducao-alimentar-1024x683.jpeg\" alt=\"beb\u00ea menina sorrindo introdu\u00e7\u00e3o alimentar\" class=\"wp-image-7590\" srcset=\"https:\/\/araujo.com.br\/blog\/wp-content\/uploads\/2026\/03\/bebe-introducao-alimentar-1024x683.jpeg 1024w, https:\/\/araujo.com.br\/blog\/wp-content\/uploads\/2026\/03\/bebe-introducao-alimentar-300x200.jpeg 300w, https:\/\/araujo.com.br\/blog\/wp-content\/uploads\/2026\/03\/bebe-introducao-alimentar-768x512.jpeg 768w, https:\/\/araujo.com.br\/blog\/wp-content\/uploads\/2026\/03\/bebe-introducao-alimentar-1536x1024.jpeg 1536w, https:\/\/araujo.com.br\/blog\/wp-content\/uploads\/2026\/03\/bebe-introducao-alimentar-2048x1365.jpeg 2048w\" sizes=\"auto, (max-width: 1024px) 100vw, 1024px\" \/><\/figure>\n\n\n\n<h2 class=\"wp-block-heading\">Dicas pr\u00e1ticas para introdu\u00e7\u00e3o alimentar<\/h2>\n\n\n\n<ul class=\"wp-block-list\">\n<li>Crie rotina para as refei\u00e7\u00f5es;<\/li>\n\n\n\n<li>Sente o beb\u00ea \u00e0 mesa com a fam\u00edlia;<\/li>\n\n\n\n<li>Incentive a autonomia;<\/li>\n\n\n\n<li>Respeite a saciedade;<\/li>\n\n\n\n<li>Evite distra\u00e7\u00f5es como telas; e<\/li>\n\n\n\n<li>N\u00e3o force a ingest\u00e3o.<\/li>\n<\/ul>\n\n\n\n<p>A rela\u00e7\u00e3o com a comida come\u00e7a agora. Press\u00e3o gera resist\u00eancia, exemplo gera aprendizado.<\/p>\n\n\n\n<h2 class=\"wp-block-heading\">Introdu\u00e7\u00e3o alimentar engasgo: como prevenir?<\/h2>\n\n\n\n<p>O medo do engasgo \u00e9 real e deve ser tratado com informa\u00e7\u00e3o.<\/p>\n\n\n\n<p>Segundo a Sociedade Brasileira de Pediatria, os alimentos devem ser oferecidos em formatos seguros e sob supervis\u00e3o constante.<\/p>\n\n\n\n<p><strong>Cuidados essenciais:<\/strong><\/p>\n\n\n\n<ul class=\"wp-block-list\">\n<li>Corte alimentos redondos em tiras ou em quatro partes;<\/li>\n\n\n\n<li>Evite uvas inteiras, nozes, pipoca e peda\u00e7os duros;<\/li>\n\n\n\n<li>Ofere\u00e7a alimentos macios;<\/li>\n\n\n\n<li>Nunca deixe o beb\u00ea comer sozinho; e<\/li>\n\n\n\n<li>Aprenda manobras de desengasgo com orienta\u00e7\u00e3o profissional.<\/li>\n<\/ul>\n\n\n\n<h2 class=\"wp-block-heading\">Introdu\u00e7\u00e3o alimentar: o come\u00e7o de uma rela\u00e7\u00e3o saud\u00e1vel com a comida<\/h2>\n\n\n\n<p>A introdu\u00e7\u00e3o alimentar envolve muito mais que um card\u00e1pio, envolve constru\u00e7\u00e3o de v\u00ednculo, preven\u00e7\u00e3o de doen\u00e7as e forma\u00e7\u00e3o de h\u00e1bitos que podem acompanhar a crian\u00e7a pela vida inteira.<\/p>\n\n\n\n<p>Come\u00e7ar aos 6 meses, manter a amamenta\u00e7\u00e3o conforme a recomenda\u00e7\u00e3o da introdu\u00e7\u00e3o alimentar da OMS, oferecer variedade e respeitar o ritmo do beb\u00ea s\u00e3o os pilares desse processo.<\/p>\n\n\n\n<p>Se precisar de apoio para escolher f\u00f3rmulas infantis ou compostos l\u00e1cteos, conte com a Araujo. Informa\u00e7\u00e3o de qualidade e orienta\u00e7\u00e3o fazem toda a diferen\u00e7a nessa fase t\u00e3o decisiva da vida.<\/p>\n\n\n\n<p><strong>Fontes:<\/strong><\/p>\n\n\n\n<p><a href=\"https:\/\/bvsms.saude.gov.br\/bvs\/publicacoes\/guia_alimentar_criancas_brasileiras_menores_2anos.pdf\">Guia alimentar para crian\u00e7as brasileiras menores de 2 anos &#8211; Minist\u00e9rio da Sa\u00fade<\/a>, <a href=\"https:\/\/www.who.int\/health-topics\/complementary-feeding#tab=tab_1\">Organiza\u00e7\u00e3o Mundial de Sa\u00fade<\/a><\/p>\n\n\n\n<p><a href=\"https:\/\/www.sbp.com.br\/\">Sociedade Brasileira de Pediatria<\/a><\/p>\n\n\n\n<figure class=\"wp-block-image size-full\"><a href=\"https:\/\/www.araujo.com.br\/busca?q=f%C3%B3rmula+infantil&amp;lang=pt_BR&amp;utm_source=blog&amp;utm_medium=banner+texto+introducao+alimentar&amp;utm_campaign=introducao+alimentar\"><img loading=\"lazy\" decoding=\"async\" width=\"800\" height=\"232\" src=\"https:\/\/araujo.com.br\/blog\/wp-content\/uploads\/2026\/03\/Banner-Formula-Infantil-1-1.png\" alt=\"\" class=\"wp-image-7599\" srcset=\"https:\/\/araujo.com.br\/blog\/wp-content\/uploads\/2026\/03\/Banner-Formula-Infantil-1-1.png 800w, https:\/\/araujo.com.br\/blog\/wp-content\/uploads\/2026\/03\/Banner-Formula-Infantil-1-1-300x87.png 300w, https:\/\/araujo.com.br\/blog\/wp-content\/uploads\/2026\/03\/Banner-Formula-Infantil-1-1-768x223.png 768w\" sizes=\"auto, (max-width: 800px) 100vw, 800px\" \/><\/a><\/figure>\n","protected":false},"excerpt":{"rendered":"<p>A introdu\u00e7\u00e3o alimentar acontece oficialmente a partir dos 6 meses e se estende at\u00e9 os 2 anos de idade. Esse per\u00edodo \u00e9 uma janela cr\u00edtica para o desenvolvimento do paladar, da mastiga\u00e7\u00e3o, da autonomia e da rela\u00e7\u00e3o da crian\u00e7a com a comida. Segundo o Minist\u00e9rio da Sa\u00fade, no Guia Alimentar para Crian\u00e7as Brasileiras Menores de [&hellip;]<\/p>\n","protected":false},"author":1,"featured_media":7598,"comment_status":"open","ping_status":"open","sticky":false,"template":"","format":"standard","meta":{"_acf_changed":false,"footnotes":""},"categories":[42,5],"tags":[430,608,917],"class_list":["post-7597","post","type-post","status-publish","format-standard","has-post-thumbnail","hentry","category-alimentacao","category-mamae-e-bebe","tag-alimentacao","tag-alimentacao-infantil","tag-mamae-e-bebe"],"acf":[],"yoast_head":"<!-- This site is optimized with the Yoast SEO plugin v24.3 - https:\/\/yoast.com\/wordpress\/plugins\/seo\/ -->\n<title>Introdu\u00e7\u00e3o alimentar: primeiros passos, card\u00e1pio e cuidados | Araujo<\/title>\n<meta name=\"description\" content=\"Introdu\u00e7\u00e3o alimentar: dicas, card\u00e1pio e cuidados com engasgo. Saiba como come\u00e7ar aos 6 meses e o papel da amamenta\u00e7\u00e3o.\" \/>\n<meta name=\"robots\" content=\"index, follow, max-snippet:-1, max-image-preview:large, max-video-preview:-1\" \/>\n<link rel=\"canonical\" href=\"https:\/\/araujo.com.br\/blog\/introducao-alimentar\/\" \/>\n<meta property=\"og:locale\" content=\"pt_BR\" \/>\n<meta property=\"og:type\" content=\"article\" \/>\n<meta property=\"og:title\" content=\"Introdu\u00e7\u00e3o alimentar: primeiros passos, card\u00e1pio e cuidados | Araujo\" \/>\n<meta property=\"og:description\" content=\"Introdu\u00e7\u00e3o alimentar: dicas, card\u00e1pio e cuidados com engasgo. Saiba como come\u00e7ar aos 6 meses e o papel da amamenta\u00e7\u00e3o.\" \/>\n<meta property=\"og:url\" content=\"https:\/\/araujo.com.br\/blog\/introducao-alimentar\/\" \/>\n<meta property=\"og:site_name\" content=\"Blog da Drogaria Araujo\" \/>\n<meta property=\"article:published_time\" content=\"2026-03-13T19:38:02+00:00\" \/>\n<meta property=\"article:modified_time\" content=\"2026-03-17T13:24:14+00:00\" \/>\n<meta property=\"og:image\" content=\"http:\/\/araujo.com.br\/blog\/wp-content\/uploads\/2026\/03\/bebe-sorrindo-scaled.jpeg\" \/>\n\t<meta property=\"og:image:width\" content=\"2560\" \/>\n\t<meta property=\"og:image:height\" content=\"1707\" \/>\n\t<meta property=\"og:image:type\" content=\"image\/jpeg\" \/>\n<meta name=\"author\" content=\"Drogaria Araujo\" \/>\n<meta name=\"twitter:card\" content=\"summary_large_image\" \/>\n<meta name=\"twitter:label1\" content=\"Escrito por\" \/>\n\t<meta name=\"twitter:data1\" content=\"Drogaria Araujo\" \/>\n\t<meta name=\"twitter:label2\" content=\"Est. tempo de leitura\" \/>\n\t<meta name=\"twitter:data2\" content=\"8 minutos\" \/>\n<script type=\"application\/ld+json\" class=\"yoast-schema-graph\">{\"@context\":\"https:\/\/schema.org\",\"@graph\":[{\"@type\":\"WebPage\",\"@id\":\"https:\/\/araujo.com.br\/blog\/introducao-alimentar\/\",\"url\":\"https:\/\/araujo.com.br\/blog\/introducao-alimentar\/\",\"name\":\"Introdu\u00e7\u00e3o alimentar: primeiros passos, card\u00e1pio e cuidados | Araujo\",\"isPartOf\":{\"@id\":\"https:\/\/araujo.com.br\/blog\/#website\"},\"primaryImageOfPage\":{\"@id\":\"https:\/\/araujo.com.br\/blog\/introducao-alimentar\/#primaryimage\"},\"image\":{\"@id\":\"https:\/\/araujo.com.br\/blog\/introducao-alimentar\/#primaryimage\"},\"thumbnailUrl\":\"https:\/\/araujo.com.br\/blog\/wp-content\/uploads\/2026\/03\/bebe-sorrindo-scaled.jpeg\",\"datePublished\":\"2026-03-13T19:38:02+00:00\",\"dateModified\":\"2026-03-17T13:24:14+00:00\",\"author\":{\"@id\":\"https:\/\/araujo.com.br\/blog\/#\/schema\/person\/4e2eac75cf0e2c6b079ef9a0df2ece83\"},\"description\":\"Introdu\u00e7\u00e3o alimentar: dicas, card\u00e1pio e cuidados com engasgo. Saiba como come\u00e7ar aos 6 meses e o papel da amamenta\u00e7\u00e3o.\",\"breadcrumb\":{\"@id\":\"https:\/\/araujo.com.br\/blog\/introducao-alimentar\/#breadcrumb\"},\"inLanguage\":\"pt-BR\",\"potentialAction\":[{\"@type\":\"ReadAction\",\"target\":[\"https:\/\/araujo.com.br\/blog\/introducao-alimentar\/\"]}]},{\"@type\":\"ImageObject\",\"inLanguage\":\"pt-BR\",\"@id\":\"https:\/\/araujo.com.br\/blog\/introducao-alimentar\/#primaryimage\",\"url\":\"https:\/\/araujo.com.br\/blog\/wp-content\/uploads\/2026\/03\/bebe-sorrindo-scaled.jpeg\",\"contentUrl\":\"https:\/\/araujo.com.br\/blog\/wp-content\/uploads\/2026\/03\/bebe-sorrindo-scaled.jpeg\",\"width\":2560,\"height\":1707,\"caption\":\"Cheerful baby child eats food itself with spoon. Portrait of happy kid boy in high chair.\"},{\"@type\":\"BreadcrumbList\",\"@id\":\"https:\/\/araujo.com.br\/blog\/introducao-alimentar\/#breadcrumb\",\"itemListElement\":[{\"@type\":\"ListItem\",\"position\":1,\"name\":\"In\u00edcio\",\"item\":\"https:\/\/araujo.com.br\/blog\/\"},{\"@type\":\"ListItem\",\"position\":2,\"name\":\"Introdu\u00e7\u00e3o alimentar: primeiros passos, card\u00e1pio e cuidados\"}]},{\"@type\":\"WebSite\",\"@id\":\"https:\/\/araujo.com.br\/blog\/#website\",\"url\":\"https:\/\/araujo.com.br\/blog\/\",\"name\":\"Blog da Drogaria Araujo\",\"description\":\"Conte\u00fado que faz bem? A Araujo tem!\",\"potentialAction\":[{\"@type\":\"SearchAction\",\"target\":{\"@type\":\"EntryPoint\",\"urlTemplate\":\"https:\/\/araujo.com.br\/blog\/?s={search_term_string}\"},\"query-input\":{\"@type\":\"PropertyValueSpecification\",\"valueRequired\":true,\"valueName\":\"search_term_string\"}}],\"inLanguage\":\"pt-BR\"},{\"@type\":\"Person\",\"@id\":\"https:\/\/araujo.com.br\/blog\/#\/schema\/person\/4e2eac75cf0e2c6b079ef9a0df2ece83\",\"name\":\"Drogaria Araujo\",\"image\":{\"@type\":\"ImageObject\",\"inLanguage\":\"pt-BR\",\"@id\":\"https:\/\/araujo.com.br\/blog\/#\/schema\/person\/image\/\",\"url\":\"https:\/\/secure.gravatar.com\/avatar\/33e54dec0cd79fc4b5e911c15f836c46ec8d0e452ecd3ca5f707bce0a3540a3b?s=96&d=mm&r=g\",\"contentUrl\":\"https:\/\/secure.gravatar.com\/avatar\/33e54dec0cd79fc4b5e911c15f836c46ec8d0e452ecd3ca5f707bce0a3540a3b?s=96&d=mm&r=g\",\"caption\":\"Drogaria Araujo\"},\"description\":\"Especialista em Sa\u00fade da Fam\u00edlia. M\u00e9dico e nutricionista.\",\"sameAs\":[\"https:\/\/araujo.com.br\/blog\"],\"url\":\"https:\/\/araujo.com.br\/blog\/author\/admin\/\"}]}<\/script>\n<!-- \/ Yoast SEO plugin. -->","yoast_head_json":{"title":"Introdu\u00e7\u00e3o alimentar: primeiros passos, card\u00e1pio e cuidados | Araujo","description":"Introdu\u00e7\u00e3o alimentar: dicas, card\u00e1pio e cuidados com engasgo. Saiba como come\u00e7ar aos 6 meses e o papel da amamenta\u00e7\u00e3o.","robots":{"index":"index","follow":"follow","max-snippet":"max-snippet:-1","max-image-preview":"max-image-preview:large","max-video-preview":"max-video-preview:-1"},"canonical":"https:\/\/araujo.com.br\/blog\/introducao-alimentar\/","og_locale":"pt_BR","og_type":"article","og_title":"Introdu\u00e7\u00e3o alimentar: primeiros passos, card\u00e1pio e cuidados | Araujo","og_description":"Introdu\u00e7\u00e3o alimentar: dicas, card\u00e1pio e cuidados com engasgo. Saiba como come\u00e7ar aos 6 meses e o papel da amamenta\u00e7\u00e3o.","og_url":"https:\/\/araujo.com.br\/blog\/introducao-alimentar\/","og_site_name":"Blog da Drogaria Araujo","article_published_time":"2026-03-13T19:38:02+00:00","article_modified_time":"2026-03-17T13:24:14+00:00","og_image":[{"width":2560,"height":1707,"url":"http:\/\/araujo.com.br\/blog\/wp-content\/uploads\/2026\/03\/bebe-sorrindo-scaled.jpeg","type":"image\/jpeg"}],"author":"Drogaria Araujo","twitter_card":"summary_large_image","twitter_misc":{"Escrito por":"Drogaria Araujo","Est. tempo de leitura":"8 minutos"},"schema":{"@context":"https:\/\/schema.org","@graph":[{"@type":"WebPage","@id":"https:\/\/araujo.com.br\/blog\/introducao-alimentar\/","url":"https:\/\/araujo.com.br\/blog\/introducao-alimentar\/","name":"Introdu\u00e7\u00e3o alimentar: primeiros passos, card\u00e1pio e cuidados | Araujo","isPartOf":{"@id":"https:\/\/araujo.com.br\/blog\/#website"},"primaryImageOfPage":{"@id":"https:\/\/araujo.com.br\/blog\/introducao-alimentar\/#primaryimage"},"image":{"@id":"https:\/\/araujo.com.br\/blog\/introducao-alimentar\/#primaryimage"},"thumbnailUrl":"https:\/\/araujo.com.br\/blog\/wp-content\/uploads\/2026\/03\/bebe-sorrindo-scaled.jpeg","datePublished":"2026-03-13T19:38:02+00:00","dateModified":"2026-03-17T13:24:14+00:00","author":{"@id":"https:\/\/araujo.com.br\/blog\/#\/schema\/person\/4e2eac75cf0e2c6b079ef9a0df2ece83"},"description":"Introdu\u00e7\u00e3o alimentar: dicas, card\u00e1pio e cuidados com engasgo. Saiba como come\u00e7ar aos 6 meses e o papel da amamenta\u00e7\u00e3o.","breadcrumb":{"@id":"https:\/\/araujo.com.br\/blog\/introducao-alimentar\/#breadcrumb"},"inLanguage":"pt-BR","potentialAction":[{"@type":"ReadAction","target":["https:\/\/araujo.com.br\/blog\/introducao-alimentar\/"]}]},{"@type":"ImageObject","inLanguage":"pt-BR","@id":"https:\/\/araujo.com.br\/blog\/introducao-alimentar\/#primaryimage","url":"https:\/\/araujo.com.br\/blog\/wp-content\/uploads\/2026\/03\/bebe-sorrindo-scaled.jpeg","contentUrl":"https:\/\/araujo.com.br\/blog\/wp-content\/uploads\/2026\/03\/bebe-sorrindo-scaled.jpeg","width":2560,"height":1707,"caption":"Cheerful baby child eats food itself with spoon. Portrait of happy kid boy in high chair."},{"@type":"BreadcrumbList","@id":"https:\/\/araujo.com.br\/blog\/introducao-alimentar\/#breadcrumb","itemListElement":[{"@type":"ListItem","position":1,"name":"In\u00edcio","item":"https:\/\/araujo.com.br\/blog\/"},{"@type":"ListItem","position":2,"name":"Introdu\u00e7\u00e3o alimentar: primeiros passos, card\u00e1pio e cuidados"}]},{"@type":"WebSite","@id":"https:\/\/araujo.com.br\/blog\/#website","url":"https:\/\/araujo.com.br\/blog\/","name":"Blog da Drogaria Araujo","description":"Conte\u00fado que faz bem? A Araujo tem!","potentialAction":[{"@type":"SearchAction","target":{"@type":"EntryPoint","urlTemplate":"https:\/\/araujo.com.br\/blog\/?s={search_term_string}"},"query-input":{"@type":"PropertyValueSpecification","valueRequired":true,"valueName":"search_term_string"}}],"inLanguage":"pt-BR"},{"@type":"Person","@id":"https:\/\/araujo.com.br\/blog\/#\/schema\/person\/4e2eac75cf0e2c6b079ef9a0df2ece83","name":"Drogaria Araujo","image":{"@type":"ImageObject","inLanguage":"pt-BR","@id":"https:\/\/araujo.com.br\/blog\/#\/schema\/person\/image\/","url":"https:\/\/secure.gravatar.com\/avatar\/33e54dec0cd79fc4b5e911c15f836c46ec8d0e452ecd3ca5f707bce0a3540a3b?s=96&d=mm&r=g","contentUrl":"https:\/\/secure.gravatar.com\/avatar\/33e54dec0cd79fc4b5e911c15f836c46ec8d0e452ecd3ca5f707bce0a3540a3b?s=96&d=mm&r=g","caption":"Drogaria Araujo"},"description":"Especialista em Sa\u00fade da Fam\u00edlia. M\u00e9dico e nutricionista.","sameAs":["https:\/\/araujo.com.br\/blog"],"url":"https:\/\/araujo.com.br\/blog\/author\/admin\/"}]}},"_links":{"self":[{"href":"https:\/\/araujo.com.br\/blog\/wp-json\/wp\/v2\/posts\/7597","targetHints":{"allow":["GET"]}}],"collection":[{"href":"https:\/\/araujo.com.br\/blog\/wp-json\/wp\/v2\/posts"}],"about":[{"href":"https:\/\/araujo.com.br\/blog\/wp-json\/wp\/v2\/types\/post"}],"author":[{"embeddable":true,"href":"https:\/\/araujo.com.br\/blog\/wp-json\/wp\/v2\/users\/1"}],"replies":[{"embeddable":true,"href":"https:\/\/araujo.com.br\/blog\/wp-json\/wp\/v2\/comments?post=7597"}],"version-history":[{"count":2,"href":"https:\/\/araujo.com.br\/blog\/wp-json\/wp\/v2\/posts\/7597\/revisions"}],"predecessor-version":[{"id":7603,"href":"https:\/\/araujo.com.br\/blog\/wp-json\/wp\/v2\/posts\/7597\/revisions\/7603"}],"wp:featuredmedia":[{"embeddable":true,"href":"https:\/\/araujo.com.br\/blog\/wp-json\/wp\/v2\/media\/7598"}],"wp:attachment":[{"href":"https:\/\/araujo.com.br\/blog\/wp-json\/wp\/v2\/media?parent=7597"}],"wp:term":[{"taxonomy":"category","embeddable":true,"href":"https:\/\/araujo.com.br\/blog\/wp-json\/wp\/v2\/categories?post=7597"},{"taxonomy":"post_tag","embeddable":true,"href":"https:\/\/araujo.com.br\/blog\/wp-json\/wp\/v2\/tags?post=7597"}],"curies":[{"name":"wp","href":"https:\/\/api.w.org\/{rel}","templated":true}]}}