{"id":7609,"date":"2026-03-17T20:56:28","date_gmt":"2026-03-17T17:56:28","guid":{"rendered":"https:\/\/araujo.com.br\/blog\/?p=7609"},"modified":"2026-03-18T00:01:36","modified_gmt":"2026-03-17T21:01:36","slug":"cuidados-primeira-infancia","status":"publish","type":"post","link":"https:\/\/araujo.com.br\/blog\/cuidados-primeira-infancia\/","title":{"rendered":"Cuidados essenciais na primeira inf\u00e2ncia"},"content":{"rendered":"\n<p>Quantas decis\u00f5es cabem nos primeiros anos de vida de uma crian\u00e7a? Da escolha da fralda \u00e0 vacina\u00e7\u00e3o em dia, os <strong>cuidados essenciais na primeira inf\u00e2ncia<\/strong> come\u00e7am antes mesmo do nascimento e influenciam toda a trajet\u00f3ria de sa\u00fade.<\/p>\n\n\n\n<p>Segundo o Minist\u00e9rio da Sa\u00fade (2025), os primeiros anos s\u00e3o determinantes para o crescimento adequado e a preven\u00e7\u00e3o de doen\u00e7as ao longo da vida. \u00c9 nessa fase que se constroem bases metab\u00f3licas, imunol\u00f3gicas e nutricionais que acompanham cada pessoa at\u00e9 a vida adulta.<\/p>\n\n\n\n<figure class=\"wp-block-image size-large\"><img loading=\"lazy\" decoding=\"async\" width=\"1024\" height=\"680\" src=\"https:\/\/araujo.com.br\/blog\/wp-content\/uploads\/2026\/03\/mulher-amamentando-1024x680.jpeg\" alt=\"mulher amamentando beb\u00ea sentada na cama\" class=\"wp-image-7611\" srcset=\"https:\/\/araujo.com.br\/blog\/wp-content\/uploads\/2026\/03\/mulher-amamentando-1024x680.jpeg 1024w, https:\/\/araujo.com.br\/blog\/wp-content\/uploads\/2026\/03\/mulher-amamentando-300x199.jpeg 300w, https:\/\/araujo.com.br\/blog\/wp-content\/uploads\/2026\/03\/mulher-amamentando-768x510.jpeg 768w, https:\/\/araujo.com.br\/blog\/wp-content\/uploads\/2026\/03\/mulher-amamentando-1536x1021.jpeg 1536w, https:\/\/araujo.com.br\/blog\/wp-content\/uploads\/2026\/03\/mulher-amamentando-2048x1361.jpeg 2048w\" sizes=\"auto, (max-width: 1024px) 100vw, 1024px\" \/><\/figure>\n\n\n\n<h2 class=\"wp-block-heading\">Afinal, o que \u00e9 a primeira inf\u00e2ncia?<\/h2>\n\n\n\n<p>A primeira inf\u00e2ncia compreende o per\u00edodo que vai do nascimento at\u00e9 os 6 anos de idade, conforme defini\u00e7\u00e3o adotada pelo Marco Legal da Primeira Inf\u00e2ncia no Brasil e refor\u00e7ada por institui\u00e7\u00f5es internacionais.<\/p>\n\n\n\n<p>De acordo com a Organiza\u00e7\u00e3o Mundial da Sa\u00fade (OMS, 2025), essa fase \u00e9 marcada por intenso desenvolvimento f\u00edsico e neurol\u00f3gico. Estima-se que, at\u00e9 os 5 anos, o c\u00e9rebro atinja cerca de 90% do seu desenvolvimento estrutural. \u00c9 tamb\u00e9m nesse per\u00edodo que se estabelecem padr\u00f5es alimentares, qualidade do sono, fortalecimento do sistema imunol\u00f3gico e preven\u00e7\u00e3o de doen\u00e7as cr\u00f4nicas, como <a href=\"https:\/\/araujo.com.br\/blog\/obesidade-infantil\/\">obesidade<\/a> e <a href=\"https:\/\/araujo.com.br\/blog\/diabetes-tipo-2-causas-sintomas\/\"><em>diabetes tipo 2<\/em><\/a>.<\/p>\n\n\n\n<p>Cuidar da sa\u00fade na inf\u00e2ncia n\u00e3o \u00e9 apenas tratar sintomas. \u00c9 <strong>criar condi\u00e7\u00f5es para um crescimento saud\u00e1vel<\/strong>, com acompanhamento adequado e pr\u00e1ticas preventivas.<\/p>\n\n\n\n<h2 class=\"wp-block-heading\">Cuidados essenciais na primeira inf\u00e2ncia<\/h2>\n\n\n\n<p>Os <strong>cuidados necess\u00e1rios na primeira inf\u00e2ncia<\/strong> envolvem aten\u00e7\u00e3o cont\u00ednua e decis\u00f5es informadas. Abaixo, listamos as principais boas pr\u00e1ticas de sa\u00fade infantil focadas na sa\u00fade f\u00edsica.<\/p>\n\n\n\n<h3 class=\"wp-block-heading\"><strong>Os desafios da amamenta\u00e7\u00e3o<\/strong><\/h3>\n\n\n\n<p>A <a href=\"https:\/\/araujo.com.br\/blog\/mitos-e-verdades-sobre-amamentacao\/\">amamenta\u00e7\u00e3o<\/a> \u00e9 um dos pilares da sa\u00fade na primeira inf\u00e2ncia. A OMS recomenda o aleitamento materno exclusivo at\u00e9 os 6 meses e complementar at\u00e9 os 2 anos ou mais. O leite materno funciona como uma primeira vacina: cont\u00e9m anticorpos que ajudam a proteger contra infec\u00e7\u00f5es respirat\u00f3rias, diarreias e alergias. Al\u00e9m disso, contribui para o desenvolvimento cognitivo e reduz o risco de obesidade infantil.<\/p>\n\n\n\n<p>Mas nem sempre amamentar \u00e9 simples. Fissuras, baixa produ\u00e7\u00e3o de leite e dificuldades de pega fazem parte da realidade de muitas m\u00e3es. Quando o leite materno n\u00e3o \u00e9 poss\u00edvel, as f\u00f3rmulas infantis s\u00e3o alternativas seguras, desde que orientadas por um pediatra.<\/p>\n\n\n\n<p>Aqui no <strong>Blog da Drogaria Araujo<\/strong>, voc\u00ea encontra um conte\u00fado completo explicando os tipos de f\u00f3rmulas infantis e quando cada uma \u00e9 indicada.<\/p>\n\n\n\n<p><strong>Leia mais:<\/strong> <a href=\"https:\/\/araujo.com.br\/blog\/guia-formula-infantil-cuidados-bebe\/\">Guia completo: f\u00f3rmula infantil e todos os cuidados essenciais com o seu beb\u00ea<\/a><\/p>\n\n\n\n<h3 class=\"wp-block-heading\"><strong>Escolha da fralda<\/strong><\/h3>\n\n\n\n<p>Parece simples, mas a escolha da fralda impacta diretamente a sa\u00fade da pele do beb\u00ea.<\/p>\n\n\n\n<p>Dermatites de contato e assaduras est\u00e3o entre as queixas mais comuns nos primeiros anos. Segundo a Sociedade Brasileira de Pediatria (SBP), a troca frequente e a escolha de produtos adequados s\u00e3o fundamentais para evitar inflama\u00e7\u00f5es.<br>Ao escolher a fralda ideal, observe:<\/p>\n\n\n\n<ul class=\"wp-block-list\">\n<li>Tamanho adequado ao peso do beb\u00ea;<\/li>\n\n\n\n<li>Boa absor\u00e7\u00e3o;<\/li>\n\n\n\n<li>Material respir\u00e1vel; e<\/li>\n\n\n\n<li>Ajuste confort\u00e1vel.<\/li>\n<\/ul>\n\n\n\n<p><strong>Leia mais:<\/strong> <a href=\"https:\/\/araujo.com.br\/blog\/pampers\/\">Pampers Pants, Premium Care e Premium Care Pants: como escolher a fralda ideal para o seu beb\u00ea<\/a><\/p>\n\n\n\n<h3 class=\"wp-block-heading\"><strong>Acompanhamento m\u00e9dico e vacina\u00e7\u00e3o em dia<\/strong><\/h3>\n\n\n\n<p>Entre os <strong>cuidados essenciais para a sa\u00fade da inf\u00e2ncia<\/strong>, o acompanhamento pedi\u00e1trico regular \u00e9 indispens\u00e1vel.<\/p>\n\n\n\n<p>Consultas peri\u00f3dicas permitem:<\/p>\n\n\n\n<ul class=\"wp-block-list\">\n<li>Monitorar crescimento e ganho de peso;<\/li>\n\n\n\n<li>Avaliar desenvolvimento motor e nutricional;<\/li>\n\n\n\n<li>Atualizar o calend\u00e1rio vacinal; e<\/li>\n\n\n\n<li>Orientar sobre febres, resfriados e outras intercorr\u00eancias.<\/li>\n<\/ul>\n\n\n\n<p>O Programa Nacional de Imuniza\u00e7\u00f5es (PNI), do Minist\u00e9rio da Sa\u00fade, destaca que a vacina\u00e7\u00e3o \u00e9 uma das estrat\u00e9gias mais eficazes na preven\u00e7\u00e3o de doen\u00e7as graves na inf\u00e2ncia. Vacinas como Meningite B, Varicela e <a href=\"https:\/\/araujo.com.br\/blog\/vacina-hexavalente\/\">Hexavalente<\/a> fazem parte das recomenda\u00e7\u00f5es pedi\u00e1tricas e ajudam a proteger contra doen\u00e7as potencialmente graves.<\/p>\n\n\n\n<p>Manter a vacina\u00e7\u00e3o em dia \u00e9 um dos pilares das boas pr\u00e1ticas de sa\u00fade infantil. E a Araujo oferece diversas vacinas recomendadas para essa fase, com orienta\u00e7\u00e3o especializada.<\/p>\n\n\n\n<figure class=\"wp-block-image size-large\"><img loading=\"lazy\" decoding=\"async\" width=\"1024\" height=\"683\" src=\"https:\/\/araujo.com.br\/blog\/wp-content\/uploads\/2026\/03\/menino-em-consulta-com-mae-1024x683.jpeg\" alt=\"menino com m\u00e3e em consulta m\u00e9dica com doutor\" class=\"wp-image-7612\" srcset=\"https:\/\/araujo.com.br\/blog\/wp-content\/uploads\/2026\/03\/menino-em-consulta-com-mae-1024x683.jpeg 1024w, https:\/\/araujo.com.br\/blog\/wp-content\/uploads\/2026\/03\/menino-em-consulta-com-mae-300x200.jpeg 300w, https:\/\/araujo.com.br\/blog\/wp-content\/uploads\/2026\/03\/menino-em-consulta-com-mae-768x512.jpeg 768w, https:\/\/araujo.com.br\/blog\/wp-content\/uploads\/2026\/03\/menino-em-consulta-com-mae-1536x1025.jpeg 1536w\" sizes=\"auto, (max-width: 1024px) 100vw, 1024px\" \/><\/figure>\n\n\n\n<h3 class=\"wp-block-heading\"><strong>Import\u00e2ncia do sono<\/strong><\/h3>\n\n\n\n<p>Dormir \u00e9 t\u00e3o importante quanto se alimentar bem. Durante o sono, o organismo libera horm\u00f4nios ligados ao crescimento e \u00e0 consolida\u00e7\u00e3o da mem\u00f3ria.<\/p>\n\n\n\n<p>Rotinas estruturadas ajudam a melhorar a qualidade do sono infantil e reduzem epis\u00f3dios de irritabilidade.<\/p>\n\n\n\n<p>Algumas estrat\u00e9gias que auxiliam:<\/p>\n\n\n\n<ul class=\"wp-block-list\">\n<li>Criar hor\u00e1rios regulares para dormir;<\/li>\n\n\n\n<li>Evitar est\u00edmulos intensos antes de deitar;<\/li>\n\n\n\n<li>Manter ambiente escuro e silencioso; e<\/li>\n\n\n\n<li>Desenvolver um ritual noturno previs\u00edvel.<\/li>\n<\/ul>\n\n\n\n<p>Na categoria <a href=\"https:\/\/www.araujo.com.br\/infantil?utm_source=blog&amp;utm_medium=texto&amp;utm_campaign=cha+de+bebe\"><strong>Infantil no site da Araujo<\/strong><\/a>, \u00e9 poss\u00edvel encontrar produtos que apoiam essa fase, como chupetas, itens de higiene e acess\u00f3rios para o conforto do beb\u00ea.<\/p>\n\n\n\n<h3 class=\"wp-block-heading\"><strong>Introdu\u00e7\u00e3o alimentar adequada<\/strong><\/h3>\n\n\n\n<p>A introdu\u00e7\u00e3o alimentar come\u00e7a por volta dos 6 meses e \u00e9 uma etapa decisiva na forma\u00e7\u00e3o de h\u00e1bitos saud\u00e1veis.<\/p>\n\n\n\n<p>Segundo o Minist\u00e9rio da Sa\u00fade, a oferta de alimentos<em> in natura<\/em> e minimamente processados contribui para prevenir obesidade e doen\u00e7as cr\u00f4nicas ao longo da vida.<br>Uma boa introdu\u00e7\u00e3o alimentar ajuda a:<\/p>\n\n\n\n<ul class=\"wp-block-list\">\n<li>Desenvolver o paladar;<\/li>\n\n\n\n<li>Estimular a mastiga\u00e7\u00e3o;<\/li>\n\n\n\n<li>Reduzir o consumo precoce de a\u00e7\u00facar; e<\/li>\n\n\n\n<li>Diminuir o risco de <em>diabetes tipo 2<\/em> no futuro.<\/li>\n<\/ul>\n\n\n\n<p><strong>Leia mais:<\/strong> <a href=\"https:\/\/araujo.com.br\/blog\/introducao-alimentar\/\">Introdu\u00e7\u00e3o alimentar: dicas, primeiros passos, card\u00e1pio e cuidados com engasgo<\/a><\/p>\n\n\n\n<h2 class=\"wp-block-heading\">Tempo de qualidade com a crian\u00e7a<\/h2>\n\n\n\n<p>Entre os <strong>cuidados essenciais na primeira inf\u00e2ncia<\/strong>, o <strong>tempo de qualidade<\/strong> tamb\u00e9m \u00e9 um fator protetor.<\/p>\n\n\n\n<p>Crian\u00e7as pequenas precisam de supervis\u00e3o constante para evitar acidentes dom\u00e9sticos, que est\u00e3o entre as principais causas de atendimento em pronto-socorro infantil, segundo dados do Minist\u00e9rio da Sa\u00fade.<\/p>\n\n\n\n<p>Brincar, conversar e interagir estimulam o desenvolvimento motor e fortalecem o v\u00ednculo familiar. Mais do que presen\u00e7a f\u00edsica, \u00e9 presen\u00e7a ativa.<\/p>\n\n\n\n<p>Os <strong>cuidados essenciais na primeira inf\u00e2ncia<\/strong> come\u00e7am na gesta\u00e7\u00e3o e seguem como uma constru\u00e7\u00e3o di\u00e1ria. Amamenta\u00e7\u00e3o, vacina\u00e7\u00e3o, sono adequado, alimenta\u00e7\u00e3o equilibrada e acompanhamento m\u00e9dico formam a base da sa\u00fade f\u00edsica infantil.<\/p>\n\n\n\n<p>Cada fase traz desafios, mas tamb\u00e9m oportunidades de construir uma vida mais saud\u00e1vel desde o in\u00edcio.<\/p>\n\n\n\n<p>No <a href=\"https:\/\/araujo.com.br\/blog\/\"><strong>Blog da Drogaria Araujo<\/strong><\/a>, voc\u00ea encontra conte\u00fados confi\u00e1veis e atualizados para apoiar sua fam\u00edlia em cada etapa do desenvolvimento. E nas lojas Araujo, tudo o que \u00e9 necess\u00e1rio para transformar cuidado em rotina.<\/p>\n\n\n\n<p><strong>Fontes:<\/strong><\/p>\n\n\n\n<p><a href=\"https:\/\/www.gov.br\/saude\/pt-br\/vacinacao?\">Minist\u00e9rio da Sa\u00fade<\/a><\/p>\n\n\n\n<p><a href=\"https:\/\/www.who.int\/es\/health-topics\/breastfeeding\">Organiza\u00e7\u00e3o Mundial da Sa\u00fade (OMS)<\/a><\/p>\n\n\n\n<p><a href=\"https:\/\/www.gov.br\/saude\/pt-br\/composicao\/svsa\/pni\">Programa Nacional de Imuniza\u00e7\u00f5es (PNI) do Minist\u00e9rio da Sa\u00fade<\/a><\/p>\n\n\n\n<p><a href=\"https:\/\/bvsms.saude.gov.br\/bvs\/publicacoes\/guia_alimentar_criancas_brasileiras_menores_2anos.pdf\">Guia Alimentar para Crian\u00e7as Brasileiras Menores de 2 Anos \u2013 Minist\u00e9rio da Sa\u00fade<\/a><\/p>\n\n\n\n<p><\/p>\n","protected":false},"excerpt":{"rendered":"<p>Quantas decis\u00f5es cabem nos primeiros anos de vida de uma crian\u00e7a? Da escolha da fralda \u00e0 vacina\u00e7\u00e3o em dia, os cuidados essenciais na primeira inf\u00e2ncia come\u00e7am antes mesmo do nascimento e influenciam toda a trajet\u00f3ria de sa\u00fade. Segundo o Minist\u00e9rio da Sa\u00fade (2025), os primeiros anos s\u00e3o determinantes para o crescimento adequado e a preven\u00e7\u00e3o [&hellip;]<\/p>\n","protected":false},"author":1,"featured_media":7610,"comment_status":"open","ping_status":"open","sticky":false,"template":"","format":"standard","meta":{"_acf_changed":false,"footnotes":""},"categories":[39,5],"tags":[608,917],"class_list":["post-7609","post","type-post","status-publish","format-standard","has-post-thumbnail","hentry","category-dicas-de-cuidados","category-mamae-e-bebe","tag-alimentacao-infantil","tag-mamae-e-bebe"],"acf":[],"yoast_head":"<!-- This site is optimized with the Yoast SEO plugin v24.3 - https:\/\/yoast.com\/wordpress\/plugins\/seo\/ -->\n<title>Cuidados essenciais na primeira inf\u00e2ncia | Araujo<\/title>\n<meta name=\"description\" content=\"Cuidados essenciais na primeira inf\u00e2ncia envolvem vacina\u00e7\u00e3o, amamenta\u00e7\u00e3o, sono e alimenta\u00e7\u00e3o. Veja orienta\u00e7\u00f5es seguras para seu filho.\" \/>\n<meta name=\"robots\" content=\"index, follow, max-snippet:-1, max-image-preview:large, max-video-preview:-1\" \/>\n<link rel=\"canonical\" href=\"https:\/\/araujo.com.br\/blog\/cuidados-primeira-infancia\/\" \/>\n<meta property=\"og:locale\" content=\"pt_BR\" \/>\n<meta property=\"og:type\" content=\"article\" \/>\n<meta property=\"og:title\" content=\"Cuidados essenciais na primeira inf\u00e2ncia | Araujo\" \/>\n<meta property=\"og:description\" content=\"Cuidados essenciais na primeira inf\u00e2ncia envolvem vacina\u00e7\u00e3o, amamenta\u00e7\u00e3o, sono e alimenta\u00e7\u00e3o. Veja orienta\u00e7\u00f5es seguras para seu filho.\" \/>\n<meta property=\"og:url\" content=\"https:\/\/araujo.com.br\/blog\/cuidados-primeira-infancia\/\" \/>\n<meta property=\"og:site_name\" content=\"Blog da Drogaria Araujo\" \/>\n<meta property=\"article:published_time\" content=\"2026-03-17T17:56:28+00:00\" \/>\n<meta property=\"article:modified_time\" content=\"2026-03-17T21:01:36+00:00\" \/>\n<meta property=\"og:image\" content=\"http:\/\/araujo.com.br\/blog\/wp-content\/uploads\/2026\/03\/mae-lendo-livro-com-filho-crianca-scaled.jpeg\" \/>\n\t<meta property=\"og:image:width\" content=\"2560\" \/>\n\t<meta property=\"og:image:height\" content=\"1707\" \/>\n\t<meta property=\"og:image:type\" content=\"image\/jpeg\" \/>\n<meta name=\"author\" content=\"Drogaria Araujo\" \/>\n<meta name=\"twitter:card\" content=\"summary_large_image\" \/>\n<meta name=\"twitter:label1\" content=\"Escrito por\" \/>\n\t<meta name=\"twitter:data1\" content=\"Drogaria Araujo\" \/>\n\t<meta name=\"twitter:label2\" content=\"Est. tempo de leitura\" \/>\n\t<meta name=\"twitter:data2\" content=\"6 minutos\" \/>\n<script type=\"application\/ld+json\" class=\"yoast-schema-graph\">{\"@context\":\"https:\/\/schema.org\",\"@graph\":[{\"@type\":\"WebPage\",\"@id\":\"https:\/\/araujo.com.br\/blog\/cuidados-primeira-infancia\/\",\"url\":\"https:\/\/araujo.com.br\/blog\/cuidados-primeira-infancia\/\",\"name\":\"Cuidados essenciais na primeira inf\u00e2ncia | Araujo\",\"isPartOf\":{\"@id\":\"https:\/\/araujo.com.br\/blog\/#website\"},\"primaryImageOfPage\":{\"@id\":\"https:\/\/araujo.com.br\/blog\/cuidados-primeira-infancia\/#primaryimage\"},\"image\":{\"@id\":\"https:\/\/araujo.com.br\/blog\/cuidados-primeira-infancia\/#primaryimage\"},\"thumbnailUrl\":\"https:\/\/araujo.com.br\/blog\/wp-content\/uploads\/2026\/03\/mae-lendo-livro-com-filho-crianca-scaled.jpeg\",\"datePublished\":\"2026-03-17T17:56:28+00:00\",\"dateModified\":\"2026-03-17T21:01:36+00:00\",\"author\":{\"@id\":\"https:\/\/araujo.com.br\/blog\/#\/schema\/person\/4e2eac75cf0e2c6b079ef9a0df2ece83\"},\"description\":\"Cuidados essenciais na primeira inf\u00e2ncia envolvem vacina\u00e7\u00e3o, amamenta\u00e7\u00e3o, sono e alimenta\u00e7\u00e3o. Veja orienta\u00e7\u00f5es seguras para seu filho.\",\"breadcrumb\":{\"@id\":\"https:\/\/araujo.com.br\/blog\/cuidados-primeira-infancia\/#breadcrumb\"},\"inLanguage\":\"pt-BR\",\"potentialAction\":[{\"@type\":\"ReadAction\",\"target\":[\"https:\/\/araujo.com.br\/blog\/cuidados-primeira-infancia\/\"]}]},{\"@type\":\"ImageObject\",\"inLanguage\":\"pt-BR\",\"@id\":\"https:\/\/araujo.com.br\/blog\/cuidados-primeira-infancia\/#primaryimage\",\"url\":\"https:\/\/araujo.com.br\/blog\/wp-content\/uploads\/2026\/03\/mae-lendo-livro-com-filho-crianca-scaled.jpeg\",\"contentUrl\":\"https:\/\/araujo.com.br\/blog\/wp-content\/uploads\/2026\/03\/mae-lendo-livro-com-filho-crianca-scaled.jpeg\",\"width\":2560,\"height\":1707,\"caption\":\"Mom reading a book with baby boy at home. Early age children education, development. Mother and child spending time together. Candid lifestyle.\"},{\"@type\":\"BreadcrumbList\",\"@id\":\"https:\/\/araujo.com.br\/blog\/cuidados-primeira-infancia\/#breadcrumb\",\"itemListElement\":[{\"@type\":\"ListItem\",\"position\":1,\"name\":\"In\u00edcio\",\"item\":\"https:\/\/araujo.com.br\/blog\/\"},{\"@type\":\"ListItem\",\"position\":2,\"name\":\"Cuidados essenciais na primeira inf\u00e2ncia\"}]},{\"@type\":\"WebSite\",\"@id\":\"https:\/\/araujo.com.br\/blog\/#website\",\"url\":\"https:\/\/araujo.com.br\/blog\/\",\"name\":\"Blog da Drogaria Araujo\",\"description\":\"Conte\u00fado que faz bem? A Araujo tem!\",\"potentialAction\":[{\"@type\":\"SearchAction\",\"target\":{\"@type\":\"EntryPoint\",\"urlTemplate\":\"https:\/\/araujo.com.br\/blog\/?s={search_term_string}\"},\"query-input\":{\"@type\":\"PropertyValueSpecification\",\"valueRequired\":true,\"valueName\":\"search_term_string\"}}],\"inLanguage\":\"pt-BR\"},{\"@type\":\"Person\",\"@id\":\"https:\/\/araujo.com.br\/blog\/#\/schema\/person\/4e2eac75cf0e2c6b079ef9a0df2ece83\",\"name\":\"Drogaria Araujo\",\"image\":{\"@type\":\"ImageObject\",\"inLanguage\":\"pt-BR\",\"@id\":\"https:\/\/araujo.com.br\/blog\/#\/schema\/person\/image\/\",\"url\":\"https:\/\/secure.gravatar.com\/avatar\/33e54dec0cd79fc4b5e911c15f836c46ec8d0e452ecd3ca5f707bce0a3540a3b?s=96&d=mm&r=g\",\"contentUrl\":\"https:\/\/secure.gravatar.com\/avatar\/33e54dec0cd79fc4b5e911c15f836c46ec8d0e452ecd3ca5f707bce0a3540a3b?s=96&d=mm&r=g\",\"caption\":\"Drogaria Araujo\"},\"description\":\"Especialista em Sa\u00fade da Fam\u00edlia. M\u00e9dico e nutricionista.\",\"sameAs\":[\"https:\/\/araujo.com.br\/blog\"],\"url\":\"https:\/\/araujo.com.br\/blog\/author\/admin\/\"}]}<\/script>\n<!-- \/ Yoast SEO plugin. -->","yoast_head_json":{"title":"Cuidados essenciais na primeira inf\u00e2ncia | Araujo","description":"Cuidados essenciais na primeira inf\u00e2ncia envolvem vacina\u00e7\u00e3o, amamenta\u00e7\u00e3o, sono e alimenta\u00e7\u00e3o. Veja orienta\u00e7\u00f5es seguras para seu filho.","robots":{"index":"index","follow":"follow","max-snippet":"max-snippet:-1","max-image-preview":"max-image-preview:large","max-video-preview":"max-video-preview:-1"},"canonical":"https:\/\/araujo.com.br\/blog\/cuidados-primeira-infancia\/","og_locale":"pt_BR","og_type":"article","og_title":"Cuidados essenciais na primeira inf\u00e2ncia | Araujo","og_description":"Cuidados essenciais na primeira inf\u00e2ncia envolvem vacina\u00e7\u00e3o, amamenta\u00e7\u00e3o, sono e alimenta\u00e7\u00e3o. Veja orienta\u00e7\u00f5es seguras para seu filho.","og_url":"https:\/\/araujo.com.br\/blog\/cuidados-primeira-infancia\/","og_site_name":"Blog da Drogaria Araujo","article_published_time":"2026-03-17T17:56:28+00:00","article_modified_time":"2026-03-17T21:01:36+00:00","og_image":[{"width":2560,"height":1707,"url":"http:\/\/araujo.com.br\/blog\/wp-content\/uploads\/2026\/03\/mae-lendo-livro-com-filho-crianca-scaled.jpeg","type":"image\/jpeg"}],"author":"Drogaria Araujo","twitter_card":"summary_large_image","twitter_misc":{"Escrito por":"Drogaria Araujo","Est. tempo de leitura":"6 minutos"},"schema":{"@context":"https:\/\/schema.org","@graph":[{"@type":"WebPage","@id":"https:\/\/araujo.com.br\/blog\/cuidados-primeira-infancia\/","url":"https:\/\/araujo.com.br\/blog\/cuidados-primeira-infancia\/","name":"Cuidados essenciais na primeira inf\u00e2ncia | Araujo","isPartOf":{"@id":"https:\/\/araujo.com.br\/blog\/#website"},"primaryImageOfPage":{"@id":"https:\/\/araujo.com.br\/blog\/cuidados-primeira-infancia\/#primaryimage"},"image":{"@id":"https:\/\/araujo.com.br\/blog\/cuidados-primeira-infancia\/#primaryimage"},"thumbnailUrl":"https:\/\/araujo.com.br\/blog\/wp-content\/uploads\/2026\/03\/mae-lendo-livro-com-filho-crianca-scaled.jpeg","datePublished":"2026-03-17T17:56:28+00:00","dateModified":"2026-03-17T21:01:36+00:00","author":{"@id":"https:\/\/araujo.com.br\/blog\/#\/schema\/person\/4e2eac75cf0e2c6b079ef9a0df2ece83"},"description":"Cuidados essenciais na primeira inf\u00e2ncia envolvem vacina\u00e7\u00e3o, amamenta\u00e7\u00e3o, sono e alimenta\u00e7\u00e3o. Veja orienta\u00e7\u00f5es seguras para seu filho.","breadcrumb":{"@id":"https:\/\/araujo.com.br\/blog\/cuidados-primeira-infancia\/#breadcrumb"},"inLanguage":"pt-BR","potentialAction":[{"@type":"ReadAction","target":["https:\/\/araujo.com.br\/blog\/cuidados-primeira-infancia\/"]}]},{"@type":"ImageObject","inLanguage":"pt-BR","@id":"https:\/\/araujo.com.br\/blog\/cuidados-primeira-infancia\/#primaryimage","url":"https:\/\/araujo.com.br\/blog\/wp-content\/uploads\/2026\/03\/mae-lendo-livro-com-filho-crianca-scaled.jpeg","contentUrl":"https:\/\/araujo.com.br\/blog\/wp-content\/uploads\/2026\/03\/mae-lendo-livro-com-filho-crianca-scaled.jpeg","width":2560,"height":1707,"caption":"Mom reading a book with baby boy at home. Early age children education, development. Mother and child spending time together. Candid lifestyle."},{"@type":"BreadcrumbList","@id":"https:\/\/araujo.com.br\/blog\/cuidados-primeira-infancia\/#breadcrumb","itemListElement":[{"@type":"ListItem","position":1,"name":"In\u00edcio","item":"https:\/\/araujo.com.br\/blog\/"},{"@type":"ListItem","position":2,"name":"Cuidados essenciais na primeira inf\u00e2ncia"}]},{"@type":"WebSite","@id":"https:\/\/araujo.com.br\/blog\/#website","url":"https:\/\/araujo.com.br\/blog\/","name":"Blog da Drogaria Araujo","description":"Conte\u00fado que faz bem? A Araujo tem!","potentialAction":[{"@type":"SearchAction","target":{"@type":"EntryPoint","urlTemplate":"https:\/\/araujo.com.br\/blog\/?s={search_term_string}"},"query-input":{"@type":"PropertyValueSpecification","valueRequired":true,"valueName":"search_term_string"}}],"inLanguage":"pt-BR"},{"@type":"Person","@id":"https:\/\/araujo.com.br\/blog\/#\/schema\/person\/4e2eac75cf0e2c6b079ef9a0df2ece83","name":"Drogaria Araujo","image":{"@type":"ImageObject","inLanguage":"pt-BR","@id":"https:\/\/araujo.com.br\/blog\/#\/schema\/person\/image\/","url":"https:\/\/secure.gravatar.com\/avatar\/33e54dec0cd79fc4b5e911c15f836c46ec8d0e452ecd3ca5f707bce0a3540a3b?s=96&d=mm&r=g","contentUrl":"https:\/\/secure.gravatar.com\/avatar\/33e54dec0cd79fc4b5e911c15f836c46ec8d0e452ecd3ca5f707bce0a3540a3b?s=96&d=mm&r=g","caption":"Drogaria Araujo"},"description":"Especialista em Sa\u00fade da Fam\u00edlia. M\u00e9dico e nutricionista.","sameAs":["https:\/\/araujo.com.br\/blog"],"url":"https:\/\/araujo.com.br\/blog\/author\/admin\/"}]}},"_links":{"self":[{"href":"https:\/\/araujo.com.br\/blog\/wp-json\/wp\/v2\/posts\/7609","targetHints":{"allow":["GET"]}}],"collection":[{"href":"https:\/\/araujo.com.br\/blog\/wp-json\/wp\/v2\/posts"}],"about":[{"href":"https:\/\/araujo.com.br\/blog\/wp-json\/wp\/v2\/types\/post"}],"author":[{"embeddable":true,"href":"https:\/\/araujo.com.br\/blog\/wp-json\/wp\/v2\/users\/1"}],"replies":[{"embeddable":true,"href":"https:\/\/araujo.com.br\/blog\/wp-json\/wp\/v2\/comments?post=7609"}],"version-history":[{"count":1,"href":"https:\/\/araujo.com.br\/blog\/wp-json\/wp\/v2\/posts\/7609\/revisions"}],"predecessor-version":[{"id":7613,"href":"https:\/\/araujo.com.br\/blog\/wp-json\/wp\/v2\/posts\/7609\/revisions\/7613"}],"wp:featuredmedia":[{"embeddable":true,"href":"https:\/\/araujo.com.br\/blog\/wp-json\/wp\/v2\/media\/7610"}],"wp:attachment":[{"href":"https:\/\/araujo.com.br\/blog\/wp-json\/wp\/v2\/media?parent=7609"}],"wp:term":[{"taxonomy":"category","embeddable":true,"href":"https:\/\/araujo.com.br\/blog\/wp-json\/wp\/v2\/categories?post=7609"},{"taxonomy":"post_tag","embeddable":true,"href":"https:\/\/araujo.com.br\/blog\/wp-json\/wp\/v2\/tags?post=7609"}],"curies":[{"name":"wp","href":"https:\/\/api.w.org\/{rel}","templated":true}]}}