{"id":7616,"date":"2026-03-18T15:51:29","date_gmt":"2026-03-18T12:51:29","guid":{"rendered":"https:\/\/araujo.com.br\/blog\/?p=7616"},"modified":"2026-03-18T15:51:31","modified_gmt":"2026-03-18T12:51:31","slug":"vacina-meningite-b","status":"publish","type":"post","link":"https:\/\/araujo.com.br\/blog\/vacina-meningite-b\/","title":{"rendered":"Vacina Meningite B: riscos da doen\u00e7a, sintomas e vacina\u00e7\u00e3o"},"content":{"rendered":"\n<p>A <strong><a href=\"https:\/\/www.araujo.com.br\/vacina-meningococica-b-gsk-bexsero\/80565.html?utm_source=blog&amp;utm_medium=texto+vacina+meningite+b&amp;utm_campaign=meningite+b\">vacina contra a meningite B<\/a><\/strong> ganhou ainda mais relev\u00e2ncia nos \u00faltimos anos diante do aumento de casos da doen\u00e7a no Brasil, inclusive com registros de \u00f3bitos entre crian\u00e7as e adolescentes. A meningite B \u00e9 uma das formas mais graves, capaz de evoluir rapidamente e deixar sequelas ou at\u00e9 levar \u00e0 morte em poucas horas.<\/p>\n\n\n\n<p>Segundo dados do Minist\u00e9rio da Sa\u00fade (2025), a meningite B continua sendo um desafio de sa\u00fade p\u00fablica no pa\u00eds, especialmente em faixas et\u00e1rias mais jovens, nas quais o sistema imunol\u00f3gico ainda est\u00e1 em desenvolvimento. Diante desse cen\u00e1rio, a vacina\u00e7\u00e3o se consolida como a forma mais eficaz de preven\u00e7\u00e3o e prote\u00e7\u00e3o da sa\u00fade individual e coletiva.<\/p>\n\n\n\n<p>Neste conte\u00fado, voc\u00ea vai entender por que a vacina contra a meningite B \u00e9 t\u00e3o importante, como a doen\u00e7a se manifesta, como ocorre a transmiss\u00e3o, quais s\u00e3o as diferen\u00e7as entre os tipos e como a Araujo pode ajudar nesse cuidado essencial.<\/p>\n\n\n\n<figure class=\"wp-block-image size-full\"><a href=\"https:\/\/www.araujo.com.br\/gripe.html?utm_source=blog&amp;utm_medium=banner+texto+vacina+meningite+b&amp;utm_campaign=vacina+da+gripe\"><img loading=\"lazy\" decoding=\"async\" width=\"800\" height=\"232\" src=\"https:\/\/araujo.com.br\/blog\/wp-content\/uploads\/2026\/03\/banner-vacina-da-gripe-araujo-20.png\" alt=\"banner vacina da gripe araujo\" class=\"wp-image-7617\" srcset=\"https:\/\/araujo.com.br\/blog\/wp-content\/uploads\/2026\/03\/banner-vacina-da-gripe-araujo-20.png 800w, https:\/\/araujo.com.br\/blog\/wp-content\/uploads\/2026\/03\/banner-vacina-da-gripe-araujo-20-300x87.png 300w, https:\/\/araujo.com.br\/blog\/wp-content\/uploads\/2026\/03\/banner-vacina-da-gripe-araujo-20-768x223.png 768w\" sizes=\"auto, (max-width: 800px) 100vw, 800px\" \/><\/a><\/figure>\n\n\n\n<h2 class=\"wp-block-heading\">Conhe\u00e7a os sintomas e a gravidade da meningite B<\/h2>\n\n\n\n<p>A meningite B \u00e9 causada pela bact\u00e9ria <em>Neisseria meningitidis<\/em> do sorogrupo B. Em muitos casos, a doen\u00e7a pode evoluir de sintomas iniciais inespec\u00edficos para quadros graves em menos de 24 horas.<\/p>\n\n\n\n<p>Entre os <strong>principais sintomas<\/strong>, est\u00e3o:<\/p>\n\n\n\n<ul class=\"wp-block-list\">\n<li>Febre alta e s\u00fabita;<\/li>\n\n\n\n<li>Dor de cabe\u00e7a intensa e persistente;<\/li>\n\n\n\n<li>Rigidez na nuca;<\/li>\n\n\n\n<li>N\u00e1useas e v\u00f4mitos;<\/li>\n\n\n\n<li>Sensibilidade \u00e0 luz;<\/li>\n\n\n\n<li>Sonol\u00eancia ou confus\u00e3o mental;<\/li>\n\n\n\n<li>Manchas roxas ou avermelhadas na pele; e<\/li>\n\n\n\n<li>Extremidades frias.<\/li>\n<\/ul>\n\n\n\n<p>Em beb\u00eas e crian\u00e7as pequenas, os sinais podem incluir choro inconsol\u00e1vel, recusa alimentar, moleira abaulada e irritabilidade intensa.<\/p>\n\n\n\n<p>Conforme informa\u00e7\u00f5es da Funda\u00e7\u00e3o Oswaldo Cruz (Fiocruz, 2023), a doen\u00e7a meningoc\u00f3cica pode levar a complica\u00e7\u00f5es graves como surdez, amputa\u00e7\u00f5es, danos neurol\u00f3gicos permanentes e at\u00e9 \u00f3bito, mesmo quando h\u00e1 atendimento m\u00e9dico r\u00e1pido.<\/p>\n\n\n\n<p><strong>Como \u00e9 transmitida a meningite B<\/strong><\/p>\n\n\n\n<p>A transmiss\u00e3o da meningite B ocorre por meio do <strong>contato direto com secre\u00e7\u00f5es respirat\u00f3rias ou saliva<\/strong> de uma pessoa infectada, como ao tossir, espirrar, beijar ou compartilhar objetos de uso pessoal.<\/p>\n\n\n\n<p>Ambientes com grande circula\u00e7\u00e3o de pessoas favorecem a dissemina\u00e7\u00e3o da bact\u00e9ria, como:<\/p>\n\n\n\n<ul class=\"wp-block-list\">\n<li>Resid\u00eancias com muitas pessoas;<\/li>\n\n\n\n<li>Creches e escolas; e<\/li>\n\n\n\n<li>Festas e eventos com aglomera\u00e7\u00e3o.<\/li>\n<\/ul>\n\n\n\n<p>Segundo o Minist\u00e9rio da Sa\u00fade (2025), adolescentes e jovens adultos est\u00e3o entre os grupos com maior risco de transmiss\u00e3o, justamente pela conviv\u00eancia social intensa e prolongada.<\/p>\n\n\n\n<p><strong>Como prevenir a doen\u00e7a<\/strong><\/p>\n\n\n\n<p>Algumas medidas ajudam a reduzir o risco de transmiss\u00e3o da meningite B, como manter ambientes bem ventilados, evitar aglomera\u00e7\u00f5es em per\u00edodos de surtos e adotar bons h\u00e1bitos de higiene.<\/p>\n\n\n\n<p>No entanto, <strong>essas medidas n\u00e3o substituem a vacina\u00e7\u00e3o<\/strong>. A forma mais eficaz e segura de preven\u00e7\u00e3o continua sendo a <a href=\"https:\/\/www.araujo.com.br\/vacina-meningococica-b-gsk-bexsero\/80565.html?utm_source=blog&amp;utm_medium=texto+vacina+meningite+b&amp;utm_campaign=meningite+b\"><strong>vacina meningite B<\/strong>,<\/a> especialmente para crian\u00e7as, adolescentes e grupos de risco.<\/p>\n\n\n\n<p>A Organiza\u00e7\u00e3o Mundial da Sa\u00fade (OMS, 2025) refor\u00e7a que programas de imuniza\u00e7\u00e3o s\u00e3o fundamentais para reduzir a incid\u00eancia da doen\u00e7a e suas consequ\u00eancias graves.<\/p>\n\n\n\n<h2 class=\"wp-block-heading\">Veja como funciona a vacina contra a meningite B<\/h2>\n\n\n\n<p>A <strong>vacina <\/strong>protege especificamente contra o sorogrupo B da bact\u00e9ria meningoc\u00f3cica, respons\u00e1vel por grande parte dos casos graves registrados no Brasil e no mundo.<\/p>\n\n\n\n<h3 class=\"wp-block-heading\"><strong>Para quem a vacina \u00e9 indicada?<\/strong><\/h3>\n\n\n\n<p>A vacina \u00e9 indicada principalmente para:<\/p>\n\n\n\n<ul class=\"wp-block-list\">\n<li>Beb\u00eas a partir de 2 meses;<\/li>\n\n\n\n<li>Crian\u00e7as;<\/li>\n\n\n\n<li>Adolescentes;<\/li>\n\n\n\n<li>Jovens adultos; e<\/li>\n\n\n\n<li>Pessoas com condi\u00e7\u00f5es cl\u00ednicas espec\u00edficas ou maior risco de exposi\u00e7\u00e3o.<\/li>\n<\/ul>\n\n\n\n<h3 class=\"wp-block-heading\"><strong>Posologia e esquema de vacina\u00e7\u00e3o<\/strong><\/h3>\n\n\n\n<p>O esquema de vacina\u00e7\u00e3o varia conforme a idade em que a imuniza\u00e7\u00e3o \u00e9 iniciada:<\/p>\n\n\n\n<ul class=\"wp-block-list\">\n<li><strong>Beb\u00eas<\/strong>: geralmente 2 ou 3 doses no primeiro ano de vida, com refor\u00e7o.<\/li>\n\n\n\n<li><strong>Crian\u00e7as maiores e adolescentes<\/strong>: esquema com 2 doses.<\/li>\n\n\n\n<li><strong>Adultos<\/strong>: avalia\u00e7\u00e3o individual conforme indica\u00e7\u00e3o m\u00e9dica.<\/li>\n<\/ul>\n\n\n\n<p>A recomenda\u00e7\u00e3o deve sempre ser feita por um profissional de sa\u00fade.<\/p>\n\n\n\n<h3 class=\"wp-block-heading\"><strong>Como agendar a vacina na Araujo<\/strong><\/h3>\n\n\n\n<p>A Araujo oferece a <a href=\"https:\/\/www.araujo.com.br\/vacina-meningococica-b-gsk-bexsero\/80565.html?utm_source=blog&amp;utm_medium=texto+vacina+meningite+b&amp;utm_campaign=meningite+b\"><strong>vacina meningite B<\/strong><\/a> para voc\u00ea tom\u00e1-la com seguran\u00e7a, conforto e acompanhamento de uma equipe capacitada para esclarecer todas as d\u00favidas sobre o esquema vacinal.<\/p>\n\n\n\n<p>A Araujo disponibiliza <strong>boas condi\u00e7\u00f5es de pagamento<\/strong>, facilitando o acesso \u00e0 imuniza\u00e7\u00e3o e refor\u00e7ando o compromisso com a sa\u00fade preventiva.<\/p>\n\n\n\n<h2 class=\"wp-block-heading\">Descubra a diferen\u00e7a entre a vacina ACWY e meningite B<\/h2>\n\n\n\n<p>Uma d\u00favida comum \u00e9 sobre a diferen\u00e7a entre a vacina meningoc\u00f3cica <strong>ACWY<\/strong> e a <strong>meningite B<\/strong>.<\/p>\n\n\n\n<ul class=\"wp-block-list\">\n<li><strong>Vacina ACWY<\/strong>: protege contra os sorogrupos A, C, W e Y.<\/li>\n\n\n\n<li><strong>Vacina meningite B<\/strong>: protege exclusivamente contra o sorogrupo B.<\/li>\n<\/ul>\n\n\n\n<p>Ambas s\u00e3o importantes e <strong>complementares<\/strong>, j\u00e1 que protegem contra tipos diferentes da bact\u00e9ria. A vacina ACWY faz parte do calend\u00e1rio nacional em determinadas faixas et\u00e1rias, enquanto a meningite B possui indica\u00e7\u00e3o espec\u00edfica e n\u00e3o substitui a ACWY.<\/p>\n\n\n\n<p>Segundo a Sociedade Brasileira de Imuniza\u00e7\u00f5es (SBIm, 2025), a prote\u00e7\u00e3o completa contra a doen\u00e7a meningoc\u00f3cica envolve a aplica\u00e7\u00e3o das duas vacinas.<\/p>\n\n\n\n<p><strong><strong>Por que \u00e9 t\u00e3o importante se vacinar contra a doen\u00e7a?<\/strong><\/strong><\/p>\n\n\n\n<p>Um informe epidemiol\u00f3gico oficial do Minist\u00e9rio da Sa\u00fade (2025) mostra que, entre os diversos tipos de meningite bacteriana no Brasil, a doen\u00e7a meningoc\u00f3cica (que inclui a B) representou <strong>488 casos e 108 \u00f3bitos, com letalidade de 22,1% dos casos<\/strong> de meningite bacteriana notificados at\u00e9 setembro de 2024. Isto significa que <strong>mais de 1 em cada 5 pessoas com a doen\u00e7a n\u00e3o sobreviveu.<\/strong><\/p>\n\n\n\n<p>Al\u00e9m do risco de morte, as sequelas f\u00edsicas e neurol\u00f3gicas impactam profundamente a qualidade de vida dos pacientes e de suas fam\u00edlias.<\/p>\n\n\n\n<p>Diante desse cen\u00e1rio, investir na <strong>vacina meningite B<\/strong> \u00e9 uma escolha de cuidado, preven\u00e7\u00e3o e responsabilidade.<\/p>\n\n\n\n<h2 class=\"wp-block-heading\">Vacina meningite B: preven\u00e7\u00e3o hoje para proteger vidas no futuro<\/h2>\n\n\n\n<p>A <strong><a href=\"https:\/\/www.araujo.com.br\/vacina-meningococica-b-gsk-bexsero\/80565.html?utm_source=blog&amp;utm_medium=texto+vacina+meningite+b&amp;utm_campaign=meningite+b\">vacina meningite B<\/a><\/strong> \u00e9 uma das formas mais eficazes de proteger crian\u00e7as, adolescentes e adultos contra uma doen\u00e7a grave, de evolu\u00e7\u00e3o r\u00e1pida e potencialmente fatal. Entender os riscos, suas formas de transmiss\u00e3o e a import\u00e2ncia da vacina\u00e7\u00e3o \u00e9 um passo essencial para a preven\u00e7\u00e3o.<\/p>\n\n\n\n<p>Se voc\u00ea busca seguran\u00e7a, informa\u00e7\u00e3o confi\u00e1vel e cuidado de verdade, conte com a Araujo para se vacinar e esclarecer suas d\u00favidas.&nbsp;<\/p>\n\n\n\n<p><strong>Fontes:<\/strong><\/p>\n\n\n\n<p><a href=\"https:\/\/www.who.int\/news-room\/fact-sheets\/detail\/meningitis?\">Organiza\u00e7\u00e3o Mundial da sa\u00fade<\/a><\/p>\n\n\n\n<p><a href=\"https:\/\/www.gov.br\/saude\/pt-br\/assuntos\/saude-de-a-a-z\/m\/meningite\">&nbsp;Minist\u00e9rio da Sa\u00fade<\/a>&nbsp;<\/p>\n\n\n\n<p><a href=\"https:\/\/fiocruz.br\/taxonomia-geral-05-doencas\/meningites\">Funda\u00e7\u00e3o Oswaldo Cruz (Fiocruz)<\/a><\/p>\n\n\n\n<p><a href=\"https:\/\/familia.sbim.org.br\/index.php?catid-&amp;id=88:doenca=mmeningococicamdm&amp;option=com_content&amp;view=article&amp;utm\">SBIm (Sociedade Brasileira de Imuniza\u00e7\u00f5es)<\/a><\/p>\n\n\n\n<p><a href=\"https:\/\/www.gov.br\/saude\/pt-br\/assuntos\/saude-de-a-a-z\/m\/meningite\/situacao-epidemiologica\/dados-epidemiologicos\/informe-meningite.pdf?utm_\">Informe Meningites &#8211; Secretaria de Vigil\u00e2ncia em Sa\u00fade e Ambiente e Minist\u00e9rio da Sa\u00fade<\/a><\/p>\n\n\n\n<figure class=\"wp-block-image size-full\"><a href=\"https:\/\/www.araujo.com.br\/gripe.html?utm_source=blog&amp;utm_medium=banner+texto+vacina+meningite+b&amp;utm_campaign=vacina+da+gripe\"><img loading=\"lazy\" decoding=\"async\" width=\"800\" height=\"232\" src=\"https:\/\/araujo.com.br\/blog\/wp-content\/uploads\/2026\/03\/banner-vacina-da-gripe-araujo-21.png\" alt=\"banner vacina da gripe araujo\" class=\"wp-image-7618\" srcset=\"https:\/\/araujo.com.br\/blog\/wp-content\/uploads\/2026\/03\/banner-vacina-da-gripe-araujo-21.png 800w, https:\/\/araujo.com.br\/blog\/wp-content\/uploads\/2026\/03\/banner-vacina-da-gripe-araujo-21-300x87.png 300w, https:\/\/araujo.com.br\/blog\/wp-content\/uploads\/2026\/03\/banner-vacina-da-gripe-araujo-21-768x223.png 768w\" sizes=\"auto, (max-width: 800px) 100vw, 800px\" \/><\/a><\/figure>\n","protected":false},"excerpt":{"rendered":"<p>A vacina contra a meningite B ganhou ainda mais relev\u00e2ncia nos \u00faltimos anos diante do aumento de casos da doen\u00e7a no Brasil, inclusive com registros de \u00f3bitos entre crian\u00e7as e adolescentes. A meningite B \u00e9 uma das formas mais graves, capaz de evoluir rapidamente e deixar sequelas ou at\u00e9 levar \u00e0 morte em poucas horas. [&hellip;]<\/p>\n","protected":false},"author":1,"featured_media":7532,"comment_status":"open","ping_status":"open","sticky":false,"template":"","format":"standard","meta":{"_acf_changed":false,"footnotes":""},"categories":[3,916],"tags":[670,167,294,651],"class_list":["post-7616","post","type-post","status-publish","format-standard","has-post-thumbnail","hentry","category-saude-e-bem-estar","category-vacinas","tag-meningite","tag-prevencao","tag-saude","tag-vacina"],"acf":[],"yoast_head":"<!-- This site is optimized with the Yoast SEO plugin v24.3 - https:\/\/yoast.com\/wordpress\/plugins\/seo\/ -->\n<title>Vacina Meningite B: riscos da doen\u00e7a, sintomas e vacina\u00e7\u00e3o | Araujo<\/title>\n<meta name=\"description\" content=\"Vacina Meningite B: entenda os riscos, sintomas, transmiss\u00e3o e a import\u00e2ncia da vacina\u00e7\u00e3o para crian\u00e7as e adolescentes. Vacine-se na Araujo!\" \/>\n<meta name=\"robots\" content=\"index, follow, max-snippet:-1, max-image-preview:large, max-video-preview:-1\" \/>\n<link rel=\"canonical\" href=\"https:\/\/araujo.com.br\/blog\/vacina-meningite-b\/\" \/>\n<meta property=\"og:locale\" content=\"pt_BR\" \/>\n<meta property=\"og:type\" content=\"article\" \/>\n<meta property=\"og:title\" content=\"Vacina Meningite B: riscos da doen\u00e7a, sintomas e vacina\u00e7\u00e3o | Araujo\" \/>\n<meta property=\"og:description\" content=\"Vacina Meningite B: entenda os riscos, sintomas, transmiss\u00e3o e a import\u00e2ncia da vacina\u00e7\u00e3o para crian\u00e7as e adolescentes. Vacine-se na Araujo!\" \/>\n<meta property=\"og:url\" content=\"https:\/\/araujo.com.br\/blog\/vacina-meningite-b\/\" \/>\n<meta property=\"og:site_name\" content=\"Blog da Drogaria Araujo\" \/>\n<meta property=\"article:published_time\" content=\"2026-03-18T12:51:29+00:00\" \/>\n<meta property=\"article:modified_time\" content=\"2026-03-18T12:51:31+00:00\" \/>\n<meta property=\"og:image\" content=\"http:\/\/araujo.com.br\/blog\/wp-content\/uploads\/2026\/03\/menina-sendo-vacinada-scaled.jpeg\" \/>\n\t<meta property=\"og:image:width\" content=\"2560\" \/>\n\t<meta property=\"og:image:height\" content=\"1782\" \/>\n\t<meta property=\"og:image:type\" content=\"image\/jpeg\" \/>\n<meta name=\"author\" content=\"Drogaria Araujo\" \/>\n<meta name=\"twitter:card\" content=\"summary_large_image\" \/>\n<meta name=\"twitter:label1\" content=\"Escrito por\" \/>\n\t<meta name=\"twitter:data1\" content=\"Drogaria Araujo\" \/>\n\t<meta name=\"twitter:label2\" content=\"Est. tempo de leitura\" \/>\n\t<meta name=\"twitter:data2\" content=\"6 minutos\" \/>\n<script type=\"application\/ld+json\" class=\"yoast-schema-graph\">{\"@context\":\"https:\/\/schema.org\",\"@graph\":[{\"@type\":\"WebPage\",\"@id\":\"https:\/\/araujo.com.br\/blog\/vacina-meningite-b\/\",\"url\":\"https:\/\/araujo.com.br\/blog\/vacina-meningite-b\/\",\"name\":\"Vacina Meningite B: riscos da doen\u00e7a, sintomas e vacina\u00e7\u00e3o | Araujo\",\"isPartOf\":{\"@id\":\"https:\/\/araujo.com.br\/blog\/#website\"},\"primaryImageOfPage\":{\"@id\":\"https:\/\/araujo.com.br\/blog\/vacina-meningite-b\/#primaryimage\"},\"image\":{\"@id\":\"https:\/\/araujo.com.br\/blog\/vacina-meningite-b\/#primaryimage\"},\"thumbnailUrl\":\"https:\/\/araujo.com.br\/blog\/wp-content\/uploads\/2026\/03\/menina-sendo-vacinada-scaled.jpeg\",\"datePublished\":\"2026-03-18T12:51:29+00:00\",\"dateModified\":\"2026-03-18T12:51:31+00:00\",\"author\":{\"@id\":\"https:\/\/araujo.com.br\/blog\/#\/schema\/person\/4e2eac75cf0e2c6b079ef9a0df2ece83\"},\"description\":\"Vacina Meningite B: entenda os riscos, sintomas, transmiss\u00e3o e a import\u00e2ncia da vacina\u00e7\u00e3o para crian\u00e7as e adolescentes. Vacine-se na Araujo!\",\"breadcrumb\":{\"@id\":\"https:\/\/araujo.com.br\/blog\/vacina-meningite-b\/#breadcrumb\"},\"inLanguage\":\"pt-BR\",\"potentialAction\":[{\"@type\":\"ReadAction\",\"target\":[\"https:\/\/araujo.com.br\/blog\/vacina-meningite-b\/\"]}]},{\"@type\":\"ImageObject\",\"inLanguage\":\"pt-BR\",\"@id\":\"https:\/\/araujo.com.br\/blog\/vacina-meningite-b\/#primaryimage\",\"url\":\"https:\/\/araujo.com.br\/blog\/wp-content\/uploads\/2026\/03\/menina-sendo-vacinada-scaled.jpeg\",\"contentUrl\":\"https:\/\/araujo.com.br\/blog\/wp-content\/uploads\/2026\/03\/menina-sendo-vacinada-scaled.jpeg\",\"width\":2560,\"height\":1782,\"caption\":\"Female nurse giving an arm injection to a child. Little kid in getting a shot at a modern vaccination center. Covid 19 vaccine to a little girl\"},{\"@type\":\"BreadcrumbList\",\"@id\":\"https:\/\/araujo.com.br\/blog\/vacina-meningite-b\/#breadcrumb\",\"itemListElement\":[{\"@type\":\"ListItem\",\"position\":1,\"name\":\"In\u00edcio\",\"item\":\"https:\/\/araujo.com.br\/blog\/\"},{\"@type\":\"ListItem\",\"position\":2,\"name\":\"Vacina Meningite B: riscos da doen\u00e7a, sintomas e vacina\u00e7\u00e3o\"}]},{\"@type\":\"WebSite\",\"@id\":\"https:\/\/araujo.com.br\/blog\/#website\",\"url\":\"https:\/\/araujo.com.br\/blog\/\",\"name\":\"Blog da Drogaria Araujo\",\"description\":\"Conte\u00fado que faz bem? A Araujo tem!\",\"potentialAction\":[{\"@type\":\"SearchAction\",\"target\":{\"@type\":\"EntryPoint\",\"urlTemplate\":\"https:\/\/araujo.com.br\/blog\/?s={search_term_string}\"},\"query-input\":{\"@type\":\"PropertyValueSpecification\",\"valueRequired\":true,\"valueName\":\"search_term_string\"}}],\"inLanguage\":\"pt-BR\"},{\"@type\":\"Person\",\"@id\":\"https:\/\/araujo.com.br\/blog\/#\/schema\/person\/4e2eac75cf0e2c6b079ef9a0df2ece83\",\"name\":\"Drogaria Araujo\",\"image\":{\"@type\":\"ImageObject\",\"inLanguage\":\"pt-BR\",\"@id\":\"https:\/\/araujo.com.br\/blog\/#\/schema\/person\/image\/\",\"url\":\"https:\/\/secure.gravatar.com\/avatar\/33e54dec0cd79fc4b5e911c15f836c46ec8d0e452ecd3ca5f707bce0a3540a3b?s=96&d=mm&r=g\",\"contentUrl\":\"https:\/\/secure.gravatar.com\/avatar\/33e54dec0cd79fc4b5e911c15f836c46ec8d0e452ecd3ca5f707bce0a3540a3b?s=96&d=mm&r=g\",\"caption\":\"Drogaria Araujo\"},\"description\":\"Especialista em Sa\u00fade da Fam\u00edlia. M\u00e9dico e nutricionista.\",\"sameAs\":[\"https:\/\/araujo.com.br\/blog\"],\"url\":\"https:\/\/araujo.com.br\/blog\/author\/admin\/\"}]}<\/script>\n<!-- \/ Yoast SEO plugin. -->","yoast_head_json":{"title":"Vacina Meningite B: riscos da doen\u00e7a, sintomas e vacina\u00e7\u00e3o | Araujo","description":"Vacina Meningite B: entenda os riscos, sintomas, transmiss\u00e3o e a import\u00e2ncia da vacina\u00e7\u00e3o para crian\u00e7as e adolescentes. Vacine-se na Araujo!","robots":{"index":"index","follow":"follow","max-snippet":"max-snippet:-1","max-image-preview":"max-image-preview:large","max-video-preview":"max-video-preview:-1"},"canonical":"https:\/\/araujo.com.br\/blog\/vacina-meningite-b\/","og_locale":"pt_BR","og_type":"article","og_title":"Vacina Meningite B: riscos da doen\u00e7a, sintomas e vacina\u00e7\u00e3o | Araujo","og_description":"Vacina Meningite B: entenda os riscos, sintomas, transmiss\u00e3o e a import\u00e2ncia da vacina\u00e7\u00e3o para crian\u00e7as e adolescentes. Vacine-se na Araujo!","og_url":"https:\/\/araujo.com.br\/blog\/vacina-meningite-b\/","og_site_name":"Blog da Drogaria Araujo","article_published_time":"2026-03-18T12:51:29+00:00","article_modified_time":"2026-03-18T12:51:31+00:00","og_image":[{"width":2560,"height":1782,"url":"http:\/\/araujo.com.br\/blog\/wp-content\/uploads\/2026\/03\/menina-sendo-vacinada-scaled.jpeg","type":"image\/jpeg"}],"author":"Drogaria Araujo","twitter_card":"summary_large_image","twitter_misc":{"Escrito por":"Drogaria Araujo","Est. tempo de leitura":"6 minutos"},"schema":{"@context":"https:\/\/schema.org","@graph":[{"@type":"WebPage","@id":"https:\/\/araujo.com.br\/blog\/vacina-meningite-b\/","url":"https:\/\/araujo.com.br\/blog\/vacina-meningite-b\/","name":"Vacina Meningite B: riscos da doen\u00e7a, sintomas e vacina\u00e7\u00e3o | Araujo","isPartOf":{"@id":"https:\/\/araujo.com.br\/blog\/#website"},"primaryImageOfPage":{"@id":"https:\/\/araujo.com.br\/blog\/vacina-meningite-b\/#primaryimage"},"image":{"@id":"https:\/\/araujo.com.br\/blog\/vacina-meningite-b\/#primaryimage"},"thumbnailUrl":"https:\/\/araujo.com.br\/blog\/wp-content\/uploads\/2026\/03\/menina-sendo-vacinada-scaled.jpeg","datePublished":"2026-03-18T12:51:29+00:00","dateModified":"2026-03-18T12:51:31+00:00","author":{"@id":"https:\/\/araujo.com.br\/blog\/#\/schema\/person\/4e2eac75cf0e2c6b079ef9a0df2ece83"},"description":"Vacina Meningite B: entenda os riscos, sintomas, transmiss\u00e3o e a import\u00e2ncia da vacina\u00e7\u00e3o para crian\u00e7as e adolescentes. Vacine-se na Araujo!","breadcrumb":{"@id":"https:\/\/araujo.com.br\/blog\/vacina-meningite-b\/#breadcrumb"},"inLanguage":"pt-BR","potentialAction":[{"@type":"ReadAction","target":["https:\/\/araujo.com.br\/blog\/vacina-meningite-b\/"]}]},{"@type":"ImageObject","inLanguage":"pt-BR","@id":"https:\/\/araujo.com.br\/blog\/vacina-meningite-b\/#primaryimage","url":"https:\/\/araujo.com.br\/blog\/wp-content\/uploads\/2026\/03\/menina-sendo-vacinada-scaled.jpeg","contentUrl":"https:\/\/araujo.com.br\/blog\/wp-content\/uploads\/2026\/03\/menina-sendo-vacinada-scaled.jpeg","width":2560,"height":1782,"caption":"Female nurse giving an arm injection to a child. Little kid in getting a shot at a modern vaccination center. Covid 19 vaccine to a little girl"},{"@type":"BreadcrumbList","@id":"https:\/\/araujo.com.br\/blog\/vacina-meningite-b\/#breadcrumb","itemListElement":[{"@type":"ListItem","position":1,"name":"In\u00edcio","item":"https:\/\/araujo.com.br\/blog\/"},{"@type":"ListItem","position":2,"name":"Vacina Meningite B: riscos da doen\u00e7a, sintomas e vacina\u00e7\u00e3o"}]},{"@type":"WebSite","@id":"https:\/\/araujo.com.br\/blog\/#website","url":"https:\/\/araujo.com.br\/blog\/","name":"Blog da Drogaria Araujo","description":"Conte\u00fado que faz bem? A Araujo tem!","potentialAction":[{"@type":"SearchAction","target":{"@type":"EntryPoint","urlTemplate":"https:\/\/araujo.com.br\/blog\/?s={search_term_string}"},"query-input":{"@type":"PropertyValueSpecification","valueRequired":true,"valueName":"search_term_string"}}],"inLanguage":"pt-BR"},{"@type":"Person","@id":"https:\/\/araujo.com.br\/blog\/#\/schema\/person\/4e2eac75cf0e2c6b079ef9a0df2ece83","name":"Drogaria Araujo","image":{"@type":"ImageObject","inLanguage":"pt-BR","@id":"https:\/\/araujo.com.br\/blog\/#\/schema\/person\/image\/","url":"https:\/\/secure.gravatar.com\/avatar\/33e54dec0cd79fc4b5e911c15f836c46ec8d0e452ecd3ca5f707bce0a3540a3b?s=96&d=mm&r=g","contentUrl":"https:\/\/secure.gravatar.com\/avatar\/33e54dec0cd79fc4b5e911c15f836c46ec8d0e452ecd3ca5f707bce0a3540a3b?s=96&d=mm&r=g","caption":"Drogaria Araujo"},"description":"Especialista em Sa\u00fade da Fam\u00edlia. M\u00e9dico e nutricionista.","sameAs":["https:\/\/araujo.com.br\/blog"],"url":"https:\/\/araujo.com.br\/blog\/author\/admin\/"}]}},"_links":{"self":[{"href":"https:\/\/araujo.com.br\/blog\/wp-json\/wp\/v2\/posts\/7616","targetHints":{"allow":["GET"]}}],"collection":[{"href":"https:\/\/araujo.com.br\/blog\/wp-json\/wp\/v2\/posts"}],"about":[{"href":"https:\/\/araujo.com.br\/blog\/wp-json\/wp\/v2\/types\/post"}],"author":[{"embeddable":true,"href":"https:\/\/araujo.com.br\/blog\/wp-json\/wp\/v2\/users\/1"}],"replies":[{"embeddable":true,"href":"https:\/\/araujo.com.br\/blog\/wp-json\/wp\/v2\/comments?post=7616"}],"version-history":[{"count":1,"href":"https:\/\/araujo.com.br\/blog\/wp-json\/wp\/v2\/posts\/7616\/revisions"}],"predecessor-version":[{"id":7619,"href":"https:\/\/araujo.com.br\/blog\/wp-json\/wp\/v2\/posts\/7616\/revisions\/7619"}],"wp:featuredmedia":[{"embeddable":true,"href":"https:\/\/araujo.com.br\/blog\/wp-json\/wp\/v2\/media\/7532"}],"wp:attachment":[{"href":"https:\/\/araujo.com.br\/blog\/wp-json\/wp\/v2\/media?parent=7616"}],"wp:term":[{"taxonomy":"category","embeddable":true,"href":"https:\/\/araujo.com.br\/blog\/wp-json\/wp\/v2\/categories?post=7616"},{"taxonomy":"post_tag","embeddable":true,"href":"https:\/\/araujo.com.br\/blog\/wp-json\/wp\/v2\/tags?post=7616"}],"curies":[{"name":"wp","href":"https:\/\/api.w.org\/{rel}","templated":true}]}}