{"id":8097,"date":"2026-09-03T09:15:00","date_gmt":"2026-09-03T06:15:00","guid":{"rendered":"https:\/\/araujo.com.br\/blog\/?p=8097"},"modified":"2026-09-02T21:59:22","modified_gmt":"2026-09-02T18:59:22","slug":"crescimento-infantil-quando-investigar-baixa-estatura","status":"publish","type":"post","link":"https:\/\/araujo.com.br\/blog\/crescimento-infantil-quando-investigar-baixa-estatura\/","title":{"rendered":"Crescimento infantil: quando a baixa estatura merece investiga\u00e7\u00e3o?"},"content":{"rendered":"\n<p class=\"wp-block-paragraph\">Acompanhar o crescimento do filho \u00e9 rotina no dia a dia de qualquer fam\u00edlia. De repente, voc\u00ea percebe que a cal\u00e7a comprada no in\u00edcio do ano continua servindo perfeitamente. Na escola, ele permanece sendo o menor da turma. Nos encontros de fam\u00edlia, os primos da mesma idade parecem crescer em um ritmo diferente. A d\u00favida surge quase naturalmente: <strong>ser\u00e1 que isso \u00e9 apenas uma caracter\u00edstica da fam\u00edlia ou existe algum problema no crescimento?<\/strong><\/p>\n\n\n\n<p class=\"wp-block-paragraph\">Essa \u00e9 uma preocupa\u00e7\u00e3o mais comum do que parece. Afinal, o <strong>crescimento infantil<\/strong> \u00e9 um dos indicadores mais importantes da sa\u00fade durante a inf\u00e2ncia. Mais do que mostrar o quanto uma crian\u00e7a ficou mais alta, <strong>ele revela como o organismo est\u00e1 funcionando.<\/strong> Altera\u00e7\u00f5es hormonais, doen\u00e7as cr\u00f4nicas, fatores gen\u00e9ticos, alimenta\u00e7\u00e3o e at\u00e9 a qualidade do sono podem deixar pistas na velocidade com que a crian\u00e7a cresce.<\/p>\n\n\n\n<p class=\"wp-block-paragraph\">N\u00e3o por acaso, acompanhar altura e peso faz parte de todas as consultas pedi\u00e1tricas. Esses dados s\u00e3o registrados em uma ferramenta chamada <strong>curva de crescimento infantil<\/strong>, considerada um verdadeiro mapa do desenvolvimento f\u00edsico.<\/p>\n\n\n\n<p class=\"wp-block-paragraph\">Segundo a Organiza\u00e7\u00e3o Mundial da Sa\u00fade (OMS), monitorar o crescimento permite identificar precocemente altera\u00e7\u00f5es que poderiam passar despercebidas apenas pela observa\u00e7\u00e3o do dia a dia. Quanto mais cedo essas mudan\u00e7as s\u00e3o reconhecidas, maiores s\u00e3o as possibilidades de investiga\u00e7\u00e3o e tratamento quando necess\u00e1rio.<\/p>\n\n\n\n<p class=\"wp-block-paragraph\">Neste artigo, voc\u00ea vai entender como funciona a <strong>tabela de crescimento infantil<\/strong>, quando a baixa estatura merece aten\u00e7\u00e3o, quais s\u00e3o as principais <strong>doen\u00e7as que afetam o crescimento infantil<\/strong> e quais tratamentos podem ser indicados para cada situa\u00e7\u00e3o.<\/p>\n\n\n\n<h2 class=\"wp-block-heading\">O que \u00e9 a curva de crescimento infantil?<\/h2>\n\n\n\n<p class=\"wp-block-paragraph\">A curva de crescimento infantil funciona como um hist\u00f3rico do desenvolvimento da crian\u00e7a. Mais do que registrar altura e peso em cada consulta, ela permite <strong>acompanhar a evolu\u00e7\u00e3o ao longo dos meses<\/strong> e identificar quando o crescimento deixa de seguir o padr\u00e3o esperado.<\/p>\n\n\n\n<p class=\"wp-block-paragraph\">Em vez de comparar uma crian\u00e7a com outra, o pediatra compara a crian\u00e7a com ela mesma ao longo do tempo. O mais importante n\u00e3o \u00e9 apenas a altura atual, mas a <strong>velocidade com que ela cresce em cada fase da inf\u00e2ncia.<\/strong><\/p>\n\n\n\n<p class=\"wp-block-paragraph\">Para isso, os profissionais utilizam as <strong>Curvas de Crescimento da Organiza\u00e7\u00e3o Mundial da Sa\u00fade (OMS)<\/strong>, adotadas pelo Minist\u00e9rio da Sa\u00fade. Elas re\u00fanem dados de milhares de crian\u00e7as saud\u00e1veis ao redor do mundo e servem como refer\u00eancia para acompanhar o desenvolvimento f\u00edsico.<\/p>\n\n\n\n<p class=\"wp-block-paragraph\">Durante cada consulta, o pediatra registra informa\u00e7\u00f5es como:<\/p>\n\n\n\n<ul class=\"wp-block-list\">\n<li>altura;<\/li>\n\n\n\n<li>peso;<\/li>\n\n\n\n<li>idade;<\/li>\n\n\n\n<li>sexo;<\/li>\n\n\n\n<li>\u00edndice de massa corporal (IMC); e<\/li>\n\n\n\n<li>per\u00edmetro cef\u00e1lico (nos primeiros anos de vida).<\/li>\n<\/ul>\n\n\n\n<p class=\"wp-block-paragraph\">Esses dados s\u00e3o posicionados em gr\u00e1ficos espec\u00edficos, permitindo acompanhar se a crian\u00e7a mant\u00e9m um padr\u00e3o de <strong>crescimento infantil normal<\/strong> ou se houve alguma mudan\u00e7a ao longo do tempo.<\/p>\n\n\n\n<p class=\"wp-block-paragraph\">Segundo a Sociedade Brasileira de Pediatria (SBP), avaliar apenas uma medida isolada pode levar a interpreta\u00e7\u00f5es equivocadas. O acompanhamento peri\u00f3dico \u00e9 muito mais confi\u00e1vel do que comparar a altura com colegas da escola ou familiares.<\/p>\n\n\n\n<h3 class=\"wp-block-heading\">O que significam os percentis?<\/h3>\n\n\n\n<p class=\"wp-block-paragraph\">Uma das maiores d\u00favidas dos pais aparece quando o pediatra menciona que a crian\u00e7a est\u00e1 &#8220;no percentil 50&#8221; ou &#8220;no percentil 15&#8221;. Embora o nome pare\u00e7a complicado, o conceito \u00e9 simples.<\/p>\n\n\n\n<p class=\"wp-block-paragraph\">Os percentis indicam como a altura ou o peso da crian\u00e7a se posicionam em rela\u00e7\u00e3o a outras crian\u00e7as da mesma idade e do mesmo sexo.<\/p>\n\n\n\n<p class=\"wp-block-paragraph\">Por exemplo:<\/p>\n\n\n\n<figure class=\"wp-block-table\"><table class=\"has-fixed-layout\"><tbody><tr><td><strong>Percentil<\/strong><\/td><td><strong>O que significa<\/strong><\/td><\/tr><tr><td>P50<\/td><td>Est\u00e1 exatamente na m\u00e9dia para idade e sexo.<\/td><\/tr><tr><td>P75<\/td><td>\u00c9 mais alta que aproximadamente 75% das crian\u00e7as da mesma idade.<\/td><\/tr><tr><td>P25<\/td><td>\u00c9 mais alta que cerca de 25% das crian\u00e7as da mesma idade.<\/td><\/tr><tr><td>Abaixo do P3<\/td><td>Pode indicar baixa estatura e merece investiga\u00e7\u00e3o cl\u00ednica.<\/td><\/tr><\/tbody><\/table><\/figure>\n\n\n\n<p class=\"wp-block-paragraph\">Estar em um percentil mais baixo n\u00e3o significa, obrigatoriamente, que exista uma doen\u00e7a. Algumas crian\u00e7as simplesmente herdam uma estatura menor dos pais. O que chama aten\u00e7\u00e3o dos especialistas \u00e9 quando a crian\u00e7a come\u00e7a a descer na curva ou deixa de crescer na velocidade esperada.<\/p>\n\n\n\n<p class=\"wp-block-paragraph\">\u00c9 exatamente esse comportamento que costuma ser mais importante do que um \u00fanico n\u00famero.<\/p>\n\n\n\n<h2 class=\"wp-block-heading\">Quando a baixa estatura infantil deve ser investigada?<\/h2>\n\n\n\n<p class=\"wp-block-paragraph\">Nem toda crian\u00e7a pequena apresenta um problema de sa\u00fade. Da mesma forma, nem toda crian\u00e7a que cresce lentamente est\u00e1 apenas seguindo a gen\u00e9tica da fam\u00edlia.<\/p>\n\n\n\n<p class=\"wp-block-paragraph\">Por isso, os m\u00e9dicos utilizam crit\u00e9rios bem definidos para decidir quando a <strong>baixa estatura infantil<\/strong> merece investiga\u00e7\u00e3o.<\/p>\n\n\n\n<p class=\"wp-block-paragraph\">De maneira geral, considera-se baixa estatura quando a altura da crian\u00e7a est\u00e1 <strong>abaixo do percentil 3<\/strong> para idade e sexo nas Curvas de Crescimento da OMS.<\/p>\n\n\n\n<p class=\"wp-block-paragraph\">Entretanto, esse n\u00e3o \u00e9 o \u00fanico fator analisado. Em muitos casos, o alerta aparece antes mesmo de a crian\u00e7a atingir esse limite. Uma desacelera\u00e7\u00e3o na velocidade de crescimento pode indicar que algo mudou no organismo.<\/p>\n\n\n\n<p class=\"wp-block-paragraph\">Os principais sinais que merecem avalia\u00e7\u00e3o m\u00e9dica incluem:<\/p>\n\n\n\n<ul class=\"wp-block-list\">\n<li>altura abaixo do percentil 3;<\/li>\n\n\n\n<li>crescimento muito mais lento do que o esperado para a idade;<\/li>\n\n\n\n<li>queda progressiva na curva de crescimento infantil;<\/li>\n\n\n\n<li>diferen\u00e7a consider\u00e1vel em rela\u00e7\u00e3o a crian\u00e7as da mesma idade e sexo;<\/li>\n\n\n\n<li>membros desproporcionalmente curtos;<\/li>\n\n\n\n<li>atraso na puberdade;<\/li>\n\n\n\n<li>hist\u00f3rico familiar de doen\u00e7as hormonais ou s\u00edndromes gen\u00e9ticas; e<\/li>\n\n\n\n<li>crian\u00e7a que nasceu pequena para a idade gestacional e n\u00e3o apresentou recupera\u00e7\u00e3o do crescimento nos primeiros anos de vida.<\/li>\n<\/ul>\n\n\n\n<p class=\"wp-block-paragraph\">Vale lembrar que comparar crian\u00e7as apenas pela apar\u00eancia pode gerar interpreta\u00e7\u00f5es equivocadas. Cada organismo possui seu pr\u00f3prio ritmo de desenvolvimento. \u00c9 justamente por isso que a <a href=\"https:\/\/www.gov.br\/saude\/pt-br\/assuntos\/saude-de-a-a-z\/s\/saude-da-crianca\/caderneta\/caderneta\">curva de crescimento infantil<\/a> continua sendo a ferramenta mais segura para orientar o acompanhamento pedi\u00e1trico.<\/p>\n\n\n\n<h2 class=\"wp-block-heading\">Poss\u00edveis causas da baixa estatura infantil<\/h2>\n\n\n\n<p class=\"wp-block-paragraph\">Descobrir que uma crian\u00e7a est\u00e1 crescendo abaixo do esperado costuma gerar ansiedade nos pais. A primeira pergunta quase sempre \u00e9 a mesma: <strong>&#8220;O que pode estar causando isso?&#8221;<\/strong><\/p>\n\n\n\n<p class=\"wp-block-paragraph\">A resposta exige cuidado. <strong>N\u00e3o existe uma \u00fanica explica\u00e7\u00e3o para a baixa estatura.<\/strong> Em alguns casos, trata-se apenas de uma caracter\u00edstica familiar. Em outros, o crescimento reduzido pode ser o primeiro sinal de altera\u00e7\u00f5es hormonais, s\u00edndromes gen\u00e9ticas, doen\u00e7as cr\u00f4nicas ou problemas nutricionais.<\/p>\n\n\n\n<p class=\"wp-block-paragraph\">Por isso, o diagn\u00f3stico nunca deve ser feito apenas pela altura. O pediatra avalia a <strong>curva de crescimento, o hist\u00f3rico familiar, o desenvolvimento da crian\u00e7a<\/strong> e, quando necess\u00e1rio, solicita exames complementares.<\/p>\n\n\n\n<p class=\"wp-block-paragraph\">Conhe\u00e7a as principais causas.<\/p>\n\n\n\n<h3 class=\"wp-block-heading\">Baixa estatura idiop\u00e1tica<\/h3>\n\n\n\n<p class=\"wp-block-paragraph\">A palavra &#8220;idiop\u00e1tica&#8221; significa que a crian\u00e7a apresenta baixa estatura sem que uma causa espec\u00edfica seja identificada, mesmo ap\u00f3s uma investiga\u00e7\u00e3o m\u00e9dica completa.<\/p>\n\n\n\n<p class=\"wp-block-paragraph\">Em alguns casos, pode existir uma defici\u00eancia isolada do horm\u00f4nio do crescimento (GH) sem uma causa aparente. Em outros, simplesmente n\u00e3o \u00e9 poss\u00edvel identificar um motivo cl\u00ednico que explique a menor velocidade de crescimento.<\/p>\n\n\n\n<p class=\"wp-block-paragraph\">Embora o nome possa causar preocupa\u00e7\u00e3o, esse diagn\u00f3stico s\u00f3 \u00e9 estabelecido depois que outras doen\u00e7as s\u00e3o descartadas.<\/p>\n\n\n\n<h3 class=\"wp-block-heading\">Baixa estatura familiar<\/h3>\n\n\n\n<p class=\"wp-block-paragraph\">Nem sempre ser mais baixo significa estar doente.<\/p>\n\n\n\n<p class=\"wp-block-paragraph\">Quando pai e m\u00e3e possuem estatura abaixo da m\u00e9dia da popula\u00e7\u00e3o, \u00e9 esperado que os filhos tamb\u00e9m apresentem uma altura final menor. Esse padr\u00e3o recebe o nome de <strong>baixa estatura familiar<\/strong>.<\/p>\n\n\n\n<p class=\"wp-block-paragraph\">Nesses casos, a crian\u00e7a cresce em um ritmo adequado, acompanha sua curva de crescimento e apresenta desenvolvimento compat\u00edvel com a idade. O que muda \u00e9 apenas a estatura final prevista.<\/p>\n\n\n\n<p class=\"wp-block-paragraph\">Por isso, durante a consulta, o pediatra costuma perguntar a altura dos pais e de outros familiares pr\u00f3ximos. Esse hist\u00f3rico ajuda a diferenciar uma caracter\u00edstica gen\u00e9tica de uma altera\u00e7\u00e3o que precisa ser investigada.<\/p>\n\n\n\n<h3 class=\"wp-block-heading\">Idade \u00f3ssea atrasada<\/h3>\n\n\n\n<p class=\"wp-block-paragraph\">Imagine duas crian\u00e7as de 11 anos. Elas t\u00eam exatamente a mesma idade no calend\u00e1rio, mas o organismo de uma delas funciona como se tivesse 9 anos.<\/p>\n\n\n\n<p class=\"wp-block-paragraph\">Essa diferen\u00e7a \u00e9 chamada de <strong>idade \u00f3ssea<\/strong>. Ela \u00e9 avaliada por meio de uma radiografia da m\u00e3o e do punho esquerdo, que permite estimar o est\u00e1gio de matura\u00e7\u00e3o dos ossos.<\/p>\n\n\n\n<p class=\"wp-block-paragraph\">Quando a idade \u00f3ssea est\u00e1 atrasada, \u00e9 comum que a puberdade tamb\u00e9m aconte\u00e7a mais tarde. Nesses casos, a crian\u00e7a costuma apresentar um crescimento mais lento durante alguns anos, mas frequentemente recupera esse atraso ao longo da adolesc\u00eancia.<\/p>\n\n\n\n<p class=\"wp-block-paragraph\">Essa condi\u00e7\u00e3o \u00e9 conhecida como atraso constitucional do crescimento e do desenvolvimento puberal e, na maioria das vezes, n\u00e3o representa uma doen\u00e7a.<\/p>\n\n\n\n<h3 class=\"wp-block-heading\">Predisposi\u00e7\u00e3o gen\u00e9tica<\/h3>\n\n\n\n<p class=\"wp-block-paragraph\">Algumas condi\u00e7\u00f5es gen\u00e9ticas podem interferir diretamente no crescimento desde os primeiros anos de vida. Embora sejam relativamente raras, elas fazem parte da investiga\u00e7\u00e3o quando a crian\u00e7a apresenta sinais compat\u00edveis.<\/p>\n\n\n\n<h3 class=\"wp-block-heading\">S\u00edndrome de Turner<\/h3>\n\n\n\n<p class=\"wp-block-paragraph\">A <strong>S\u00edndrome de Turner<\/strong> \u00e9 uma condi\u00e7\u00e3o gen\u00e9tica que afeta exclusivamente meninas e ocorre quando h\u00e1 aus\u00eancia total ou parcial de um dos cromossomos X.<\/p>\n\n\n\n<p class=\"wp-block-paragraph\">A baixa estatura costuma ser um dos primeiros sinais percebidos pelos m\u00e9dicos, muitas vezes antes mesmo do in\u00edcio da puberdade.<\/p>\n\n\n\n<p class=\"wp-block-paragraph\">Al\u00e9m do crescimento reduzido, outras caracter\u00edsticas podem estar presentes, como atraso puberal, altera\u00e7\u00f5es card\u00edacas e dificuldades relacionadas ao desenvolvimento dos ov\u00e1rios.<\/p>\n\n\n\n<p class=\"wp-block-paragraph\">O diagn\u00f3stico precoce \u00e9 importante porque permite iniciar o acompanhamento adequado e, quando indicado pelo endocrinologista pedi\u00e1trico, o tratamento com horm\u00f4nio do crescimento.<\/p>\n\n\n\n<h3 class=\"wp-block-heading\">S\u00edndrome de Prader-Willi<\/h3>\n\n\n\n<p class=\"wp-block-paragraph\">A <strong>S\u00edndrome de Prader-Willi<\/strong> \u00e9 uma doen\u00e7a gen\u00e9tica rara que afeta o desenvolvimento f\u00edsico e neurol\u00f3gico.<\/p>\n\n\n\n<p class=\"wp-block-paragraph\">Nos primeiros meses de vida, os beb\u00eas costumam apresentar diminui\u00e7\u00e3o do t\u00f4nus muscular e dificuldade para ganhar peso. Mais tarde, pode surgir um apetite excessivo associado \u00e0 obesidade, al\u00e9m de baixa estatura e atraso no desenvolvimento.<\/p>\n\n\n\n<p class=\"wp-block-paragraph\">Como envolve diferentes sistemas do organismo, o tratamento costuma ser realizado por uma equipe multidisciplinar, incluindo endocrinologista, nutricionista, fisioterapeuta e outros profissionais.<\/p>\n\n\n\n<h3 class=\"wp-block-heading\">Acondroplasia<\/h3>\n\n\n\n<p class=\"wp-block-paragraph\">Popularmente conhecida como uma das principais formas de nanismo, a <strong>acondroplasia<\/strong> \u00e9 causada por uma altera\u00e7\u00e3o gen\u00e9tica que interfere no crescimento dos ossos longos.<\/p>\n\n\n\n<p class=\"wp-block-paragraph\">A caracter\u00edstica mais marcante \u00e9 a despropor\u00e7\u00e3o entre tronco e membros, que costumam ser mais curtos.<\/p>\n\n\n\n<p class=\"wp-block-paragraph\">O diagn\u00f3stico geralmente \u00e9 realizado ainda na inf\u00e2ncia, permitindo acompanhamento especializado para prevenir complica\u00e7\u00f5es ortop\u00e9dicas e melhorar a qualidade de vida.<\/p>\n\n\n\n<h3 class=\"wp-block-heading\">Desnutri\u00e7\u00e3o<\/h3>\n\n\n\n<p class=\"wp-block-paragraph\">Nenhuma crian\u00e7a consegue crescer plenamente quando faltam os nutrientes necess\u00e1rios para construir m\u00fasculos, ossos e tecidos.<\/p>\n\n\n\n<p class=\"wp-block-paragraph\">Prote\u00ednas, ferro, c\u00e1lcio, zinco e diversas vitaminas participam diretamente do desenvolvimento infantil. Quando existe defici\u00eancia nutricional prolongada, o organismo passa a priorizar fun\u00e7\u00f5es essenciais para a sobreviv\u00eancia e reduz o investimento no crescimento.<\/p>\n\n\n\n<p class=\"wp-block-paragraph\">Segundo o <strong>Minist\u00e9rio da Sa\u00fade<\/strong>, uma alimenta\u00e7\u00e3o equilibrada durante os primeiros anos de vida exerce influ\u00eancia direta sobre o crescimento, o desenvolvimento cognitivo e a sa\u00fade ao longo de toda a vida.<\/p>\n\n\n\n<p class=\"wp-block-paragraph\">Por isso, oferecer refei\u00e7\u00f5es variadas e adequadas para cada fase da inf\u00e2ncia \u00e9 uma das estrat\u00e9gias mais relevantes para promover um <strong>crescimento infantil normal<\/strong>.<\/p>\n\n\n\n<p class=\"wp-block-paragraph\"><strong>Leia mais:<\/strong> <a href=\"https:\/\/araujo.com.br\/blog\/alimentacao-saudavel-infantil\/\">Alimenta\u00e7\u00e3o saud\u00e1vel e educa\u00e7\u00e3o infantil: voc\u00ea est\u00e1 sabotando a sa\u00fade do seu filho?<\/a><\/p>\n\n\n\n<h3 class=\"wp-block-heading\">Altera\u00e7\u00f5es hormonais<\/h3>\n\n\n\n<p class=\"wp-block-paragraph\">Os horm\u00f4nios funcionam como mensageiros qu\u00edmicos do organismo. Eles dizem quando crescer, quando amadurecer e como utilizar energia para o desenvolvimento. Quando esse sistema deixa de funcionar corretamente, o crescimento pode desacelerar.<\/p>\n\n\n\n<h3 class=\"wp-block-heading\">Altera\u00e7\u00f5es da tireoide<\/h3>\n\n\n\n<p class=\"wp-block-paragraph\">A tireoide produz horm\u00f4nios fundamentais para praticamente todas as c\u00e9lulas do corpo. Quando ocorre o <strong>hipotireoidismo<\/strong>, o metabolismo fica mais lento. Em crian\u00e7as, isso pode provocar atraso no crescimento, cansa\u00e7o, sonol\u00eancia, ganho de peso e dificuldade de aprendizado.<\/p>\n\n\n\n<p class=\"wp-block-paragraph\">O diagn\u00f3stico costuma ser feito por exames laboratoriais e o tratamento permite que muitas crian\u00e7as retomem um desenvolvimento adequado.<\/p>\n\n\n\n<p class=\"wp-block-paragraph\"><strong>Leia mais:<\/strong> <a href=\"https:\/\/araujo.com.br\/blog\/hipotireoidismo\/\">Hipotireoidismo: o que causa, como tratar e por que ele afeta seu metabolismo<\/a><\/p>\n\n\n\n<h3 class=\"wp-block-heading\">Defici\u00eancia do horm\u00f4nio do crescimento (GH)<\/h3>\n\n\n\n<p class=\"wp-block-paragraph\">Entre todas as <strong>doen\u00e7as que afetam o crescimento infantil<\/strong>, a defici\u00eancia do horm\u00f4nio do crescimento \u00e9 uma das mais conhecidas.<\/p>\n\n\n\n<p class=\"wp-block-paragraph\">Produzido pela hip\u00f3fise, o GH estimula o crescimento dos ossos, m\u00fasculos e diversos tecidos durante a inf\u00e2ncia e adolesc\u00eancia.<\/p>\n\n\n\n<p class=\"wp-block-paragraph\">Quando sua produ\u00e7\u00e3o \u00e9 insuficiente, a crian\u00e7a pode apresentar:<\/p>\n\n\n\n<ul class=\"wp-block-list\">\n<li>crescimento lento;<\/li>\n\n\n\n<li>atraso da idade \u00f3ssea; e<\/li>\n\n\n\n<li>estatura abaixo do esperado para a idade.<\/li>\n<\/ul>\n\n\n\n<p class=\"wp-block-paragraph\">A confirma\u00e7\u00e3o depende de avalia\u00e7\u00e3o m\u00e9dica, exames hormonais e testes espec\u00edficos.<\/p>\n\n\n\n<p class=\"wp-block-paragraph\"><strong>Leia mais:<\/strong> <a href=\"https:\/\/araujo.com.br\/blog\/hormonio-do-crescimento-gh\/\">Horm\u00f4nio do Crescimento (GH): tudo o que voc\u00ea precisa saber<\/a><\/p>\n\n\n\n<h3 class=\"wp-block-heading\">O sono tamb\u00e9m faz a crian\u00e7a crescer<\/h3>\n\n\n\n<p class=\"wp-block-paragraph\">\u00c9 comum ouvir que &#8220;crian\u00e7a cresce dormindo&#8221;. Embora pare\u00e7a apenas um ditado popular, existe ci\u00eancia por tr\u00e1s dessa afirma\u00e7\u00e3o.<\/p>\n\n\n\n<p class=\"wp-block-paragraph\">Grande parte da libera\u00e7\u00e3o do horm\u00f4nio do crescimento acontece durante o sono profundo. Por isso, noites mal dormidas, priva\u00e7\u00e3o de sono ou dist\u00farbios do sono podem interferir na produ\u00e7\u00e3o de GH e, consequentemente, no desenvolvimento infantil.<\/p>\n\n\n\n<p class=\"wp-block-paragraph\">Criar uma rotina consistente de hor\u00e1rios, reduzir o uso de telas antes de dormir e garantir um ambiente tranquilo s\u00e3o atitudes que favorecem um crescimento saud\u00e1vel.<\/p>\n\n\n\n<h3 class=\"wp-block-heading\">Crian\u00e7a pequena para a idade gestacional (PIG)<\/h3>\n\n\n\n<p class=\"wp-block-paragraph\">Alguns beb\u00eas j\u00e1 iniciam a vida em desvantagem no crescimento. S\u00e3o as chamadas <strong>crian\u00e7as pequenas para a idade gestacional (PIG)<\/strong>, que nasceram com peso e\/ou comprimento abaixo do esperado para o tempo de gesta\u00e7\u00e3o.<\/p>\n\n\n\n<p class=\"wp-block-paragraph\">Na maioria dos casos, esses beb\u00eas apresentam um fen\u00f4meno chamado <em>catch-up growth<\/em>, ou crescimento de recupera\u00e7\u00e3o, nos primeiros dois anos de vida. Isso significa que conseguem alcan\u00e7ar a curva de crescimento esperada naturalmente.<\/p>\n\n\n\n<p class=\"wp-block-paragraph\">Entretanto, cerca de 10% das crian\u00e7as pequenas para a idade gestacional n\u00e3o recuperam esse atraso espontaneamente. Nesses casos, a baixa estatura pode persistir durante a inf\u00e2ncia e a adolesc\u00eancia, tornando necess\u00e1ria uma avalia\u00e7\u00e3o com o endocrinologista pedi\u00e1trico.<\/p>\n\n\n\n<p class=\"wp-block-paragraph\">O acompanhamento cont\u00ednuo \u00e9 fundamental para identificar quais crian\u00e7as podem se beneficiar de tratamentos espec\u00edficos.<\/p>\n\n\n\n<h3 class=\"wp-block-heading\">Doen\u00e7as cr\u00f4nicas<\/h3>\n\n\n\n<p class=\"wp-block-paragraph\">O crescimento depende do bom funcionamento de praticamente todo o organismo. Quando uma doen\u00e7a cr\u00f4nica exige energia constante do corpo ou dificulta a absor\u00e7\u00e3o de nutrientes, \u00e9 comum que o desenvolvimento seja afetado.<\/p>\n\n\n\n<p class=\"wp-block-paragraph\">Entre as condi\u00e7\u00f5es que podem interferir no <strong>crescimento infantil normal<\/strong>, destacam-se:<\/p>\n\n\n\n<ul class=\"wp-block-list\">\n<li>doen\u00e7a cel\u00edaca;<\/li>\n\n\n\n<li>doen\u00e7as inflamat\u00f3rias intestinais;<\/li>\n\n\n\n<li>cardiopatias cong\u00eanitas;<\/li>\n\n\n\n<li>doen\u00e7as renais cr\u00f4nicas;<\/li>\n\n\n\n<li>fibrose c\u00edstica;<\/li>\n\n\n\n<li>doen\u00e7as reumatol\u00f3gicas; e<\/li>\n\n\n\n<li>doen\u00e7as hematol\u00f3gicas.<\/li>\n<\/ul>\n\n\n\n<p class=\"wp-block-paragraph\">Nesses casos, a baixa estatura costuma ser apenas um dos sinais cl\u00ednicos. Fadiga, perda de peso, anemia, dores recorrentes ou altera\u00e7\u00f5es gastrointestinais tamb\u00e9m podem estar presentes.<\/p>\n\n\n\n<p class=\"wp-block-paragraph\">Por isso, tratar a doen\u00e7a de base costuma ser o primeiro passo para favorecer a retomada do crescimento.<\/p>\n\n\n\n<h3 class=\"wp-block-heading\">Uso de medicamentos<\/h3>\n\n\n\n<p class=\"wp-block-paragraph\">Embora sejam essenciais para controlar diversas doen\u00e7as, alguns medicamentos podem interferir no crescimento quando utilizados por longos per\u00edodos ou em doses elevadas.<\/p>\n\n\n\n<p class=\"wp-block-paragraph\">\u00c9 o caso, por exemplo, dos corticosteroides sist\u00eamicos, frequentemente prescritos para doen\u00e7as inflamat\u00f3rias, autoimunes e algumas condi\u00e7\u00f5es respirat\u00f3rias. O uso prolongado pode reduzir temporariamente a velocidade de crescimento ao interferir na forma\u00e7\u00e3o \u00f3ssea e na a\u00e7\u00e3o do horm\u00f4nio do crescimento.<\/p>\n\n\n\n<p class=\"wp-block-paragraph\">Isso n\u00e3o significa que o tratamento deva ser interrompido por conta pr\u00f3pria. Pelo contr\u00e1rio: qualquer ajuste deve ser feito exclusivamente pelo m\u00e9dico, que sempre avalia o <strong>equil\u00edbrio entre os benef\u00edcios do medicamento e seus poss\u00edveis efeitos sobre o desenvolvimento infantil.<\/strong><\/p>\n\n\n\n<p class=\"wp-block-paragraph\">Durante esse per\u00edodo, o acompanhamento da curva de crescimento torna-se ainda mais importante.<\/p>\n\n\n\n<h2 class=\"wp-block-heading\">Quais s\u00e3o os tratamentos dispon\u00edveis?<\/h2>\n\n\n\n<p class=\"wp-block-paragraph\">Receber o diagn\u00f3stico de baixa estatura pode gerar muitas d\u00favidas, mas \u00e9 importante lembrar que <strong>n\u00e3o existe um \u00fanico tratamento para todas as crian\u00e7as<\/strong>.<\/p>\n\n\n\n<p class=\"wp-block-paragraph\">A conduta depende diretamente da causa identificada. Em algumas situa\u00e7\u00f5es, basta acompanhar o desenvolvimento periodicamente. Em outras, pode ser necess\u00e1rio corrigir defici\u00eancias nutricionais, tratar doen\u00e7as cr\u00f4nicas, controlar altera\u00e7\u00f5es hormonais ou utilizar medicamentos espec\u00edficos.<\/p>\n\n\n\n<p class=\"wp-block-paragraph\">Independentemente da causa, o tratamento sempre deve ser individualizado e conduzido pelo pediatra ou endocrinologista pedi\u00e1trico.<\/p>\n\n\n\n<p class=\"wp-block-paragraph\">Al\u00e9m da investiga\u00e7\u00e3o m\u00e9dica, alguns cuidados fazem parte da base para um desenvolvimento saud\u00e1vel:<\/p>\n\n\n\n<ul class=\"wp-block-list\">\n<li>alimenta\u00e7\u00e3o equilibrada e adequada para cada faixa et\u00e1ria;<\/li>\n\n\n\n<li>pr\u00e1tica regular de atividades f\u00edsicas;<\/li>\n\n\n\n<li>rotina de sono de qualidade;<\/li>\n\n\n\n<li>acompanhamento peri\u00f3dico da curva de crescimento; e<\/li>\n\n\n\n<li>consultas regulares com o pediatra.<\/li>\n<\/ul>\n\n\n\n<p class=\"wp-block-paragraph\">Quando a baixa estatura est\u00e1 relacionada \u00e0 defici\u00eancia do horm\u00f4nio do crescimento ou a outras condi\u00e7\u00f5es espec\u00edficas previstas em diretrizes m\u00e9dicas, pode ser indicada a terapia de reposi\u00e7\u00e3o com horm\u00f4nio do crescimento humano recombinante.<\/p>\n\n\n\n<h3 class=\"wp-block-heading\"><strong>Norditropin FlexPro<\/strong><\/h3>\n\n\n\n<p class=\"wp-block-paragraph\">O <a href=\"https:\/\/www.araujo.com.br\/norditropin-flexpro-10mgml-injetavel-1-caneta-de-aplicacao-preenchida-com-15ml\/24979.html\"><strong>Norditropin FlexPro<\/strong><\/a> \u00e9 um medicamento \u00e0 base de somatropina, uma vers\u00e3o sint\u00e9tica do horm\u00f4nio do crescimento humano produzida por tecnologia de DNA recombinante.<\/p>\n\n\n\n<p class=\"wp-block-paragraph\">Seu uso \u00e9 indicado, sempre sob prescri\u00e7\u00e3o m\u00e9dica, para diferentes condi\u00e7\u00f5es relacionadas ao crescimento, entre elas:<\/p>\n\n\n\n<ul class=\"wp-block-list\">\n<li>defici\u00eancia do horm\u00f4nio do crescimento (GH);<\/li>\n\n\n\n<li>crian\u00e7as pequenas para a idade gestacional (PIG) que n\u00e3o apresentaram recupera\u00e7\u00e3o do crescimento;<\/li>\n\n\n\n<li>S\u00edndrome de Turner;<\/li>\n\n\n\n<li>S\u00edndrome de Noonan, em casos espec\u00edficos; e<\/li>\n\n\n\n<li>insufici\u00eancia renal cr\u00f4nica com comprometimento do crescimento.<\/li>\n<\/ul>\n\n\n\n<p class=\"wp-block-paragraph\">O medicamento \u00e9 apresentado em uma caneta pr\u00e9-preenchida, que facilita a aplica\u00e7\u00e3o subcut\u00e2nea di\u00e1ria. A dose, o hor\u00e1rio e a dura\u00e7\u00e3o do tratamento variam conforme a idade, o peso e a condi\u00e7\u00e3o cl\u00ednica da crian\u00e7a, sendo definidos exclusivamente pelo m\u00e9dico.<\/p>\n\n\n\n<h3 class=\"wp-block-heading\"><strong>Genotropin GoQuick<\/strong><\/h3>\n\n\n\n<p class=\"wp-block-paragraph\">O <a href=\"https:\/\/www.araujo.com.br\/genotropin-go-quick-12mg-injetavel-1-caneta-preechida-com-12mg-36ui--1ml-de-diluente\/74578.html\"><strong>Genotropin GoQuick<\/strong><\/a> tamb\u00e9m cont\u00e9m somatropina e \u00e9 utilizado para a reposi\u00e7\u00e3o do horm\u00f4nio do crescimento quando h\u00e1 indica\u00e7\u00e3o cl\u00ednica.<\/p>\n\n\n\n<p class=\"wp-block-paragraph\">Assim como outros medicamentos dessa classe, ele atua estimulando o crescimento \u00f3sseo, muscular e de outros tecidos. Assim, contribui para que a crian\u00e7a alcance seu potencial de crescimento quando existe defici\u00eancia hormonal ou outra condi\u00e7\u00e3o aprovada para tratamento.<\/p>\n\n\n\n<p class=\"wp-block-paragraph\">Entre suas indica\u00e7\u00f5es est\u00e3o:<\/p>\n\n\n\n<ul class=\"wp-block-list\">\n<li>defici\u00eancia do horm\u00f4nio do crescimento em crian\u00e7as;<\/li>\n\n\n\n<li>S\u00edndrome de Turner;<\/li>\n\n\n\n<li>crian\u00e7as pequenas para a idade gestacional sem recupera\u00e7\u00e3o espont\u00e2nea do crescimento; e<\/li>\n\n\n\n<li>insufici\u00eancia renal cr\u00f4nica com comprometimento do desenvolvimento.<\/li>\n<\/ul>\n\n\n\n<p class=\"wp-block-paragraph\">O medicamento \u00e9 administrado por via subcut\u00e2nea utilizando uma caneta de aplica\u00e7\u00e3o preenchida, desenvolvida para tornar o uso mais pr\u00e1tico. O tratamento exige acompanhamento peri\u00f3dico para avaliar a resposta cl\u00ednica, ajustar doses e monitorar poss\u00edveis efeitos adversos.<\/p>\n\n\n\n<p class=\"wp-block-paragraph\"><strong>Importante:<\/strong> medicamentos \u00e0 base de horm\u00f4nio do crescimento s\u00f3 devem ser utilizados quando prescritos pelo m\u00e9dico, ap\u00f3s investiga\u00e7\u00e3o adequada da causa da baixa estatura. Eles n\u00e3o s\u00e3o indicados para aumentar a altura de crian\u00e7as saud\u00e1veis ou acelerar o crescimento por motivos est\u00e9ticos.<\/p>\n\n\n\n<h2 class=\"wp-block-heading\">Crescer no pr\u00f3prio tempo tamb\u00e9m \u00e9 crescer bem<\/h2>\n\n\n\n<p class=\"wp-block-paragraph\">Ver uma crian\u00e7a menor que os colegas pode despertar preocupa\u00e7\u00e3o, mas a estatura, sozinha, nunca conta toda a hist\u00f3ria. O que realmente orienta o diagn\u00f3stico \u00e9 a combina\u00e7\u00e3o entre hist\u00f3rico familiar, velocidade de crescimento, curva de crescimento infantil, exame cl\u00ednico e, quando necess\u00e1rio, exames complementares.<\/p>\n\n\n\n<p class=\"wp-block-paragraph\">Na maioria das vezes, a baixa estatura est\u00e1 relacionada a caracter\u00edsticas individuais ou familiares. Em outras, pode ser o primeiro sinal de condi\u00e7\u00f5es que merecem investiga\u00e7\u00e3o, como altera\u00e7\u00f5es hormonais, doen\u00e7as gen\u00e9ticas ou problemas nutricionais. Quanto mais cedo essas situa\u00e7\u00f5es s\u00e3o identificadas, maiores s\u00e3o as chances de iniciar o acompanhamento adequado e favorecer um desenvolvimento saud\u00e1vel.<\/p>\n\n\n\n<p class=\"wp-block-paragraph\">Se o pediatra identificar a necessidade de tratamento, a Drogaria Araujo oferece medicamentos como <strong>Norditropin\u00ae FlexPro\u00ae<\/strong> e <strong>Genotropin\u00ae GoQuick\u00ae<\/strong>, sempre mediante prescri\u00e7\u00e3o m\u00e9dica. Al\u00e9m disso, voc\u00ea encontra conte\u00fados confi\u00e1veis sobre sa\u00fade infantil para acompanhar cada etapa do crescimento com informa\u00e7\u00e3o baseada em evid\u00eancias e cuidado.<\/p>\n\n\n\n<p class=\"wp-block-paragraph\"><strong>Fontes:&nbsp;<\/strong><\/p>\n\n\n\n<p class=\"wp-block-paragraph\"><a href=\"https:\/\/www.who.int\/tools\/child-growth-standards\">Organiza\u00e7\u00e3o Mundial da Sa\u00fade (OMS)<\/a><\/p>\n\n\n\n<p class=\"wp-block-paragraph\"><a href=\"https:\/\/www.sbp.com.br\/departamentos\/endocrinologia\/graficos-de-crescimento\/\">Sociedade Brasileira de Pediatria (SBP)<\/a><\/p>\n\n\n\n<p class=\"wp-block-paragraph\"><a href=\"https:\/\/www.cdc.gov\/growth-chart-training\/hcp\/using-growth-charts\/who-using.html\"><em>U.S Center for Disease Control and prevention<\/em><\/a><\/p>\n","protected":false},"excerpt":{"rendered":"<p>Acompanhar o crescimento do filho \u00e9 rotina no dia a dia de qualquer fam\u00edlia. De repente, voc\u00ea percebe que a cal\u00e7a comprada no in\u00edcio do ano continua servindo perfeitamente. Na escola, ele permanece sendo o menor da turma. Nos encontros de fam\u00edlia, os primos da mesma idade parecem crescer em um ritmo diferente. A d\u00favida [&hellip;]<\/p>\n","protected":false},"author":1,"featured_media":8098,"comment_status":"open","ping_status":"open","sticky":false,"template":"","format":"standard","meta":{"_acf_changed":false,"footnotes":""},"categories":[913,3],"tags":[],"class_list":["post-8097","post","type-post","status-publish","format-standard","has-post-thumbnail","hentry","category-prevencao-e-cuidados","category-saude-e-bem-estar"],"acf":[],"yoast_head":"<!-- This site is optimized with the Yoast SEO plugin v24.3 - https:\/\/yoast.com\/wordpress\/plugins\/seo\/ -->\n<title>Crescimento Infantil: quando investigar a baixa estatura?<\/title>\n<meta name=\"description\" content=\"Entenda como funciona o crescimento infantil, quando a baixa estatura deve ser investigada, principais causas, sinais de alerta e tratamentos indicados.\" \/>\n<meta name=\"robots\" content=\"index, follow, max-snippet:-1, max-image-preview:large, max-video-preview:-1\" \/>\n<link rel=\"canonical\" href=\"https:\/\/araujo.com.br\/blog\/crescimento-infantil-quando-investigar-baixa-estatura\/\" \/>\n<meta property=\"og:locale\" content=\"pt_BR\" \/>\n<meta property=\"og:type\" content=\"article\" \/>\n<meta property=\"og:title\" content=\"Crescimento Infantil: quando investigar a baixa estatura?\" \/>\n<meta property=\"og:description\" content=\"Entenda como funciona o crescimento infantil, quando a baixa estatura deve ser investigada, principais causas, sinais de alerta e tratamentos indicados.\" \/>\n<meta property=\"og:url\" content=\"https:\/\/araujo.com.br\/blog\/crescimento-infantil-quando-investigar-baixa-estatura\/\" \/>\n<meta property=\"og:site_name\" content=\"Blog da Drogaria Araujo\" \/>\n<meta property=\"article:published_time\" content=\"2026-09-03T06:15:00+00:00\" \/>\n<meta property=\"article:modified_time\" content=\"2026-09-02T18:59:22+00:00\" \/>\n<meta property=\"og:image\" content=\"https:\/\/araujo.com.br\/blog\/wp-content\/uploads\/2026\/09\/crescimento-infantil-scaled.jpg\" \/>\n\t<meta property=\"og:image:width\" content=\"2560\" \/>\n\t<meta property=\"og:image:height\" content=\"1707\" \/>\n\t<meta property=\"og:image:type\" content=\"image\/jpeg\" \/>\n<meta name=\"author\" content=\"Drogaria Araujo\" \/>\n<meta name=\"twitter:card\" content=\"summary_large_image\" \/>\n<meta name=\"twitter:label1\" content=\"Escrito por\" \/>\n\t<meta name=\"twitter:data1\" content=\"Drogaria Araujo\" \/>\n\t<meta name=\"twitter:label2\" content=\"Est. tempo de leitura\" \/>\n\t<meta name=\"twitter:data2\" content=\"17 minutos\" \/>\n<script type=\"application\/ld+json\" class=\"yoast-schema-graph\">{\"@context\":\"https:\/\/schema.org\",\"@graph\":[{\"@type\":\"WebPage\",\"@id\":\"https:\/\/araujo.com.br\/blog\/crescimento-infantil-quando-investigar-baixa-estatura\/\",\"url\":\"https:\/\/araujo.com.br\/blog\/crescimento-infantil-quando-investigar-baixa-estatura\/\",\"name\":\"Crescimento Infantil: quando investigar a baixa estatura?\",\"isPartOf\":{\"@id\":\"https:\/\/araujo.com.br\/blog\/#website\"},\"primaryImageOfPage\":{\"@id\":\"https:\/\/araujo.com.br\/blog\/crescimento-infantil-quando-investigar-baixa-estatura\/#primaryimage\"},\"image\":{\"@id\":\"https:\/\/araujo.com.br\/blog\/crescimento-infantil-quando-investigar-baixa-estatura\/#primaryimage\"},\"thumbnailUrl\":\"https:\/\/araujo.com.br\/blog\/wp-content\/uploads\/2026\/09\/crescimento-infantil-scaled.jpg\",\"datePublished\":\"2026-09-03T06:15:00+00:00\",\"dateModified\":\"2026-09-02T18:59:22+00:00\",\"author\":{\"@id\":\"https:\/\/araujo.com.br\/blog\/#\/schema\/person\/4e2eac75cf0e2c6b079ef9a0df2ece83\"},\"description\":\"Entenda como funciona o crescimento infantil, quando a baixa estatura deve ser investigada, principais causas, sinais de alerta e tratamentos indicados.\",\"breadcrumb\":{\"@id\":\"https:\/\/araujo.com.br\/blog\/crescimento-infantil-quando-investigar-baixa-estatura\/#breadcrumb\"},\"inLanguage\":\"pt-BR\",\"potentialAction\":[{\"@type\":\"ReadAction\",\"target\":[\"https:\/\/araujo.com.br\/blog\/crescimento-infantil-quando-investigar-baixa-estatura\/\"]}]},{\"@type\":\"ImageObject\",\"inLanguage\":\"pt-BR\",\"@id\":\"https:\/\/araujo.com.br\/blog\/crescimento-infantil-quando-investigar-baixa-estatura\/#primaryimage\",\"url\":\"https:\/\/araujo.com.br\/blog\/wp-content\/uploads\/2026\/09\/crescimento-infantil-scaled.jpg\",\"contentUrl\":\"https:\/\/araujo.com.br\/blog\/wp-content\/uploads\/2026\/09\/crescimento-infantil-scaled.jpg\",\"width\":2560,\"height\":1707,\"caption\":\"professora medindo a altura das crian\u00e7as\"},{\"@type\":\"BreadcrumbList\",\"@id\":\"https:\/\/araujo.com.br\/blog\/crescimento-infantil-quando-investigar-baixa-estatura\/#breadcrumb\",\"itemListElement\":[{\"@type\":\"ListItem\",\"position\":1,\"name\":\"In\u00edcio\",\"item\":\"https:\/\/araujo.com.br\/blog\/\"},{\"@type\":\"ListItem\",\"position\":2,\"name\":\"Crescimento infantil: quando a baixa estatura merece investiga\u00e7\u00e3o?\"}]},{\"@type\":\"WebSite\",\"@id\":\"https:\/\/araujo.com.br\/blog\/#website\",\"url\":\"https:\/\/araujo.com.br\/blog\/\",\"name\":\"Blog da Drogaria Araujo\",\"description\":\"Conte\u00fado que faz bem? A Araujo tem!\",\"potentialAction\":[{\"@type\":\"SearchAction\",\"target\":{\"@type\":\"EntryPoint\",\"urlTemplate\":\"https:\/\/araujo.com.br\/blog\/?s={search_term_string}\"},\"query-input\":{\"@type\":\"PropertyValueSpecification\",\"valueRequired\":true,\"valueName\":\"search_term_string\"}}],\"inLanguage\":\"pt-BR\"},{\"@type\":\"Person\",\"@id\":\"https:\/\/araujo.com.br\/blog\/#\/schema\/person\/4e2eac75cf0e2c6b079ef9a0df2ece83\",\"name\":\"Drogaria Araujo\",\"image\":{\"@type\":\"ImageObject\",\"inLanguage\":\"pt-BR\",\"@id\":\"https:\/\/araujo.com.br\/blog\/#\/schema\/person\/image\/\",\"url\":\"https:\/\/secure.gravatar.com\/avatar\/33e54dec0cd79fc4b5e911c15f836c46ec8d0e452ecd3ca5f707bce0a3540a3b?s=96&d=mm&r=g\",\"contentUrl\":\"https:\/\/secure.gravatar.com\/avatar\/33e54dec0cd79fc4b5e911c15f836c46ec8d0e452ecd3ca5f707bce0a3540a3b?s=96&d=mm&r=g\",\"caption\":\"Drogaria Araujo\"},\"description\":\"Especialista em Sa\u00fade da Fam\u00edlia. M\u00e9dico e nutricionista.\",\"sameAs\":[\"https:\/\/araujo.com.br\/blog\"],\"url\":\"https:\/\/araujo.com.br\/blog\/author\/admin\/\"}]}<\/script>\n<!-- \/ Yoast SEO plugin. -->","yoast_head_json":{"title":"Crescimento Infantil: quando investigar a baixa estatura?","description":"Entenda como funciona o crescimento infantil, quando a baixa estatura deve ser investigada, principais causas, sinais de alerta e tratamentos indicados.","robots":{"index":"index","follow":"follow","max-snippet":"max-snippet:-1","max-image-preview":"max-image-preview:large","max-video-preview":"max-video-preview:-1"},"canonical":"https:\/\/araujo.com.br\/blog\/crescimento-infantil-quando-investigar-baixa-estatura\/","og_locale":"pt_BR","og_type":"article","og_title":"Crescimento Infantil: quando investigar a baixa estatura?","og_description":"Entenda como funciona o crescimento infantil, quando a baixa estatura deve ser investigada, principais causas, sinais de alerta e tratamentos indicados.","og_url":"https:\/\/araujo.com.br\/blog\/crescimento-infantil-quando-investigar-baixa-estatura\/","og_site_name":"Blog da Drogaria Araujo","article_published_time":"2026-09-03T06:15:00+00:00","article_modified_time":"2026-09-02T18:59:22+00:00","og_image":[{"width":2560,"height":1707,"url":"https:\/\/araujo.com.br\/blog\/wp-content\/uploads\/2026\/09\/crescimento-infantil-scaled.jpg","type":"image\/jpeg"}],"author":"Drogaria Araujo","twitter_card":"summary_large_image","twitter_misc":{"Escrito por":"Drogaria Araujo","Est. tempo de leitura":"17 minutos"},"schema":{"@context":"https:\/\/schema.org","@graph":[{"@type":"WebPage","@id":"https:\/\/araujo.com.br\/blog\/crescimento-infantil-quando-investigar-baixa-estatura\/","url":"https:\/\/araujo.com.br\/blog\/crescimento-infantil-quando-investigar-baixa-estatura\/","name":"Crescimento Infantil: quando investigar a baixa estatura?","isPartOf":{"@id":"https:\/\/araujo.com.br\/blog\/#website"},"primaryImageOfPage":{"@id":"https:\/\/araujo.com.br\/blog\/crescimento-infantil-quando-investigar-baixa-estatura\/#primaryimage"},"image":{"@id":"https:\/\/araujo.com.br\/blog\/crescimento-infantil-quando-investigar-baixa-estatura\/#primaryimage"},"thumbnailUrl":"https:\/\/araujo.com.br\/blog\/wp-content\/uploads\/2026\/09\/crescimento-infantil-scaled.jpg","datePublished":"2026-09-03T06:15:00+00:00","dateModified":"2026-09-02T18:59:22+00:00","author":{"@id":"https:\/\/araujo.com.br\/blog\/#\/schema\/person\/4e2eac75cf0e2c6b079ef9a0df2ece83"},"description":"Entenda como funciona o crescimento infantil, quando a baixa estatura deve ser investigada, principais causas, sinais de alerta e tratamentos indicados.","breadcrumb":{"@id":"https:\/\/araujo.com.br\/blog\/crescimento-infantil-quando-investigar-baixa-estatura\/#breadcrumb"},"inLanguage":"pt-BR","potentialAction":[{"@type":"ReadAction","target":["https:\/\/araujo.com.br\/blog\/crescimento-infantil-quando-investigar-baixa-estatura\/"]}]},{"@type":"ImageObject","inLanguage":"pt-BR","@id":"https:\/\/araujo.com.br\/blog\/crescimento-infantil-quando-investigar-baixa-estatura\/#primaryimage","url":"https:\/\/araujo.com.br\/blog\/wp-content\/uploads\/2026\/09\/crescimento-infantil-scaled.jpg","contentUrl":"https:\/\/araujo.com.br\/blog\/wp-content\/uploads\/2026\/09\/crescimento-infantil-scaled.jpg","width":2560,"height":1707,"caption":"professora medindo a altura das crian\u00e7as"},{"@type":"BreadcrumbList","@id":"https:\/\/araujo.com.br\/blog\/crescimento-infantil-quando-investigar-baixa-estatura\/#breadcrumb","itemListElement":[{"@type":"ListItem","position":1,"name":"In\u00edcio","item":"https:\/\/araujo.com.br\/blog\/"},{"@type":"ListItem","position":2,"name":"Crescimento infantil: quando a baixa estatura merece investiga\u00e7\u00e3o?"}]},{"@type":"WebSite","@id":"https:\/\/araujo.com.br\/blog\/#website","url":"https:\/\/araujo.com.br\/blog\/","name":"Blog da Drogaria Araujo","description":"Conte\u00fado que faz bem? A Araujo tem!","potentialAction":[{"@type":"SearchAction","target":{"@type":"EntryPoint","urlTemplate":"https:\/\/araujo.com.br\/blog\/?s={search_term_string}"},"query-input":{"@type":"PropertyValueSpecification","valueRequired":true,"valueName":"search_term_string"}}],"inLanguage":"pt-BR"},{"@type":"Person","@id":"https:\/\/araujo.com.br\/blog\/#\/schema\/person\/4e2eac75cf0e2c6b079ef9a0df2ece83","name":"Drogaria Araujo","image":{"@type":"ImageObject","inLanguage":"pt-BR","@id":"https:\/\/araujo.com.br\/blog\/#\/schema\/person\/image\/","url":"https:\/\/secure.gravatar.com\/avatar\/33e54dec0cd79fc4b5e911c15f836c46ec8d0e452ecd3ca5f707bce0a3540a3b?s=96&d=mm&r=g","contentUrl":"https:\/\/secure.gravatar.com\/avatar\/33e54dec0cd79fc4b5e911c15f836c46ec8d0e452ecd3ca5f707bce0a3540a3b?s=96&d=mm&r=g","caption":"Drogaria Araujo"},"description":"Especialista em Sa\u00fade da Fam\u00edlia. M\u00e9dico e nutricionista.","sameAs":["https:\/\/araujo.com.br\/blog"],"url":"https:\/\/araujo.com.br\/blog\/author\/admin\/"}]}},"_links":{"self":[{"href":"https:\/\/araujo.com.br\/blog\/wp-json\/wp\/v2\/posts\/8097","targetHints":{"allow":["GET"]}}],"collection":[{"href":"https:\/\/araujo.com.br\/blog\/wp-json\/wp\/v2\/posts"}],"about":[{"href":"https:\/\/araujo.com.br\/blog\/wp-json\/wp\/v2\/types\/post"}],"author":[{"embeddable":true,"href":"https:\/\/araujo.com.br\/blog\/wp-json\/wp\/v2\/users\/1"}],"replies":[{"embeddable":true,"href":"https:\/\/araujo.com.br\/blog\/wp-json\/wp\/v2\/comments?post=8097"}],"version-history":[{"count":1,"href":"https:\/\/araujo.com.br\/blog\/wp-json\/wp\/v2\/posts\/8097\/revisions"}],"predecessor-version":[{"id":8099,"href":"https:\/\/araujo.com.br\/blog\/wp-json\/wp\/v2\/posts\/8097\/revisions\/8099"}],"wp:featuredmedia":[{"embeddable":true,"href":"https:\/\/araujo.com.br\/blog\/wp-json\/wp\/v2\/media\/8098"}],"wp:attachment":[{"href":"https:\/\/araujo.com.br\/blog\/wp-json\/wp\/v2\/media?parent=8097"}],"wp:term":[{"taxonomy":"category","embeddable":true,"href":"https:\/\/araujo.com.br\/blog\/wp-json\/wp\/v2\/categories?post=8097"},{"taxonomy":"post_tag","embeddable":true,"href":"https:\/\/araujo.com.br\/blog\/wp-json\/wp\/v2\/tags?post=8097"}],"curies":[{"name":"wp","href":"https:\/\/api.w.org\/{rel}","templated":true}]}}